{"id":260874,"date":"2024-11-14T05:47:57","date_gmt":"2024-11-14T09:47:57","guid":{"rendered":"https:\/\/www.eldiario.net\/portal\/?p=260874"},"modified":"2024-11-14T05:47:57","modified_gmt":"2024-11-14T09:47:57","slug":"transportistas-mantienen-como-rehenes-a-concejales-por-no-aceptar-aumento-de-tarifas","status":"publish","type":"post","link":"https:\/\/www.eldiario.net\/portal\/2024\/11\/14\/transportistas-mantienen-como-rehenes-a-concejales-por-no-aceptar-aumento-de-tarifas\/","title":{"rendered":"Transportistas mantienen como rehenes a  concejales por no aceptar aumento de tarifas"},"content":{"rendered":"<p>Los concejales del municipio de Santa Cruz de la Sierra denunciaron a los dirigentes del transporte p\u00fablico de mantenerlos de rehenes al interior del edificio del Concejo por rechazar la intenci\u00f3n del incremento de las tarifas de las l\u00edneas de micros en la urbe cruce\u00f1a.<\/p>\n<p>\u201cEs un grupo de transportistas que pretenden imponer un incremento abusivo y autoritario, un extremo que el Concejo que presido no permitir\u00e1 bajo ninguna circunstancia\u201d, afirm\u00f3 la presidenta del Concejo Municipal, Silvana Mucarzel Demetry.<\/p>\n<p>Mucarzel coment\u00f3 que en Bolivia hay grupos de poder acostumbrados a bloquear e imponer su propia ley, pretendiendo hacer lo que le da la gana, de manera abusiva y extorsiva. \u201cPero hay una diferencia, aqu\u00ed los bloqueadores van a fracasar porque los cruce\u00f1os merecen respeto y porque los autoritarios no tienen lugar en este pueblo\u201d, advirti\u00f3.<\/p>\n<p>Indic\u00f3 que la Alcald\u00eda envi\u00f3 al Concejo un informe del Ejecutivo sobre las mesas t\u00e9cnicas que no es igual a un estudio t\u00e9cnico de costos.<\/p>\n<p>\u201cUn documento que no tiene ning\u00fan valor jur\u00eddico porque se trata de un resumen de los temas abordados, sin una conclusi\u00f3n clara y definitiva. Esto no es una propuesta: es una burla, una verg\u00fcenza\u201d, afirm\u00f3<\/p>\n<p>Record\u00f3 que la Ley 1216, de movilidad urbana, establece en los art\u00edculos 224 y 227 que las tarifas del transporte p\u00fablico ser\u00e1n autorizadas y\/o actualizadas por el Concejo Municipal con base en una propuesta t\u00e9cnica presentada por el alcalde municipal. \u201c\u00a1Se\u00f1or alcalde, haga su trabajo!\u201d, apunt\u00f3.<\/p>\n<p>Resalt\u00f3 que si el burgomaestre incumple la ley no enviando al Concejo una propuesta t\u00e9cnica con el estudio t\u00e9cnico de costos para la actualizaci\u00f3n tarifaria, \u201cno hay nada que discutir en materia de tarifas del transporte\u201d.<\/p>\n<p>La Presidenta del \u00d3rgano Legislativo Municipal ley\u00f3 el pronunciamiento en compa\u00f1\u00eda de sus colegas Israel Alcocer, Jos\u00e9 Antonio Alberti, Carlos Manuel Saavedra, Karina Orihuela, Lola Terrazas, Karina Centellas, Marcelo Vidaurre y Federico Mor\u00f3n, quienes rechazan el intento de los transportistas de subir los pasajes de los micros de manera unilateral.<\/p>\n<p>Como es de conocimiento p\u00fablico, hace m\u00e1s de dos meses el sector del transporte anunci\u00f3 un incremento de tarifas, advertencia que recibi\u00f3 un inmediato y contundente rechazo de los Concejales.<\/p>\n<p>Ante el desaf\u00edo de la dirigencia del transporte de subir a Bs 3 los pasajes de las l\u00edneas de micros, Mucarzel pidi\u00f3 a los cruce\u00f1os que se mantengan en alerta rechazando y denunciando cualquier aumento ilegal y abusivo y que los autores se atengan a las consecuencias. (Santa Cruz, agencias)<\/p>\n","protected":false},"excerpt":{"rendered":"<p>Los concejales del municipio de Santa Cruz de la Sierra denunciaron a los dirigentes del transporte p\u00fablico de mantenerlos de rehenes al interior del edificio del Concejo por rechazar la intenci\u00f3n del incremento de las tarifas de las l\u00edneas de micros en la urbe cruce\u00f1a. \u201cEs un grupo de transportistas que pretenden imponer un incremento [&hellip;]<\/p>\n","protected":false},"author":1,"featured_media":260875,"comment_status":"closed","ping_status":"open","sticky":false,"template":"","format":"standard","meta":{"_acf_changed":false,"footnotes":""},"categories":[12],"tags":[],"class_list":["post-260874","post","type-post","status-publish","format-standard","has-post-thumbnail","category-nacional"],"acf":{"antetitulo":"Santa Cruz"},"yoast_head":"<!-- This site is optimized with the Yoast SEO plugin v28.3 - https:\/\/yoast.com\/product\/yoast-seo-wordpress\/ -->\n<title>Transportistas mantienen como rehenes a concejales por no aceptar aumento de tarifas - El Diario - Bolivia<\/title>\n<meta name=\"robots\" content=\"index, follow, max-snippet:-1, max-image-preview:large, max-video-preview:-1\" \/>\n<link rel=\"canonical\" href=\"https:\/\/www.eldiario.net\/portal\/2024\/11\/14\/transportistas-mantienen-como-rehenes-a-concejales-por-no-aceptar-aumento-de-tarifas\/\" \/>\n<meta property=\"og:locale\" content=\"es_ES\" \/>\n<meta property=\"og:type\" content=\"article\" \/>\n<meta property=\"og:title\" content=\"Transportistas mantienen como rehenes a concejales por no aceptar aumento de tarifas - El Diario - Bolivia\" \/>\n<meta property=\"og:description\" content=\"Los concejales del municipio de Santa Cruz de la Sierra denunciaron a los dirigentes del transporte p\u00fablico de mantenerlos de rehenes al interior del edificio del Concejo por rechazar la intenci\u00f3n del incremento de las tarifas de las l\u00edneas de micros en la urbe cruce\u00f1a. \u201cEs un grupo de transportistas que pretenden imponer un incremento [&hellip;]\" \/>\n<meta property=\"og:url\" content=\"https:\/\/www.eldiario.net\/portal\/2024\/11\/14\/transportistas-mantienen-como-rehenes-a-concejales-por-no-aceptar-aumento-de-tarifas\/\" \/>\n<meta property=\"og:site_name\" content=\"El Diario - Bolivia\" \/>\n<meta property=\"article:publisher\" content=\"https:\/\/www.facebook.com\/eldiario.bolivia\/\" \/>\n<meta property=\"article:published_time\" content=\"2024-11-14T09:47:57+00:00\" \/>\n<meta property=\"og:image\" content=\"https:\/\/www.eldiario.net\/portal\/wp-content\/uploads\/2024\/11\/WILVANA-FOTO.jpg\" \/>\n\t<meta property=\"og:image:width\" content=\"1200\" \/>\n\t<meta property=\"og:image:height\" content=\"800\" \/>\n\t<meta property=\"og:image:type\" content=\"image\/jpeg\" \/>\n<meta name=\"author\" content=\"Jeanette\" \/>\n<meta name=\"twitter:card\" content=\"summary_large_image\" \/>\n<meta name=\"twitter:creator\" content=\"@eldiario_net\" \/>\n<meta name=\"twitter:site\" content=\"@eldiario_net\" \/>\n<meta name=\"twitter:label1\" content=\"Escrito por\" \/>\n\t<meta name=\"twitter:data1\" content=\"Jeanette\" \/>\n\t<meta name=\"twitter:label2\" content=\"Tiempo de lectura\" \/>\n\t<meta name=\"twitter:data2\" content=\"2 minutos\" \/>\n<script type=\"application\/ld+json\" class=\"yoast-schema-graph\">{\"@context\":\"https:\\\/\\\/schema.org\",\"@graph\":[{\"@type\":\"Article\",\"@id\":\"https:\\\/\\\/www.eldiario.net\\\/portal\\\/2024\\\/11\\\/14\\\/transportistas-mantienen-como-rehenes-a-concejales-por-no-aceptar-aumento-de-tarifas\\\/#article\",\"isPartOf\":{\"@id\":\"https:\\\/\\\/www.eldiario.net\\\/portal\\\/2024\\\/11\\\/14\\\/transportistas-mantienen-como-rehenes-a-concejales-por-no-aceptar-aumento-de-tarifas\\\/\"},\"author\":{\"name\":\"Jeanette\",\"@id\":\"https:\\\/\\\/www.eldiario.net\\\/portal\\\/#\\\/schema\\\/person\\\/f46445640444750d7d753ccd04ae01b7\"},\"headline\":\"Transportistas mantienen como rehenes a concejales por no aceptar aumento de tarifas\",\"datePublished\":\"2024-11-14T09:47:57+00:00\",\"mainEntityOfPage\":{\"@id\":\"https:\\\/\\\/www.eldiario.net\\\/portal\\\/2024\\\/11\\\/14\\\/transportistas-mantienen-como-rehenes-a-concejales-por-no-aceptar-aumento-de-tarifas\\\/\"},\"wordCount\":443,\"publisher\":{\"@id\":\"https:\\\/\\\/www.eldiario.net\\\/portal\\\/#organization\"},\"image\":{\"@id\":\"https:\\\/\\\/www.eldiario.net\\\/portal\\\/2024\\\/11\\\/14\\\/transportistas-mantienen-como-rehenes-a-concejales-por-no-aceptar-aumento-de-tarifas\\\/#primaryimage\"},\"thumbnailUrl\":\"https:\\\/\\\/www.eldiario.net\\\/portal\\\/wp-content\\\/uploads\\\/2024\\\/11\\\/WILVANA-FOTO.jpg\",\"articleSection\":[\"Nacional\"],\"inLanguage\":\"es\"},{\"@type\":\"WebPage\",\"@id\":\"https:\\\/\\\/www.eldiario.net\\\/portal\\\/2024\\\/11\\\/14\\\/transportistas-mantienen-como-rehenes-a-concejales-por-no-aceptar-aumento-de-tarifas\\\/\",\"url\":\"https:\\\/\\\/www.eldiario.net\\\/portal\\\/2024\\\/11\\\/14\\\/transportistas-mantienen-como-rehenes-a-concejales-por-no-aceptar-aumento-de-tarifas\\\/\",\"name\":\"Transportistas mantienen como rehenes a concejales por no aceptar aumento de tarifas - El Diario - Bolivia\",\"isPartOf\":{\"@id\":\"https:\\\/\\\/www.eldiario.net\\\/portal\\\/#website\"},\"primaryImageOfPage\":{\"@id\":\"https:\\\/\\\/www.eldiario.net\\\/portal\\\/2024\\\/11\\\/14\\\/transportistas-mantienen-como-rehenes-a-concejales-por-no-aceptar-aumento-de-tarifas\\\/#primaryimage\"},\"image\":{\"@id\":\"https:\\\/\\\/www.eldiario.net\\\/portal\\\/2024\\\/11\\\/14\\\/transportistas-mantienen-como-rehenes-a-concejales-por-no-aceptar-aumento-de-tarifas\\\/#primaryimage\"},\"thumbnailUrl\":\"https:\\\/\\\/www.eldiario.net\\\/portal\\\/wp-content\\\/uploads\\\/2024\\\/11\\\/WILVANA-FOTO.jpg\",\"datePublished\":\"2024-11-14T09:47:57+00:00\",\"breadcrumb\":{\"@id\":\"https:\\\/\\\/www.eldiario.net\\\/portal\\\/2024\\\/11\\\/14\\\/transportistas-mantienen-como-rehenes-a-concejales-por-no-aceptar-aumento-de-tarifas\\\/#breadcrumb\"},\"inLanguage\":\"es\",\"potentialAction\":[{\"@type\":\"ReadAction\",\"target\":[\"https:\\\/\\\/www.eldiario.net\\\/portal\\\/2024\\\/11\\\/14\\\/transportistas-mantienen-como-rehenes-a-concejales-por-no-aceptar-aumento-de-tarifas\\\/\"]}]},{\"@type\":\"ImageObject\",\"inLanguage\":\"es\",\"@id\":\"https:\\\/\\\/www.eldiario.net\\\/portal\\\/2024\\\/11\\\/14\\\/transportistas-mantienen-como-rehenes-a-concejales-por-no-aceptar-aumento-de-tarifas\\\/#primaryimage\",\"url\":\"https:\\\/\\\/www.eldiario.net\\\/portal\\\/wp-content\\\/uploads\\\/2024\\\/11\\\/WILVANA-FOTO.jpg\",\"contentUrl\":\"https:\\\/\\\/www.eldiario.net\\\/portal\\\/wp-content\\\/uploads\\\/2024\\\/11\\\/WILVANA-FOTO.jpg\",\"width\":1200,\"height\":800,\"caption\":\"CONFERENCIA DE PRENSA DEL CONCEJO MUNICIPAL DE SANTA CRUZ DE LA SIERRA. FOTO: CMSTC\"},{\"@type\":\"BreadcrumbList\",\"@id\":\"https:\\\/\\\/www.eldiario.net\\\/portal\\\/2024\\\/11\\\/14\\\/transportistas-mantienen-como-rehenes-a-concejales-por-no-aceptar-aumento-de-tarifas\\\/#breadcrumb\",\"itemListElement\":[{\"@type\":\"ListItem\",\"position\":1,\"name\":\"Portada\",\"item\":\"https:\\\/\\\/www.eldiario.net\\\/portal\\\/\"},{\"@type\":\"ListItem\",\"position\":2,\"name\":\"Transportistas mantienen como rehenes a concejales por no aceptar aumento de tarifas\"}]},{\"@type\":\"WebSite\",\"@id\":\"https:\\\/\\\/www.eldiario.net\\\/portal\\\/#website\",\"url\":\"https:\\\/\\\/www.eldiario.net\\\/portal\\\/\",\"name\":\"El Diario - Decano de la prensa nacional\",\"description\":\"El Diario - Decano de la prensa nacional\",\"publisher\":{\"@id\":\"https:\\\/\\\/www.eldiario.net\\\/portal\\\/#organization\"},\"potentialAction\":[{\"@type\":\"SearchAction\",\"target\":{\"@type\":\"EntryPoint\",\"urlTemplate\":\"https:\\\/\\\/www.eldiario.net\\\/portal\\\/?s={search_term_string}\"},\"query-input\":{\"@type\":\"PropertyValueSpecification\",\"valueRequired\":true,\"valueName\":\"search_term_string\"}}],\"inLanguage\":\"es\"},{\"@type\":\"Organization\",\"@id\":\"https:\\\/\\\/www.eldiario.net\\\/portal\\\/#organization\",\"name\":\"El Diario - Decano de la prensa nacional\",\"url\":\"https:\\\/\\\/www.eldiario.net\\\/portal\\\/\",\"logo\":{\"@type\":\"ImageObject\",\"inLanguage\":\"es\",\"@id\":\"https:\\\/\\\/www.eldiario.net\\\/portal\\\/#\\\/schema\\\/logo\\\/image\\\/\",\"url\":\"https:\\\/\\\/www.eldiario.net\\\/portal\\\/wp-content\\\/uploads\\\/2023\\\/07\\\/logo_ED.jpg\",\"contentUrl\":\"https:\\\/\\\/www.eldiario.net\\\/portal\\\/wp-content\\\/uploads\\\/2023\\\/07\\\/logo_ED.jpg\",\"width\":272,\"height\":52,\"caption\":\"El Diario - Decano de la prensa nacional\"},\"image\":{\"@id\":\"https:\\\/\\\/www.eldiario.net\\\/portal\\\/#\\\/schema\\\/logo\\\/image\\\/\"},\"sameAs\":[\"https:\\\/\\\/www.facebook.com\\\/eldiario.bolivia\\\/\",\"https:\\\/\\\/x.com\\\/eldiario_net\"]},{\"@type\":\"Person\",\"@id\":\"https:\\\/\\\/www.eldiario.net\\\/portal\\\/#\\\/schema\\\/person\\\/f46445640444750d7d753ccd04ae01b7\",\"name\":\"Jeanette\",\"image\":{\"@type\":\"ImageObject\",\"inLanguage\":\"es\",\"@id\":\"https:\\\/\\\/secure.gravatar.com\\\/avatar\\\/3ea2118a5f7dad2b7138b1187a6b7ee55f160b9968b66013c3a3ef39dd7e5798?s=96&d=mm&r=g\",\"url\":\"https:\\\/\\\/secure.gravatar.com\\\/avatar\\\/3ea2118a5f7dad2b7138b1187a6b7ee55f160b9968b66013c3a3ef39dd7e5798?s=96&d=mm&r=g\",\"contentUrl\":\"https:\\\/\\\/secure.gravatar.com\\\/avatar\\\/3ea2118a5f7dad2b7138b1187a6b7ee55f160b9968b66013c3a3ef39dd7e5798?s=96&d=mm&r=g\",\"caption\":\"Jeanette\"},\"sameAs\":[\"https:\\\/\\\/www.eldiario.net\\\/portal\"],\"url\":\"https:\\\/\\\/www.eldiario.net\\\/portal\\\/author\\\/jeanette\\\/\"}]}<\/script>\n<!-- \/ Yoast SEO plugin. -->","yoast_head_json":{"title":"Transportistas mantienen como rehenes a concejales por no aceptar aumento de tarifas - El Diario - Bolivia","robots":{"index":"index","follow":"follow","max-snippet":"max-snippet:-1","max-image-preview":"max-image-preview:large","max-video-preview":"max-video-preview:-1"},"canonical":"https:\/\/www.eldiario.net\/portal\/2024\/11\/14\/transportistas-mantienen-como-rehenes-a-concejales-por-no-aceptar-aumento-de-tarifas\/","og_locale":"es_ES","og_type":"article","og_title":"Transportistas mantienen como rehenes a concejales por no aceptar aumento de tarifas - El Diario - Bolivia","og_description":"Los concejales del municipio de Santa Cruz de la Sierra denunciaron a los dirigentes del transporte p\u00fablico de mantenerlos de rehenes al interior del edificio del Concejo por rechazar la intenci\u00f3n del incremento de las tarifas de las l\u00edneas de micros en la urbe cruce\u00f1a. \u201cEs un grupo de transportistas que pretenden imponer un incremento [&hellip;]","og_url":"https:\/\/www.eldiario.net\/portal\/2024\/11\/14\/transportistas-mantienen-como-rehenes-a-concejales-por-no-aceptar-aumento-de-tarifas\/","og_site_name":"El Diario - Bolivia","article_publisher":"https:\/\/www.facebook.com\/eldiario.bolivia\/","article_published_time":"2024-11-14T09:47:57+00:00","og_image":[{"width":1200,"height":800,"url":"https:\/\/www.eldiario.net\/portal\/wp-content\/uploads\/2024\/11\/WILVANA-FOTO.jpg","type":"image\/jpeg"}],"author":"Jeanette","twitter_card":"summary_large_image","twitter_creator":"@eldiario_net","twitter_site":"@eldiario_net","twitter_misc":{"Escrito por":"Jeanette","Tiempo de lectura":"2 minutos"},"schema":{"@context":"https:\/\/schema.org","@graph":[{"@type":"Article","@id":"https:\/\/www.eldiario.net\/portal\/2024\/11\/14\/transportistas-mantienen-como-rehenes-a-concejales-por-no-aceptar-aumento-de-tarifas\/#article","isPartOf":{"@id":"https:\/\/www.eldiario.net\/portal\/2024\/11\/14\/transportistas-mantienen-como-rehenes-a-concejales-por-no-aceptar-aumento-de-tarifas\/"},"author":{"name":"Jeanette","@id":"https:\/\/www.eldiario.net\/portal\/#\/schema\/person\/f46445640444750d7d753ccd04ae01b7"},"headline":"Transportistas mantienen como rehenes a concejales por no aceptar aumento de tarifas","datePublished":"2024-11-14T09:47:57+00:00","mainEntityOfPage":{"@id":"https:\/\/www.eldiario.net\/portal\/2024\/11\/14\/transportistas-mantienen-como-rehenes-a-concejales-por-no-aceptar-aumento-de-tarifas\/"},"wordCount":443,"publisher":{"@id":"https:\/\/www.eldiario.net\/portal\/#organization"},"image":{"@id":"https:\/\/www.eldiario.net\/portal\/2024\/11\/14\/transportistas-mantienen-como-rehenes-a-concejales-por-no-aceptar-aumento-de-tarifas\/#primaryimage"},"thumbnailUrl":"https:\/\/www.eldiario.net\/portal\/wp-content\/uploads\/2024\/11\/WILVANA-FOTO.jpg","articleSection":["Nacional"],"inLanguage":"es"},{"@type":"WebPage","@id":"https:\/\/www.eldiario.net\/portal\/2024\/11\/14\/transportistas-mantienen-como-rehenes-a-concejales-por-no-aceptar-aumento-de-tarifas\/","url":"https:\/\/www.eldiario.net\/portal\/2024\/11\/14\/transportistas-mantienen-como-rehenes-a-concejales-por-no-aceptar-aumento-de-tarifas\/","name":"Transportistas mantienen como rehenes a concejales por no aceptar aumento de tarifas - El Diario - Bolivia","isPartOf":{"@id":"https:\/\/www.eldiario.net\/portal\/#website"},"primaryImageOfPage":{"@id":"https:\/\/www.eldiario.net\/portal\/2024\/11\/14\/transportistas-mantienen-como-rehenes-a-concejales-por-no-aceptar-aumento-de-tarifas\/#primaryimage"},"image":{"@id":"https:\/\/www.eldiario.net\/portal\/2024\/11\/14\/transportistas-mantienen-como-rehenes-a-concejales-por-no-aceptar-aumento-de-tarifas\/#primaryimage"},"thumbnailUrl":"https:\/\/www.eldiario.net\/portal\/wp-content\/uploads\/2024\/11\/WILVANA-FOTO.jpg","datePublished":"2024-11-14T09:47:57+00:00","breadcrumb":{"@id":"https:\/\/www.eldiario.net\/portal\/2024\/11\/14\/transportistas-mantienen-como-rehenes-a-concejales-por-no-aceptar-aumento-de-tarifas\/#breadcrumb"},"inLanguage":"es","potentialAction":[{"@type":"ReadAction","target":["https:\/\/www.eldiario.net\/portal\/2024\/11\/14\/transportistas-mantienen-como-rehenes-a-concejales-por-no-aceptar-aumento-de-tarifas\/"]}]},{"@type":"ImageObject","inLanguage":"es","@id":"https:\/\/www.eldiario.net\/portal\/2024\/11\/14\/transportistas-mantienen-como-rehenes-a-concejales-por-no-aceptar-aumento-de-tarifas\/#primaryimage","url":"https:\/\/www.eldiario.net\/portal\/wp-content\/uploads\/2024\/11\/WILVANA-FOTO.jpg","contentUrl":"https:\/\/www.eldiario.net\/portal\/wp-content\/uploads\/2024\/11\/WILVANA-FOTO.jpg","width":1200,"height":800,"caption":"CONFERENCIA DE PRENSA DEL CONCEJO MUNICIPAL DE SANTA CRUZ DE LA SIERRA. FOTO: CMSTC"},{"@type":"BreadcrumbList","@id":"https:\/\/www.eldiario.net\/portal\/2024\/11\/14\/transportistas-mantienen-como-rehenes-a-concejales-por-no-aceptar-aumento-de-tarifas\/#breadcrumb","itemListElement":[{"@type":"ListItem","position":1,"name":"Portada","item":"https:\/\/www.eldiario.net\/portal\/"},{"@type":"ListItem","position":2,"name":"Transportistas mantienen como rehenes a concejales por no aceptar aumento de tarifas"}]},{"@type":"WebSite","@id":"https:\/\/www.eldiario.net\/portal\/#website","url":"https:\/\/www.eldiario.net\/portal\/","name":"El Diario - Decano de la prensa nacional","description":"El Diario - Decano de la prensa nacional","publisher":{"@id":"https:\/\/www.eldiario.net\/portal\/#organization"},"potentialAction":[{"@type":"SearchAction","target":{"@type":"EntryPoint","urlTemplate":"https:\/\/www.eldiario.net\/portal\/?s={search_term_string}"},"query-input":{"@type":"PropertyValueSpecification","valueRequired":true,"valueName":"search_term_string"}}],"inLanguage":"es"},{"@type":"Organization","@id":"https:\/\/www.eldiario.net\/portal\/#organization","name":"El Diario - Decano de la prensa nacional","url":"https:\/\/www.eldiario.net\/portal\/","logo":{"@type":"ImageObject","inLanguage":"es","@id":"https:\/\/www.eldiario.net\/portal\/#\/schema\/logo\/image\/","url":"https:\/\/www.eldiario.net\/portal\/wp-content\/uploads\/2023\/07\/logo_ED.jpg","contentUrl":"https:\/\/www.eldiario.net\/portal\/wp-content\/uploads\/2023\/07\/logo_ED.jpg","width":272,"height":52,"caption":"El Diario - Decano de la prensa nacional"},"image":{"@id":"https:\/\/www.eldiario.net\/portal\/#\/schema\/logo\/image\/"},"sameAs":["https:\/\/www.facebook.com\/eldiario.bolivia\/","https:\/\/x.com\/eldiario_net"]},{"@type":"Person","@id":"https:\/\/www.eldiario.net\/portal\/#\/schema\/person\/f46445640444750d7d753ccd04ae01b7","name":"Jeanette","image":{"@type":"ImageObject","inLanguage":"es","@id":"https:\/\/secure.gravatar.com\/avatar\/3ea2118a5f7dad2b7138b1187a6b7ee55f160b9968b66013c3a3ef39dd7e5798?s=96&d=mm&r=g","url":"https:\/\/secure.gravatar.com\/avatar\/3ea2118a5f7dad2b7138b1187a6b7ee55f160b9968b66013c3a3ef39dd7e5798?s=96&d=mm&r=g","contentUrl":"https:\/\/secure.gravatar.com\/avatar\/3ea2118a5f7dad2b7138b1187a6b7ee55f160b9968b66013c3a3ef39dd7e5798?s=96&d=mm&r=g","caption":"Jeanette"},"sameAs":["https:\/\/www.eldiario.net\/portal"],"url":"https:\/\/www.eldiario.net\/portal\/author\/jeanette\/"}]}},"_links":{"self":[{"href":"https:\/\/www.eldiario.net\/portal\/wp-json\/wp\/v2\/posts\/260874","targetHints":{"allow":["GET"]}}],"collection":[{"href":"https:\/\/www.eldiario.net\/portal\/wp-json\/wp\/v2\/posts"}],"about":[{"href":"https:\/\/www.eldiario.net\/portal\/wp-json\/wp\/v2\/types\/post"}],"author":[{"embeddable":true,"href":"https:\/\/www.eldiario.net\/portal\/wp-json\/wp\/v2\/users\/1"}],"replies":[{"embeddable":true,"href":"https:\/\/www.eldiario.net\/portal\/wp-json\/wp\/v2\/comments?post=260874"}],"version-history":[{"count":1,"href":"https:\/\/www.eldiario.net\/portal\/wp-json\/wp\/v2\/posts\/260874\/revisions"}],"predecessor-version":[{"id":260876,"href":"https:\/\/www.eldiario.net\/portal\/wp-json\/wp\/v2\/posts\/260874\/revisions\/260876"}],"wp:featuredmedia":[{"embeddable":true,"href":"https:\/\/www.eldiario.net\/portal\/wp-json\/wp\/v2\/media\/260875"}],"wp:attachment":[{"href":"https:\/\/www.eldiario.net\/portal\/wp-json\/wp\/v2\/media?parent=260874"}],"wp:term":[{"taxonomy":"category","embeddable":true,"href":"https:\/\/www.eldiario.net\/portal\/wp-json\/wp\/v2\/categories?post=260874"},{"taxonomy":"post_tag","embeddable":true,"href":"https:\/\/www.eldiario.net\/portal\/wp-json\/wp\/v2\/tags?post=260874"}],"curies":[{"name":"wp","href":"https:\/\/api.w.org\/{rel}","templated":true}]}}