{"id":260871,"date":"2024-11-14T05:45:09","date_gmt":"2024-11-14T09:45:09","guid":{"rendered":"https:\/\/www.eldiario.net\/portal\/?p=260871"},"modified":"2024-11-14T05:45:09","modified_gmt":"2024-11-14T09:45:09","slug":"choferes-protagonizan-bloqueo-por-falta-de-diesel","status":"publish","type":"post","link":"https:\/\/www.eldiario.net\/portal\/2024\/11\/14\/choferes-protagonizan-bloqueo-por-falta-de-diesel\/","title":{"rendered":"Choferes protagonizan  bloqueo por falta de di\u00e9sel"},"content":{"rendered":"<p>Desde horas de la ma\u00f1ana de ayer, ante la falta de combustible, decenas de choferes cansados de la espera y tras hacer fila por varias horas, decidieron colocar sus veh\u00edculos en la avenida C\u00edvica y obstruir la v\u00eda a la altura del surtidor Drag\u00f3n de Oro. Los movilizados advirtieron con no levantar su medida hasta que llegue di\u00e9sel al lugar.<\/p>\n<p>\u201cLa molestia del transporte pesado ya lleg\u00f3 al colmo (\u2026) estamos haciendo bloqueo hasta que llegue el di\u00e9sel. Estamos casi 300 camiones, estamos tres noches y otros como cinco d\u00edas\u201d, asegur\u00f3 uno de los conductores.<\/p>\n<p>De acuerdo con el entrevistado, en el surtidor Drag\u00f3n de Oro ubicado en la avenida C\u00edvica de la urbe alte\u00f1a, no suele faltar el combustible, pero ayer se vieron sorprendidos al enterarse que la Agencia Nacional de Hidrocarburos (ANH) no factur\u00f3 para esa estaci\u00f3n de servicios.<\/p>\n<p>\u201cSiempre estaba habilitado, pero hoy d\u00eda no lo han facturado, por eso estamos haciendo bloqueo si no llega el di\u00e9sel estaremos bloqueando hasta que llegue el combustible (\u2026) Ha salido una lista de la ANH y no est\u00e1 Drag\u00f3n de Oro\u201d, asegur\u00f3 el movilizado.<\/p>\n<p>Otro de los choferes ratific\u00f3 la situaci\u00f3n y lament\u00f3 que las autoridades no los atiendan, siendo que ese surtidor es el que abastece a los veh\u00edculos de alto tonelaje.<\/p>\n<p>\u201cPedimos disculpas a la poblaci\u00f3n, pero ya estamos cansados de esperar. Lo peor es que no llega combustible ac\u00e1\u201d, sostuvo a tiempo de asegurar que lleva varios d\u00edas aguardando por di\u00e9sel y por eso la molestia.<\/p>\n","protected":false},"excerpt":{"rendered":"<p>Desde horas de la ma\u00f1ana de ayer, ante la falta de combustible, decenas de choferes cansados de la espera y tras hacer fila por varias horas, decidieron colocar sus veh\u00edculos en la avenida C\u00edvica y obstruir la v\u00eda a la altura del surtidor Drag\u00f3n de Oro. Los movilizados advirtieron con no levantar su medida hasta [&hellip;]<\/p>\n","protected":false},"author":1,"featured_media":260872,"comment_status":"closed","ping_status":"open","sticky":false,"template":"","format":"standard","meta":{"_acf_changed":false,"footnotes":""},"categories":[12],"tags":[],"class_list":["post-260871","post","type-post","status-publish","format-standard","has-post-thumbnail","category-nacional"],"acf":{"antetitulo":""},"yoast_head":"<!-- This site is optimized with the Yoast SEO plugin v28.3 - https:\/\/yoast.com\/product\/yoast-seo-wordpress\/ -->\n<title>Choferes protagonizan bloqueo por falta de di\u00e9sel - El Diario - Bolivia<\/title>\n<meta name=\"robots\" content=\"index, follow, max-snippet:-1, max-image-preview:large, max-video-preview:-1\" \/>\n<link rel=\"canonical\" href=\"https:\/\/www.eldiario.net\/portal\/2024\/11\/14\/choferes-protagonizan-bloqueo-por-falta-de-diesel\/\" \/>\n<meta property=\"og:locale\" content=\"es_ES\" \/>\n<meta property=\"og:type\" content=\"article\" \/>\n<meta property=\"og:title\" content=\"Choferes protagonizan bloqueo por falta de di\u00e9sel - El Diario - Bolivia\" \/>\n<meta property=\"og:description\" content=\"Desde horas de la ma\u00f1ana de ayer, ante la falta de combustible, decenas de choferes cansados de la espera y tras hacer fila por varias horas, decidieron colocar sus veh\u00edculos en la avenida C\u00edvica y obstruir la v\u00eda a la altura del surtidor Drag\u00f3n de Oro. Los movilizados advirtieron con no levantar su medida hasta [&hellip;]\" \/>\n<meta property=\"og:url\" content=\"https:\/\/www.eldiario.net\/portal\/2024\/11\/14\/choferes-protagonizan-bloqueo-por-falta-de-diesel\/\" \/>\n<meta property=\"og:site_name\" content=\"El Diario - Bolivia\" \/>\n<meta property=\"article:publisher\" content=\"https:\/\/www.facebook.com\/eldiario.bolivia\/\" \/>\n<meta property=\"article:published_time\" content=\"2024-11-14T09:45:09+00:00\" \/>\n<meta property=\"og:image\" content=\"https:\/\/www.eldiario.net\/portal\/wp-content\/uploads\/2024\/11\/BLOALTO-FOTO.jpeg\" \/>\n\t<meta property=\"og:image:width\" content=\"1038\" \/>\n\t<meta property=\"og:image:height\" content=\"439\" \/>\n\t<meta property=\"og:image:type\" content=\"image\/jpeg\" \/>\n<meta name=\"author\" content=\"Jeanette\" \/>\n<meta name=\"twitter:card\" content=\"summary_large_image\" \/>\n<meta name=\"twitter:creator\" content=\"@eldiario_net\" \/>\n<meta name=\"twitter:site\" content=\"@eldiario_net\" \/>\n<meta name=\"twitter:label1\" content=\"Escrito por\" \/>\n\t<meta name=\"twitter:data1\" content=\"Jeanette\" \/>\n\t<meta name=\"twitter:label2\" content=\"Tiempo de lectura\" \/>\n\t<meta name=\"twitter:data2\" content=\"1 minuto\" \/>\n<script type=\"application\/ld+json\" class=\"yoast-schema-graph\">{\"@context\":\"https:\\\/\\\/schema.org\",\"@graph\":[{\"@type\":\"Article\",\"@id\":\"https:\\\/\\\/www.eldiario.net\\\/portal\\\/2024\\\/11\\\/14\\\/choferes-protagonizan-bloqueo-por-falta-de-diesel\\\/#article\",\"isPartOf\":{\"@id\":\"https:\\\/\\\/www.eldiario.net\\\/portal\\\/2024\\\/11\\\/14\\\/choferes-protagonizan-bloqueo-por-falta-de-diesel\\\/\"},\"author\":{\"name\":\"Jeanette\",\"@id\":\"https:\\\/\\\/www.eldiario.net\\\/portal\\\/#\\\/schema\\\/person\\\/f46445640444750d7d753ccd04ae01b7\"},\"headline\":\"Choferes protagonizan bloqueo por falta de di\u00e9sel\",\"datePublished\":\"2024-11-14T09:45:09+00:00\",\"mainEntityOfPage\":{\"@id\":\"https:\\\/\\\/www.eldiario.net\\\/portal\\\/2024\\\/11\\\/14\\\/choferes-protagonizan-bloqueo-por-falta-de-diesel\\\/\"},\"wordCount\":275,\"publisher\":{\"@id\":\"https:\\\/\\\/www.eldiario.net\\\/portal\\\/#organization\"},\"image\":{\"@id\":\"https:\\\/\\\/www.eldiario.net\\\/portal\\\/2024\\\/11\\\/14\\\/choferes-protagonizan-bloqueo-por-falta-de-diesel\\\/#primaryimage\"},\"thumbnailUrl\":\"https:\\\/\\\/www.eldiario.net\\\/portal\\\/wp-content\\\/uploads\\\/2024\\\/11\\\/BLOALTO-FOTO.jpeg\",\"articleSection\":[\"Nacional\"],\"inLanguage\":\"es\"},{\"@type\":\"WebPage\",\"@id\":\"https:\\\/\\\/www.eldiario.net\\\/portal\\\/2024\\\/11\\\/14\\\/choferes-protagonizan-bloqueo-por-falta-de-diesel\\\/\",\"url\":\"https:\\\/\\\/www.eldiario.net\\\/portal\\\/2024\\\/11\\\/14\\\/choferes-protagonizan-bloqueo-por-falta-de-diesel\\\/\",\"name\":\"Choferes protagonizan bloqueo por falta de di\u00e9sel - El Diario - Bolivia\",\"isPartOf\":{\"@id\":\"https:\\\/\\\/www.eldiario.net\\\/portal\\\/#website\"},\"primaryImageOfPage\":{\"@id\":\"https:\\\/\\\/www.eldiario.net\\\/portal\\\/2024\\\/11\\\/14\\\/choferes-protagonizan-bloqueo-por-falta-de-diesel\\\/#primaryimage\"},\"image\":{\"@id\":\"https:\\\/\\\/www.eldiario.net\\\/portal\\\/2024\\\/11\\\/14\\\/choferes-protagonizan-bloqueo-por-falta-de-diesel\\\/#primaryimage\"},\"thumbnailUrl\":\"https:\\\/\\\/www.eldiario.net\\\/portal\\\/wp-content\\\/uploads\\\/2024\\\/11\\\/BLOALTO-FOTO.jpeg\",\"datePublished\":\"2024-11-14T09:45:09+00:00\",\"breadcrumb\":{\"@id\":\"https:\\\/\\\/www.eldiario.net\\\/portal\\\/2024\\\/11\\\/14\\\/choferes-protagonizan-bloqueo-por-falta-de-diesel\\\/#breadcrumb\"},\"inLanguage\":\"es\",\"potentialAction\":[{\"@type\":\"ReadAction\",\"target\":[\"https:\\\/\\\/www.eldiario.net\\\/portal\\\/2024\\\/11\\\/14\\\/choferes-protagonizan-bloqueo-por-falta-de-diesel\\\/\"]}]},{\"@type\":\"ImageObject\",\"inLanguage\":\"es\",\"@id\":\"https:\\\/\\\/www.eldiario.net\\\/portal\\\/2024\\\/11\\\/14\\\/choferes-protagonizan-bloqueo-por-falta-de-diesel\\\/#primaryimage\",\"url\":\"https:\\\/\\\/www.eldiario.net\\\/portal\\\/wp-content\\\/uploads\\\/2024\\\/11\\\/BLOALTO-FOTO.jpeg\",\"contentUrl\":\"https:\\\/\\\/www.eldiario.net\\\/portal\\\/wp-content\\\/uploads\\\/2024\\\/11\\\/BLOALTO-FOTO.jpeg\",\"width\":1038,\"height\":439,\"caption\":\"Los conductores bloquearon la avenida C\u00edvica de El Alto. Cr\u00e9dito: Captura\"},{\"@type\":\"BreadcrumbList\",\"@id\":\"https:\\\/\\\/www.eldiario.net\\\/portal\\\/2024\\\/11\\\/14\\\/choferes-protagonizan-bloqueo-por-falta-de-diesel\\\/#breadcrumb\",\"itemListElement\":[{\"@type\":\"ListItem\",\"position\":1,\"name\":\"Portada\",\"item\":\"https:\\\/\\\/www.eldiario.net\\\/portal\\\/\"},{\"@type\":\"ListItem\",\"position\":2,\"name\":\"Choferes protagonizan bloqueo por falta de di\u00e9sel\"}]},{\"@type\":\"WebSite\",\"@id\":\"https:\\\/\\\/www.eldiario.net\\\/portal\\\/#website\",\"url\":\"https:\\\/\\\/www.eldiario.net\\\/portal\\\/\",\"name\":\"El Diario - Decano de la prensa nacional\",\"description\":\"El Diario - Decano de la prensa nacional\",\"publisher\":{\"@id\":\"https:\\\/\\\/www.eldiario.net\\\/portal\\\/#organization\"},\"potentialAction\":[{\"@type\":\"SearchAction\",\"target\":{\"@type\":\"EntryPoint\",\"urlTemplate\":\"https:\\\/\\\/www.eldiario.net\\\/portal\\\/?s={search_term_string}\"},\"query-input\":{\"@type\":\"PropertyValueSpecification\",\"valueRequired\":true,\"valueName\":\"search_term_string\"}}],\"inLanguage\":\"es\"},{\"@type\":\"Organization\",\"@id\":\"https:\\\/\\\/www.eldiario.net\\\/portal\\\/#organization\",\"name\":\"El Diario - Decano de la prensa nacional\",\"url\":\"https:\\\/\\\/www.eldiario.net\\\/portal\\\/\",\"logo\":{\"@type\":\"ImageObject\",\"inLanguage\":\"es\",\"@id\":\"https:\\\/\\\/www.eldiario.net\\\/portal\\\/#\\\/schema\\\/logo\\\/image\\\/\",\"url\":\"https:\\\/\\\/www.eldiario.net\\\/portal\\\/wp-content\\\/uploads\\\/2023\\\/07\\\/logo_ED.jpg\",\"contentUrl\":\"https:\\\/\\\/www.eldiario.net\\\/portal\\\/wp-content\\\/uploads\\\/2023\\\/07\\\/logo_ED.jpg\",\"width\":272,\"height\":52,\"caption\":\"El Diario - Decano de la prensa nacional\"},\"image\":{\"@id\":\"https:\\\/\\\/www.eldiario.net\\\/portal\\\/#\\\/schema\\\/logo\\\/image\\\/\"},\"sameAs\":[\"https:\\\/\\\/www.facebook.com\\\/eldiario.bolivia\\\/\",\"https:\\\/\\\/x.com\\\/eldiario_net\"]},{\"@type\":\"Person\",\"@id\":\"https:\\\/\\\/www.eldiario.net\\\/portal\\\/#\\\/schema\\\/person\\\/f46445640444750d7d753ccd04ae01b7\",\"name\":\"Jeanette\",\"image\":{\"@type\":\"ImageObject\",\"inLanguage\":\"es\",\"@id\":\"https:\\\/\\\/secure.gravatar.com\\\/avatar\\\/3ea2118a5f7dad2b7138b1187a6b7ee55f160b9968b66013c3a3ef39dd7e5798?s=96&d=mm&r=g\",\"url\":\"https:\\\/\\\/secure.gravatar.com\\\/avatar\\\/3ea2118a5f7dad2b7138b1187a6b7ee55f160b9968b66013c3a3ef39dd7e5798?s=96&d=mm&r=g\",\"contentUrl\":\"https:\\\/\\\/secure.gravatar.com\\\/avatar\\\/3ea2118a5f7dad2b7138b1187a6b7ee55f160b9968b66013c3a3ef39dd7e5798?s=96&d=mm&r=g\",\"caption\":\"Jeanette\"},\"sameAs\":[\"https:\\\/\\\/www.eldiario.net\\\/portal\"],\"url\":\"https:\\\/\\\/www.eldiario.net\\\/portal\\\/author\\\/jeanette\\\/\"}]}<\/script>\n<!-- \/ Yoast SEO plugin. -->","yoast_head_json":{"title":"Choferes protagonizan bloqueo por falta de di\u00e9sel - El Diario - Bolivia","robots":{"index":"index","follow":"follow","max-snippet":"max-snippet:-1","max-image-preview":"max-image-preview:large","max-video-preview":"max-video-preview:-1"},"canonical":"https:\/\/www.eldiario.net\/portal\/2024\/11\/14\/choferes-protagonizan-bloqueo-por-falta-de-diesel\/","og_locale":"es_ES","og_type":"article","og_title":"Choferes protagonizan bloqueo por falta de di\u00e9sel - El Diario - Bolivia","og_description":"Desde horas de la ma\u00f1ana de ayer, ante la falta de combustible, decenas de choferes cansados de la espera y tras hacer fila por varias horas, decidieron colocar sus veh\u00edculos en la avenida C\u00edvica y obstruir la v\u00eda a la altura del surtidor Drag\u00f3n de Oro. Los movilizados advirtieron con no levantar su medida hasta [&hellip;]","og_url":"https:\/\/www.eldiario.net\/portal\/2024\/11\/14\/choferes-protagonizan-bloqueo-por-falta-de-diesel\/","og_site_name":"El Diario - Bolivia","article_publisher":"https:\/\/www.facebook.com\/eldiario.bolivia\/","article_published_time":"2024-11-14T09:45:09+00:00","og_image":[{"width":1038,"height":439,"url":"https:\/\/www.eldiario.net\/portal\/wp-content\/uploads\/2024\/11\/BLOALTO-FOTO.jpeg","type":"image\/jpeg"}],"author":"Jeanette","twitter_card":"summary_large_image","twitter_creator":"@eldiario_net","twitter_site":"@eldiario_net","twitter_misc":{"Escrito por":"Jeanette","Tiempo de lectura":"1 minuto"},"schema":{"@context":"https:\/\/schema.org","@graph":[{"@type":"Article","@id":"https:\/\/www.eldiario.net\/portal\/2024\/11\/14\/choferes-protagonizan-bloqueo-por-falta-de-diesel\/#article","isPartOf":{"@id":"https:\/\/www.eldiario.net\/portal\/2024\/11\/14\/choferes-protagonizan-bloqueo-por-falta-de-diesel\/"},"author":{"name":"Jeanette","@id":"https:\/\/www.eldiario.net\/portal\/#\/schema\/person\/f46445640444750d7d753ccd04ae01b7"},"headline":"Choferes protagonizan bloqueo por falta de di\u00e9sel","datePublished":"2024-11-14T09:45:09+00:00","mainEntityOfPage":{"@id":"https:\/\/www.eldiario.net\/portal\/2024\/11\/14\/choferes-protagonizan-bloqueo-por-falta-de-diesel\/"},"wordCount":275,"publisher":{"@id":"https:\/\/www.eldiario.net\/portal\/#organization"},"image":{"@id":"https:\/\/www.eldiario.net\/portal\/2024\/11\/14\/choferes-protagonizan-bloqueo-por-falta-de-diesel\/#primaryimage"},"thumbnailUrl":"https:\/\/www.eldiario.net\/portal\/wp-content\/uploads\/2024\/11\/BLOALTO-FOTO.jpeg","articleSection":["Nacional"],"inLanguage":"es"},{"@type":"WebPage","@id":"https:\/\/www.eldiario.net\/portal\/2024\/11\/14\/choferes-protagonizan-bloqueo-por-falta-de-diesel\/","url":"https:\/\/www.eldiario.net\/portal\/2024\/11\/14\/choferes-protagonizan-bloqueo-por-falta-de-diesel\/","name":"Choferes protagonizan bloqueo por falta de di\u00e9sel - El Diario - Bolivia","isPartOf":{"@id":"https:\/\/www.eldiario.net\/portal\/#website"},"primaryImageOfPage":{"@id":"https:\/\/www.eldiario.net\/portal\/2024\/11\/14\/choferes-protagonizan-bloqueo-por-falta-de-diesel\/#primaryimage"},"image":{"@id":"https:\/\/www.eldiario.net\/portal\/2024\/11\/14\/choferes-protagonizan-bloqueo-por-falta-de-diesel\/#primaryimage"},"thumbnailUrl":"https:\/\/www.eldiario.net\/portal\/wp-content\/uploads\/2024\/11\/BLOALTO-FOTO.jpeg","datePublished":"2024-11-14T09:45:09+00:00","breadcrumb":{"@id":"https:\/\/www.eldiario.net\/portal\/2024\/11\/14\/choferes-protagonizan-bloqueo-por-falta-de-diesel\/#breadcrumb"},"inLanguage":"es","potentialAction":[{"@type":"ReadAction","target":["https:\/\/www.eldiario.net\/portal\/2024\/11\/14\/choferes-protagonizan-bloqueo-por-falta-de-diesel\/"]}]},{"@type":"ImageObject","inLanguage":"es","@id":"https:\/\/www.eldiario.net\/portal\/2024\/11\/14\/choferes-protagonizan-bloqueo-por-falta-de-diesel\/#primaryimage","url":"https:\/\/www.eldiario.net\/portal\/wp-content\/uploads\/2024\/11\/BLOALTO-FOTO.jpeg","contentUrl":"https:\/\/www.eldiario.net\/portal\/wp-content\/uploads\/2024\/11\/BLOALTO-FOTO.jpeg","width":1038,"height":439,"caption":"Los conductores bloquearon la avenida C\u00edvica de El Alto. Cr\u00e9dito: Captura"},{"@type":"BreadcrumbList","@id":"https:\/\/www.eldiario.net\/portal\/2024\/11\/14\/choferes-protagonizan-bloqueo-por-falta-de-diesel\/#breadcrumb","itemListElement":[{"@type":"ListItem","position":1,"name":"Portada","item":"https:\/\/www.eldiario.net\/portal\/"},{"@type":"ListItem","position":2,"name":"Choferes protagonizan bloqueo por falta de di\u00e9sel"}]},{"@type":"WebSite","@id":"https:\/\/www.eldiario.net\/portal\/#website","url":"https:\/\/www.eldiario.net\/portal\/","name":"El Diario - Decano de la prensa nacional","description":"El Diario - Decano de la prensa nacional","publisher":{"@id":"https:\/\/www.eldiario.net\/portal\/#organization"},"potentialAction":[{"@type":"SearchAction","target":{"@type":"EntryPoint","urlTemplate":"https:\/\/www.eldiario.net\/portal\/?s={search_term_string}"},"query-input":{"@type":"PropertyValueSpecification","valueRequired":true,"valueName":"search_term_string"}}],"inLanguage":"es"},{"@type":"Organization","@id":"https:\/\/www.eldiario.net\/portal\/#organization","name":"El Diario - Decano de la prensa nacional","url":"https:\/\/www.eldiario.net\/portal\/","logo":{"@type":"ImageObject","inLanguage":"es","@id":"https:\/\/www.eldiario.net\/portal\/#\/schema\/logo\/image\/","url":"https:\/\/www.eldiario.net\/portal\/wp-content\/uploads\/2023\/07\/logo_ED.jpg","contentUrl":"https:\/\/www.eldiario.net\/portal\/wp-content\/uploads\/2023\/07\/logo_ED.jpg","width":272,"height":52,"caption":"El Diario - Decano de la prensa nacional"},"image":{"@id":"https:\/\/www.eldiario.net\/portal\/#\/schema\/logo\/image\/"},"sameAs":["https:\/\/www.facebook.com\/eldiario.bolivia\/","https:\/\/x.com\/eldiario_net"]},{"@type":"Person","@id":"https:\/\/www.eldiario.net\/portal\/#\/schema\/person\/f46445640444750d7d753ccd04ae01b7","name":"Jeanette","image":{"@type":"ImageObject","inLanguage":"es","@id":"https:\/\/secure.gravatar.com\/avatar\/3ea2118a5f7dad2b7138b1187a6b7ee55f160b9968b66013c3a3ef39dd7e5798?s=96&d=mm&r=g","url":"https:\/\/secure.gravatar.com\/avatar\/3ea2118a5f7dad2b7138b1187a6b7ee55f160b9968b66013c3a3ef39dd7e5798?s=96&d=mm&r=g","contentUrl":"https:\/\/secure.gravatar.com\/avatar\/3ea2118a5f7dad2b7138b1187a6b7ee55f160b9968b66013c3a3ef39dd7e5798?s=96&d=mm&r=g","caption":"Jeanette"},"sameAs":["https:\/\/www.eldiario.net\/portal"],"url":"https:\/\/www.eldiario.net\/portal\/author\/jeanette\/"}]}},"_links":{"self":[{"href":"https:\/\/www.eldiario.net\/portal\/wp-json\/wp\/v2\/posts\/260871","targetHints":{"allow":["GET"]}}],"collection":[{"href":"https:\/\/www.eldiario.net\/portal\/wp-json\/wp\/v2\/posts"}],"about":[{"href":"https:\/\/www.eldiario.net\/portal\/wp-json\/wp\/v2\/types\/post"}],"author":[{"embeddable":true,"href":"https:\/\/www.eldiario.net\/portal\/wp-json\/wp\/v2\/users\/1"}],"replies":[{"embeddable":true,"href":"https:\/\/www.eldiario.net\/portal\/wp-json\/wp\/v2\/comments?post=260871"}],"version-history":[{"count":1,"href":"https:\/\/www.eldiario.net\/portal\/wp-json\/wp\/v2\/posts\/260871\/revisions"}],"predecessor-version":[{"id":260873,"href":"https:\/\/www.eldiario.net\/portal\/wp-json\/wp\/v2\/posts\/260871\/revisions\/260873"}],"wp:featuredmedia":[{"embeddable":true,"href":"https:\/\/www.eldiario.net\/portal\/wp-json\/wp\/v2\/media\/260872"}],"wp:attachment":[{"href":"https:\/\/www.eldiario.net\/portal\/wp-json\/wp\/v2\/media?parent=260871"}],"wp:term":[{"taxonomy":"category","embeddable":true,"href":"https:\/\/www.eldiario.net\/portal\/wp-json\/wp\/v2\/categories?post=260871"},{"taxonomy":"post_tag","embeddable":true,"href":"https:\/\/www.eldiario.net\/portal\/wp-json\/wp\/v2\/tags?post=260871"}],"curies":[{"name":"wp","href":"https:\/\/api.w.org\/{rel}","templated":true}]}}