{"id":260868,"date":"2024-11-14T05:44:34","date_gmt":"2024-11-14T09:44:34","guid":{"rendered":"https:\/\/www.eldiario.net\/portal\/?p=260868"},"modified":"2024-11-14T05:44:34","modified_gmt":"2024-11-14T09:44:34","slug":"capturan-a-presunto-violador-cuyo-video-circulaba-en-rrss","status":"publish","type":"post","link":"https:\/\/www.eldiario.net\/portal\/2024\/11\/14\/capturan-a-presunto-violador-cuyo-video-circulaba-en-rrss\/","title":{"rendered":"Capturan a presunto violador cuyo video circulaba en RRSS"},"content":{"rendered":"<p>El director nacional de la Fuerza Especial de Lucha Contra el Crimen (Felcc), Walter Sossa, inform\u00f3 la captura de un sospechoso implicado en un caso de pornograf\u00eda infantil con agravante de violaci\u00f3n. El hecho fue resuelto por efectivos policiales y presentaron al presunto autor de este delito Jonathan L.G, de 18 a\u00f1os, el suceso se produjo en la zona El Kenko de la urbe alte\u00f1a.<\/p>\n<p>Adem\u00e1s, la jefa de la Divisi\u00f3n Trata y Tr\u00e1fico de personas de la Felcc, Gaby Coca,\u00a0 explic\u00f3 que durante un tiempo de cuatro meses de patrullaje cibern\u00e9tico se descubri\u00f3 el caso. Se identific\u00f3 el n\u00famero de tel\u00e9fono desde donde proven\u00eda contenido pornogr\u00e1fico y se da inicio a las investigaciones.<\/p>\n<p>\u201cSe identifica a una persona de sexo masculino que tendr\u00eda el dispositivo telef\u00f3nico desde donde se estar\u00eda difundiendo el contenido pornogr\u00e1fico (\u2026) y se investiga por el delito de pornograf\u00eda con un delito conexo a la trata y tr\u00e1fico de persona\u201d, sostuvo.<\/p>\n<p>Al respecto, el fiscal departamental de La Paz, Luis Carlos Torrez, explic\u00f3 que se hab\u00eda tomado conocimiento del video en redes sociales y, entonces, se logr\u00f3 dar con el lugar donde habr\u00eda ocurrido el hecho.<\/p>\n<p>Los investigadores intervinieron una casa en la zona Esperanza dela urbe alte\u00f1a y colectaron elementos como celulares, una computadora y accesorios que el sospechoso portaba en el video.<\/p>\n<p>Adem\u00e1s, se dedujo que una ni\u00f1a de seis a\u00f1os ser\u00eda v\u00edctima, aunque se presume que existen otras afectadas m\u00e1s. La menor de edad est\u00e1 en custodia de la Defensor\u00eda de la Ni\u00f1ez y Adolescencia.<\/p>\n<p>El aprehendido enfrenta cargos por el delito de violaci\u00f3n de Infante, Ni\u00f1a, Ni\u00f1o o Adolescente.<\/p>\n<p>Las autoridades recomendaron a los padres de familia revisar los celulares de sus hijos y estar al tanto de las actividades que realizan.<\/p>\n","protected":false},"excerpt":{"rendered":"<p>El director nacional de la Fuerza Especial de Lucha Contra el Crimen (Felcc), Walter Sossa, inform\u00f3 la captura de un sospechoso implicado en un caso de pornograf\u00eda infantil con agravante de violaci\u00f3n. El hecho fue resuelto por efectivos policiales y presentaron al presunto autor de este delito Jonathan L.G, de 18 a\u00f1os, el suceso se [&hellip;]<\/p>\n","protected":false},"author":1,"featured_media":260869,"comment_status":"closed","ping_status":"open","sticky":false,"template":"","format":"standard","meta":{"_acf_changed":false,"footnotes":""},"categories":[12],"tags":[],"class_list":["post-260868","post","type-post","status-publish","format-standard","has-post-thumbnail","category-nacional"],"acf":{"antetitulo":""},"yoast_head":"<!-- This site is optimized with the Yoast SEO plugin v28.3 - https:\/\/yoast.com\/product\/yoast-seo-wordpress\/ -->\n<title>Capturan a presunto violador cuyo video circulaba en RRSS - El Diario - Bolivia<\/title>\n<meta name=\"robots\" content=\"index, follow, max-snippet:-1, max-image-preview:large, max-video-preview:-1\" \/>\n<link rel=\"canonical\" href=\"https:\/\/www.eldiario.net\/portal\/2024\/11\/14\/capturan-a-presunto-violador-cuyo-video-circulaba-en-rrss\/\" \/>\n<meta property=\"og:locale\" content=\"es_ES\" \/>\n<meta property=\"og:type\" content=\"article\" \/>\n<meta property=\"og:title\" content=\"Capturan a presunto violador cuyo video circulaba en RRSS - El Diario - Bolivia\" \/>\n<meta property=\"og:description\" content=\"El director nacional de la Fuerza Especial de Lucha Contra el Crimen (Felcc), Walter Sossa, inform\u00f3 la captura de un sospechoso implicado en un caso de pornograf\u00eda infantil con agravante de violaci\u00f3n. El hecho fue resuelto por efectivos policiales y presentaron al presunto autor de este delito Jonathan L.G, de 18 a\u00f1os, el suceso se [&hellip;]\" \/>\n<meta property=\"og:url\" content=\"https:\/\/www.eldiario.net\/portal\/2024\/11\/14\/capturan-a-presunto-violador-cuyo-video-circulaba-en-rrss\/\" \/>\n<meta property=\"og:site_name\" content=\"El Diario - Bolivia\" \/>\n<meta property=\"article:publisher\" content=\"https:\/\/www.facebook.com\/eldiario.bolivia\/\" \/>\n<meta property=\"article:published_time\" content=\"2024-11-14T09:44:34+00:00\" \/>\n<meta property=\"og:image\" content=\"https:\/\/www.eldiario.net\/portal\/wp-content\/uploads\/2024\/11\/CAPTURA-FOTO.jpeg\" \/>\n\t<meta property=\"og:image:width\" content=\"273\" \/>\n\t<meta property=\"og:image:height\" content=\"185\" \/>\n\t<meta property=\"og:image:type\" content=\"image\/jpeg\" \/>\n<meta name=\"author\" content=\"Jeanette\" \/>\n<meta name=\"twitter:card\" content=\"summary_large_image\" \/>\n<meta name=\"twitter:creator\" content=\"@eldiario_net\" \/>\n<meta name=\"twitter:site\" content=\"@eldiario_net\" \/>\n<meta name=\"twitter:label1\" content=\"Escrito por\" \/>\n\t<meta name=\"twitter:data1\" content=\"Jeanette\" \/>\n\t<meta name=\"twitter:label2\" content=\"Tiempo de lectura\" \/>\n\t<meta name=\"twitter:data2\" content=\"2 minutos\" \/>\n<script type=\"application\/ld+json\" class=\"yoast-schema-graph\">{\"@context\":\"https:\\\/\\\/schema.org\",\"@graph\":[{\"@type\":\"Article\",\"@id\":\"https:\\\/\\\/www.eldiario.net\\\/portal\\\/2024\\\/11\\\/14\\\/capturan-a-presunto-violador-cuyo-video-circulaba-en-rrss\\\/#article\",\"isPartOf\":{\"@id\":\"https:\\\/\\\/www.eldiario.net\\\/portal\\\/2024\\\/11\\\/14\\\/capturan-a-presunto-violador-cuyo-video-circulaba-en-rrss\\\/\"},\"author\":{\"name\":\"Jeanette\",\"@id\":\"https:\\\/\\\/www.eldiario.net\\\/portal\\\/#\\\/schema\\\/person\\\/f46445640444750d7d753ccd04ae01b7\"},\"headline\":\"Capturan a presunto violador cuyo video circulaba en RRSS\",\"datePublished\":\"2024-11-14T09:44:34+00:00\",\"mainEntityOfPage\":{\"@id\":\"https:\\\/\\\/www.eldiario.net\\\/portal\\\/2024\\\/11\\\/14\\\/capturan-a-presunto-violador-cuyo-video-circulaba-en-rrss\\\/\"},\"wordCount\":331,\"publisher\":{\"@id\":\"https:\\\/\\\/www.eldiario.net\\\/portal\\\/#organization\"},\"image\":{\"@id\":\"https:\\\/\\\/www.eldiario.net\\\/portal\\\/2024\\\/11\\\/14\\\/capturan-a-presunto-violador-cuyo-video-circulaba-en-rrss\\\/#primaryimage\"},\"thumbnailUrl\":\"https:\\\/\\\/www.eldiario.net\\\/portal\\\/wp-content\\\/uploads\\\/2024\\\/11\\\/CAPTURA-FOTO.jpeg\",\"articleSection\":[\"Nacional\"],\"inLanguage\":\"es\"},{\"@type\":\"WebPage\",\"@id\":\"https:\\\/\\\/www.eldiario.net\\\/portal\\\/2024\\\/11\\\/14\\\/capturan-a-presunto-violador-cuyo-video-circulaba-en-rrss\\\/\",\"url\":\"https:\\\/\\\/www.eldiario.net\\\/portal\\\/2024\\\/11\\\/14\\\/capturan-a-presunto-violador-cuyo-video-circulaba-en-rrss\\\/\",\"name\":\"Capturan a presunto violador cuyo video circulaba en RRSS - El Diario - Bolivia\",\"isPartOf\":{\"@id\":\"https:\\\/\\\/www.eldiario.net\\\/portal\\\/#website\"},\"primaryImageOfPage\":{\"@id\":\"https:\\\/\\\/www.eldiario.net\\\/portal\\\/2024\\\/11\\\/14\\\/capturan-a-presunto-violador-cuyo-video-circulaba-en-rrss\\\/#primaryimage\"},\"image\":{\"@id\":\"https:\\\/\\\/www.eldiario.net\\\/portal\\\/2024\\\/11\\\/14\\\/capturan-a-presunto-violador-cuyo-video-circulaba-en-rrss\\\/#primaryimage\"},\"thumbnailUrl\":\"https:\\\/\\\/www.eldiario.net\\\/portal\\\/wp-content\\\/uploads\\\/2024\\\/11\\\/CAPTURA-FOTO.jpeg\",\"datePublished\":\"2024-11-14T09:44:34+00:00\",\"breadcrumb\":{\"@id\":\"https:\\\/\\\/www.eldiario.net\\\/portal\\\/2024\\\/11\\\/14\\\/capturan-a-presunto-violador-cuyo-video-circulaba-en-rrss\\\/#breadcrumb\"},\"inLanguage\":\"es\",\"potentialAction\":[{\"@type\":\"ReadAction\",\"target\":[\"https:\\\/\\\/www.eldiario.net\\\/portal\\\/2024\\\/11\\\/14\\\/capturan-a-presunto-violador-cuyo-video-circulaba-en-rrss\\\/\"]}]},{\"@type\":\"ImageObject\",\"inLanguage\":\"es\",\"@id\":\"https:\\\/\\\/www.eldiario.net\\\/portal\\\/2024\\\/11\\\/14\\\/capturan-a-presunto-violador-cuyo-video-circulaba-en-rrss\\\/#primaryimage\",\"url\":\"https:\\\/\\\/www.eldiario.net\\\/portal\\\/wp-content\\\/uploads\\\/2024\\\/11\\\/CAPTURA-FOTO.jpeg\",\"contentUrl\":\"https:\\\/\\\/www.eldiario.net\\\/portal\\\/wp-content\\\/uploads\\\/2024\\\/11\\\/CAPTURA-FOTO.jpeg\",\"width\":273,\"height\":185,\"caption\":\"El acusado permanece en celdas. Cr\u00e9dito: Referencial\"},{\"@type\":\"BreadcrumbList\",\"@id\":\"https:\\\/\\\/www.eldiario.net\\\/portal\\\/2024\\\/11\\\/14\\\/capturan-a-presunto-violador-cuyo-video-circulaba-en-rrss\\\/#breadcrumb\",\"itemListElement\":[{\"@type\":\"ListItem\",\"position\":1,\"name\":\"Portada\",\"item\":\"https:\\\/\\\/www.eldiario.net\\\/portal\\\/\"},{\"@type\":\"ListItem\",\"position\":2,\"name\":\"Capturan a presunto violador cuyo video circulaba en RRSS\"}]},{\"@type\":\"WebSite\",\"@id\":\"https:\\\/\\\/www.eldiario.net\\\/portal\\\/#website\",\"url\":\"https:\\\/\\\/www.eldiario.net\\\/portal\\\/\",\"name\":\"El Diario - Decano de la prensa nacional\",\"description\":\"El Diario - Decano de la prensa nacional\",\"publisher\":{\"@id\":\"https:\\\/\\\/www.eldiario.net\\\/portal\\\/#organization\"},\"potentialAction\":[{\"@type\":\"SearchAction\",\"target\":{\"@type\":\"EntryPoint\",\"urlTemplate\":\"https:\\\/\\\/www.eldiario.net\\\/portal\\\/?s={search_term_string}\"},\"query-input\":{\"@type\":\"PropertyValueSpecification\",\"valueRequired\":true,\"valueName\":\"search_term_string\"}}],\"inLanguage\":\"es\"},{\"@type\":\"Organization\",\"@id\":\"https:\\\/\\\/www.eldiario.net\\\/portal\\\/#organization\",\"name\":\"El Diario - Decano de la prensa nacional\",\"url\":\"https:\\\/\\\/www.eldiario.net\\\/portal\\\/\",\"logo\":{\"@type\":\"ImageObject\",\"inLanguage\":\"es\",\"@id\":\"https:\\\/\\\/www.eldiario.net\\\/portal\\\/#\\\/schema\\\/logo\\\/image\\\/\",\"url\":\"https:\\\/\\\/www.eldiario.net\\\/portal\\\/wp-content\\\/uploads\\\/2023\\\/07\\\/logo_ED.jpg\",\"contentUrl\":\"https:\\\/\\\/www.eldiario.net\\\/portal\\\/wp-content\\\/uploads\\\/2023\\\/07\\\/logo_ED.jpg\",\"width\":272,\"height\":52,\"caption\":\"El Diario - Decano de la prensa nacional\"},\"image\":{\"@id\":\"https:\\\/\\\/www.eldiario.net\\\/portal\\\/#\\\/schema\\\/logo\\\/image\\\/\"},\"sameAs\":[\"https:\\\/\\\/www.facebook.com\\\/eldiario.bolivia\\\/\",\"https:\\\/\\\/x.com\\\/eldiario_net\"]},{\"@type\":\"Person\",\"@id\":\"https:\\\/\\\/www.eldiario.net\\\/portal\\\/#\\\/schema\\\/person\\\/f46445640444750d7d753ccd04ae01b7\",\"name\":\"Jeanette\",\"image\":{\"@type\":\"ImageObject\",\"inLanguage\":\"es\",\"@id\":\"https:\\\/\\\/secure.gravatar.com\\\/avatar\\\/3ea2118a5f7dad2b7138b1187a6b7ee55f160b9968b66013c3a3ef39dd7e5798?s=96&d=mm&r=g\",\"url\":\"https:\\\/\\\/secure.gravatar.com\\\/avatar\\\/3ea2118a5f7dad2b7138b1187a6b7ee55f160b9968b66013c3a3ef39dd7e5798?s=96&d=mm&r=g\",\"contentUrl\":\"https:\\\/\\\/secure.gravatar.com\\\/avatar\\\/3ea2118a5f7dad2b7138b1187a6b7ee55f160b9968b66013c3a3ef39dd7e5798?s=96&d=mm&r=g\",\"caption\":\"Jeanette\"},\"sameAs\":[\"https:\\\/\\\/www.eldiario.net\\\/portal\"],\"url\":\"https:\\\/\\\/www.eldiario.net\\\/portal\\\/author\\\/jeanette\\\/\"}]}<\/script>\n<!-- \/ Yoast SEO plugin. -->","yoast_head_json":{"title":"Capturan a presunto violador cuyo video circulaba en RRSS - El Diario - Bolivia","robots":{"index":"index","follow":"follow","max-snippet":"max-snippet:-1","max-image-preview":"max-image-preview:large","max-video-preview":"max-video-preview:-1"},"canonical":"https:\/\/www.eldiario.net\/portal\/2024\/11\/14\/capturan-a-presunto-violador-cuyo-video-circulaba-en-rrss\/","og_locale":"es_ES","og_type":"article","og_title":"Capturan a presunto violador cuyo video circulaba en RRSS - El Diario - Bolivia","og_description":"El director nacional de la Fuerza Especial de Lucha Contra el Crimen (Felcc), Walter Sossa, inform\u00f3 la captura de un sospechoso implicado en un caso de pornograf\u00eda infantil con agravante de violaci\u00f3n. El hecho fue resuelto por efectivos policiales y presentaron al presunto autor de este delito Jonathan L.G, de 18 a\u00f1os, el suceso se [&hellip;]","og_url":"https:\/\/www.eldiario.net\/portal\/2024\/11\/14\/capturan-a-presunto-violador-cuyo-video-circulaba-en-rrss\/","og_site_name":"El Diario - Bolivia","article_publisher":"https:\/\/www.facebook.com\/eldiario.bolivia\/","article_published_time":"2024-11-14T09:44:34+00:00","og_image":[{"width":273,"height":185,"url":"https:\/\/www.eldiario.net\/portal\/wp-content\/uploads\/2024\/11\/CAPTURA-FOTO.jpeg","type":"image\/jpeg"}],"author":"Jeanette","twitter_card":"summary_large_image","twitter_creator":"@eldiario_net","twitter_site":"@eldiario_net","twitter_misc":{"Escrito por":"Jeanette","Tiempo de lectura":"2 minutos"},"schema":{"@context":"https:\/\/schema.org","@graph":[{"@type":"Article","@id":"https:\/\/www.eldiario.net\/portal\/2024\/11\/14\/capturan-a-presunto-violador-cuyo-video-circulaba-en-rrss\/#article","isPartOf":{"@id":"https:\/\/www.eldiario.net\/portal\/2024\/11\/14\/capturan-a-presunto-violador-cuyo-video-circulaba-en-rrss\/"},"author":{"name":"Jeanette","@id":"https:\/\/www.eldiario.net\/portal\/#\/schema\/person\/f46445640444750d7d753ccd04ae01b7"},"headline":"Capturan a presunto violador cuyo video circulaba en RRSS","datePublished":"2024-11-14T09:44:34+00:00","mainEntityOfPage":{"@id":"https:\/\/www.eldiario.net\/portal\/2024\/11\/14\/capturan-a-presunto-violador-cuyo-video-circulaba-en-rrss\/"},"wordCount":331,"publisher":{"@id":"https:\/\/www.eldiario.net\/portal\/#organization"},"image":{"@id":"https:\/\/www.eldiario.net\/portal\/2024\/11\/14\/capturan-a-presunto-violador-cuyo-video-circulaba-en-rrss\/#primaryimage"},"thumbnailUrl":"https:\/\/www.eldiario.net\/portal\/wp-content\/uploads\/2024\/11\/CAPTURA-FOTO.jpeg","articleSection":["Nacional"],"inLanguage":"es"},{"@type":"WebPage","@id":"https:\/\/www.eldiario.net\/portal\/2024\/11\/14\/capturan-a-presunto-violador-cuyo-video-circulaba-en-rrss\/","url":"https:\/\/www.eldiario.net\/portal\/2024\/11\/14\/capturan-a-presunto-violador-cuyo-video-circulaba-en-rrss\/","name":"Capturan a presunto violador cuyo video circulaba en RRSS - El Diario - Bolivia","isPartOf":{"@id":"https:\/\/www.eldiario.net\/portal\/#website"},"primaryImageOfPage":{"@id":"https:\/\/www.eldiario.net\/portal\/2024\/11\/14\/capturan-a-presunto-violador-cuyo-video-circulaba-en-rrss\/#primaryimage"},"image":{"@id":"https:\/\/www.eldiario.net\/portal\/2024\/11\/14\/capturan-a-presunto-violador-cuyo-video-circulaba-en-rrss\/#primaryimage"},"thumbnailUrl":"https:\/\/www.eldiario.net\/portal\/wp-content\/uploads\/2024\/11\/CAPTURA-FOTO.jpeg","datePublished":"2024-11-14T09:44:34+00:00","breadcrumb":{"@id":"https:\/\/www.eldiario.net\/portal\/2024\/11\/14\/capturan-a-presunto-violador-cuyo-video-circulaba-en-rrss\/#breadcrumb"},"inLanguage":"es","potentialAction":[{"@type":"ReadAction","target":["https:\/\/www.eldiario.net\/portal\/2024\/11\/14\/capturan-a-presunto-violador-cuyo-video-circulaba-en-rrss\/"]}]},{"@type":"ImageObject","inLanguage":"es","@id":"https:\/\/www.eldiario.net\/portal\/2024\/11\/14\/capturan-a-presunto-violador-cuyo-video-circulaba-en-rrss\/#primaryimage","url":"https:\/\/www.eldiario.net\/portal\/wp-content\/uploads\/2024\/11\/CAPTURA-FOTO.jpeg","contentUrl":"https:\/\/www.eldiario.net\/portal\/wp-content\/uploads\/2024\/11\/CAPTURA-FOTO.jpeg","width":273,"height":185,"caption":"El acusado permanece en celdas. Cr\u00e9dito: Referencial"},{"@type":"BreadcrumbList","@id":"https:\/\/www.eldiario.net\/portal\/2024\/11\/14\/capturan-a-presunto-violador-cuyo-video-circulaba-en-rrss\/#breadcrumb","itemListElement":[{"@type":"ListItem","position":1,"name":"Portada","item":"https:\/\/www.eldiario.net\/portal\/"},{"@type":"ListItem","position":2,"name":"Capturan a presunto violador cuyo video circulaba en RRSS"}]},{"@type":"WebSite","@id":"https:\/\/www.eldiario.net\/portal\/#website","url":"https:\/\/www.eldiario.net\/portal\/","name":"El Diario - Decano de la prensa nacional","description":"El Diario - Decano de la prensa nacional","publisher":{"@id":"https:\/\/www.eldiario.net\/portal\/#organization"},"potentialAction":[{"@type":"SearchAction","target":{"@type":"EntryPoint","urlTemplate":"https:\/\/www.eldiario.net\/portal\/?s={search_term_string}"},"query-input":{"@type":"PropertyValueSpecification","valueRequired":true,"valueName":"search_term_string"}}],"inLanguage":"es"},{"@type":"Organization","@id":"https:\/\/www.eldiario.net\/portal\/#organization","name":"El Diario - Decano de la prensa nacional","url":"https:\/\/www.eldiario.net\/portal\/","logo":{"@type":"ImageObject","inLanguage":"es","@id":"https:\/\/www.eldiario.net\/portal\/#\/schema\/logo\/image\/","url":"https:\/\/www.eldiario.net\/portal\/wp-content\/uploads\/2023\/07\/logo_ED.jpg","contentUrl":"https:\/\/www.eldiario.net\/portal\/wp-content\/uploads\/2023\/07\/logo_ED.jpg","width":272,"height":52,"caption":"El Diario - Decano de la prensa nacional"},"image":{"@id":"https:\/\/www.eldiario.net\/portal\/#\/schema\/logo\/image\/"},"sameAs":["https:\/\/www.facebook.com\/eldiario.bolivia\/","https:\/\/x.com\/eldiario_net"]},{"@type":"Person","@id":"https:\/\/www.eldiario.net\/portal\/#\/schema\/person\/f46445640444750d7d753ccd04ae01b7","name":"Jeanette","image":{"@type":"ImageObject","inLanguage":"es","@id":"https:\/\/secure.gravatar.com\/avatar\/3ea2118a5f7dad2b7138b1187a6b7ee55f160b9968b66013c3a3ef39dd7e5798?s=96&d=mm&r=g","url":"https:\/\/secure.gravatar.com\/avatar\/3ea2118a5f7dad2b7138b1187a6b7ee55f160b9968b66013c3a3ef39dd7e5798?s=96&d=mm&r=g","contentUrl":"https:\/\/secure.gravatar.com\/avatar\/3ea2118a5f7dad2b7138b1187a6b7ee55f160b9968b66013c3a3ef39dd7e5798?s=96&d=mm&r=g","caption":"Jeanette"},"sameAs":["https:\/\/www.eldiario.net\/portal"],"url":"https:\/\/www.eldiario.net\/portal\/author\/jeanette\/"}]}},"_links":{"self":[{"href":"https:\/\/www.eldiario.net\/portal\/wp-json\/wp\/v2\/posts\/260868","targetHints":{"allow":["GET"]}}],"collection":[{"href":"https:\/\/www.eldiario.net\/portal\/wp-json\/wp\/v2\/posts"}],"about":[{"href":"https:\/\/www.eldiario.net\/portal\/wp-json\/wp\/v2\/types\/post"}],"author":[{"embeddable":true,"href":"https:\/\/www.eldiario.net\/portal\/wp-json\/wp\/v2\/users\/1"}],"replies":[{"embeddable":true,"href":"https:\/\/www.eldiario.net\/portal\/wp-json\/wp\/v2\/comments?post=260868"}],"version-history":[{"count":1,"href":"https:\/\/www.eldiario.net\/portal\/wp-json\/wp\/v2\/posts\/260868\/revisions"}],"predecessor-version":[{"id":260870,"href":"https:\/\/www.eldiario.net\/portal\/wp-json\/wp\/v2\/posts\/260868\/revisions\/260870"}],"wp:featuredmedia":[{"embeddable":true,"href":"https:\/\/www.eldiario.net\/portal\/wp-json\/wp\/v2\/media\/260869"}],"wp:attachment":[{"href":"https:\/\/www.eldiario.net\/portal\/wp-json\/wp\/v2\/media?parent=260868"}],"wp:term":[{"taxonomy":"category","embeddable":true,"href":"https:\/\/www.eldiario.net\/portal\/wp-json\/wp\/v2\/categories?post=260868"},{"taxonomy":"post_tag","embeddable":true,"href":"https:\/\/www.eldiario.net\/portal\/wp-json\/wp\/v2\/tags?post=260868"}],"curies":[{"name":"wp","href":"https:\/\/api.w.org\/{rel}","templated":true}]}}