{"id":260862,"date":"2024-11-14T05:42:21","date_gmt":"2024-11-14T09:42:21","guid":{"rendered":"https:\/\/www.eldiario.net\/portal\/?p=260862"},"modified":"2024-11-14T05:42:21","modified_gmt":"2024-11-14T09:42:21","slug":"sentencias-que-emanen-de-un-tcp-cuestionado-son-simples-panfletos","status":"publish","type":"post","link":"https:\/\/www.eldiario.net\/portal\/2024\/11\/14\/sentencias-que-emanen-de-un-tcp-cuestionado-son-simples-panfletos\/","title":{"rendered":"Sentencias que emanen de un TCP  cuestionado son simples \u201cpanfletos\u201d"},"content":{"rendered":"<p>Reiterando que en el pa\u00eds no existe un Tribunal Constitucional Plurinacional (TCP) a partir del 2 de enero de 2024, la senadora por Comunidad Ciudadana (CC), Silvia Salame, asegur\u00f3 que cualquier disposici\u00f3n que emane de una instancia cuestionada es un simple \u201cpanfleto\u201d sin validez, adem\u00e1s, destac\u00f3 la aprobaci\u00f3n en el Senado del proyecto de ley para ratificar la convocatoria de elecciones judiciales y respaldar las facultades del Tribunal Electoral para administrar procesos electorales.<\/p>\n<p>\u201cNo hay Tribunal Constitucional en Bolivia desde el 2 de enero, en consecuencia, ese panfleto que han emitido estos se\u00f1ores carece de toda validez jur\u00eddica y es un acto nulo que no pude generar ning\u00fan tipo de derecho\u201d, expres\u00f3 la legisladora antes de ingresar a la sesi\u00f3n del Senado que posteriormente aprob\u00f3 dicha normativa.<\/p>\n<p>Durante la sesi\u00f3n de C\u00e1mara Alta convocada para conformar comisiones y comit\u00e9s en el Senado, Salame solicit\u00f3 la modificaci\u00f3n del Orden del D\u00eda para incluir el tratamiento de Proyecto de Ley \u201cExcepcional y Transitoria para garantizar las Elecciones Judiciales 2024\u201d, logrando el apoyo de los presentes.<\/p>\n<p>La normativa en cuesti\u00f3n, fue aprobada en su estaci\u00f3n en grande y en detalle por legisladores de las tres fuerzas con representaci\u00f3n en el Senado y remitida a la C\u00e1mara Baja para su tratamiento.<\/p>\n<p>\u201cHabi\u00e9ndose aprobado en sus dos estaciones en grande y en detalle y siendo la C\u00e1mara de Senadores, la c\u00e1mara de origen, queda aprobado el presente proyecto de ley y se remite a la C\u00e1mara de Diputados para fines constitucionales de revisi\u00f3n\u201d, anunci\u00f3 el presidente del Senado, Andr\u00f3nico Rodr\u00edguez.<\/p>\n<p>Salame explic\u00f3 que con esta normativa se \u201cblinda\u201d en su integridad el proceso de las elecciones judiciales, reafirmando la vigencia de la ley 1549 y las competencias de la ALP, establecidas en la Carta Magna.<\/p>\n<p>Ayer, el Tribunal Constitucional respondi\u00f3 al recurso de complementaci\u00f3n y aclaraci\u00f3n cursado por el Tribunal Electoral, ratificando la Sentencia Constitucional 0770\/2024-54 en la que se dispone declarar desierta la convocatoria a magistradas y magistrados para el TSJ en Beni y Pando y para el TCP en Pando, Cochabamba, Santa Cruz, Beni y Tarija, disposici\u00f3n que suspende parcialmente las elecciones judiciales.<\/p>\n","protected":false},"excerpt":{"rendered":"<p>Reiterando que en el pa\u00eds no existe un Tribunal Constitucional Plurinacional (TCP) a partir del 2 de enero de 2024, la senadora por Comunidad Ciudadana (CC), Silvia Salame, asegur\u00f3 que cualquier disposici\u00f3n que emane de una instancia cuestionada es un simple \u201cpanfleto\u201d sin validez, adem\u00e1s, destac\u00f3 la aprobaci\u00f3n en el Senado del proyecto de ley [&hellip;]<\/p>\n","protected":false},"author":1,"featured_media":260863,"comment_status":"closed","ping_status":"open","sticky":false,"template":"","format":"standard","meta":{"_acf_changed":false,"footnotes":""},"categories":[14],"tags":[],"class_list":["post-260862","post","type-post","status-publish","format-standard","has-post-thumbnail","category-politica"],"acf":{"antetitulo":""},"yoast_head":"<!-- This site is optimized with the Yoast SEO plugin v28.3 - https:\/\/yoast.com\/product\/yoast-seo-wordpress\/ -->\n<title>Sentencias que emanen de un TCP cuestionado son simples \u201cpanfletos\u201d - El Diario - Bolivia<\/title>\n<meta name=\"robots\" content=\"index, follow, max-snippet:-1, max-image-preview:large, max-video-preview:-1\" \/>\n<link rel=\"canonical\" href=\"https:\/\/www.eldiario.net\/portal\/2024\/11\/14\/sentencias-que-emanen-de-un-tcp-cuestionado-son-simples-panfletos\/\" \/>\n<meta property=\"og:locale\" content=\"es_ES\" \/>\n<meta property=\"og:type\" content=\"article\" \/>\n<meta property=\"og:title\" content=\"Sentencias que emanen de un TCP cuestionado son simples \u201cpanfletos\u201d - El Diario - Bolivia\" \/>\n<meta property=\"og:description\" content=\"Reiterando que en el pa\u00eds no existe un Tribunal Constitucional Plurinacional (TCP) a partir del 2 de enero de 2024, la senadora por Comunidad Ciudadana (CC), Silvia Salame, asegur\u00f3 que cualquier disposici\u00f3n que emane de una instancia cuestionada es un simple \u201cpanfleto\u201d sin validez, adem\u00e1s, destac\u00f3 la aprobaci\u00f3n en el Senado del proyecto de ley [&hellip;]\" \/>\n<meta property=\"og:url\" content=\"https:\/\/www.eldiario.net\/portal\/2024\/11\/14\/sentencias-que-emanen-de-un-tcp-cuestionado-son-simples-panfletos\/\" \/>\n<meta property=\"og:site_name\" content=\"El Diario - Bolivia\" \/>\n<meta property=\"article:publisher\" content=\"https:\/\/www.facebook.com\/eldiario.bolivia\/\" \/>\n<meta property=\"article:published_time\" content=\"2024-11-14T09:42:21+00:00\" \/>\n<meta property=\"og:image\" content=\"https:\/\/www.eldiario.net\/portal\/wp-content\/uploads\/2024\/11\/ASEGURO-FOTO.jpg\" \/>\n\t<meta property=\"og:image:width\" content=\"1522\" \/>\n\t<meta property=\"og:image:height\" content=\"1080\" \/>\n\t<meta property=\"og:image:type\" content=\"image\/jpeg\" \/>\n<meta name=\"author\" content=\"Jeanette\" \/>\n<meta name=\"twitter:card\" content=\"summary_large_image\" \/>\n<meta name=\"twitter:creator\" content=\"@eldiario_net\" \/>\n<meta name=\"twitter:site\" content=\"@eldiario_net\" \/>\n<meta name=\"twitter:label1\" content=\"Escrito por\" \/>\n\t<meta name=\"twitter:data1\" content=\"Jeanette\" \/>\n\t<meta name=\"twitter:label2\" content=\"Tiempo de lectura\" \/>\n\t<meta name=\"twitter:data2\" content=\"2 minutos\" \/>\n<script type=\"application\/ld+json\" class=\"yoast-schema-graph\">{\"@context\":\"https:\\\/\\\/schema.org\",\"@graph\":[{\"@type\":\"Article\",\"@id\":\"https:\\\/\\\/www.eldiario.net\\\/portal\\\/2024\\\/11\\\/14\\\/sentencias-que-emanen-de-un-tcp-cuestionado-son-simples-panfletos\\\/#article\",\"isPartOf\":{\"@id\":\"https:\\\/\\\/www.eldiario.net\\\/portal\\\/2024\\\/11\\\/14\\\/sentencias-que-emanen-de-un-tcp-cuestionado-son-simples-panfletos\\\/\"},\"author\":{\"name\":\"Jeanette\",\"@id\":\"https:\\\/\\\/www.eldiario.net\\\/portal\\\/#\\\/schema\\\/person\\\/f46445640444750d7d753ccd04ae01b7\"},\"headline\":\"Sentencias que emanen de un TCP cuestionado son simples \u201cpanfletos\u201d\",\"datePublished\":\"2024-11-14T09:42:21+00:00\",\"mainEntityOfPage\":{\"@id\":\"https:\\\/\\\/www.eldiario.net\\\/portal\\\/2024\\\/11\\\/14\\\/sentencias-que-emanen-de-un-tcp-cuestionado-son-simples-panfletos\\\/\"},\"wordCount\":382,\"publisher\":{\"@id\":\"https:\\\/\\\/www.eldiario.net\\\/portal\\\/#organization\"},\"image\":{\"@id\":\"https:\\\/\\\/www.eldiario.net\\\/portal\\\/2024\\\/11\\\/14\\\/sentencias-que-emanen-de-un-tcp-cuestionado-son-simples-panfletos\\\/#primaryimage\"},\"thumbnailUrl\":\"https:\\\/\\\/www.eldiario.net\\\/portal\\\/wp-content\\\/uploads\\\/2024\\\/11\\\/ASEGURO-FOTO.jpg\",\"articleSection\":[\"Pol\u00edtica\"],\"inLanguage\":\"es\"},{\"@type\":\"WebPage\",\"@id\":\"https:\\\/\\\/www.eldiario.net\\\/portal\\\/2024\\\/11\\\/14\\\/sentencias-que-emanen-de-un-tcp-cuestionado-son-simples-panfletos\\\/\",\"url\":\"https:\\\/\\\/www.eldiario.net\\\/portal\\\/2024\\\/11\\\/14\\\/sentencias-que-emanen-de-un-tcp-cuestionado-son-simples-panfletos\\\/\",\"name\":\"Sentencias que emanen de un TCP cuestionado son simples \u201cpanfletos\u201d - El Diario - Bolivia\",\"isPartOf\":{\"@id\":\"https:\\\/\\\/www.eldiario.net\\\/portal\\\/#website\"},\"primaryImageOfPage\":{\"@id\":\"https:\\\/\\\/www.eldiario.net\\\/portal\\\/2024\\\/11\\\/14\\\/sentencias-que-emanen-de-un-tcp-cuestionado-son-simples-panfletos\\\/#primaryimage\"},\"image\":{\"@id\":\"https:\\\/\\\/www.eldiario.net\\\/portal\\\/2024\\\/11\\\/14\\\/sentencias-que-emanen-de-un-tcp-cuestionado-son-simples-panfletos\\\/#primaryimage\"},\"thumbnailUrl\":\"https:\\\/\\\/www.eldiario.net\\\/portal\\\/wp-content\\\/uploads\\\/2024\\\/11\\\/ASEGURO-FOTO.jpg\",\"datePublished\":\"2024-11-14T09:42:21+00:00\",\"breadcrumb\":{\"@id\":\"https:\\\/\\\/www.eldiario.net\\\/portal\\\/2024\\\/11\\\/14\\\/sentencias-que-emanen-de-un-tcp-cuestionado-son-simples-panfletos\\\/#breadcrumb\"},\"inLanguage\":\"es\",\"potentialAction\":[{\"@type\":\"ReadAction\",\"target\":[\"https:\\\/\\\/www.eldiario.net\\\/portal\\\/2024\\\/11\\\/14\\\/sentencias-que-emanen-de-un-tcp-cuestionado-son-simples-panfletos\\\/\"]}]},{\"@type\":\"ImageObject\",\"inLanguage\":\"es\",\"@id\":\"https:\\\/\\\/www.eldiario.net\\\/portal\\\/2024\\\/11\\\/14\\\/sentencias-que-emanen-de-un-tcp-cuestionado-son-simples-panfletos\\\/#primaryimage\",\"url\":\"https:\\\/\\\/www.eldiario.net\\\/portal\\\/wp-content\\\/uploads\\\/2024\\\/11\\\/ASEGURO-FOTO.jpg\",\"contentUrl\":\"https:\\\/\\\/www.eldiario.net\\\/portal\\\/wp-content\\\/uploads\\\/2024\\\/11\\\/ASEGURO-FOTO.jpg\",\"width\":1522,\"height\":1080,\"caption\":\"Senadora Silvia Salame (CC) CREDITOS \\\/ RRSS\"},{\"@type\":\"BreadcrumbList\",\"@id\":\"https:\\\/\\\/www.eldiario.net\\\/portal\\\/2024\\\/11\\\/14\\\/sentencias-que-emanen-de-un-tcp-cuestionado-son-simples-panfletos\\\/#breadcrumb\",\"itemListElement\":[{\"@type\":\"ListItem\",\"position\":1,\"name\":\"Portada\",\"item\":\"https:\\\/\\\/www.eldiario.net\\\/portal\\\/\"},{\"@type\":\"ListItem\",\"position\":2,\"name\":\"Sentencias que emanen de un TCP cuestionado son simples \u201cpanfletos\u201d\"}]},{\"@type\":\"WebSite\",\"@id\":\"https:\\\/\\\/www.eldiario.net\\\/portal\\\/#website\",\"url\":\"https:\\\/\\\/www.eldiario.net\\\/portal\\\/\",\"name\":\"El Diario - Decano de la prensa nacional\",\"description\":\"El Diario - Decano de la prensa nacional\",\"publisher\":{\"@id\":\"https:\\\/\\\/www.eldiario.net\\\/portal\\\/#organization\"},\"potentialAction\":[{\"@type\":\"SearchAction\",\"target\":{\"@type\":\"EntryPoint\",\"urlTemplate\":\"https:\\\/\\\/www.eldiario.net\\\/portal\\\/?s={search_term_string}\"},\"query-input\":{\"@type\":\"PropertyValueSpecification\",\"valueRequired\":true,\"valueName\":\"search_term_string\"}}],\"inLanguage\":\"es\"},{\"@type\":\"Organization\",\"@id\":\"https:\\\/\\\/www.eldiario.net\\\/portal\\\/#organization\",\"name\":\"El Diario - Decano de la prensa nacional\",\"url\":\"https:\\\/\\\/www.eldiario.net\\\/portal\\\/\",\"logo\":{\"@type\":\"ImageObject\",\"inLanguage\":\"es\",\"@id\":\"https:\\\/\\\/www.eldiario.net\\\/portal\\\/#\\\/schema\\\/logo\\\/image\\\/\",\"url\":\"https:\\\/\\\/www.eldiario.net\\\/portal\\\/wp-content\\\/uploads\\\/2023\\\/07\\\/logo_ED.jpg\",\"contentUrl\":\"https:\\\/\\\/www.eldiario.net\\\/portal\\\/wp-content\\\/uploads\\\/2023\\\/07\\\/logo_ED.jpg\",\"width\":272,\"height\":52,\"caption\":\"El Diario - Decano de la prensa nacional\"},\"image\":{\"@id\":\"https:\\\/\\\/www.eldiario.net\\\/portal\\\/#\\\/schema\\\/logo\\\/image\\\/\"},\"sameAs\":[\"https:\\\/\\\/www.facebook.com\\\/eldiario.bolivia\\\/\",\"https:\\\/\\\/x.com\\\/eldiario_net\"]},{\"@type\":\"Person\",\"@id\":\"https:\\\/\\\/www.eldiario.net\\\/portal\\\/#\\\/schema\\\/person\\\/f46445640444750d7d753ccd04ae01b7\",\"name\":\"Jeanette\",\"image\":{\"@type\":\"ImageObject\",\"inLanguage\":\"es\",\"@id\":\"https:\\\/\\\/secure.gravatar.com\\\/avatar\\\/3ea2118a5f7dad2b7138b1187a6b7ee55f160b9968b66013c3a3ef39dd7e5798?s=96&d=mm&r=g\",\"url\":\"https:\\\/\\\/secure.gravatar.com\\\/avatar\\\/3ea2118a5f7dad2b7138b1187a6b7ee55f160b9968b66013c3a3ef39dd7e5798?s=96&d=mm&r=g\",\"contentUrl\":\"https:\\\/\\\/secure.gravatar.com\\\/avatar\\\/3ea2118a5f7dad2b7138b1187a6b7ee55f160b9968b66013c3a3ef39dd7e5798?s=96&d=mm&r=g\",\"caption\":\"Jeanette\"},\"sameAs\":[\"https:\\\/\\\/www.eldiario.net\\\/portal\"],\"url\":\"https:\\\/\\\/www.eldiario.net\\\/portal\\\/author\\\/jeanette\\\/\"}]}<\/script>\n<!-- \/ Yoast SEO plugin. -->","yoast_head_json":{"title":"Sentencias que emanen de un TCP cuestionado son simples \u201cpanfletos\u201d - El Diario - Bolivia","robots":{"index":"index","follow":"follow","max-snippet":"max-snippet:-1","max-image-preview":"max-image-preview:large","max-video-preview":"max-video-preview:-1"},"canonical":"https:\/\/www.eldiario.net\/portal\/2024\/11\/14\/sentencias-que-emanen-de-un-tcp-cuestionado-son-simples-panfletos\/","og_locale":"es_ES","og_type":"article","og_title":"Sentencias que emanen de un TCP cuestionado son simples \u201cpanfletos\u201d - El Diario - Bolivia","og_description":"Reiterando que en el pa\u00eds no existe un Tribunal Constitucional Plurinacional (TCP) a partir del 2 de enero de 2024, la senadora por Comunidad Ciudadana (CC), Silvia Salame, asegur\u00f3 que cualquier disposici\u00f3n que emane de una instancia cuestionada es un simple \u201cpanfleto\u201d sin validez, adem\u00e1s, destac\u00f3 la aprobaci\u00f3n en el Senado del proyecto de ley [&hellip;]","og_url":"https:\/\/www.eldiario.net\/portal\/2024\/11\/14\/sentencias-que-emanen-de-un-tcp-cuestionado-son-simples-panfletos\/","og_site_name":"El Diario - Bolivia","article_publisher":"https:\/\/www.facebook.com\/eldiario.bolivia\/","article_published_time":"2024-11-14T09:42:21+00:00","og_image":[{"width":1522,"height":1080,"url":"https:\/\/www.eldiario.net\/portal\/wp-content\/uploads\/2024\/11\/ASEGURO-FOTO.jpg","type":"image\/jpeg"}],"author":"Jeanette","twitter_card":"summary_large_image","twitter_creator":"@eldiario_net","twitter_site":"@eldiario_net","twitter_misc":{"Escrito por":"Jeanette","Tiempo de lectura":"2 minutos"},"schema":{"@context":"https:\/\/schema.org","@graph":[{"@type":"Article","@id":"https:\/\/www.eldiario.net\/portal\/2024\/11\/14\/sentencias-que-emanen-de-un-tcp-cuestionado-son-simples-panfletos\/#article","isPartOf":{"@id":"https:\/\/www.eldiario.net\/portal\/2024\/11\/14\/sentencias-que-emanen-de-un-tcp-cuestionado-son-simples-panfletos\/"},"author":{"name":"Jeanette","@id":"https:\/\/www.eldiario.net\/portal\/#\/schema\/person\/f46445640444750d7d753ccd04ae01b7"},"headline":"Sentencias que emanen de un TCP cuestionado son simples \u201cpanfletos\u201d","datePublished":"2024-11-14T09:42:21+00:00","mainEntityOfPage":{"@id":"https:\/\/www.eldiario.net\/portal\/2024\/11\/14\/sentencias-que-emanen-de-un-tcp-cuestionado-son-simples-panfletos\/"},"wordCount":382,"publisher":{"@id":"https:\/\/www.eldiario.net\/portal\/#organization"},"image":{"@id":"https:\/\/www.eldiario.net\/portal\/2024\/11\/14\/sentencias-que-emanen-de-un-tcp-cuestionado-son-simples-panfletos\/#primaryimage"},"thumbnailUrl":"https:\/\/www.eldiario.net\/portal\/wp-content\/uploads\/2024\/11\/ASEGURO-FOTO.jpg","articleSection":["Pol\u00edtica"],"inLanguage":"es"},{"@type":"WebPage","@id":"https:\/\/www.eldiario.net\/portal\/2024\/11\/14\/sentencias-que-emanen-de-un-tcp-cuestionado-son-simples-panfletos\/","url":"https:\/\/www.eldiario.net\/portal\/2024\/11\/14\/sentencias-que-emanen-de-un-tcp-cuestionado-son-simples-panfletos\/","name":"Sentencias que emanen de un TCP cuestionado son simples \u201cpanfletos\u201d - El Diario - Bolivia","isPartOf":{"@id":"https:\/\/www.eldiario.net\/portal\/#website"},"primaryImageOfPage":{"@id":"https:\/\/www.eldiario.net\/portal\/2024\/11\/14\/sentencias-que-emanen-de-un-tcp-cuestionado-son-simples-panfletos\/#primaryimage"},"image":{"@id":"https:\/\/www.eldiario.net\/portal\/2024\/11\/14\/sentencias-que-emanen-de-un-tcp-cuestionado-son-simples-panfletos\/#primaryimage"},"thumbnailUrl":"https:\/\/www.eldiario.net\/portal\/wp-content\/uploads\/2024\/11\/ASEGURO-FOTO.jpg","datePublished":"2024-11-14T09:42:21+00:00","breadcrumb":{"@id":"https:\/\/www.eldiario.net\/portal\/2024\/11\/14\/sentencias-que-emanen-de-un-tcp-cuestionado-son-simples-panfletos\/#breadcrumb"},"inLanguage":"es","potentialAction":[{"@type":"ReadAction","target":["https:\/\/www.eldiario.net\/portal\/2024\/11\/14\/sentencias-que-emanen-de-un-tcp-cuestionado-son-simples-panfletos\/"]}]},{"@type":"ImageObject","inLanguage":"es","@id":"https:\/\/www.eldiario.net\/portal\/2024\/11\/14\/sentencias-que-emanen-de-un-tcp-cuestionado-son-simples-panfletos\/#primaryimage","url":"https:\/\/www.eldiario.net\/portal\/wp-content\/uploads\/2024\/11\/ASEGURO-FOTO.jpg","contentUrl":"https:\/\/www.eldiario.net\/portal\/wp-content\/uploads\/2024\/11\/ASEGURO-FOTO.jpg","width":1522,"height":1080,"caption":"Senadora Silvia Salame (CC) CREDITOS \/ RRSS"},{"@type":"BreadcrumbList","@id":"https:\/\/www.eldiario.net\/portal\/2024\/11\/14\/sentencias-que-emanen-de-un-tcp-cuestionado-son-simples-panfletos\/#breadcrumb","itemListElement":[{"@type":"ListItem","position":1,"name":"Portada","item":"https:\/\/www.eldiario.net\/portal\/"},{"@type":"ListItem","position":2,"name":"Sentencias que emanen de un TCP cuestionado son simples \u201cpanfletos\u201d"}]},{"@type":"WebSite","@id":"https:\/\/www.eldiario.net\/portal\/#website","url":"https:\/\/www.eldiario.net\/portal\/","name":"El Diario - Decano de la prensa nacional","description":"El Diario - Decano de la prensa nacional","publisher":{"@id":"https:\/\/www.eldiario.net\/portal\/#organization"},"potentialAction":[{"@type":"SearchAction","target":{"@type":"EntryPoint","urlTemplate":"https:\/\/www.eldiario.net\/portal\/?s={search_term_string}"},"query-input":{"@type":"PropertyValueSpecification","valueRequired":true,"valueName":"search_term_string"}}],"inLanguage":"es"},{"@type":"Organization","@id":"https:\/\/www.eldiario.net\/portal\/#organization","name":"El Diario - Decano de la prensa nacional","url":"https:\/\/www.eldiario.net\/portal\/","logo":{"@type":"ImageObject","inLanguage":"es","@id":"https:\/\/www.eldiario.net\/portal\/#\/schema\/logo\/image\/","url":"https:\/\/www.eldiario.net\/portal\/wp-content\/uploads\/2023\/07\/logo_ED.jpg","contentUrl":"https:\/\/www.eldiario.net\/portal\/wp-content\/uploads\/2023\/07\/logo_ED.jpg","width":272,"height":52,"caption":"El Diario - Decano de la prensa nacional"},"image":{"@id":"https:\/\/www.eldiario.net\/portal\/#\/schema\/logo\/image\/"},"sameAs":["https:\/\/www.facebook.com\/eldiario.bolivia\/","https:\/\/x.com\/eldiario_net"]},{"@type":"Person","@id":"https:\/\/www.eldiario.net\/portal\/#\/schema\/person\/f46445640444750d7d753ccd04ae01b7","name":"Jeanette","image":{"@type":"ImageObject","inLanguage":"es","@id":"https:\/\/secure.gravatar.com\/avatar\/3ea2118a5f7dad2b7138b1187a6b7ee55f160b9968b66013c3a3ef39dd7e5798?s=96&d=mm&r=g","url":"https:\/\/secure.gravatar.com\/avatar\/3ea2118a5f7dad2b7138b1187a6b7ee55f160b9968b66013c3a3ef39dd7e5798?s=96&d=mm&r=g","contentUrl":"https:\/\/secure.gravatar.com\/avatar\/3ea2118a5f7dad2b7138b1187a6b7ee55f160b9968b66013c3a3ef39dd7e5798?s=96&d=mm&r=g","caption":"Jeanette"},"sameAs":["https:\/\/www.eldiario.net\/portal"],"url":"https:\/\/www.eldiario.net\/portal\/author\/jeanette\/"}]}},"_links":{"self":[{"href":"https:\/\/www.eldiario.net\/portal\/wp-json\/wp\/v2\/posts\/260862","targetHints":{"allow":["GET"]}}],"collection":[{"href":"https:\/\/www.eldiario.net\/portal\/wp-json\/wp\/v2\/posts"}],"about":[{"href":"https:\/\/www.eldiario.net\/portal\/wp-json\/wp\/v2\/types\/post"}],"author":[{"embeddable":true,"href":"https:\/\/www.eldiario.net\/portal\/wp-json\/wp\/v2\/users\/1"}],"replies":[{"embeddable":true,"href":"https:\/\/www.eldiario.net\/portal\/wp-json\/wp\/v2\/comments?post=260862"}],"version-history":[{"count":1,"href":"https:\/\/www.eldiario.net\/portal\/wp-json\/wp\/v2\/posts\/260862\/revisions"}],"predecessor-version":[{"id":260864,"href":"https:\/\/www.eldiario.net\/portal\/wp-json\/wp\/v2\/posts\/260862\/revisions\/260864"}],"wp:featuredmedia":[{"embeddable":true,"href":"https:\/\/www.eldiario.net\/portal\/wp-json\/wp\/v2\/media\/260863"}],"wp:attachment":[{"href":"https:\/\/www.eldiario.net\/portal\/wp-json\/wp\/v2\/media?parent=260862"}],"wp:term":[{"taxonomy":"category","embeddable":true,"href":"https:\/\/www.eldiario.net\/portal\/wp-json\/wp\/v2\/categories?post=260862"},{"taxonomy":"post_tag","embeddable":true,"href":"https:\/\/www.eldiario.net\/portal\/wp-json\/wp\/v2\/tags?post=260862"}],"curies":[{"name":"wp","href":"https:\/\/api.w.org\/{rel}","templated":true}]}}