{"id":260859,"date":"2024-11-14T05:41:49","date_gmt":"2024-11-14T09:41:49","guid":{"rendered":"https:\/\/www.eldiario.net\/portal\/?p=260859"},"modified":"2024-11-14T05:41:49","modified_gmt":"2024-11-14T09:41:49","slug":"destacan-predisposicion-de-lideres-politicos-para-priorizar-la-unidad","status":"publish","type":"post","link":"https:\/\/www.eldiario.net\/portal\/2024\/11\/14\/destacan-predisposicion-de-lideres-politicos-para-priorizar-la-unidad\/","title":{"rendered":"Destacan predisposici\u00f3n de l\u00edderes  pol\u00edticos para priorizar la unidad"},"content":{"rendered":"<p>La senadora por la agrupaci\u00f3n Creemos, Centa Rek, destac\u00f3 la predisposici\u00f3n expresada por algunos l\u00edderes pol\u00edticos de oposici\u00f3n, con respecto a la posibilidad de dejar de lado sus aspiraciones presidenciales en favor de un proyecto que cuente con las mejores condiciones para conformar una alternativa de unidad que haga frente al Movimiento al Socialismo (MAS) en las pr\u00f3ximas elecciones generales.<\/p>\n<p>\u201cVeo con muy buenos ojos lo que han hecho estos l\u00edderes dando un ejemplo de que en alguna forma tenemos que dar un principio de unidad para iniciar este proceso de unificaci\u00f3n\u201d, afirm\u00f3 Rek.<\/p>\n<p>La senadora de oposici\u00f3n agreg\u00f3 que la postura asumida por estos l\u00edderes pol\u00edticos no los excluye de poder ser los elegidos para liderar la opci\u00f3n que se busca conformar ni de participar en la construcci\u00f3n de la misma, siendo destacable la manifestaci\u00f3n de no \u201cencapricharse\u201d con la posibilidad de una candidatura, sino buscar la mejor representaci\u00f3n de unidad en la oposici\u00f3n.<\/p>\n<p>El martes, Carlos Mesa, l\u00edder de Comunidad Ciudadana, se refiri\u00f3 a las posibilidades de la oposici\u00f3n en las pr\u00f3ximas elecciones generales 2025, se\u00f1alando que existe una oportunidad \u00fanica de alcanzar una victoria, lo que obliga a buscar una opci\u00f3n unificada que haga frente al MAS.<\/p>\n<p>\u201cEst\u00e9 donde est\u00e9, voy a trabajar, incluso sacrificando mi propio inter\u00e9s, en la unidad de la oposici\u00f3n, en la candidatura \u00fanica\u201d, afirm\u00f3 Mesa en declaraciones a Erbol.<\/p>\n<p>Desde la agrupaci\u00f3n Bunker Tercera Rep\u00fablica, se anunci\u00f3 la posici\u00f3n de no presentar una candidatura para las elecciones generales de 2025, esto con el objetivo de promover unidad de la oposici\u00f3n contra el partido de gobierno.<\/p>\n<p>Cuestionando las acciones y actitudes de \u201cpol\u00edticos tradicionales\u201d que insisten en ser cabeza de la oposici\u00f3n, descartando la unidad, Agust\u00edn Zambrana, l\u00edder de esta organizaci\u00f3n pol\u00edtica, asegur\u00f3 que esta postura solo beneficia al masismo. \u201cEs as\u00ed de sencillo entonces. O nos unimos o nos hundimos. Entonces hoy m\u00e1s que nunca, decirles a los pol\u00edticos tradicionales aventureros que, si no entran a la unidad, vamos a tener una oposici\u00f3n fragmentada y fracasada como han sido las \u00faltimas cinco elecciones\u201d, dijo.<\/p>\n","protected":false},"excerpt":{"rendered":"<p>La senadora por la agrupaci\u00f3n Creemos, Centa Rek, destac\u00f3 la predisposici\u00f3n expresada por algunos l\u00edderes pol\u00edticos de oposici\u00f3n, con respecto a la posibilidad de dejar de lado sus aspiraciones presidenciales en favor de un proyecto que cuente con las mejores condiciones para conformar una alternativa de unidad que haga frente al Movimiento al Socialismo (MAS) [&hellip;]<\/p>\n","protected":false},"author":1,"featured_media":260860,"comment_status":"closed","ping_status":"open","sticky":false,"template":"","format":"standard","meta":{"_acf_changed":false,"footnotes":""},"categories":[14],"tags":[],"class_list":["post-260859","post","type-post","status-publish","format-standard","has-post-thumbnail","category-politica"],"acf":{"antetitulo":"Crece tendencia hacia una unidad opositora"},"yoast_head":"<!-- This site is optimized with the Yoast SEO plugin v28.3 - https:\/\/yoast.com\/product\/yoast-seo-wordpress\/ -->\n<title>Destacan predisposici\u00f3n de l\u00edderes pol\u00edticos para priorizar la unidad - El Diario - Bolivia<\/title>\n<meta name=\"robots\" content=\"index, follow, max-snippet:-1, max-image-preview:large, max-video-preview:-1\" \/>\n<link rel=\"canonical\" href=\"https:\/\/www.eldiario.net\/portal\/2024\/11\/14\/destacan-predisposicion-de-lideres-politicos-para-priorizar-la-unidad\/\" \/>\n<meta property=\"og:locale\" content=\"es_ES\" \/>\n<meta property=\"og:type\" content=\"article\" \/>\n<meta property=\"og:title\" content=\"Destacan predisposici\u00f3n de l\u00edderes pol\u00edticos para priorizar la unidad - El Diario - Bolivia\" \/>\n<meta property=\"og:description\" content=\"La senadora por la agrupaci\u00f3n Creemos, Centa Rek, destac\u00f3 la predisposici\u00f3n expresada por algunos l\u00edderes pol\u00edticos de oposici\u00f3n, con respecto a la posibilidad de dejar de lado sus aspiraciones presidenciales en favor de un proyecto que cuente con las mejores condiciones para conformar una alternativa de unidad que haga frente al Movimiento al Socialismo (MAS) [&hellip;]\" \/>\n<meta property=\"og:url\" content=\"https:\/\/www.eldiario.net\/portal\/2024\/11\/14\/destacan-predisposicion-de-lideres-politicos-para-priorizar-la-unidad\/\" \/>\n<meta property=\"og:site_name\" content=\"El Diario - Bolivia\" \/>\n<meta property=\"article:publisher\" content=\"https:\/\/www.facebook.com\/eldiario.bolivia\/\" \/>\n<meta property=\"article:published_time\" content=\"2024-11-14T09:41:49+00:00\" \/>\n<meta property=\"og:image\" content=\"https:\/\/www.eldiario.net\/portal\/wp-content\/uploads\/2024\/11\/CENTA-FOTO.jpg\" \/>\n\t<meta property=\"og:image:width\" content=\"1534\" \/>\n\t<meta property=\"og:image:height\" content=\"1080\" \/>\n\t<meta property=\"og:image:type\" content=\"image\/jpeg\" \/>\n<meta name=\"author\" content=\"Jeanette\" \/>\n<meta name=\"twitter:card\" content=\"summary_large_image\" \/>\n<meta name=\"twitter:creator\" content=\"@eldiario_net\" \/>\n<meta name=\"twitter:site\" content=\"@eldiario_net\" \/>\n<meta name=\"twitter:label1\" content=\"Escrito por\" \/>\n\t<meta name=\"twitter:data1\" content=\"Jeanette\" \/>\n\t<meta name=\"twitter:label2\" content=\"Tiempo de lectura\" \/>\n\t<meta name=\"twitter:data2\" content=\"2 minutos\" \/>\n<script type=\"application\/ld+json\" class=\"yoast-schema-graph\">{\"@context\":\"https:\\\/\\\/schema.org\",\"@graph\":[{\"@type\":\"Article\",\"@id\":\"https:\\\/\\\/www.eldiario.net\\\/portal\\\/2024\\\/11\\\/14\\\/destacan-predisposicion-de-lideres-politicos-para-priorizar-la-unidad\\\/#article\",\"isPartOf\":{\"@id\":\"https:\\\/\\\/www.eldiario.net\\\/portal\\\/2024\\\/11\\\/14\\\/destacan-predisposicion-de-lideres-politicos-para-priorizar-la-unidad\\\/\"},\"author\":{\"name\":\"Jeanette\",\"@id\":\"https:\\\/\\\/www.eldiario.net\\\/portal\\\/#\\\/schema\\\/person\\\/f46445640444750d7d753ccd04ae01b7\"},\"headline\":\"Destacan predisposici\u00f3n de l\u00edderes pol\u00edticos para priorizar la unidad\",\"datePublished\":\"2024-11-14T09:41:49+00:00\",\"mainEntityOfPage\":{\"@id\":\"https:\\\/\\\/www.eldiario.net\\\/portal\\\/2024\\\/11\\\/14\\\/destacan-predisposicion-de-lideres-politicos-para-priorizar-la-unidad\\\/\"},\"wordCount\":388,\"publisher\":{\"@id\":\"https:\\\/\\\/www.eldiario.net\\\/portal\\\/#organization\"},\"image\":{\"@id\":\"https:\\\/\\\/www.eldiario.net\\\/portal\\\/2024\\\/11\\\/14\\\/destacan-predisposicion-de-lideres-politicos-para-priorizar-la-unidad\\\/#primaryimage\"},\"thumbnailUrl\":\"https:\\\/\\\/www.eldiario.net\\\/portal\\\/wp-content\\\/uploads\\\/2024\\\/11\\\/CENTA-FOTO.jpg\",\"articleSection\":[\"Pol\u00edtica\"],\"inLanguage\":\"es\"},{\"@type\":\"WebPage\",\"@id\":\"https:\\\/\\\/www.eldiario.net\\\/portal\\\/2024\\\/11\\\/14\\\/destacan-predisposicion-de-lideres-politicos-para-priorizar-la-unidad\\\/\",\"url\":\"https:\\\/\\\/www.eldiario.net\\\/portal\\\/2024\\\/11\\\/14\\\/destacan-predisposicion-de-lideres-politicos-para-priorizar-la-unidad\\\/\",\"name\":\"Destacan predisposici\u00f3n de l\u00edderes pol\u00edticos para priorizar la unidad - El Diario - Bolivia\",\"isPartOf\":{\"@id\":\"https:\\\/\\\/www.eldiario.net\\\/portal\\\/#website\"},\"primaryImageOfPage\":{\"@id\":\"https:\\\/\\\/www.eldiario.net\\\/portal\\\/2024\\\/11\\\/14\\\/destacan-predisposicion-de-lideres-politicos-para-priorizar-la-unidad\\\/#primaryimage\"},\"image\":{\"@id\":\"https:\\\/\\\/www.eldiario.net\\\/portal\\\/2024\\\/11\\\/14\\\/destacan-predisposicion-de-lideres-politicos-para-priorizar-la-unidad\\\/#primaryimage\"},\"thumbnailUrl\":\"https:\\\/\\\/www.eldiario.net\\\/portal\\\/wp-content\\\/uploads\\\/2024\\\/11\\\/CENTA-FOTO.jpg\",\"datePublished\":\"2024-11-14T09:41:49+00:00\",\"breadcrumb\":{\"@id\":\"https:\\\/\\\/www.eldiario.net\\\/portal\\\/2024\\\/11\\\/14\\\/destacan-predisposicion-de-lideres-politicos-para-priorizar-la-unidad\\\/#breadcrumb\"},\"inLanguage\":\"es\",\"potentialAction\":[{\"@type\":\"ReadAction\",\"target\":[\"https:\\\/\\\/www.eldiario.net\\\/portal\\\/2024\\\/11\\\/14\\\/destacan-predisposicion-de-lideres-politicos-para-priorizar-la-unidad\\\/\"]}]},{\"@type\":\"ImageObject\",\"inLanguage\":\"es\",\"@id\":\"https:\\\/\\\/www.eldiario.net\\\/portal\\\/2024\\\/11\\\/14\\\/destacan-predisposicion-de-lideres-politicos-para-priorizar-la-unidad\\\/#primaryimage\",\"url\":\"https:\\\/\\\/www.eldiario.net\\\/portal\\\/wp-content\\\/uploads\\\/2024\\\/11\\\/CENTA-FOTO.jpg\",\"contentUrl\":\"https:\\\/\\\/www.eldiario.net\\\/portal\\\/wp-content\\\/uploads\\\/2024\\\/11\\\/CENTA-FOTO.jpg\",\"width\":1534,\"height\":1080,\"caption\":\"Senadora Centa Rek (Creemos) CREDITOS \\\/ RRSS\"},{\"@type\":\"BreadcrumbList\",\"@id\":\"https:\\\/\\\/www.eldiario.net\\\/portal\\\/2024\\\/11\\\/14\\\/destacan-predisposicion-de-lideres-politicos-para-priorizar-la-unidad\\\/#breadcrumb\",\"itemListElement\":[{\"@type\":\"ListItem\",\"position\":1,\"name\":\"Portada\",\"item\":\"https:\\\/\\\/www.eldiario.net\\\/portal\\\/\"},{\"@type\":\"ListItem\",\"position\":2,\"name\":\"Destacan predisposici\u00f3n de l\u00edderes pol\u00edticos para priorizar la unidad\"}]},{\"@type\":\"WebSite\",\"@id\":\"https:\\\/\\\/www.eldiario.net\\\/portal\\\/#website\",\"url\":\"https:\\\/\\\/www.eldiario.net\\\/portal\\\/\",\"name\":\"El Diario - Decano de la prensa nacional\",\"description\":\"El Diario - Decano de la prensa nacional\",\"publisher\":{\"@id\":\"https:\\\/\\\/www.eldiario.net\\\/portal\\\/#organization\"},\"potentialAction\":[{\"@type\":\"SearchAction\",\"target\":{\"@type\":\"EntryPoint\",\"urlTemplate\":\"https:\\\/\\\/www.eldiario.net\\\/portal\\\/?s={search_term_string}\"},\"query-input\":{\"@type\":\"PropertyValueSpecification\",\"valueRequired\":true,\"valueName\":\"search_term_string\"}}],\"inLanguage\":\"es\"},{\"@type\":\"Organization\",\"@id\":\"https:\\\/\\\/www.eldiario.net\\\/portal\\\/#organization\",\"name\":\"El Diario - Decano de la prensa nacional\",\"url\":\"https:\\\/\\\/www.eldiario.net\\\/portal\\\/\",\"logo\":{\"@type\":\"ImageObject\",\"inLanguage\":\"es\",\"@id\":\"https:\\\/\\\/www.eldiario.net\\\/portal\\\/#\\\/schema\\\/logo\\\/image\\\/\",\"url\":\"https:\\\/\\\/www.eldiario.net\\\/portal\\\/wp-content\\\/uploads\\\/2023\\\/07\\\/logo_ED.jpg\",\"contentUrl\":\"https:\\\/\\\/www.eldiario.net\\\/portal\\\/wp-content\\\/uploads\\\/2023\\\/07\\\/logo_ED.jpg\",\"width\":272,\"height\":52,\"caption\":\"El Diario - Decano de la prensa nacional\"},\"image\":{\"@id\":\"https:\\\/\\\/www.eldiario.net\\\/portal\\\/#\\\/schema\\\/logo\\\/image\\\/\"},\"sameAs\":[\"https:\\\/\\\/www.facebook.com\\\/eldiario.bolivia\\\/\",\"https:\\\/\\\/x.com\\\/eldiario_net\"]},{\"@type\":\"Person\",\"@id\":\"https:\\\/\\\/www.eldiario.net\\\/portal\\\/#\\\/schema\\\/person\\\/f46445640444750d7d753ccd04ae01b7\",\"name\":\"Jeanette\",\"image\":{\"@type\":\"ImageObject\",\"inLanguage\":\"es\",\"@id\":\"https:\\\/\\\/secure.gravatar.com\\\/avatar\\\/3ea2118a5f7dad2b7138b1187a6b7ee55f160b9968b66013c3a3ef39dd7e5798?s=96&d=mm&r=g\",\"url\":\"https:\\\/\\\/secure.gravatar.com\\\/avatar\\\/3ea2118a5f7dad2b7138b1187a6b7ee55f160b9968b66013c3a3ef39dd7e5798?s=96&d=mm&r=g\",\"contentUrl\":\"https:\\\/\\\/secure.gravatar.com\\\/avatar\\\/3ea2118a5f7dad2b7138b1187a6b7ee55f160b9968b66013c3a3ef39dd7e5798?s=96&d=mm&r=g\",\"caption\":\"Jeanette\"},\"sameAs\":[\"https:\\\/\\\/www.eldiario.net\\\/portal\"],\"url\":\"https:\\\/\\\/www.eldiario.net\\\/portal\\\/author\\\/jeanette\\\/\"}]}<\/script>\n<!-- \/ Yoast SEO plugin. -->","yoast_head_json":{"title":"Destacan predisposici\u00f3n de l\u00edderes pol\u00edticos para priorizar la unidad - El Diario - Bolivia","robots":{"index":"index","follow":"follow","max-snippet":"max-snippet:-1","max-image-preview":"max-image-preview:large","max-video-preview":"max-video-preview:-1"},"canonical":"https:\/\/www.eldiario.net\/portal\/2024\/11\/14\/destacan-predisposicion-de-lideres-politicos-para-priorizar-la-unidad\/","og_locale":"es_ES","og_type":"article","og_title":"Destacan predisposici\u00f3n de l\u00edderes pol\u00edticos para priorizar la unidad - El Diario - Bolivia","og_description":"La senadora por la agrupaci\u00f3n Creemos, Centa Rek, destac\u00f3 la predisposici\u00f3n expresada por algunos l\u00edderes pol\u00edticos de oposici\u00f3n, con respecto a la posibilidad de dejar de lado sus aspiraciones presidenciales en favor de un proyecto que cuente con las mejores condiciones para conformar una alternativa de unidad que haga frente al Movimiento al Socialismo (MAS) [&hellip;]","og_url":"https:\/\/www.eldiario.net\/portal\/2024\/11\/14\/destacan-predisposicion-de-lideres-politicos-para-priorizar-la-unidad\/","og_site_name":"El Diario - Bolivia","article_publisher":"https:\/\/www.facebook.com\/eldiario.bolivia\/","article_published_time":"2024-11-14T09:41:49+00:00","og_image":[{"width":1534,"height":1080,"url":"https:\/\/www.eldiario.net\/portal\/wp-content\/uploads\/2024\/11\/CENTA-FOTO.jpg","type":"image\/jpeg"}],"author":"Jeanette","twitter_card":"summary_large_image","twitter_creator":"@eldiario_net","twitter_site":"@eldiario_net","twitter_misc":{"Escrito por":"Jeanette","Tiempo de lectura":"2 minutos"},"schema":{"@context":"https:\/\/schema.org","@graph":[{"@type":"Article","@id":"https:\/\/www.eldiario.net\/portal\/2024\/11\/14\/destacan-predisposicion-de-lideres-politicos-para-priorizar-la-unidad\/#article","isPartOf":{"@id":"https:\/\/www.eldiario.net\/portal\/2024\/11\/14\/destacan-predisposicion-de-lideres-politicos-para-priorizar-la-unidad\/"},"author":{"name":"Jeanette","@id":"https:\/\/www.eldiario.net\/portal\/#\/schema\/person\/f46445640444750d7d753ccd04ae01b7"},"headline":"Destacan predisposici\u00f3n de l\u00edderes pol\u00edticos para priorizar la unidad","datePublished":"2024-11-14T09:41:49+00:00","mainEntityOfPage":{"@id":"https:\/\/www.eldiario.net\/portal\/2024\/11\/14\/destacan-predisposicion-de-lideres-politicos-para-priorizar-la-unidad\/"},"wordCount":388,"publisher":{"@id":"https:\/\/www.eldiario.net\/portal\/#organization"},"image":{"@id":"https:\/\/www.eldiario.net\/portal\/2024\/11\/14\/destacan-predisposicion-de-lideres-politicos-para-priorizar-la-unidad\/#primaryimage"},"thumbnailUrl":"https:\/\/www.eldiario.net\/portal\/wp-content\/uploads\/2024\/11\/CENTA-FOTO.jpg","articleSection":["Pol\u00edtica"],"inLanguage":"es"},{"@type":"WebPage","@id":"https:\/\/www.eldiario.net\/portal\/2024\/11\/14\/destacan-predisposicion-de-lideres-politicos-para-priorizar-la-unidad\/","url":"https:\/\/www.eldiario.net\/portal\/2024\/11\/14\/destacan-predisposicion-de-lideres-politicos-para-priorizar-la-unidad\/","name":"Destacan predisposici\u00f3n de l\u00edderes pol\u00edticos para priorizar la unidad - El Diario - Bolivia","isPartOf":{"@id":"https:\/\/www.eldiario.net\/portal\/#website"},"primaryImageOfPage":{"@id":"https:\/\/www.eldiario.net\/portal\/2024\/11\/14\/destacan-predisposicion-de-lideres-politicos-para-priorizar-la-unidad\/#primaryimage"},"image":{"@id":"https:\/\/www.eldiario.net\/portal\/2024\/11\/14\/destacan-predisposicion-de-lideres-politicos-para-priorizar-la-unidad\/#primaryimage"},"thumbnailUrl":"https:\/\/www.eldiario.net\/portal\/wp-content\/uploads\/2024\/11\/CENTA-FOTO.jpg","datePublished":"2024-11-14T09:41:49+00:00","breadcrumb":{"@id":"https:\/\/www.eldiario.net\/portal\/2024\/11\/14\/destacan-predisposicion-de-lideres-politicos-para-priorizar-la-unidad\/#breadcrumb"},"inLanguage":"es","potentialAction":[{"@type":"ReadAction","target":["https:\/\/www.eldiario.net\/portal\/2024\/11\/14\/destacan-predisposicion-de-lideres-politicos-para-priorizar-la-unidad\/"]}]},{"@type":"ImageObject","inLanguage":"es","@id":"https:\/\/www.eldiario.net\/portal\/2024\/11\/14\/destacan-predisposicion-de-lideres-politicos-para-priorizar-la-unidad\/#primaryimage","url":"https:\/\/www.eldiario.net\/portal\/wp-content\/uploads\/2024\/11\/CENTA-FOTO.jpg","contentUrl":"https:\/\/www.eldiario.net\/portal\/wp-content\/uploads\/2024\/11\/CENTA-FOTO.jpg","width":1534,"height":1080,"caption":"Senadora Centa Rek (Creemos) CREDITOS \/ RRSS"},{"@type":"BreadcrumbList","@id":"https:\/\/www.eldiario.net\/portal\/2024\/11\/14\/destacan-predisposicion-de-lideres-politicos-para-priorizar-la-unidad\/#breadcrumb","itemListElement":[{"@type":"ListItem","position":1,"name":"Portada","item":"https:\/\/www.eldiario.net\/portal\/"},{"@type":"ListItem","position":2,"name":"Destacan predisposici\u00f3n de l\u00edderes pol\u00edticos para priorizar la unidad"}]},{"@type":"WebSite","@id":"https:\/\/www.eldiario.net\/portal\/#website","url":"https:\/\/www.eldiario.net\/portal\/","name":"El Diario - Decano de la prensa nacional","description":"El Diario - Decano de la prensa nacional","publisher":{"@id":"https:\/\/www.eldiario.net\/portal\/#organization"},"potentialAction":[{"@type":"SearchAction","target":{"@type":"EntryPoint","urlTemplate":"https:\/\/www.eldiario.net\/portal\/?s={search_term_string}"},"query-input":{"@type":"PropertyValueSpecification","valueRequired":true,"valueName":"search_term_string"}}],"inLanguage":"es"},{"@type":"Organization","@id":"https:\/\/www.eldiario.net\/portal\/#organization","name":"El Diario - Decano de la prensa nacional","url":"https:\/\/www.eldiario.net\/portal\/","logo":{"@type":"ImageObject","inLanguage":"es","@id":"https:\/\/www.eldiario.net\/portal\/#\/schema\/logo\/image\/","url":"https:\/\/www.eldiario.net\/portal\/wp-content\/uploads\/2023\/07\/logo_ED.jpg","contentUrl":"https:\/\/www.eldiario.net\/portal\/wp-content\/uploads\/2023\/07\/logo_ED.jpg","width":272,"height":52,"caption":"El Diario - Decano de la prensa nacional"},"image":{"@id":"https:\/\/www.eldiario.net\/portal\/#\/schema\/logo\/image\/"},"sameAs":["https:\/\/www.facebook.com\/eldiario.bolivia\/","https:\/\/x.com\/eldiario_net"]},{"@type":"Person","@id":"https:\/\/www.eldiario.net\/portal\/#\/schema\/person\/f46445640444750d7d753ccd04ae01b7","name":"Jeanette","image":{"@type":"ImageObject","inLanguage":"es","@id":"https:\/\/secure.gravatar.com\/avatar\/3ea2118a5f7dad2b7138b1187a6b7ee55f160b9968b66013c3a3ef39dd7e5798?s=96&d=mm&r=g","url":"https:\/\/secure.gravatar.com\/avatar\/3ea2118a5f7dad2b7138b1187a6b7ee55f160b9968b66013c3a3ef39dd7e5798?s=96&d=mm&r=g","contentUrl":"https:\/\/secure.gravatar.com\/avatar\/3ea2118a5f7dad2b7138b1187a6b7ee55f160b9968b66013c3a3ef39dd7e5798?s=96&d=mm&r=g","caption":"Jeanette"},"sameAs":["https:\/\/www.eldiario.net\/portal"],"url":"https:\/\/www.eldiario.net\/portal\/author\/jeanette\/"}]}},"_links":{"self":[{"href":"https:\/\/www.eldiario.net\/portal\/wp-json\/wp\/v2\/posts\/260859","targetHints":{"allow":["GET"]}}],"collection":[{"href":"https:\/\/www.eldiario.net\/portal\/wp-json\/wp\/v2\/posts"}],"about":[{"href":"https:\/\/www.eldiario.net\/portal\/wp-json\/wp\/v2\/types\/post"}],"author":[{"embeddable":true,"href":"https:\/\/www.eldiario.net\/portal\/wp-json\/wp\/v2\/users\/1"}],"replies":[{"embeddable":true,"href":"https:\/\/www.eldiario.net\/portal\/wp-json\/wp\/v2\/comments?post=260859"}],"version-history":[{"count":1,"href":"https:\/\/www.eldiario.net\/portal\/wp-json\/wp\/v2\/posts\/260859\/revisions"}],"predecessor-version":[{"id":260861,"href":"https:\/\/www.eldiario.net\/portal\/wp-json\/wp\/v2\/posts\/260859\/revisions\/260861"}],"wp:featuredmedia":[{"embeddable":true,"href":"https:\/\/www.eldiario.net\/portal\/wp-json\/wp\/v2\/media\/260860"}],"wp:attachment":[{"href":"https:\/\/www.eldiario.net\/portal\/wp-json\/wp\/v2\/media?parent=260859"}],"wp:term":[{"taxonomy":"category","embeddable":true,"href":"https:\/\/www.eldiario.net\/portal\/wp-json\/wp\/v2\/categories?post=260859"},{"taxonomy":"post_tag","embeddable":true,"href":"https:\/\/www.eldiario.net\/portal\/wp-json\/wp\/v2\/tags?post=260859"}],"curies":[{"name":"wp","href":"https:\/\/api.w.org\/{rel}","templated":true}]}}