{"id":260648,"date":"2024-11-13T05:40:15","date_gmt":"2024-11-13T09:40:15","guid":{"rendered":"https:\/\/www.eldiario.net\/portal\/?p=260648"},"modified":"2024-11-13T05:40:15","modified_gmt":"2024-11-13T09:40:15","slug":"coajachi-y-su-playa-arenal-un-escondite-natural-en-el-titicaca","status":"publish","type":"post","link":"https:\/\/www.eldiario.net\/portal\/2024\/11\/13\/coajachi-y-su-playa-arenal-un-escondite-natural-en-el-titicaca\/","title":{"rendered":"Coajachi y su playa arenal: un escondite natural en el Titicaca"},"content":{"rendered":"<p>La comunidad de Coajachi se encuentra en el cant\u00f3n de Puerto Parajachi, en el municipio de Puerto Acosta, provincia Camacho, en el departamento de La Paz. Ubicada en las cercan\u00edas del lago Titicaca, Coajachi destaca por su entorno natural monta\u00f1oso. El resto de la regi\u00f3n presenta serran\u00edas y colinas que se extienden entre \u00e1reas de planicies de suaves pendientes. El clima de Coajachi es mesot\u00e9rmico, caracterizado por inviernos fr\u00edos y secos, con notables variaciones de temperatura entre el d\u00eda y la noche. Durante los meses de mayo a julio, las heladas son frecuentes, mientras que las lluvias, concentradas entre noviembre y marzo, favorecen los cuerpos de agua locales y la vegetaci\u00f3n de la zona. La flora en Coajachi incluye especies nativas como la que\u00f1ua y el kol, as\u00ed como especies introducidas, como el eucalipto y el pino, que complementan su paisaje natural.<br \/>\nSe ha podido identificar en la comunidad recursos tur\u00edsticos, entre ellos destaca la Playa Arenal, una extensa playa de arena clara y aguas cristalinas que se adentra unos 30 metros hacia el lago, un sitio propicio para actividades recreativas, adem\u00e1s de ser un lugar id\u00f3neo para apreciar los amaneceres y atardeceres. La playa cuenta con facilidades como estacionamiento, \u00e1reas de esparcimiento y canchas de f\u00fatbol y v\u00f3leibol, as\u00ed como sombrillas que brindan comodidad a los visitantes. Otros puntos de inter\u00e9s incluyen miradores como Bel\u00e9n Pata y Titin Pata, desde los cuales se puede admirar las monta\u00f1as de la regi\u00f3n, las pen\u00ednsulas e islas del lago Titicaca, proporcionando un panorama de gran valor esc\u00e9nico. En particular, la vista hacia las islas conocidas como \u201cCampanario\u201d es uno de los atractivos m\u00e1s apreciados, con potencial para actividades de interpretaci\u00f3n del paisaje y recorridos fotogr\u00e1ficos.<br \/>\nCoajachi presenta diversas fortalezas y oportunidades en el \u00e1mbito tur\u00edstico. Su riqueza natural y paisaj\u00edstica, en combinaci\u00f3n con sitios como la Playa Arenal y los miradores, ofrece vistas \u00fanicas del lago y sus islas, posicionando a Coajachi como un lugar atractivo para el turismo de ocio, la observaci\u00f3n y la fotograf\u00eda de paisajes naturales. Adem\u00e1s, la biodiversidad local y la preservaci\u00f3n del entorno natural brindan oportunidades para un turismo de bajo impacto ambiental, enfocado en la sostenibilidad, que atrae a quienes buscan experiencias en contacto con la naturaleza. La creciente demanda por destinos naturales y culturales en el altiplano boliviano es otra oportunidad relevante, pues tanto el turismo comunitario como el de naturaleza son tendencias en aumento a nivel nacional e internacional. La posibilidad de promover eventos culturales y actividades de m\u00fasica aut\u00f3ctona aporta un atractivo especial, fomentando un turismo de experiencias que pone en valor las tradiciones y costumbres locales.<br \/>\nSin embargo, Coajachi enfrenta ciertos desaf\u00edos que podr\u00edan limitar su desarrollo tur\u00edstico. La falta de infraestructura b\u00e1sica y servicios adecuados, como \u00e1reas de descanso, ba\u00f1os y se\u00f1alizaci\u00f3n, representa una barrera para atraer a turistas que buscan comodidad y servicios m\u00ednimos. La accesibilidad a la comunidad tambi\u00e9n plantea dificultades, especialmente si las rutas de acceso no reciben mantenimiento regular, lo que podr\u00eda dificultar la llegada de visitantes, en particular durante la temporada de lluvias o el invierno. Asimismo, la comunidad carece de capacitaci\u00f3n en temas de atenci\u00f3n al visitante y gesti\u00f3n tur\u00edstica, lo que podr\u00eda dificultar la implementaci\u00f3n de un modelo tur\u00edstico de calidad y sostenibilidad en el largo plazo.<br \/>\nEntre las amenazas que enfrenta el desarrollo tur\u00edstico en Coajachi se encuentran la presi\u00f3n ambiental y los posibles impactos negativos de un crecimiento tur\u00edstico descontrolado en sus recursos naturales, especialmente en las playas y el ecosistema de flora y fauna local. Los cambios clim\u00e1ticos y la variabilidad en los niveles del lago Titicaca son riesgos adicionales, ya que podr\u00edan afectar la calidad del entorno natural y reducir el atractivo de ciertos sitios tur\u00edsticos. Adem\u00e1s, la competencia con destinos tur\u00edsticos ya establecidos en la regi\u00f3n de Titicaca podr\u00eda limitar el crecimiento del turismo en Coajachi si no se logra diferenciar su oferta y destacar su valor \u00fanico.<br \/>\nCoajachi tiene un notable potencial para desarrollar el turismo comunitario, rural y de naturaleza, aprovechando su entorno aut\u00e9ntico y su riqueza cultural. Para consolidarse como destino, es clave mejorar la infraestructura con \u00e1reas de descanso, servicios sanitarios y se\u00f1alizaci\u00f3n en sitios como la Playa Arenal y los miradores, facilitando as\u00ed una experiencia de calidad para los visitantes. Tambi\u00e9n es importante mantener en buen estado las rutas de acceso y considerar opciones de transporte local para mejorar la llegada de turistas. La capacitaci\u00f3n de la comunidad en atenci\u00f3n al cliente, guianza y manejo sostenible de recursos permitir\u00e1 gestionar de manera efectiva el flujo tur\u00edstico. Adem\u00e1s, promover actividades culturales y naturales, como festivales y caminatas guiadas, fortalecer\u00e1 la econom\u00eda local y contribuir\u00e1 a la preservaci\u00f3n de su patrimonio.<\/p>\n<p>El autor es Docente de Pregrado UPEA, Profesional de Turismo y Relaciones Internacionales.<br \/>\nhttps:\/\/www.linkedin.com\/in\/abraham-coaquira-huancollo\/<\/p>\n","protected":false},"excerpt":{"rendered":"<p>La comunidad de Coajachi se encuentra en el cant\u00f3n de Puerto Parajachi, en el municipio de Puerto Acosta, provincia Camacho, en el departamento de La Paz. Ubicada en las cercan\u00edas del lago Titicaca, Coajachi destaca por su entorno natural monta\u00f1oso. El resto de la regi\u00f3n presenta serran\u00edas y colinas que se extienden entre \u00e1reas de [&hellip;]<\/p>\n","protected":false},"author":1,"featured_media":194790,"comment_status":"closed","ping_status":"open","sticky":false,"template":"","format":"standard","meta":{"_acf_changed":false,"footnotes":""},"categories":[9],"tags":[],"class_list":["post-260648","post","type-post","status-publish","format-standard","has-post-thumbnail","category-opinion"],"acf":{"antetitulo":""},"yoast_head":"<!-- This site is optimized with the Yoast SEO plugin v28.4 - https:\/\/yoast.com\/product\/yoast-seo-wordpress\/ -->\n<title>Coajachi y su playa arenal: un escondite natural en el Titicaca - El Diario - Bolivia<\/title>\n<meta name=\"robots\" content=\"index, follow, max-snippet:-1, max-image-preview:large, max-video-preview:-1\" \/>\n<link rel=\"canonical\" href=\"https:\/\/www.eldiario.net\/portal\/2024\/11\/13\/coajachi-y-su-playa-arenal-un-escondite-natural-en-el-titicaca\/\" \/>\n<meta property=\"og:locale\" content=\"es_ES\" \/>\n<meta property=\"og:type\" content=\"article\" \/>\n<meta property=\"og:title\" content=\"Coajachi y su playa arenal: un escondite natural en el Titicaca - El Diario - Bolivia\" \/>\n<meta property=\"og:description\" content=\"La comunidad de Coajachi se encuentra en el cant\u00f3n de Puerto Parajachi, en el municipio de Puerto Acosta, provincia Camacho, en el departamento de La Paz. Ubicada en las cercan\u00edas del lago Titicaca, Coajachi destaca por su entorno natural monta\u00f1oso. El resto de la regi\u00f3n presenta serran\u00edas y colinas que se extienden entre \u00e1reas de [&hellip;]\" \/>\n<meta property=\"og:url\" content=\"https:\/\/www.eldiario.net\/portal\/2024\/11\/13\/coajachi-y-su-playa-arenal-un-escondite-natural-en-el-titicaca\/\" \/>\n<meta property=\"og:site_name\" content=\"El Diario - Bolivia\" \/>\n<meta property=\"article:publisher\" content=\"https:\/\/www.facebook.com\/eldiario.bolivia\/\" \/>\n<meta property=\"article:published_time\" content=\"2024-11-13T09:40:15+00:00\" \/>\n<meta property=\"og:image\" content=\"https:\/\/www.eldiario.net\/portal\/wp-content\/uploads\/2023\/12\/Opinion.jpg\" \/>\n\t<meta property=\"og:image:width\" content=\"800\" \/>\n\t<meta property=\"og:image:height\" content=\"500\" \/>\n\t<meta property=\"og:image:type\" content=\"image\/jpeg\" \/>\n<meta name=\"author\" content=\"Jeanette\" \/>\n<meta name=\"twitter:card\" content=\"summary_large_image\" \/>\n<meta name=\"twitter:creator\" content=\"@eldiario_net\" \/>\n<meta name=\"twitter:site\" content=\"@eldiario_net\" \/>\n<meta name=\"twitter:label1\" content=\"Escrito por\" \/>\n\t<meta name=\"twitter:data1\" content=\"Jeanette\" \/>\n\t<meta name=\"twitter:label2\" content=\"Tiempo de lectura\" \/>\n\t<meta name=\"twitter:data2\" content=\"4 minutos\" \/>\n<script type=\"application\/ld+json\" class=\"yoast-schema-graph\">{\"@context\":\"https:\\\/\\\/schema.org\",\"@graph\":[{\"@type\":\"Article\",\"@id\":\"https:\\\/\\\/www.eldiario.net\\\/portal\\\/2024\\\/11\\\/13\\\/coajachi-y-su-playa-arenal-un-escondite-natural-en-el-titicaca\\\/#article\",\"isPartOf\":{\"@id\":\"https:\\\/\\\/www.eldiario.net\\\/portal\\\/2024\\\/11\\\/13\\\/coajachi-y-su-playa-arenal-un-escondite-natural-en-el-titicaca\\\/\"},\"author\":{\"name\":\"Jeanette\",\"@id\":\"https:\\\/\\\/www.eldiario.net\\\/portal\\\/#\\\/schema\\\/person\\\/2c57cf2b7a7ae032e449e4c9b1019eac\"},\"headline\":\"Coajachi y su playa arenal: un escondite natural en el Titicaca\",\"datePublished\":\"2024-11-13T09:40:15+00:00\",\"mainEntityOfPage\":{\"@id\":\"https:\\\/\\\/www.eldiario.net\\\/portal\\\/2024\\\/11\\\/13\\\/coajachi-y-su-playa-arenal-un-escondite-natural-en-el-titicaca\\\/\"},\"wordCount\":874,\"publisher\":{\"@id\":\"https:\\\/\\\/www.eldiario.net\\\/portal\\\/#organization\"},\"image\":{\"@id\":\"https:\\\/\\\/www.eldiario.net\\\/portal\\\/2024\\\/11\\\/13\\\/coajachi-y-su-playa-arenal-un-escondite-natural-en-el-titicaca\\\/#primaryimage\"},\"thumbnailUrl\":\"https:\\\/\\\/www.eldiario.net\\\/portal\\\/wp-content\\\/uploads\\\/2023\\\/12\\\/Opinion.jpg\",\"articleSection\":[\"Opini\u00f3n\"],\"inLanguage\":\"es\"},{\"@type\":\"WebPage\",\"@id\":\"https:\\\/\\\/www.eldiario.net\\\/portal\\\/2024\\\/11\\\/13\\\/coajachi-y-su-playa-arenal-un-escondite-natural-en-el-titicaca\\\/\",\"url\":\"https:\\\/\\\/www.eldiario.net\\\/portal\\\/2024\\\/11\\\/13\\\/coajachi-y-su-playa-arenal-un-escondite-natural-en-el-titicaca\\\/\",\"name\":\"Coajachi y su playa arenal: un escondite natural en el Titicaca - El Diario - Bolivia\",\"isPartOf\":{\"@id\":\"https:\\\/\\\/www.eldiario.net\\\/portal\\\/#website\"},\"primaryImageOfPage\":{\"@id\":\"https:\\\/\\\/www.eldiario.net\\\/portal\\\/2024\\\/11\\\/13\\\/coajachi-y-su-playa-arenal-un-escondite-natural-en-el-titicaca\\\/#primaryimage\"},\"image\":{\"@id\":\"https:\\\/\\\/www.eldiario.net\\\/portal\\\/2024\\\/11\\\/13\\\/coajachi-y-su-playa-arenal-un-escondite-natural-en-el-titicaca\\\/#primaryimage\"},\"thumbnailUrl\":\"https:\\\/\\\/www.eldiario.net\\\/portal\\\/wp-content\\\/uploads\\\/2023\\\/12\\\/Opinion.jpg\",\"datePublished\":\"2024-11-13T09:40:15+00:00\",\"breadcrumb\":{\"@id\":\"https:\\\/\\\/www.eldiario.net\\\/portal\\\/2024\\\/11\\\/13\\\/coajachi-y-su-playa-arenal-un-escondite-natural-en-el-titicaca\\\/#breadcrumb\"},\"inLanguage\":\"es\",\"potentialAction\":[{\"@type\":\"ReadAction\",\"target\":[\"https:\\\/\\\/www.eldiario.net\\\/portal\\\/2024\\\/11\\\/13\\\/coajachi-y-su-playa-arenal-un-escondite-natural-en-el-titicaca\\\/\"]}]},{\"@type\":\"ImageObject\",\"inLanguage\":\"es\",\"@id\":\"https:\\\/\\\/www.eldiario.net\\\/portal\\\/2024\\\/11\\\/13\\\/coajachi-y-su-playa-arenal-un-escondite-natural-en-el-titicaca\\\/#primaryimage\",\"url\":\"https:\\\/\\\/www.eldiario.net\\\/portal\\\/wp-content\\\/uploads\\\/2023\\\/12\\\/Opinion.jpg\",\"contentUrl\":\"https:\\\/\\\/www.eldiario.net\\\/portal\\\/wp-content\\\/uploads\\\/2023\\\/12\\\/Opinion.jpg\",\"width\":800,\"height\":500},{\"@type\":\"BreadcrumbList\",\"@id\":\"https:\\\/\\\/www.eldiario.net\\\/portal\\\/2024\\\/11\\\/13\\\/coajachi-y-su-playa-arenal-un-escondite-natural-en-el-titicaca\\\/#breadcrumb\",\"itemListElement\":[{\"@type\":\"ListItem\",\"position\":1,\"name\":\"Portada\",\"item\":\"https:\\\/\\\/www.eldiario.net\\\/portal\\\/\"},{\"@type\":\"ListItem\",\"position\":2,\"name\":\"Coajachi y su playa arenal: un escondite natural en el Titicaca\"}]},{\"@type\":\"WebSite\",\"@id\":\"https:\\\/\\\/www.eldiario.net\\\/portal\\\/#website\",\"url\":\"https:\\\/\\\/www.eldiario.net\\\/portal\\\/\",\"name\":\"El Diario - Decano de la prensa nacional\",\"description\":\"El Diario - Decano de la prensa nacional\",\"publisher\":{\"@id\":\"https:\\\/\\\/www.eldiario.net\\\/portal\\\/#organization\"},\"potentialAction\":[{\"@type\":\"SearchAction\",\"target\":{\"@type\":\"EntryPoint\",\"urlTemplate\":\"https:\\\/\\\/www.eldiario.net\\\/portal\\\/?s={search_term_string}\"},\"query-input\":{\"@type\":\"PropertyValueSpecification\",\"valueRequired\":true,\"valueName\":\"search_term_string\"}}],\"inLanguage\":\"es\"},{\"@type\":\"Organization\",\"@id\":\"https:\\\/\\\/www.eldiario.net\\\/portal\\\/#organization\",\"name\":\"El Diario - Decano de la prensa nacional\",\"url\":\"https:\\\/\\\/www.eldiario.net\\\/portal\\\/\",\"logo\":{\"@type\":\"ImageObject\",\"inLanguage\":\"es\",\"@id\":\"https:\\\/\\\/www.eldiario.net\\\/portal\\\/#\\\/schema\\\/logo\\\/image\\\/\",\"url\":\"https:\\\/\\\/www.eldiario.net\\\/portal\\\/wp-content\\\/uploads\\\/2023\\\/07\\\/logo_ED.jpg\",\"contentUrl\":\"https:\\\/\\\/www.eldiario.net\\\/portal\\\/wp-content\\\/uploads\\\/2023\\\/07\\\/logo_ED.jpg\",\"width\":272,\"height\":52,\"caption\":\"El Diario - Decano de la prensa nacional\"},\"image\":{\"@id\":\"https:\\\/\\\/www.eldiario.net\\\/portal\\\/#\\\/schema\\\/logo\\\/image\\\/\"},\"sameAs\":[\"https:\\\/\\\/www.facebook.com\\\/eldiario.bolivia\\\/\",\"https:\\\/\\\/x.com\\\/eldiario_net\"]},{\"@type\":\"Person\",\"@id\":\"https:\\\/\\\/www.eldiario.net\\\/portal\\\/#\\\/schema\\\/person\\\/2c57cf2b7a7ae032e449e4c9b1019eac\",\"name\":\"Jeanette\",\"image\":{\"@type\":\"ImageObject\",\"inLanguage\":\"es\",\"@id\":\"https:\\\/\\\/secure.gravatar.com\\\/avatar\\\/3ea2118a5f7dad2b7138b1187a6b7ee55f160b9968b66013c3a3ef39dd7e5798?s=96&d=mm&r=g\",\"url\":\"https:\\\/\\\/secure.gravatar.com\\\/avatar\\\/3ea2118a5f7dad2b7138b1187a6b7ee55f160b9968b66013c3a3ef39dd7e5798?s=96&d=mm&r=g\",\"contentUrl\":\"https:\\\/\\\/secure.gravatar.com\\\/avatar\\\/3ea2118a5f7dad2b7138b1187a6b7ee55f160b9968b66013c3a3ef39dd7e5798?s=96&d=mm&r=g\",\"caption\":\"Jeanette\"},\"sameAs\":[\"https:\\\/\\\/www.eldiario.net\\\/portal\"],\"url\":\"https:\\\/\\\/www.eldiario.net\\\/portal\\\/author\\\/jeanette\\\/\"}]}<\/script>\n<!-- \/ Yoast SEO plugin. -->","yoast_head_json":{"title":"Coajachi y su playa arenal: un escondite natural en el Titicaca - El Diario - Bolivia","robots":{"index":"index","follow":"follow","max-snippet":"max-snippet:-1","max-image-preview":"max-image-preview:large","max-video-preview":"max-video-preview:-1"},"canonical":"https:\/\/www.eldiario.net\/portal\/2024\/11\/13\/coajachi-y-su-playa-arenal-un-escondite-natural-en-el-titicaca\/","og_locale":"es_ES","og_type":"article","og_title":"Coajachi y su playa arenal: un escondite natural en el Titicaca - El Diario - Bolivia","og_description":"La comunidad de Coajachi se encuentra en el cant\u00f3n de Puerto Parajachi, en el municipio de Puerto Acosta, provincia Camacho, en el departamento de La Paz. Ubicada en las cercan\u00edas del lago Titicaca, Coajachi destaca por su entorno natural monta\u00f1oso. El resto de la regi\u00f3n presenta serran\u00edas y colinas que se extienden entre \u00e1reas de [&hellip;]","og_url":"https:\/\/www.eldiario.net\/portal\/2024\/11\/13\/coajachi-y-su-playa-arenal-un-escondite-natural-en-el-titicaca\/","og_site_name":"El Diario - Bolivia","article_publisher":"https:\/\/www.facebook.com\/eldiario.bolivia\/","article_published_time":"2024-11-13T09:40:15+00:00","og_image":[{"width":800,"height":500,"url":"https:\/\/www.eldiario.net\/portal\/wp-content\/uploads\/2023\/12\/Opinion.jpg","type":"image\/jpeg"}],"author":"Jeanette","twitter_card":"summary_large_image","twitter_creator":"@eldiario_net","twitter_site":"@eldiario_net","twitter_misc":{"Escrito por":"Jeanette","Tiempo de lectura":"4 minutos"},"schema":{"@context":"https:\/\/schema.org","@graph":[{"@type":"Article","@id":"https:\/\/www.eldiario.net\/portal\/2024\/11\/13\/coajachi-y-su-playa-arenal-un-escondite-natural-en-el-titicaca\/#article","isPartOf":{"@id":"https:\/\/www.eldiario.net\/portal\/2024\/11\/13\/coajachi-y-su-playa-arenal-un-escondite-natural-en-el-titicaca\/"},"author":{"name":"Jeanette","@id":"https:\/\/www.eldiario.net\/portal\/#\/schema\/person\/2c57cf2b7a7ae032e449e4c9b1019eac"},"headline":"Coajachi y su playa arenal: un escondite natural en el Titicaca","datePublished":"2024-11-13T09:40:15+00:00","mainEntityOfPage":{"@id":"https:\/\/www.eldiario.net\/portal\/2024\/11\/13\/coajachi-y-su-playa-arenal-un-escondite-natural-en-el-titicaca\/"},"wordCount":874,"publisher":{"@id":"https:\/\/www.eldiario.net\/portal\/#organization"},"image":{"@id":"https:\/\/www.eldiario.net\/portal\/2024\/11\/13\/coajachi-y-su-playa-arenal-un-escondite-natural-en-el-titicaca\/#primaryimage"},"thumbnailUrl":"https:\/\/www.eldiario.net\/portal\/wp-content\/uploads\/2023\/12\/Opinion.jpg","articleSection":["Opini\u00f3n"],"inLanguage":"es"},{"@type":"WebPage","@id":"https:\/\/www.eldiario.net\/portal\/2024\/11\/13\/coajachi-y-su-playa-arenal-un-escondite-natural-en-el-titicaca\/","url":"https:\/\/www.eldiario.net\/portal\/2024\/11\/13\/coajachi-y-su-playa-arenal-un-escondite-natural-en-el-titicaca\/","name":"Coajachi y su playa arenal: un escondite natural en el Titicaca - El Diario - Bolivia","isPartOf":{"@id":"https:\/\/www.eldiario.net\/portal\/#website"},"primaryImageOfPage":{"@id":"https:\/\/www.eldiario.net\/portal\/2024\/11\/13\/coajachi-y-su-playa-arenal-un-escondite-natural-en-el-titicaca\/#primaryimage"},"image":{"@id":"https:\/\/www.eldiario.net\/portal\/2024\/11\/13\/coajachi-y-su-playa-arenal-un-escondite-natural-en-el-titicaca\/#primaryimage"},"thumbnailUrl":"https:\/\/www.eldiario.net\/portal\/wp-content\/uploads\/2023\/12\/Opinion.jpg","datePublished":"2024-11-13T09:40:15+00:00","breadcrumb":{"@id":"https:\/\/www.eldiario.net\/portal\/2024\/11\/13\/coajachi-y-su-playa-arenal-un-escondite-natural-en-el-titicaca\/#breadcrumb"},"inLanguage":"es","potentialAction":[{"@type":"ReadAction","target":["https:\/\/www.eldiario.net\/portal\/2024\/11\/13\/coajachi-y-su-playa-arenal-un-escondite-natural-en-el-titicaca\/"]}]},{"@type":"ImageObject","inLanguage":"es","@id":"https:\/\/www.eldiario.net\/portal\/2024\/11\/13\/coajachi-y-su-playa-arenal-un-escondite-natural-en-el-titicaca\/#primaryimage","url":"https:\/\/www.eldiario.net\/portal\/wp-content\/uploads\/2023\/12\/Opinion.jpg","contentUrl":"https:\/\/www.eldiario.net\/portal\/wp-content\/uploads\/2023\/12\/Opinion.jpg","width":800,"height":500},{"@type":"BreadcrumbList","@id":"https:\/\/www.eldiario.net\/portal\/2024\/11\/13\/coajachi-y-su-playa-arenal-un-escondite-natural-en-el-titicaca\/#breadcrumb","itemListElement":[{"@type":"ListItem","position":1,"name":"Portada","item":"https:\/\/www.eldiario.net\/portal\/"},{"@type":"ListItem","position":2,"name":"Coajachi y su playa arenal: un escondite natural en el Titicaca"}]},{"@type":"WebSite","@id":"https:\/\/www.eldiario.net\/portal\/#website","url":"https:\/\/www.eldiario.net\/portal\/","name":"El Diario - Decano de la prensa nacional","description":"El Diario - Decano de la prensa nacional","publisher":{"@id":"https:\/\/www.eldiario.net\/portal\/#organization"},"potentialAction":[{"@type":"SearchAction","target":{"@type":"EntryPoint","urlTemplate":"https:\/\/www.eldiario.net\/portal\/?s={search_term_string}"},"query-input":{"@type":"PropertyValueSpecification","valueRequired":true,"valueName":"search_term_string"}}],"inLanguage":"es"},{"@type":"Organization","@id":"https:\/\/www.eldiario.net\/portal\/#organization","name":"El Diario - Decano de la prensa nacional","url":"https:\/\/www.eldiario.net\/portal\/","logo":{"@type":"ImageObject","inLanguage":"es","@id":"https:\/\/www.eldiario.net\/portal\/#\/schema\/logo\/image\/","url":"https:\/\/www.eldiario.net\/portal\/wp-content\/uploads\/2023\/07\/logo_ED.jpg","contentUrl":"https:\/\/www.eldiario.net\/portal\/wp-content\/uploads\/2023\/07\/logo_ED.jpg","width":272,"height":52,"caption":"El Diario - Decano de la prensa nacional"},"image":{"@id":"https:\/\/www.eldiario.net\/portal\/#\/schema\/logo\/image\/"},"sameAs":["https:\/\/www.facebook.com\/eldiario.bolivia\/","https:\/\/x.com\/eldiario_net"]},{"@type":"Person","@id":"https:\/\/www.eldiario.net\/portal\/#\/schema\/person\/2c57cf2b7a7ae032e449e4c9b1019eac","name":"Jeanette","image":{"@type":"ImageObject","inLanguage":"es","@id":"https:\/\/secure.gravatar.com\/avatar\/3ea2118a5f7dad2b7138b1187a6b7ee55f160b9968b66013c3a3ef39dd7e5798?s=96&d=mm&r=g","url":"https:\/\/secure.gravatar.com\/avatar\/3ea2118a5f7dad2b7138b1187a6b7ee55f160b9968b66013c3a3ef39dd7e5798?s=96&d=mm&r=g","contentUrl":"https:\/\/secure.gravatar.com\/avatar\/3ea2118a5f7dad2b7138b1187a6b7ee55f160b9968b66013c3a3ef39dd7e5798?s=96&d=mm&r=g","caption":"Jeanette"},"sameAs":["https:\/\/www.eldiario.net\/portal"],"url":"https:\/\/www.eldiario.net\/portal\/author\/jeanette\/"}]}},"_links":{"self":[{"href":"https:\/\/www.eldiario.net\/portal\/wp-json\/wp\/v2\/posts\/260648","targetHints":{"allow":["GET"]}}],"collection":[{"href":"https:\/\/www.eldiario.net\/portal\/wp-json\/wp\/v2\/posts"}],"about":[{"href":"https:\/\/www.eldiario.net\/portal\/wp-json\/wp\/v2\/types\/post"}],"author":[{"embeddable":true,"href":"https:\/\/www.eldiario.net\/portal\/wp-json\/wp\/v2\/users\/1"}],"replies":[{"embeddable":true,"href":"https:\/\/www.eldiario.net\/portal\/wp-json\/wp\/v2\/comments?post=260648"}],"version-history":[{"count":1,"href":"https:\/\/www.eldiario.net\/portal\/wp-json\/wp\/v2\/posts\/260648\/revisions"}],"predecessor-version":[{"id":260649,"href":"https:\/\/www.eldiario.net\/portal\/wp-json\/wp\/v2\/posts\/260648\/revisions\/260649"}],"wp:featuredmedia":[{"embeddable":true,"href":"https:\/\/www.eldiario.net\/portal\/wp-json\/wp\/v2\/media\/194790"}],"wp:attachment":[{"href":"https:\/\/www.eldiario.net\/portal\/wp-json\/wp\/v2\/media?parent=260648"}],"wp:term":[{"taxonomy":"category","embeddable":true,"href":"https:\/\/www.eldiario.net\/portal\/wp-json\/wp\/v2\/categories?post=260648"},{"taxonomy":"post_tag","embeddable":true,"href":"https:\/\/www.eldiario.net\/portal\/wp-json\/wp\/v2\/tags?post=260648"}],"curies":[{"name":"wp","href":"https:\/\/api.w.org\/{rel}","templated":true}]}}