{"id":260646,"date":"2024-11-13T05:39:42","date_gmt":"2024-11-13T09:39:42","guid":{"rendered":"https:\/\/www.eldiario.net\/portal\/?p=260646"},"modified":"2024-11-13T05:39:42","modified_gmt":"2024-11-13T09:39:42","slug":"el-dolor-social-sufrimiento-en-silencio","status":"publish","type":"post","link":"https:\/\/www.eldiario.net\/portal\/2024\/11\/13\/el-dolor-social-sufrimiento-en-silencio\/","title":{"rendered":"El dolor social,  sufrimiento en silencio"},"content":{"rendered":"<p>Han sido veintitr\u00e9s d\u00edas de pesadumbre. Bloquearon las carreteras; el expresidente Evo, soberbio como siempre, volvi\u00f3 a las andanzas y aument\u00f3 d\u00eda a d\u00eda los puntos bloqueados: el pa\u00eds se paraliz\u00f3. Centenares de veh\u00edculos detenidos en los caminos, parec\u00edan convoyes acoplados por el mismo infortunio. Como en el caso de los incendios, se mapearon de inmediato los caminos. Se sab\u00eda d\u00f3nde estaban los bloqueos, pero nada se hizo para impedirlos. Las frutas maduraron hasta volverse incomibles, los tomates se pudrieron, el ganado enflaqueci\u00f3. Los alimentos descompuestos fueron votados a los caminos.<br \/>\nEntretanto, los bloqueadores, masticando coca y bebiendo, arrogantes como siempre; sus portavoces pusieron condiciones para el di\u00e1logo, y d\u00edas despu\u00e9s, m\u00e1s empecinados, afirmaron que no habr\u00e1 negociaci\u00f3n.<br \/>\nEscasearon los comestibles, subieron m\u00e1s los precios, y el agio de apoder\u00f3 de los mercados. El pueblo sinti\u00f3 en carne propia lo que es el desaire del \u00abno hay\u00bb, la pedrada del \u00abse acab\u00f3\u00bb. D\u00edas de hambre en los caminos. Choferes y pasajeros pasando de la esperanza a la nostalgia. Desmoralizados. Una nueva noche sobre la v\u00eda sombr\u00eda, sin comida y con sed. En las ciudades los surtidores vac\u00edos, no hab\u00eda di\u00e9sel ni gasolina, filas a media noche y de madrugada; el humo como densa niebla, irrespirable, contaminaba. \u00a1Angustiante! Lleg\u00f3 el momento: la sociedad sinti\u00f3 dolor. Tristeza al mirar largas filas de camiones encarpados. Desde el gobierno, la presumida declaraci\u00f3n: a pesar del bloqueo cumplimos; y la frase incoherente, no se puede cumplir por los bloqueos.<br \/>\nEl ciudadano no alcanza a comprender por qu\u00e9 sucede todo esto, si solamente se trata de una pugna pol\u00edtica entre dos bandos: Evo y Lucho, que por sobre todo persiguen el dinero del Estado y abusar del poder. \u00bfY d\u00f3nde queda el pueblo del que hablan tanto? A ninguno de ellos le importa.<br \/>\nY a prop\u00f3sito, \u00bfqu\u00e9 le dijo Evo a Lucho, reunidos en la lujosa residencia ubicada en el centro de Buenos Aires, cuando lo escogi\u00f3 como candidato a Presidente por el MAS-IPSP? \u00bfQu\u00e9 pasar\u00eda si Lucho ganaba? \u00bfQui\u00e9n ser\u00eda el sucesor, acaso Lucho ir\u00eda a la reelecci\u00f3n? Yo ser\u00e9 el candidato, habr\u00eda dicho Morales (\u00abhemos llegado para quedarnos\u00bb). La intenci\u00f3n no es tan visionaria cuando se tiene dos y medio millones de votos cautivos.<br \/>\nEl esc\u00e1ndalo entre masistas se instal\u00f3 en el parlamento. Por otra parte, se dec\u00eda que tanto ruido era para distraer a la opini\u00f3n p\u00fablica de los problemas que comenzaban a crecer; que en cualquier momento, Arce y Morales se dar\u00edan la mano.<br \/>\nCon Lauca \u00d1 empez\u00f3 otro cap\u00edtulo de esta historia vergonzosa. Un veedor del TSE estuvo presente en el congreso del MAS; en la hora de los informes se presentaron argumentos nuevos, el congreso de Lauca \u00d1 se invalid\u00f3. (Es desde entonces que el expresidente Morales, d\u00e9spota y abusivo desde siempre, utiliza como pretexto para someter con sus caprichos a este pa\u00eds ya de por si maltratado). Pasaron los meses y aumentaron las diferencias entre facciones de masistas. Silletazos de por medio y amago de pu\u00f1etes entre parlamentarios, los \u00abevistas radicales\u00bb pasaron a la oposici\u00f3n.<br \/>\nLo cierto es que esta pelea seguir\u00e1 por sobre el sufrimiento social; aunque para el MAS, en sus dos versiones, todo cuanto hacen y deshacen \u00a1es para beneficio del pueblo! La impresi\u00f3n general es que los pol\u00edticos en su lista de prioridades, han dado de baja el bienestar de los bolivianos; no les interesa. Est\u00e1n m\u00e1s preocupados en destruir al contrincante pol\u00edtico; pasan su tiempo confabulando y tramando maldades. Los que ahora gobiernan tienen sus consignas: no descuidar los reclamos, convocar a los empresarios y otros, organizar mesas de trabajo; prometer con voz firme, eso le gusta al pueblo, lo aplaca. Y tienen raz\u00f3n.<\/p>\n<p>El autor es periodista.<\/p>\n","protected":false},"excerpt":{"rendered":"<p>Han sido veintitr\u00e9s d\u00edas de pesadumbre. Bloquearon las carreteras; el expresidente Evo, soberbio como siempre, volvi\u00f3 a las andanzas y aument\u00f3 d\u00eda a d\u00eda los puntos bloqueados: el pa\u00eds se paraliz\u00f3. Centenares de veh\u00edculos detenidos en los caminos, parec\u00edan convoyes acoplados por el mismo infortunio. Como en el caso de los incendios, se mapearon de [&hellip;]<\/p>\n","protected":false},"author":1,"featured_media":166360,"comment_status":"closed","ping_status":"open","sticky":false,"template":"","format":"standard","meta":{"_acf_changed":false,"footnotes":""},"categories":[9],"tags":[],"class_list":["post-260646","post","type-post","status-publish","format-standard","has-post-thumbnail","category-opinion"],"acf":{"antetitulo":""},"yoast_head":"<!-- This site is optimized with the Yoast SEO plugin v28.4 - https:\/\/yoast.com\/product\/yoast-seo-wordpress\/ -->\n<title>El dolor social, sufrimiento en silencio - El Diario - Bolivia<\/title>\n<meta name=\"robots\" content=\"index, follow, max-snippet:-1, max-image-preview:large, max-video-preview:-1\" \/>\n<link rel=\"canonical\" href=\"https:\/\/www.eldiario.net\/portal\/2024\/11\/13\/el-dolor-social-sufrimiento-en-silencio\/\" \/>\n<meta property=\"og:locale\" content=\"es_ES\" \/>\n<meta property=\"og:type\" content=\"article\" \/>\n<meta property=\"og:title\" content=\"El dolor social, sufrimiento en silencio - El Diario - Bolivia\" \/>\n<meta property=\"og:description\" content=\"Han sido veintitr\u00e9s d\u00edas de pesadumbre. Bloquearon las carreteras; el expresidente Evo, soberbio como siempre, volvi\u00f3 a las andanzas y aument\u00f3 d\u00eda a d\u00eda los puntos bloqueados: el pa\u00eds se paraliz\u00f3. Centenares de veh\u00edculos detenidos en los caminos, parec\u00edan convoyes acoplados por el mismo infortunio. Como en el caso de los incendios, se mapearon de [&hellip;]\" \/>\n<meta property=\"og:url\" content=\"https:\/\/www.eldiario.net\/portal\/2024\/11\/13\/el-dolor-social-sufrimiento-en-silencio\/\" \/>\n<meta property=\"og:site_name\" content=\"El Diario - Bolivia\" \/>\n<meta property=\"article:publisher\" content=\"https:\/\/www.facebook.com\/eldiario.bolivia\/\" \/>\n<meta property=\"article:published_time\" content=\"2024-11-13T09:39:42+00:00\" \/>\n<meta property=\"og:image\" content=\"https:\/\/www.eldiario.net\/portal\/wp-content\/uploads\/2023\/07\/Mario-Malpartida.jpg\" \/>\n\t<meta property=\"og:image:width\" content=\"1200\" \/>\n\t<meta property=\"og:image:height\" content=\"628\" \/>\n\t<meta property=\"og:image:type\" content=\"image\/jpeg\" \/>\n<meta name=\"author\" content=\"Jeanette\" \/>\n<meta name=\"twitter:card\" content=\"summary_large_image\" \/>\n<meta name=\"twitter:creator\" content=\"@eldiario_net\" \/>\n<meta name=\"twitter:site\" content=\"@eldiario_net\" \/>\n<meta name=\"twitter:label1\" content=\"Escrito por\" \/>\n\t<meta name=\"twitter:data1\" content=\"Jeanette\" \/>\n\t<meta name=\"twitter:label2\" content=\"Tiempo de lectura\" \/>\n\t<meta name=\"twitter:data2\" content=\"4 minutos\" \/>\n<script type=\"application\/ld+json\" class=\"yoast-schema-graph\">{\"@context\":\"https:\\\/\\\/schema.org\",\"@graph\":[{\"@type\":\"Article\",\"@id\":\"https:\\\/\\\/www.eldiario.net\\\/portal\\\/2024\\\/11\\\/13\\\/el-dolor-social-sufrimiento-en-silencio\\\/#article\",\"isPartOf\":{\"@id\":\"https:\\\/\\\/www.eldiario.net\\\/portal\\\/2024\\\/11\\\/13\\\/el-dolor-social-sufrimiento-en-silencio\\\/\"},\"author\":{\"name\":\"Jeanette\",\"@id\":\"https:\\\/\\\/www.eldiario.net\\\/portal\\\/#\\\/schema\\\/person\\\/2c57cf2b7a7ae032e449e4c9b1019eac\"},\"headline\":\"El dolor social, sufrimiento en silencio\",\"datePublished\":\"2024-11-13T09:39:42+00:00\",\"mainEntityOfPage\":{\"@id\":\"https:\\\/\\\/www.eldiario.net\\\/portal\\\/2024\\\/11\\\/13\\\/el-dolor-social-sufrimiento-en-silencio\\\/\"},\"wordCount\":666,\"publisher\":{\"@id\":\"https:\\\/\\\/www.eldiario.net\\\/portal\\\/#organization\"},\"image\":{\"@id\":\"https:\\\/\\\/www.eldiario.net\\\/portal\\\/2024\\\/11\\\/13\\\/el-dolor-social-sufrimiento-en-silencio\\\/#primaryimage\"},\"thumbnailUrl\":\"https:\\\/\\\/www.eldiario.net\\\/portal\\\/wp-content\\\/uploads\\\/2023\\\/07\\\/Mario-Malpartida.jpg\",\"articleSection\":[\"Opini\u00f3n\"],\"inLanguage\":\"es\"},{\"@type\":\"WebPage\",\"@id\":\"https:\\\/\\\/www.eldiario.net\\\/portal\\\/2024\\\/11\\\/13\\\/el-dolor-social-sufrimiento-en-silencio\\\/\",\"url\":\"https:\\\/\\\/www.eldiario.net\\\/portal\\\/2024\\\/11\\\/13\\\/el-dolor-social-sufrimiento-en-silencio\\\/\",\"name\":\"El dolor social, sufrimiento en silencio - El Diario - Bolivia\",\"isPartOf\":{\"@id\":\"https:\\\/\\\/www.eldiario.net\\\/portal\\\/#website\"},\"primaryImageOfPage\":{\"@id\":\"https:\\\/\\\/www.eldiario.net\\\/portal\\\/2024\\\/11\\\/13\\\/el-dolor-social-sufrimiento-en-silencio\\\/#primaryimage\"},\"image\":{\"@id\":\"https:\\\/\\\/www.eldiario.net\\\/portal\\\/2024\\\/11\\\/13\\\/el-dolor-social-sufrimiento-en-silencio\\\/#primaryimage\"},\"thumbnailUrl\":\"https:\\\/\\\/www.eldiario.net\\\/portal\\\/wp-content\\\/uploads\\\/2023\\\/07\\\/Mario-Malpartida.jpg\",\"datePublished\":\"2024-11-13T09:39:42+00:00\",\"breadcrumb\":{\"@id\":\"https:\\\/\\\/www.eldiario.net\\\/portal\\\/2024\\\/11\\\/13\\\/el-dolor-social-sufrimiento-en-silencio\\\/#breadcrumb\"},\"inLanguage\":\"es\",\"potentialAction\":[{\"@type\":\"ReadAction\",\"target\":[\"https:\\\/\\\/www.eldiario.net\\\/portal\\\/2024\\\/11\\\/13\\\/el-dolor-social-sufrimiento-en-silencio\\\/\"]}]},{\"@type\":\"ImageObject\",\"inLanguage\":\"es\",\"@id\":\"https:\\\/\\\/www.eldiario.net\\\/portal\\\/2024\\\/11\\\/13\\\/el-dolor-social-sufrimiento-en-silencio\\\/#primaryimage\",\"url\":\"https:\\\/\\\/www.eldiario.net\\\/portal\\\/wp-content\\\/uploads\\\/2023\\\/07\\\/Mario-Malpartida.jpg\",\"contentUrl\":\"https:\\\/\\\/www.eldiario.net\\\/portal\\\/wp-content\\\/uploads\\\/2023\\\/07\\\/Mario-Malpartida.jpg\",\"width\":1200,\"height\":628,\"caption\":\"Mario Malpartida\"},{\"@type\":\"BreadcrumbList\",\"@id\":\"https:\\\/\\\/www.eldiario.net\\\/portal\\\/2024\\\/11\\\/13\\\/el-dolor-social-sufrimiento-en-silencio\\\/#breadcrumb\",\"itemListElement\":[{\"@type\":\"ListItem\",\"position\":1,\"name\":\"Portada\",\"item\":\"https:\\\/\\\/www.eldiario.net\\\/portal\\\/\"},{\"@type\":\"ListItem\",\"position\":2,\"name\":\"El dolor social, sufrimiento en silencio\"}]},{\"@type\":\"WebSite\",\"@id\":\"https:\\\/\\\/www.eldiario.net\\\/portal\\\/#website\",\"url\":\"https:\\\/\\\/www.eldiario.net\\\/portal\\\/\",\"name\":\"El Diario - Decano de la prensa nacional\",\"description\":\"El Diario - Decano de la prensa nacional\",\"publisher\":{\"@id\":\"https:\\\/\\\/www.eldiario.net\\\/portal\\\/#organization\"},\"potentialAction\":[{\"@type\":\"SearchAction\",\"target\":{\"@type\":\"EntryPoint\",\"urlTemplate\":\"https:\\\/\\\/www.eldiario.net\\\/portal\\\/?s={search_term_string}\"},\"query-input\":{\"@type\":\"PropertyValueSpecification\",\"valueRequired\":true,\"valueName\":\"search_term_string\"}}],\"inLanguage\":\"es\"},{\"@type\":\"Organization\",\"@id\":\"https:\\\/\\\/www.eldiario.net\\\/portal\\\/#organization\",\"name\":\"El Diario - Decano de la prensa nacional\",\"url\":\"https:\\\/\\\/www.eldiario.net\\\/portal\\\/\",\"logo\":{\"@type\":\"ImageObject\",\"inLanguage\":\"es\",\"@id\":\"https:\\\/\\\/www.eldiario.net\\\/portal\\\/#\\\/schema\\\/logo\\\/image\\\/\",\"url\":\"https:\\\/\\\/www.eldiario.net\\\/portal\\\/wp-content\\\/uploads\\\/2023\\\/07\\\/logo_ED.jpg\",\"contentUrl\":\"https:\\\/\\\/www.eldiario.net\\\/portal\\\/wp-content\\\/uploads\\\/2023\\\/07\\\/logo_ED.jpg\",\"width\":272,\"height\":52,\"caption\":\"El Diario - Decano de la prensa nacional\"},\"image\":{\"@id\":\"https:\\\/\\\/www.eldiario.net\\\/portal\\\/#\\\/schema\\\/logo\\\/image\\\/\"},\"sameAs\":[\"https:\\\/\\\/www.facebook.com\\\/eldiario.bolivia\\\/\",\"https:\\\/\\\/x.com\\\/eldiario_net\"]},{\"@type\":\"Person\",\"@id\":\"https:\\\/\\\/www.eldiario.net\\\/portal\\\/#\\\/schema\\\/person\\\/2c57cf2b7a7ae032e449e4c9b1019eac\",\"name\":\"Jeanette\",\"image\":{\"@type\":\"ImageObject\",\"inLanguage\":\"es\",\"@id\":\"https:\\\/\\\/secure.gravatar.com\\\/avatar\\\/3ea2118a5f7dad2b7138b1187a6b7ee55f160b9968b66013c3a3ef39dd7e5798?s=96&d=mm&r=g\",\"url\":\"https:\\\/\\\/secure.gravatar.com\\\/avatar\\\/3ea2118a5f7dad2b7138b1187a6b7ee55f160b9968b66013c3a3ef39dd7e5798?s=96&d=mm&r=g\",\"contentUrl\":\"https:\\\/\\\/secure.gravatar.com\\\/avatar\\\/3ea2118a5f7dad2b7138b1187a6b7ee55f160b9968b66013c3a3ef39dd7e5798?s=96&d=mm&r=g\",\"caption\":\"Jeanette\"},\"sameAs\":[\"https:\\\/\\\/www.eldiario.net\\\/portal\"],\"url\":\"https:\\\/\\\/www.eldiario.net\\\/portal\\\/author\\\/jeanette\\\/\"}]}<\/script>\n<!-- \/ Yoast SEO plugin. -->","yoast_head_json":{"title":"El dolor social, sufrimiento en silencio - El Diario - Bolivia","robots":{"index":"index","follow":"follow","max-snippet":"max-snippet:-1","max-image-preview":"max-image-preview:large","max-video-preview":"max-video-preview:-1"},"canonical":"https:\/\/www.eldiario.net\/portal\/2024\/11\/13\/el-dolor-social-sufrimiento-en-silencio\/","og_locale":"es_ES","og_type":"article","og_title":"El dolor social, sufrimiento en silencio - El Diario - Bolivia","og_description":"Han sido veintitr\u00e9s d\u00edas de pesadumbre. Bloquearon las carreteras; el expresidente Evo, soberbio como siempre, volvi\u00f3 a las andanzas y aument\u00f3 d\u00eda a d\u00eda los puntos bloqueados: el pa\u00eds se paraliz\u00f3. Centenares de veh\u00edculos detenidos en los caminos, parec\u00edan convoyes acoplados por el mismo infortunio. Como en el caso de los incendios, se mapearon de [&hellip;]","og_url":"https:\/\/www.eldiario.net\/portal\/2024\/11\/13\/el-dolor-social-sufrimiento-en-silencio\/","og_site_name":"El Diario - Bolivia","article_publisher":"https:\/\/www.facebook.com\/eldiario.bolivia\/","article_published_time":"2024-11-13T09:39:42+00:00","og_image":[{"width":1200,"height":628,"url":"https:\/\/www.eldiario.net\/portal\/wp-content\/uploads\/2023\/07\/Mario-Malpartida.jpg","type":"image\/jpeg"}],"author":"Jeanette","twitter_card":"summary_large_image","twitter_creator":"@eldiario_net","twitter_site":"@eldiario_net","twitter_misc":{"Escrito por":"Jeanette","Tiempo de lectura":"4 minutos"},"schema":{"@context":"https:\/\/schema.org","@graph":[{"@type":"Article","@id":"https:\/\/www.eldiario.net\/portal\/2024\/11\/13\/el-dolor-social-sufrimiento-en-silencio\/#article","isPartOf":{"@id":"https:\/\/www.eldiario.net\/portal\/2024\/11\/13\/el-dolor-social-sufrimiento-en-silencio\/"},"author":{"name":"Jeanette","@id":"https:\/\/www.eldiario.net\/portal\/#\/schema\/person\/2c57cf2b7a7ae032e449e4c9b1019eac"},"headline":"El dolor social, sufrimiento en silencio","datePublished":"2024-11-13T09:39:42+00:00","mainEntityOfPage":{"@id":"https:\/\/www.eldiario.net\/portal\/2024\/11\/13\/el-dolor-social-sufrimiento-en-silencio\/"},"wordCount":666,"publisher":{"@id":"https:\/\/www.eldiario.net\/portal\/#organization"},"image":{"@id":"https:\/\/www.eldiario.net\/portal\/2024\/11\/13\/el-dolor-social-sufrimiento-en-silencio\/#primaryimage"},"thumbnailUrl":"https:\/\/www.eldiario.net\/portal\/wp-content\/uploads\/2023\/07\/Mario-Malpartida.jpg","articleSection":["Opini\u00f3n"],"inLanguage":"es"},{"@type":"WebPage","@id":"https:\/\/www.eldiario.net\/portal\/2024\/11\/13\/el-dolor-social-sufrimiento-en-silencio\/","url":"https:\/\/www.eldiario.net\/portal\/2024\/11\/13\/el-dolor-social-sufrimiento-en-silencio\/","name":"El dolor social, sufrimiento en silencio - El Diario - Bolivia","isPartOf":{"@id":"https:\/\/www.eldiario.net\/portal\/#website"},"primaryImageOfPage":{"@id":"https:\/\/www.eldiario.net\/portal\/2024\/11\/13\/el-dolor-social-sufrimiento-en-silencio\/#primaryimage"},"image":{"@id":"https:\/\/www.eldiario.net\/portal\/2024\/11\/13\/el-dolor-social-sufrimiento-en-silencio\/#primaryimage"},"thumbnailUrl":"https:\/\/www.eldiario.net\/portal\/wp-content\/uploads\/2023\/07\/Mario-Malpartida.jpg","datePublished":"2024-11-13T09:39:42+00:00","breadcrumb":{"@id":"https:\/\/www.eldiario.net\/portal\/2024\/11\/13\/el-dolor-social-sufrimiento-en-silencio\/#breadcrumb"},"inLanguage":"es","potentialAction":[{"@type":"ReadAction","target":["https:\/\/www.eldiario.net\/portal\/2024\/11\/13\/el-dolor-social-sufrimiento-en-silencio\/"]}]},{"@type":"ImageObject","inLanguage":"es","@id":"https:\/\/www.eldiario.net\/portal\/2024\/11\/13\/el-dolor-social-sufrimiento-en-silencio\/#primaryimage","url":"https:\/\/www.eldiario.net\/portal\/wp-content\/uploads\/2023\/07\/Mario-Malpartida.jpg","contentUrl":"https:\/\/www.eldiario.net\/portal\/wp-content\/uploads\/2023\/07\/Mario-Malpartida.jpg","width":1200,"height":628,"caption":"Mario Malpartida"},{"@type":"BreadcrumbList","@id":"https:\/\/www.eldiario.net\/portal\/2024\/11\/13\/el-dolor-social-sufrimiento-en-silencio\/#breadcrumb","itemListElement":[{"@type":"ListItem","position":1,"name":"Portada","item":"https:\/\/www.eldiario.net\/portal\/"},{"@type":"ListItem","position":2,"name":"El dolor social, sufrimiento en silencio"}]},{"@type":"WebSite","@id":"https:\/\/www.eldiario.net\/portal\/#website","url":"https:\/\/www.eldiario.net\/portal\/","name":"El Diario - Decano de la prensa nacional","description":"El Diario - Decano de la prensa nacional","publisher":{"@id":"https:\/\/www.eldiario.net\/portal\/#organization"},"potentialAction":[{"@type":"SearchAction","target":{"@type":"EntryPoint","urlTemplate":"https:\/\/www.eldiario.net\/portal\/?s={search_term_string}"},"query-input":{"@type":"PropertyValueSpecification","valueRequired":true,"valueName":"search_term_string"}}],"inLanguage":"es"},{"@type":"Organization","@id":"https:\/\/www.eldiario.net\/portal\/#organization","name":"El Diario - Decano de la prensa nacional","url":"https:\/\/www.eldiario.net\/portal\/","logo":{"@type":"ImageObject","inLanguage":"es","@id":"https:\/\/www.eldiario.net\/portal\/#\/schema\/logo\/image\/","url":"https:\/\/www.eldiario.net\/portal\/wp-content\/uploads\/2023\/07\/logo_ED.jpg","contentUrl":"https:\/\/www.eldiario.net\/portal\/wp-content\/uploads\/2023\/07\/logo_ED.jpg","width":272,"height":52,"caption":"El Diario - Decano de la prensa nacional"},"image":{"@id":"https:\/\/www.eldiario.net\/portal\/#\/schema\/logo\/image\/"},"sameAs":["https:\/\/www.facebook.com\/eldiario.bolivia\/","https:\/\/x.com\/eldiario_net"]},{"@type":"Person","@id":"https:\/\/www.eldiario.net\/portal\/#\/schema\/person\/2c57cf2b7a7ae032e449e4c9b1019eac","name":"Jeanette","image":{"@type":"ImageObject","inLanguage":"es","@id":"https:\/\/secure.gravatar.com\/avatar\/3ea2118a5f7dad2b7138b1187a6b7ee55f160b9968b66013c3a3ef39dd7e5798?s=96&d=mm&r=g","url":"https:\/\/secure.gravatar.com\/avatar\/3ea2118a5f7dad2b7138b1187a6b7ee55f160b9968b66013c3a3ef39dd7e5798?s=96&d=mm&r=g","contentUrl":"https:\/\/secure.gravatar.com\/avatar\/3ea2118a5f7dad2b7138b1187a6b7ee55f160b9968b66013c3a3ef39dd7e5798?s=96&d=mm&r=g","caption":"Jeanette"},"sameAs":["https:\/\/www.eldiario.net\/portal"],"url":"https:\/\/www.eldiario.net\/portal\/author\/jeanette\/"}]}},"_links":{"self":[{"href":"https:\/\/www.eldiario.net\/portal\/wp-json\/wp\/v2\/posts\/260646","targetHints":{"allow":["GET"]}}],"collection":[{"href":"https:\/\/www.eldiario.net\/portal\/wp-json\/wp\/v2\/posts"}],"about":[{"href":"https:\/\/www.eldiario.net\/portal\/wp-json\/wp\/v2\/types\/post"}],"author":[{"embeddable":true,"href":"https:\/\/www.eldiario.net\/portal\/wp-json\/wp\/v2\/users\/1"}],"replies":[{"embeddable":true,"href":"https:\/\/www.eldiario.net\/portal\/wp-json\/wp\/v2\/comments?post=260646"}],"version-history":[{"count":1,"href":"https:\/\/www.eldiario.net\/portal\/wp-json\/wp\/v2\/posts\/260646\/revisions"}],"predecessor-version":[{"id":260647,"href":"https:\/\/www.eldiario.net\/portal\/wp-json\/wp\/v2\/posts\/260646\/revisions\/260647"}],"wp:featuredmedia":[{"embeddable":true,"href":"https:\/\/www.eldiario.net\/portal\/wp-json\/wp\/v2\/media\/166360"}],"wp:attachment":[{"href":"https:\/\/www.eldiario.net\/portal\/wp-json\/wp\/v2\/media?parent=260646"}],"wp:term":[{"taxonomy":"category","embeddable":true,"href":"https:\/\/www.eldiario.net\/portal\/wp-json\/wp\/v2\/categories?post=260646"},{"taxonomy":"post_tag","embeddable":true,"href":"https:\/\/www.eldiario.net\/portal\/wp-json\/wp\/v2\/tags?post=260646"}],"curies":[{"name":"wp","href":"https:\/\/api.w.org\/{rel}","templated":true}]}}