{"id":260641,"date":"2024-11-13T05:38:45","date_gmt":"2024-11-13T09:38:45","guid":{"rendered":"https:\/\/www.eldiario.net\/portal\/?p=260641"},"modified":"2024-11-13T05:38:45","modified_gmt":"2024-11-13T09:38:45","slug":"chile-y-peru-en-alerta-ante-ola-migratoria-por-crisis-economica","status":"publish","type":"post","link":"https:\/\/www.eldiario.net\/portal\/2024\/11\/13\/chile-y-peru-en-alerta-ante-ola-migratoria-por-crisis-economica\/","title":{"rendered":"Chile y Per\u00fa en alerta ante ola migratoria por crisis econ\u00f3mica"},"content":{"rendered":"<p>Per\u00fa ya toma sus previsiones ante una ola migratoria boliviana por la crisis econ\u00f3mica que registra Bolivia, debido a la inacci\u00f3n del Gobierno para encarar los problemas econ\u00f3micos, como la falta de combustible, escasez de divisas y aumento del precio de los productos. Chile tambi\u00e9n ya aument\u00f3 su control en la frontera y los requisitos son estrictos.<br \/>\nAlgunos economistas anunciaron hace tiempo de que si el Gobierno no reconoce la crisis econ\u00f3mica, Bolivia ser\u00eda la segunda Venezuela, de expulsar ciudadanos para que busquen mejores opciones econ\u00f3micas ante la falta de acciones reales de parte de la administraci\u00f3n de gobierno, el Movimiento al Socialismo (MAS).<br \/>\nEn las redes sociales se observa el control riguroso que realizan los carabineros, as\u00ed como funcionarios de Chile en los pasos de frontera, muestra que muchos son rechazados, debido a que no cumplen con las expectativas del vecino pa\u00eds.<br \/>\nSin embargo, Per\u00fa se presenta como la mejor opci\u00f3n para los bolivianos debido a su tasa de crecimiento, mientras que en Chile la cifra es baja y en Argentina las cosas todav\u00eda no est\u00e1n bien, pues le cuesta al presidente Javier Milei implementar sus pol\u00edticas.<\/p>\n<p>Per\u00fa<br \/>\n\u201cLas autoridades peruanas mantienen un ojo cauteloso sobre las condiciones en la vecina Bolivia, donde un potencial colapso econ\u00f3mico podr\u00eda desatar una nueva ola de migraci\u00f3n regional\u201d, se\u00f1ala el periodista de Bloomberg en L\u00ednea, Marcelo Rochabrun.<br \/>\n\u201cAhora, posiblemente, estamos preocupados por la migraci\u00f3n que podr\u00eda venir de Bolivia\u201d, dijo el ministro peruano de Finanzas, Jos\u00e9 Arista, en una entrevista en Lima. \u201cHay mucha incertidumbre sobre la actividad econ\u00f3mica interna. Bolivia est\u00e1 casi sin reservas de divisas, la moneda se est\u00e1 devaluando r\u00e1pidamente, la inflaci\u00f3n aumenta con rapidez y la escasez generalizada de combustible impide la actividad econ\u00f3mica\u201d, indica el medio.<\/p>\n<p>Venezuela y Cuba<br \/>\nEconomistas y opositores, hace un mes, anunciaron que Bolivia va camino a ser otra Venezuela y Cuba, con el control de precios, los racionamientos que implementa la Empresa de Apoyo a la Producci\u00f3n de Alimentos (Emapa), con la venta de algunos productos de primera necesidad, como el arroz, pero por unidad.<br \/>\nDesde hace unas semanas, se observa filas en las tiendas de Emapa, desde tempranas horas para comprar una arroba de arroz, ya que en el mercado nacional el valor del producto est\u00e1 muy elevado.<br \/>\nComo es de conocimiento p\u00fablico, Venezuela de ser una potencia econ\u00f3mica e industrial en el sector hidrocarbur\u00edfero, pas\u00f3 a una crisis econ\u00f3mica que provoc\u00f3 la expulsi\u00f3n de su gente y ahora miles de venezolanos deambulan por las calles de pa\u00edses vecinos.<br \/>\nMientras en Cuba la gente debe ir a las pulper\u00edas para recabar alimento para un mes, mediante raciones de carne, pollo, huevo, arroz, fideo, entre otros. Est\u00e1 sumida en la pobreza.<\/p>\n<p>Bolivia<br \/>\nLos controles de precios y la producci\u00f3n equilibrada con la demanda de productos, hace que falte algunos art\u00edculos de la canasta familiar, debido a la falta de incentivos de parte del Gobierno.<br \/>\nNo hay sobre producci\u00f3n de alimentos, por ello la producci\u00f3n nacional casi est\u00e1 equilibrada con la demanda, pero ahora por el aumento de la divisa en el mercado paralelo, de m\u00e1s de 10 bolivianos por d\u00f3lar, se encarecieron los insumos importados para el sector agr\u00edcola.<br \/>\nA eso se debe sumar que los precios bajos y el control en el mercado interno, provocan distorsiones en el abastecimiento, ya que muchos prefieren llevar hacia afuera por el alto valor que pagan los consumidores de pa\u00edses vecinos.<br \/>\nEn los \u00faltimos a\u00f1os, \u201cSudam\u00e9rica se ha visto transformada por la migraci\u00f3n, sobre todo debido al \u00e9xodo de 7 millones de venezolanos en busca de oportunidades econ\u00f3micas y seguridad\u201d, se\u00f1ala Bloomberg.<br \/>\nUna oleada de bolivianos llegando a Per\u00fa encajar\u00eda en ese tenso tel\u00f3n de fondo. Arista dijo que la migraci\u00f3n en general puede ser buena para la econom\u00eda, solo que hay un l\u00edmite en un momento dado sobre cu\u00e1nta mano de obra puede absorberse inmediatamente, especialmente si los trabajadores son poco cualificados, detalla el medio digital.<\/p>\n<p>Crecimiento<br \/>\nEl Banco Mundial fij\u00f3 un estimado de 1,4% de crecimiento para Bolivia en 2024, mientras el Fondo Monetario Internacional (FMI) subi\u00f3 a 1,6% y la Comisi\u00f3n Econ\u00f3mica para Am\u00e9rica Latina (Cepal) no supera el 2%.<br \/>\nEntretanto, la inflaci\u00f3n fijan por encima de lo estimado por las autoridades nacionales de 3,6%, cuando a octubre alcanz\u00f3 a 7,26%, y economistas se\u00f1alan que faltando dos meses para que termine el a\u00f1o, la probabilidad es alta de que la cifra pase el 10%.<\/p>\n","protected":false},"excerpt":{"rendered":"<p>Per\u00fa ya toma sus previsiones ante una ola migratoria boliviana por la crisis econ\u00f3mica que registra Bolivia, debido a la inacci\u00f3n del Gobierno para encarar los problemas econ\u00f3micos, como la falta de combustible, escasez de divisas y aumento del precio de los productos. Chile tambi\u00e9n ya aument\u00f3 su control en la frontera y los requisitos [&hellip;]<\/p>\n","protected":false},"author":1,"featured_media":260642,"comment_status":"closed","ping_status":"open","sticky":false,"template":"","format":"standard","meta":{"_acf_changed":false,"footnotes":""},"categories":[7],"tags":[],"class_list":["post-260641","post","type-post","status-publish","format-standard","has-post-thumbnail","category-economia"],"acf":{"antetitulo":"De bolivianos "},"yoast_head":"<!-- This site is optimized with the Yoast SEO plugin v28.4 - https:\/\/yoast.com\/product\/yoast-seo-wordpress\/ -->\n<title>Chile y Per\u00fa en alerta ante ola migratoria por crisis econ\u00f3mica - El Diario - Bolivia<\/title>\n<meta name=\"robots\" content=\"index, follow, max-snippet:-1, max-image-preview:large, max-video-preview:-1\" \/>\n<link rel=\"canonical\" href=\"https:\/\/www.eldiario.net\/portal\/2024\/11\/13\/chile-y-peru-en-alerta-ante-ola-migratoria-por-crisis-economica\/\" \/>\n<meta property=\"og:locale\" content=\"es_ES\" \/>\n<meta property=\"og:type\" content=\"article\" \/>\n<meta property=\"og:title\" content=\"Chile y Per\u00fa en alerta ante ola migratoria por crisis econ\u00f3mica - El Diario - Bolivia\" \/>\n<meta property=\"og:description\" content=\"Per\u00fa ya toma sus previsiones ante una ola migratoria boliviana por la crisis econ\u00f3mica que registra Bolivia, debido a la inacci\u00f3n del Gobierno para encarar los problemas econ\u00f3micos, como la falta de combustible, escasez de divisas y aumento del precio de los productos. Chile tambi\u00e9n ya aument\u00f3 su control en la frontera y los requisitos [&hellip;]\" \/>\n<meta property=\"og:url\" content=\"https:\/\/www.eldiario.net\/portal\/2024\/11\/13\/chile-y-peru-en-alerta-ante-ola-migratoria-por-crisis-economica\/\" \/>\n<meta property=\"og:site_name\" content=\"El Diario - Bolivia\" \/>\n<meta property=\"article:publisher\" content=\"https:\/\/www.facebook.com\/eldiario.bolivia\/\" \/>\n<meta property=\"article:published_time\" content=\"2024-11-13T09:38:45+00:00\" \/>\n<meta property=\"og:image\" content=\"https:\/\/www.eldiario.net\/portal\/wp-content\/uploads\/2024\/11\/ola.jpg\" \/>\n\t<meta property=\"og:image:width\" content=\"600\" \/>\n\t<meta property=\"og:image:height\" content=\"410\" \/>\n\t<meta property=\"og:image:type\" content=\"image\/jpeg\" \/>\n<meta name=\"author\" content=\"Jeanette\" \/>\n<meta name=\"twitter:card\" content=\"summary_large_image\" \/>\n<meta name=\"twitter:creator\" content=\"@eldiario_net\" \/>\n<meta name=\"twitter:site\" content=\"@eldiario_net\" \/>\n<meta name=\"twitter:label1\" content=\"Escrito por\" \/>\n\t<meta name=\"twitter:data1\" content=\"Jeanette\" \/>\n\t<meta name=\"twitter:label2\" content=\"Tiempo de lectura\" \/>\n\t<meta name=\"twitter:data2\" content=\"4 minutos\" \/>\n<script type=\"application\/ld+json\" class=\"yoast-schema-graph\">{\"@context\":\"https:\\\/\\\/schema.org\",\"@graph\":[{\"@type\":\"Article\",\"@id\":\"https:\\\/\\\/www.eldiario.net\\\/portal\\\/2024\\\/11\\\/13\\\/chile-y-peru-en-alerta-ante-ola-migratoria-por-crisis-economica\\\/#article\",\"isPartOf\":{\"@id\":\"https:\\\/\\\/www.eldiario.net\\\/portal\\\/2024\\\/11\\\/13\\\/chile-y-peru-en-alerta-ante-ola-migratoria-por-crisis-economica\\\/\"},\"author\":{\"name\":\"Jeanette\",\"@id\":\"https:\\\/\\\/www.eldiario.net\\\/portal\\\/#\\\/schema\\\/person\\\/2c57cf2b7a7ae032e449e4c9b1019eac\"},\"headline\":\"Chile y Per\u00fa en alerta ante ola migratoria por crisis econ\u00f3mica\",\"datePublished\":\"2024-11-13T09:38:45+00:00\",\"mainEntityOfPage\":{\"@id\":\"https:\\\/\\\/www.eldiario.net\\\/portal\\\/2024\\\/11\\\/13\\\/chile-y-peru-en-alerta-ante-ola-migratoria-por-crisis-economica\\\/\"},\"wordCount\":792,\"publisher\":{\"@id\":\"https:\\\/\\\/www.eldiario.net\\\/portal\\\/#organization\"},\"image\":{\"@id\":\"https:\\\/\\\/www.eldiario.net\\\/portal\\\/2024\\\/11\\\/13\\\/chile-y-peru-en-alerta-ante-ola-migratoria-por-crisis-economica\\\/#primaryimage\"},\"thumbnailUrl\":\"https:\\\/\\\/www.eldiario.net\\\/portal\\\/wp-content\\\/uploads\\\/2024\\\/11\\\/ola.jpg\",\"articleSection\":[\"Econom\u00eda\"],\"inLanguage\":\"es\"},{\"@type\":\"WebPage\",\"@id\":\"https:\\\/\\\/www.eldiario.net\\\/portal\\\/2024\\\/11\\\/13\\\/chile-y-peru-en-alerta-ante-ola-migratoria-por-crisis-economica\\\/\",\"url\":\"https:\\\/\\\/www.eldiario.net\\\/portal\\\/2024\\\/11\\\/13\\\/chile-y-peru-en-alerta-ante-ola-migratoria-por-crisis-economica\\\/\",\"name\":\"Chile y Per\u00fa en alerta ante ola migratoria por crisis econ\u00f3mica - El Diario - Bolivia\",\"isPartOf\":{\"@id\":\"https:\\\/\\\/www.eldiario.net\\\/portal\\\/#website\"},\"primaryImageOfPage\":{\"@id\":\"https:\\\/\\\/www.eldiario.net\\\/portal\\\/2024\\\/11\\\/13\\\/chile-y-peru-en-alerta-ante-ola-migratoria-por-crisis-economica\\\/#primaryimage\"},\"image\":{\"@id\":\"https:\\\/\\\/www.eldiario.net\\\/portal\\\/2024\\\/11\\\/13\\\/chile-y-peru-en-alerta-ante-ola-migratoria-por-crisis-economica\\\/#primaryimage\"},\"thumbnailUrl\":\"https:\\\/\\\/www.eldiario.net\\\/portal\\\/wp-content\\\/uploads\\\/2024\\\/11\\\/ola.jpg\",\"datePublished\":\"2024-11-13T09:38:45+00:00\",\"breadcrumb\":{\"@id\":\"https:\\\/\\\/www.eldiario.net\\\/portal\\\/2024\\\/11\\\/13\\\/chile-y-peru-en-alerta-ante-ola-migratoria-por-crisis-economica\\\/#breadcrumb\"},\"inLanguage\":\"es\",\"potentialAction\":[{\"@type\":\"ReadAction\",\"target\":[\"https:\\\/\\\/www.eldiario.net\\\/portal\\\/2024\\\/11\\\/13\\\/chile-y-peru-en-alerta-ante-ola-migratoria-por-crisis-economica\\\/\"]}]},{\"@type\":\"ImageObject\",\"inLanguage\":\"es\",\"@id\":\"https:\\\/\\\/www.eldiario.net\\\/portal\\\/2024\\\/11\\\/13\\\/chile-y-peru-en-alerta-ante-ola-migratoria-por-crisis-economica\\\/#primaryimage\",\"url\":\"https:\\\/\\\/www.eldiario.net\\\/portal\\\/wp-content\\\/uploads\\\/2024\\\/11\\\/ola.jpg\",\"contentUrl\":\"https:\\\/\\\/www.eldiario.net\\\/portal\\\/wp-content\\\/uploads\\\/2024\\\/11\\\/ola.jpg\",\"width\":600,\"height\":410,\"caption\":\"Paso fronterizo al Per\u00fa.\"},{\"@type\":\"BreadcrumbList\",\"@id\":\"https:\\\/\\\/www.eldiario.net\\\/portal\\\/2024\\\/11\\\/13\\\/chile-y-peru-en-alerta-ante-ola-migratoria-por-crisis-economica\\\/#breadcrumb\",\"itemListElement\":[{\"@type\":\"ListItem\",\"position\":1,\"name\":\"Portada\",\"item\":\"https:\\\/\\\/www.eldiario.net\\\/portal\\\/\"},{\"@type\":\"ListItem\",\"position\":2,\"name\":\"Chile y Per\u00fa en alerta ante ola migratoria por crisis econ\u00f3mica\"}]},{\"@type\":\"WebSite\",\"@id\":\"https:\\\/\\\/www.eldiario.net\\\/portal\\\/#website\",\"url\":\"https:\\\/\\\/www.eldiario.net\\\/portal\\\/\",\"name\":\"El Diario - Decano de la prensa nacional\",\"description\":\"El Diario - Decano de la prensa nacional\",\"publisher\":{\"@id\":\"https:\\\/\\\/www.eldiario.net\\\/portal\\\/#organization\"},\"potentialAction\":[{\"@type\":\"SearchAction\",\"target\":{\"@type\":\"EntryPoint\",\"urlTemplate\":\"https:\\\/\\\/www.eldiario.net\\\/portal\\\/?s={search_term_string}\"},\"query-input\":{\"@type\":\"PropertyValueSpecification\",\"valueRequired\":true,\"valueName\":\"search_term_string\"}}],\"inLanguage\":\"es\"},{\"@type\":\"Organization\",\"@id\":\"https:\\\/\\\/www.eldiario.net\\\/portal\\\/#organization\",\"name\":\"El Diario - Decano de la prensa nacional\",\"url\":\"https:\\\/\\\/www.eldiario.net\\\/portal\\\/\",\"logo\":{\"@type\":\"ImageObject\",\"inLanguage\":\"es\",\"@id\":\"https:\\\/\\\/www.eldiario.net\\\/portal\\\/#\\\/schema\\\/logo\\\/image\\\/\",\"url\":\"https:\\\/\\\/www.eldiario.net\\\/portal\\\/wp-content\\\/uploads\\\/2023\\\/07\\\/logo_ED.jpg\",\"contentUrl\":\"https:\\\/\\\/www.eldiario.net\\\/portal\\\/wp-content\\\/uploads\\\/2023\\\/07\\\/logo_ED.jpg\",\"width\":272,\"height\":52,\"caption\":\"El Diario - Decano de la prensa nacional\"},\"image\":{\"@id\":\"https:\\\/\\\/www.eldiario.net\\\/portal\\\/#\\\/schema\\\/logo\\\/image\\\/\"},\"sameAs\":[\"https:\\\/\\\/www.facebook.com\\\/eldiario.bolivia\\\/\",\"https:\\\/\\\/x.com\\\/eldiario_net\"]},{\"@type\":\"Person\",\"@id\":\"https:\\\/\\\/www.eldiario.net\\\/portal\\\/#\\\/schema\\\/person\\\/2c57cf2b7a7ae032e449e4c9b1019eac\",\"name\":\"Jeanette\",\"image\":{\"@type\":\"ImageObject\",\"inLanguage\":\"es\",\"@id\":\"https:\\\/\\\/secure.gravatar.com\\\/avatar\\\/3ea2118a5f7dad2b7138b1187a6b7ee55f160b9968b66013c3a3ef39dd7e5798?s=96&d=mm&r=g\",\"url\":\"https:\\\/\\\/secure.gravatar.com\\\/avatar\\\/3ea2118a5f7dad2b7138b1187a6b7ee55f160b9968b66013c3a3ef39dd7e5798?s=96&d=mm&r=g\",\"contentUrl\":\"https:\\\/\\\/secure.gravatar.com\\\/avatar\\\/3ea2118a5f7dad2b7138b1187a6b7ee55f160b9968b66013c3a3ef39dd7e5798?s=96&d=mm&r=g\",\"caption\":\"Jeanette\"},\"sameAs\":[\"https:\\\/\\\/www.eldiario.net\\\/portal\"],\"url\":\"https:\\\/\\\/www.eldiario.net\\\/portal\\\/author\\\/jeanette\\\/\"}]}<\/script>\n<!-- \/ Yoast SEO plugin. -->","yoast_head_json":{"title":"Chile y Per\u00fa en alerta ante ola migratoria por crisis econ\u00f3mica - El Diario - Bolivia","robots":{"index":"index","follow":"follow","max-snippet":"max-snippet:-1","max-image-preview":"max-image-preview:large","max-video-preview":"max-video-preview:-1"},"canonical":"https:\/\/www.eldiario.net\/portal\/2024\/11\/13\/chile-y-peru-en-alerta-ante-ola-migratoria-por-crisis-economica\/","og_locale":"es_ES","og_type":"article","og_title":"Chile y Per\u00fa en alerta ante ola migratoria por crisis econ\u00f3mica - El Diario - Bolivia","og_description":"Per\u00fa ya toma sus previsiones ante una ola migratoria boliviana por la crisis econ\u00f3mica que registra Bolivia, debido a la inacci\u00f3n del Gobierno para encarar los problemas econ\u00f3micos, como la falta de combustible, escasez de divisas y aumento del precio de los productos. Chile tambi\u00e9n ya aument\u00f3 su control en la frontera y los requisitos [&hellip;]","og_url":"https:\/\/www.eldiario.net\/portal\/2024\/11\/13\/chile-y-peru-en-alerta-ante-ola-migratoria-por-crisis-economica\/","og_site_name":"El Diario - Bolivia","article_publisher":"https:\/\/www.facebook.com\/eldiario.bolivia\/","article_published_time":"2024-11-13T09:38:45+00:00","og_image":[{"width":600,"height":410,"url":"https:\/\/www.eldiario.net\/portal\/wp-content\/uploads\/2024\/11\/ola.jpg","type":"image\/jpeg"}],"author":"Jeanette","twitter_card":"summary_large_image","twitter_creator":"@eldiario_net","twitter_site":"@eldiario_net","twitter_misc":{"Escrito por":"Jeanette","Tiempo de lectura":"4 minutos"},"schema":{"@context":"https:\/\/schema.org","@graph":[{"@type":"Article","@id":"https:\/\/www.eldiario.net\/portal\/2024\/11\/13\/chile-y-peru-en-alerta-ante-ola-migratoria-por-crisis-economica\/#article","isPartOf":{"@id":"https:\/\/www.eldiario.net\/portal\/2024\/11\/13\/chile-y-peru-en-alerta-ante-ola-migratoria-por-crisis-economica\/"},"author":{"name":"Jeanette","@id":"https:\/\/www.eldiario.net\/portal\/#\/schema\/person\/2c57cf2b7a7ae032e449e4c9b1019eac"},"headline":"Chile y Per\u00fa en alerta ante ola migratoria por crisis econ\u00f3mica","datePublished":"2024-11-13T09:38:45+00:00","mainEntityOfPage":{"@id":"https:\/\/www.eldiario.net\/portal\/2024\/11\/13\/chile-y-peru-en-alerta-ante-ola-migratoria-por-crisis-economica\/"},"wordCount":792,"publisher":{"@id":"https:\/\/www.eldiario.net\/portal\/#organization"},"image":{"@id":"https:\/\/www.eldiario.net\/portal\/2024\/11\/13\/chile-y-peru-en-alerta-ante-ola-migratoria-por-crisis-economica\/#primaryimage"},"thumbnailUrl":"https:\/\/www.eldiario.net\/portal\/wp-content\/uploads\/2024\/11\/ola.jpg","articleSection":["Econom\u00eda"],"inLanguage":"es"},{"@type":"WebPage","@id":"https:\/\/www.eldiario.net\/portal\/2024\/11\/13\/chile-y-peru-en-alerta-ante-ola-migratoria-por-crisis-economica\/","url":"https:\/\/www.eldiario.net\/portal\/2024\/11\/13\/chile-y-peru-en-alerta-ante-ola-migratoria-por-crisis-economica\/","name":"Chile y Per\u00fa en alerta ante ola migratoria por crisis econ\u00f3mica - El Diario - Bolivia","isPartOf":{"@id":"https:\/\/www.eldiario.net\/portal\/#website"},"primaryImageOfPage":{"@id":"https:\/\/www.eldiario.net\/portal\/2024\/11\/13\/chile-y-peru-en-alerta-ante-ola-migratoria-por-crisis-economica\/#primaryimage"},"image":{"@id":"https:\/\/www.eldiario.net\/portal\/2024\/11\/13\/chile-y-peru-en-alerta-ante-ola-migratoria-por-crisis-economica\/#primaryimage"},"thumbnailUrl":"https:\/\/www.eldiario.net\/portal\/wp-content\/uploads\/2024\/11\/ola.jpg","datePublished":"2024-11-13T09:38:45+00:00","breadcrumb":{"@id":"https:\/\/www.eldiario.net\/portal\/2024\/11\/13\/chile-y-peru-en-alerta-ante-ola-migratoria-por-crisis-economica\/#breadcrumb"},"inLanguage":"es","potentialAction":[{"@type":"ReadAction","target":["https:\/\/www.eldiario.net\/portal\/2024\/11\/13\/chile-y-peru-en-alerta-ante-ola-migratoria-por-crisis-economica\/"]}]},{"@type":"ImageObject","inLanguage":"es","@id":"https:\/\/www.eldiario.net\/portal\/2024\/11\/13\/chile-y-peru-en-alerta-ante-ola-migratoria-por-crisis-economica\/#primaryimage","url":"https:\/\/www.eldiario.net\/portal\/wp-content\/uploads\/2024\/11\/ola.jpg","contentUrl":"https:\/\/www.eldiario.net\/portal\/wp-content\/uploads\/2024\/11\/ola.jpg","width":600,"height":410,"caption":"Paso fronterizo al Per\u00fa."},{"@type":"BreadcrumbList","@id":"https:\/\/www.eldiario.net\/portal\/2024\/11\/13\/chile-y-peru-en-alerta-ante-ola-migratoria-por-crisis-economica\/#breadcrumb","itemListElement":[{"@type":"ListItem","position":1,"name":"Portada","item":"https:\/\/www.eldiario.net\/portal\/"},{"@type":"ListItem","position":2,"name":"Chile y Per\u00fa en alerta ante ola migratoria por crisis econ\u00f3mica"}]},{"@type":"WebSite","@id":"https:\/\/www.eldiario.net\/portal\/#website","url":"https:\/\/www.eldiario.net\/portal\/","name":"El Diario - Decano de la prensa nacional","description":"El Diario - Decano de la prensa nacional","publisher":{"@id":"https:\/\/www.eldiario.net\/portal\/#organization"},"potentialAction":[{"@type":"SearchAction","target":{"@type":"EntryPoint","urlTemplate":"https:\/\/www.eldiario.net\/portal\/?s={search_term_string}"},"query-input":{"@type":"PropertyValueSpecification","valueRequired":true,"valueName":"search_term_string"}}],"inLanguage":"es"},{"@type":"Organization","@id":"https:\/\/www.eldiario.net\/portal\/#organization","name":"El Diario - Decano de la prensa nacional","url":"https:\/\/www.eldiario.net\/portal\/","logo":{"@type":"ImageObject","inLanguage":"es","@id":"https:\/\/www.eldiario.net\/portal\/#\/schema\/logo\/image\/","url":"https:\/\/www.eldiario.net\/portal\/wp-content\/uploads\/2023\/07\/logo_ED.jpg","contentUrl":"https:\/\/www.eldiario.net\/portal\/wp-content\/uploads\/2023\/07\/logo_ED.jpg","width":272,"height":52,"caption":"El Diario - Decano de la prensa nacional"},"image":{"@id":"https:\/\/www.eldiario.net\/portal\/#\/schema\/logo\/image\/"},"sameAs":["https:\/\/www.facebook.com\/eldiario.bolivia\/","https:\/\/x.com\/eldiario_net"]},{"@type":"Person","@id":"https:\/\/www.eldiario.net\/portal\/#\/schema\/person\/2c57cf2b7a7ae032e449e4c9b1019eac","name":"Jeanette","image":{"@type":"ImageObject","inLanguage":"es","@id":"https:\/\/secure.gravatar.com\/avatar\/3ea2118a5f7dad2b7138b1187a6b7ee55f160b9968b66013c3a3ef39dd7e5798?s=96&d=mm&r=g","url":"https:\/\/secure.gravatar.com\/avatar\/3ea2118a5f7dad2b7138b1187a6b7ee55f160b9968b66013c3a3ef39dd7e5798?s=96&d=mm&r=g","contentUrl":"https:\/\/secure.gravatar.com\/avatar\/3ea2118a5f7dad2b7138b1187a6b7ee55f160b9968b66013c3a3ef39dd7e5798?s=96&d=mm&r=g","caption":"Jeanette"},"sameAs":["https:\/\/www.eldiario.net\/portal"],"url":"https:\/\/www.eldiario.net\/portal\/author\/jeanette\/"}]}},"_links":{"self":[{"href":"https:\/\/www.eldiario.net\/portal\/wp-json\/wp\/v2\/posts\/260641","targetHints":{"allow":["GET"]}}],"collection":[{"href":"https:\/\/www.eldiario.net\/portal\/wp-json\/wp\/v2\/posts"}],"about":[{"href":"https:\/\/www.eldiario.net\/portal\/wp-json\/wp\/v2\/types\/post"}],"author":[{"embeddable":true,"href":"https:\/\/www.eldiario.net\/portal\/wp-json\/wp\/v2\/users\/1"}],"replies":[{"embeddable":true,"href":"https:\/\/www.eldiario.net\/portal\/wp-json\/wp\/v2\/comments?post=260641"}],"version-history":[{"count":1,"href":"https:\/\/www.eldiario.net\/portal\/wp-json\/wp\/v2\/posts\/260641\/revisions"}],"predecessor-version":[{"id":260643,"href":"https:\/\/www.eldiario.net\/portal\/wp-json\/wp\/v2\/posts\/260641\/revisions\/260643"}],"wp:featuredmedia":[{"embeddable":true,"href":"https:\/\/www.eldiario.net\/portal\/wp-json\/wp\/v2\/media\/260642"}],"wp:attachment":[{"href":"https:\/\/www.eldiario.net\/portal\/wp-json\/wp\/v2\/media?parent=260641"}],"wp:term":[{"taxonomy":"category","embeddable":true,"href":"https:\/\/www.eldiario.net\/portal\/wp-json\/wp\/v2\/categories?post=260641"},{"taxonomy":"post_tag","embeddable":true,"href":"https:\/\/www.eldiario.net\/portal\/wp-json\/wp\/v2\/tags?post=260641"}],"curies":[{"name":"wp","href":"https:\/\/api.w.org\/{rel}","templated":true}]}}