{"id":260638,"date":"2024-11-13T05:38:07","date_gmt":"2024-11-13T09:38:07","guid":{"rendered":"https:\/\/www.eldiario.net\/portal\/?p=260638"},"modified":"2024-11-13T05:38:07","modified_gmt":"2024-11-13T09:38:07","slug":"propuesta-minera-busca-colocar-a-bolivia-en-mapa-de-las-inversiones","status":"publish","type":"post","link":"https:\/\/www.eldiario.net\/portal\/2024\/11\/13\/propuesta-minera-busca-colocar-a-bolivia-en-mapa-de-las-inversiones\/","title":{"rendered":"Propuesta minera busca colocar a Bolivia en mapa de las inversiones"},"content":{"rendered":"<p>El escenario mundial es propicio para repuntar la actividad minera como un sector que aporte al pa\u00eds, tomando en cuenta que Bolivia cuenta con potencial y los precios altos de los minerales en el mercado internacional. La Fundaci\u00f3n Milenio present\u00f3 una propuesta para colocar a Bolivia en el mapa de las inversiones extranjeras, mediante cambios normativos, incentivos y seguridad jur\u00eddica.<br \/>\nEl mundo ingres\u00f3 en una nueva era minera y as\u00ed lo muestra el crecimiento anual que tuvo el sector en la \u00faltima d\u00e9cada. Asimismo, puede seguir aumentando por la transici\u00f3n energ\u00e9tica que se acelera en el mundo.<br \/>\nDe acuerdo con el experto en temas mineros, Jaime Villalobos, Estados Unidos elabor\u00f3 una lista de los 38 metales cr\u00edticos para la transici\u00f3n energ\u00e9tica, de esta cifra, Bolivia posee 31, por ello la importancia del sector.<br \/>\nBolivia carece de inversiones, el representante de la Fundaci\u00f3n Milenio, Henry Oporto, describi\u00f3 que en Chile el capital para la miner\u00eda bordeaba los 5.500 millones de d\u00f3lares en 2023, mientras Bolivia s\u00f3lo alcanz\u00f3 a 450 millones.<br \/>\nLa propuesta implica un cambio de tim\u00f3n, pues se debe dar mayor protagonismo al sector privado, debido a que el Estado no desarroll\u00f3 nuevos yacimientos en los \u00faltimos a\u00f1os; sin embargo, Bolivia posee un potencial en esta materia.<br \/>\nOporto lament\u00f3 que \u201cBolivia no figure en las listas de potenciales inversores en miner\u00eda del mundo\u201d; mientras tanto, se va registrando el agotamiento de las minas, similar a lo que pasa con el gas y los megacampos.<br \/>\nEsto se debe a la ausencia de nuevos proyectos mineros en el pa\u00eds en los \u00faltimos a\u00f1os. Recapitul\u00f3 los proyectos grandes que est\u00e1n en marcha desde hace m\u00e1s de una d\u00e9cada, como San Crist\u00f3bal o San Bartolom\u00e9, en el departamento de Potos\u00ed.<br \/>\nAl respecto del departamento, Villalobos plante\u00f3 que el Cerro Rico de Potos\u00ed todav\u00eda tiene mucho potencial, y se podr\u00eda explotar con tecnolog\u00eda para no afectar la estructura del mismo, con una inversi\u00f3n estimada de alrededor de 200 millones de d\u00f3lares y en entre dos a tres a\u00f1os ya podr\u00eda estar operando.<\/p>\n<p>Datos<br \/>\nLa Fundaci\u00f3n Milenio present\u00f3 una Estrategia de Desarrollo Minero (EDM) cuyo objetivo es que, entre el 2025 y el 2030, la participaci\u00f3n de la miner\u00eda en el Producto Interno Bruto (PIB) nacional pase de 5,26% al 10%, con una inversi\u00f3n estimada de 5 mil millones de d\u00f3lares durante este quinquenio.<br \/>\n\u201cCon normas eficientes, que aseguren certidumbre, mayor inversi\u00f3n privada extranjera y nacional, modernizaci\u00f3n institucional y una dr\u00e1stica reducci\u00f3n del impacto ambiental de las operaciones, es posible pasar de 2.751 millones que representa actualmente la participaci\u00f3n de la miner\u00eda en el PIB a 5.322 millones de d\u00f3lares\u201d, apunt\u00f3.<br \/>\nLa estrategia gira en torno a dos ejes: la promoci\u00f3n de la inversi\u00f3n minera, con apertura a la inversi\u00f3n extranjera, en un marco jur\u00eddico que proporcione al sector privado libertad econ\u00f3mica, ventajas competitivas, seguridad y estabilidad en sus proyectos y operaciones, y por otra parte la necesidad de frenar la informalizaci\u00f3n creciente de la actividad minera, mediante la formalizaci\u00f3n plena de las cooperativas mineras y su conversi\u00f3n en unidades productivas eficientes y responsables.<br \/>\nEntre las medidas contempladas en el Anteproyecto de una Nueva Ley de Miner\u00eda, elaborado por Milenio, est\u00e1 reforzar el derecho minero mediante la figura del Contrato de Concesi\u00f3n Minera, en reemplazo del actual contrato administrativo, de manera de afianzar la seguridad jur\u00eddica de las inversiones y actividades mineras.<br \/>\nTambi\u00e9n se propone, la creaci\u00f3n de la Superintendencia de Minas (en lugar de la AJAM), como entidad independiente encargada de administrar los procesos de otorgamiento de derechos mineros y el cumplimiento de obligaciones inherentes a dichos derechos, junto con el establecimiento de la judicatura minera a cargo de un Juez de Minas.<br \/>\nOtra de las propuestas es la creaci\u00f3n de un \u201cr\u00e9gimen tributario m\u00e1s competitivo en relaci\u00f3n a los vigentes en otros pa\u00edses mineros, eliminando la Al\u00edcuota Adicional de 12,5% sobre el Impuesto a las Utilidades de las Empresas (IUE); al\u00edcuota que determina que hoy en d\u00eda las empresas paguen una tasa de 37.5% de IUE, una de las m\u00e1s altas en la regi\u00f3n\u201d, explic\u00f3 Oporto.<br \/>\nLos peque\u00f1os productores mineros y las cooperativas mineras podr\u00e1n acogerse a un R\u00e9gimen Especial del Impuesto sobre las Utilidades de las Empresas (RE-IUE), consistente en un \u00fanico pago anual del 4,8% sobre el valor bruto de sus ventas. Este R\u00e9gimen Especial no exime a sus sujetos pasivos del pago de la Regal\u00eda Minera (RM) ni tampoco del pago de la Sobretasa a las Utilidades Extraordinarias en la Miner\u00eda, puntualiz\u00f3 el investigador.<br \/>\nTambi\u00e9n se propone destinar el 5% del pago de la regal\u00eda minera para beneficio directo de las comunidades rurales colindantes con el \u00e1rea de impacto del emprendimiento minero.<\/p>\n","protected":false},"excerpt":{"rendered":"<p>El escenario mundial es propicio para repuntar la actividad minera como un sector que aporte al pa\u00eds, tomando en cuenta que Bolivia cuenta con potencial y los precios altos de los minerales en el mercado internacional. La Fundaci\u00f3n Milenio present\u00f3 una propuesta para colocar a Bolivia en el mapa de las inversiones extranjeras, mediante cambios [&hellip;]<\/p>\n","protected":false},"author":1,"featured_media":260639,"comment_status":"closed","ping_status":"open","sticky":false,"template":"","format":"standard","meta":{"_acf_changed":false,"footnotes":""},"categories":[7],"tags":[],"class_list":["post-260638","post","type-post","status-publish","format-standard","has-post-thumbnail","category-economia"],"acf":{"antetitulo":""},"yoast_head":"<!-- This site is optimized with the Yoast SEO plugin v28.4 - https:\/\/yoast.com\/product\/yoast-seo-wordpress\/ -->\n<title>Propuesta minera busca colocar a Bolivia en mapa de las inversiones - El Diario - Bolivia<\/title>\n<meta name=\"robots\" content=\"index, follow, max-snippet:-1, max-image-preview:large, max-video-preview:-1\" \/>\n<link rel=\"canonical\" href=\"https:\/\/www.eldiario.net\/portal\/2024\/11\/13\/propuesta-minera-busca-colocar-a-bolivia-en-mapa-de-las-inversiones\/\" \/>\n<meta property=\"og:locale\" content=\"es_ES\" \/>\n<meta property=\"og:type\" content=\"article\" \/>\n<meta property=\"og:title\" content=\"Propuesta minera busca colocar a Bolivia en mapa de las inversiones - El Diario - Bolivia\" \/>\n<meta property=\"og:description\" content=\"El escenario mundial es propicio para repuntar la actividad minera como un sector que aporte al pa\u00eds, tomando en cuenta que Bolivia cuenta con potencial y los precios altos de los minerales en el mercado internacional. La Fundaci\u00f3n Milenio present\u00f3 una propuesta para colocar a Bolivia en el mapa de las inversiones extranjeras, mediante cambios [&hellip;]\" \/>\n<meta property=\"og:url\" content=\"https:\/\/www.eldiario.net\/portal\/2024\/11\/13\/propuesta-minera-busca-colocar-a-bolivia-en-mapa-de-las-inversiones\/\" \/>\n<meta property=\"og:site_name\" content=\"El Diario - Bolivia\" \/>\n<meta property=\"article:publisher\" content=\"https:\/\/www.facebook.com\/eldiario.bolivia\/\" \/>\n<meta property=\"article:published_time\" content=\"2024-11-13T09:38:07+00:00\" \/>\n<meta property=\"og:image\" content=\"https:\/\/www.eldiario.net\/portal\/wp-content\/uploads\/2024\/11\/mineria.jpg\" \/>\n\t<meta property=\"og:image:width\" content=\"1600\" \/>\n\t<meta property=\"og:image:height\" content=\"975\" \/>\n\t<meta property=\"og:image:type\" content=\"image\/jpeg\" \/>\n<meta name=\"author\" content=\"Jeanette\" \/>\n<meta name=\"twitter:card\" content=\"summary_large_image\" \/>\n<meta name=\"twitter:creator\" content=\"@eldiario_net\" \/>\n<meta name=\"twitter:site\" content=\"@eldiario_net\" \/>\n<meta name=\"twitter:label1\" content=\"Escrito por\" \/>\n\t<meta name=\"twitter:data1\" content=\"Jeanette\" \/>\n\t<meta name=\"twitter:label2\" content=\"Tiempo de lectura\" \/>\n\t<meta name=\"twitter:data2\" content=\"4 minutos\" \/>\n<script type=\"application\/ld+json\" class=\"yoast-schema-graph\">{\"@context\":\"https:\\\/\\\/schema.org\",\"@graph\":[{\"@type\":\"Article\",\"@id\":\"https:\\\/\\\/www.eldiario.net\\\/portal\\\/2024\\\/11\\\/13\\\/propuesta-minera-busca-colocar-a-bolivia-en-mapa-de-las-inversiones\\\/#article\",\"isPartOf\":{\"@id\":\"https:\\\/\\\/www.eldiario.net\\\/portal\\\/2024\\\/11\\\/13\\\/propuesta-minera-busca-colocar-a-bolivia-en-mapa-de-las-inversiones\\\/\"},\"author\":{\"name\":\"Jeanette\",\"@id\":\"https:\\\/\\\/www.eldiario.net\\\/portal\\\/#\\\/schema\\\/person\\\/2c57cf2b7a7ae032e449e4c9b1019eac\"},\"headline\":\"Propuesta minera busca colocar a Bolivia en mapa de las inversiones\",\"datePublished\":\"2024-11-13T09:38:07+00:00\",\"mainEntityOfPage\":{\"@id\":\"https:\\\/\\\/www.eldiario.net\\\/portal\\\/2024\\\/11\\\/13\\\/propuesta-minera-busca-colocar-a-bolivia-en-mapa-de-las-inversiones\\\/\"},\"wordCount\":837,\"publisher\":{\"@id\":\"https:\\\/\\\/www.eldiario.net\\\/portal\\\/#organization\"},\"image\":{\"@id\":\"https:\\\/\\\/www.eldiario.net\\\/portal\\\/2024\\\/11\\\/13\\\/propuesta-minera-busca-colocar-a-bolivia-en-mapa-de-las-inversiones\\\/#primaryimage\"},\"thumbnailUrl\":\"https:\\\/\\\/www.eldiario.net\\\/portal\\\/wp-content\\\/uploads\\\/2024\\\/11\\\/mineria.jpg\",\"articleSection\":[\"Econom\u00eda\"],\"inLanguage\":\"es\"},{\"@type\":\"WebPage\",\"@id\":\"https:\\\/\\\/www.eldiario.net\\\/portal\\\/2024\\\/11\\\/13\\\/propuesta-minera-busca-colocar-a-bolivia-en-mapa-de-las-inversiones\\\/\",\"url\":\"https:\\\/\\\/www.eldiario.net\\\/portal\\\/2024\\\/11\\\/13\\\/propuesta-minera-busca-colocar-a-bolivia-en-mapa-de-las-inversiones\\\/\",\"name\":\"Propuesta minera busca colocar a Bolivia en mapa de las inversiones - El Diario - Bolivia\",\"isPartOf\":{\"@id\":\"https:\\\/\\\/www.eldiario.net\\\/portal\\\/#website\"},\"primaryImageOfPage\":{\"@id\":\"https:\\\/\\\/www.eldiario.net\\\/portal\\\/2024\\\/11\\\/13\\\/propuesta-minera-busca-colocar-a-bolivia-en-mapa-de-las-inversiones\\\/#primaryimage\"},\"image\":{\"@id\":\"https:\\\/\\\/www.eldiario.net\\\/portal\\\/2024\\\/11\\\/13\\\/propuesta-minera-busca-colocar-a-bolivia-en-mapa-de-las-inversiones\\\/#primaryimage\"},\"thumbnailUrl\":\"https:\\\/\\\/www.eldiario.net\\\/portal\\\/wp-content\\\/uploads\\\/2024\\\/11\\\/mineria.jpg\",\"datePublished\":\"2024-11-13T09:38:07+00:00\",\"breadcrumb\":{\"@id\":\"https:\\\/\\\/www.eldiario.net\\\/portal\\\/2024\\\/11\\\/13\\\/propuesta-minera-busca-colocar-a-bolivia-en-mapa-de-las-inversiones\\\/#breadcrumb\"},\"inLanguage\":\"es\",\"potentialAction\":[{\"@type\":\"ReadAction\",\"target\":[\"https:\\\/\\\/www.eldiario.net\\\/portal\\\/2024\\\/11\\\/13\\\/propuesta-minera-busca-colocar-a-bolivia-en-mapa-de-las-inversiones\\\/\"]}]},{\"@type\":\"ImageObject\",\"inLanguage\":\"es\",\"@id\":\"https:\\\/\\\/www.eldiario.net\\\/portal\\\/2024\\\/11\\\/13\\\/propuesta-minera-busca-colocar-a-bolivia-en-mapa-de-las-inversiones\\\/#primaryimage\",\"url\":\"https:\\\/\\\/www.eldiario.net\\\/portal\\\/wp-content\\\/uploads\\\/2024\\\/11\\\/mineria.jpg\",\"contentUrl\":\"https:\\\/\\\/www.eldiario.net\\\/portal\\\/wp-content\\\/uploads\\\/2024\\\/11\\\/mineria.jpg\",\"width\":1600,\"height\":975,\"caption\":\"Henry Oporto de Fundaci\u00f3n Milenio, en la presentaci\u00f3n de la propuesta.\"},{\"@type\":\"BreadcrumbList\",\"@id\":\"https:\\\/\\\/www.eldiario.net\\\/portal\\\/2024\\\/11\\\/13\\\/propuesta-minera-busca-colocar-a-bolivia-en-mapa-de-las-inversiones\\\/#breadcrumb\",\"itemListElement\":[{\"@type\":\"ListItem\",\"position\":1,\"name\":\"Portada\",\"item\":\"https:\\\/\\\/www.eldiario.net\\\/portal\\\/\"},{\"@type\":\"ListItem\",\"position\":2,\"name\":\"Propuesta minera busca colocar a Bolivia en mapa de las inversiones\"}]},{\"@type\":\"WebSite\",\"@id\":\"https:\\\/\\\/www.eldiario.net\\\/portal\\\/#website\",\"url\":\"https:\\\/\\\/www.eldiario.net\\\/portal\\\/\",\"name\":\"El Diario - Decano de la prensa nacional\",\"description\":\"El Diario - Decano de la prensa nacional\",\"publisher\":{\"@id\":\"https:\\\/\\\/www.eldiario.net\\\/portal\\\/#organization\"},\"potentialAction\":[{\"@type\":\"SearchAction\",\"target\":{\"@type\":\"EntryPoint\",\"urlTemplate\":\"https:\\\/\\\/www.eldiario.net\\\/portal\\\/?s={search_term_string}\"},\"query-input\":{\"@type\":\"PropertyValueSpecification\",\"valueRequired\":true,\"valueName\":\"search_term_string\"}}],\"inLanguage\":\"es\"},{\"@type\":\"Organization\",\"@id\":\"https:\\\/\\\/www.eldiario.net\\\/portal\\\/#organization\",\"name\":\"El Diario - Decano de la prensa nacional\",\"url\":\"https:\\\/\\\/www.eldiario.net\\\/portal\\\/\",\"logo\":{\"@type\":\"ImageObject\",\"inLanguage\":\"es\",\"@id\":\"https:\\\/\\\/www.eldiario.net\\\/portal\\\/#\\\/schema\\\/logo\\\/image\\\/\",\"url\":\"https:\\\/\\\/www.eldiario.net\\\/portal\\\/wp-content\\\/uploads\\\/2023\\\/07\\\/logo_ED.jpg\",\"contentUrl\":\"https:\\\/\\\/www.eldiario.net\\\/portal\\\/wp-content\\\/uploads\\\/2023\\\/07\\\/logo_ED.jpg\",\"width\":272,\"height\":52,\"caption\":\"El Diario - Decano de la prensa nacional\"},\"image\":{\"@id\":\"https:\\\/\\\/www.eldiario.net\\\/portal\\\/#\\\/schema\\\/logo\\\/image\\\/\"},\"sameAs\":[\"https:\\\/\\\/www.facebook.com\\\/eldiario.bolivia\\\/\",\"https:\\\/\\\/x.com\\\/eldiario_net\"]},{\"@type\":\"Person\",\"@id\":\"https:\\\/\\\/www.eldiario.net\\\/portal\\\/#\\\/schema\\\/person\\\/2c57cf2b7a7ae032e449e4c9b1019eac\",\"name\":\"Jeanette\",\"image\":{\"@type\":\"ImageObject\",\"inLanguage\":\"es\",\"@id\":\"https:\\\/\\\/secure.gravatar.com\\\/avatar\\\/3ea2118a5f7dad2b7138b1187a6b7ee55f160b9968b66013c3a3ef39dd7e5798?s=96&d=mm&r=g\",\"url\":\"https:\\\/\\\/secure.gravatar.com\\\/avatar\\\/3ea2118a5f7dad2b7138b1187a6b7ee55f160b9968b66013c3a3ef39dd7e5798?s=96&d=mm&r=g\",\"contentUrl\":\"https:\\\/\\\/secure.gravatar.com\\\/avatar\\\/3ea2118a5f7dad2b7138b1187a6b7ee55f160b9968b66013c3a3ef39dd7e5798?s=96&d=mm&r=g\",\"caption\":\"Jeanette\"},\"sameAs\":[\"https:\\\/\\\/www.eldiario.net\\\/portal\"],\"url\":\"https:\\\/\\\/www.eldiario.net\\\/portal\\\/author\\\/jeanette\\\/\"}]}<\/script>\n<!-- \/ Yoast SEO plugin. -->","yoast_head_json":{"title":"Propuesta minera busca colocar a Bolivia en mapa de las inversiones - El Diario - Bolivia","robots":{"index":"index","follow":"follow","max-snippet":"max-snippet:-1","max-image-preview":"max-image-preview:large","max-video-preview":"max-video-preview:-1"},"canonical":"https:\/\/www.eldiario.net\/portal\/2024\/11\/13\/propuesta-minera-busca-colocar-a-bolivia-en-mapa-de-las-inversiones\/","og_locale":"es_ES","og_type":"article","og_title":"Propuesta minera busca colocar a Bolivia en mapa de las inversiones - El Diario - Bolivia","og_description":"El escenario mundial es propicio para repuntar la actividad minera como un sector que aporte al pa\u00eds, tomando en cuenta que Bolivia cuenta con potencial y los precios altos de los minerales en el mercado internacional. La Fundaci\u00f3n Milenio present\u00f3 una propuesta para colocar a Bolivia en el mapa de las inversiones extranjeras, mediante cambios [&hellip;]","og_url":"https:\/\/www.eldiario.net\/portal\/2024\/11\/13\/propuesta-minera-busca-colocar-a-bolivia-en-mapa-de-las-inversiones\/","og_site_name":"El Diario - Bolivia","article_publisher":"https:\/\/www.facebook.com\/eldiario.bolivia\/","article_published_time":"2024-11-13T09:38:07+00:00","og_image":[{"width":1600,"height":975,"url":"https:\/\/www.eldiario.net\/portal\/wp-content\/uploads\/2024\/11\/mineria.jpg","type":"image\/jpeg"}],"author":"Jeanette","twitter_card":"summary_large_image","twitter_creator":"@eldiario_net","twitter_site":"@eldiario_net","twitter_misc":{"Escrito por":"Jeanette","Tiempo de lectura":"4 minutos"},"schema":{"@context":"https:\/\/schema.org","@graph":[{"@type":"Article","@id":"https:\/\/www.eldiario.net\/portal\/2024\/11\/13\/propuesta-minera-busca-colocar-a-bolivia-en-mapa-de-las-inversiones\/#article","isPartOf":{"@id":"https:\/\/www.eldiario.net\/portal\/2024\/11\/13\/propuesta-minera-busca-colocar-a-bolivia-en-mapa-de-las-inversiones\/"},"author":{"name":"Jeanette","@id":"https:\/\/www.eldiario.net\/portal\/#\/schema\/person\/2c57cf2b7a7ae032e449e4c9b1019eac"},"headline":"Propuesta minera busca colocar a Bolivia en mapa de las inversiones","datePublished":"2024-11-13T09:38:07+00:00","mainEntityOfPage":{"@id":"https:\/\/www.eldiario.net\/portal\/2024\/11\/13\/propuesta-minera-busca-colocar-a-bolivia-en-mapa-de-las-inversiones\/"},"wordCount":837,"publisher":{"@id":"https:\/\/www.eldiario.net\/portal\/#organization"},"image":{"@id":"https:\/\/www.eldiario.net\/portal\/2024\/11\/13\/propuesta-minera-busca-colocar-a-bolivia-en-mapa-de-las-inversiones\/#primaryimage"},"thumbnailUrl":"https:\/\/www.eldiario.net\/portal\/wp-content\/uploads\/2024\/11\/mineria.jpg","articleSection":["Econom\u00eda"],"inLanguage":"es"},{"@type":"WebPage","@id":"https:\/\/www.eldiario.net\/portal\/2024\/11\/13\/propuesta-minera-busca-colocar-a-bolivia-en-mapa-de-las-inversiones\/","url":"https:\/\/www.eldiario.net\/portal\/2024\/11\/13\/propuesta-minera-busca-colocar-a-bolivia-en-mapa-de-las-inversiones\/","name":"Propuesta minera busca colocar a Bolivia en mapa de las inversiones - El Diario - Bolivia","isPartOf":{"@id":"https:\/\/www.eldiario.net\/portal\/#website"},"primaryImageOfPage":{"@id":"https:\/\/www.eldiario.net\/portal\/2024\/11\/13\/propuesta-minera-busca-colocar-a-bolivia-en-mapa-de-las-inversiones\/#primaryimage"},"image":{"@id":"https:\/\/www.eldiario.net\/portal\/2024\/11\/13\/propuesta-minera-busca-colocar-a-bolivia-en-mapa-de-las-inversiones\/#primaryimage"},"thumbnailUrl":"https:\/\/www.eldiario.net\/portal\/wp-content\/uploads\/2024\/11\/mineria.jpg","datePublished":"2024-11-13T09:38:07+00:00","breadcrumb":{"@id":"https:\/\/www.eldiario.net\/portal\/2024\/11\/13\/propuesta-minera-busca-colocar-a-bolivia-en-mapa-de-las-inversiones\/#breadcrumb"},"inLanguage":"es","potentialAction":[{"@type":"ReadAction","target":["https:\/\/www.eldiario.net\/portal\/2024\/11\/13\/propuesta-minera-busca-colocar-a-bolivia-en-mapa-de-las-inversiones\/"]}]},{"@type":"ImageObject","inLanguage":"es","@id":"https:\/\/www.eldiario.net\/portal\/2024\/11\/13\/propuesta-minera-busca-colocar-a-bolivia-en-mapa-de-las-inversiones\/#primaryimage","url":"https:\/\/www.eldiario.net\/portal\/wp-content\/uploads\/2024\/11\/mineria.jpg","contentUrl":"https:\/\/www.eldiario.net\/portal\/wp-content\/uploads\/2024\/11\/mineria.jpg","width":1600,"height":975,"caption":"Henry Oporto de Fundaci\u00f3n Milenio, en la presentaci\u00f3n de la propuesta."},{"@type":"BreadcrumbList","@id":"https:\/\/www.eldiario.net\/portal\/2024\/11\/13\/propuesta-minera-busca-colocar-a-bolivia-en-mapa-de-las-inversiones\/#breadcrumb","itemListElement":[{"@type":"ListItem","position":1,"name":"Portada","item":"https:\/\/www.eldiario.net\/portal\/"},{"@type":"ListItem","position":2,"name":"Propuesta minera busca colocar a Bolivia en mapa de las inversiones"}]},{"@type":"WebSite","@id":"https:\/\/www.eldiario.net\/portal\/#website","url":"https:\/\/www.eldiario.net\/portal\/","name":"El Diario - Decano de la prensa nacional","description":"El Diario - Decano de la prensa nacional","publisher":{"@id":"https:\/\/www.eldiario.net\/portal\/#organization"},"potentialAction":[{"@type":"SearchAction","target":{"@type":"EntryPoint","urlTemplate":"https:\/\/www.eldiario.net\/portal\/?s={search_term_string}"},"query-input":{"@type":"PropertyValueSpecification","valueRequired":true,"valueName":"search_term_string"}}],"inLanguage":"es"},{"@type":"Organization","@id":"https:\/\/www.eldiario.net\/portal\/#organization","name":"El Diario - Decano de la prensa nacional","url":"https:\/\/www.eldiario.net\/portal\/","logo":{"@type":"ImageObject","inLanguage":"es","@id":"https:\/\/www.eldiario.net\/portal\/#\/schema\/logo\/image\/","url":"https:\/\/www.eldiario.net\/portal\/wp-content\/uploads\/2023\/07\/logo_ED.jpg","contentUrl":"https:\/\/www.eldiario.net\/portal\/wp-content\/uploads\/2023\/07\/logo_ED.jpg","width":272,"height":52,"caption":"El Diario - Decano de la prensa nacional"},"image":{"@id":"https:\/\/www.eldiario.net\/portal\/#\/schema\/logo\/image\/"},"sameAs":["https:\/\/www.facebook.com\/eldiario.bolivia\/","https:\/\/x.com\/eldiario_net"]},{"@type":"Person","@id":"https:\/\/www.eldiario.net\/portal\/#\/schema\/person\/2c57cf2b7a7ae032e449e4c9b1019eac","name":"Jeanette","image":{"@type":"ImageObject","inLanguage":"es","@id":"https:\/\/secure.gravatar.com\/avatar\/3ea2118a5f7dad2b7138b1187a6b7ee55f160b9968b66013c3a3ef39dd7e5798?s=96&d=mm&r=g","url":"https:\/\/secure.gravatar.com\/avatar\/3ea2118a5f7dad2b7138b1187a6b7ee55f160b9968b66013c3a3ef39dd7e5798?s=96&d=mm&r=g","contentUrl":"https:\/\/secure.gravatar.com\/avatar\/3ea2118a5f7dad2b7138b1187a6b7ee55f160b9968b66013c3a3ef39dd7e5798?s=96&d=mm&r=g","caption":"Jeanette"},"sameAs":["https:\/\/www.eldiario.net\/portal"],"url":"https:\/\/www.eldiario.net\/portal\/author\/jeanette\/"}]}},"_links":{"self":[{"href":"https:\/\/www.eldiario.net\/portal\/wp-json\/wp\/v2\/posts\/260638","targetHints":{"allow":["GET"]}}],"collection":[{"href":"https:\/\/www.eldiario.net\/portal\/wp-json\/wp\/v2\/posts"}],"about":[{"href":"https:\/\/www.eldiario.net\/portal\/wp-json\/wp\/v2\/types\/post"}],"author":[{"embeddable":true,"href":"https:\/\/www.eldiario.net\/portal\/wp-json\/wp\/v2\/users\/1"}],"replies":[{"embeddable":true,"href":"https:\/\/www.eldiario.net\/portal\/wp-json\/wp\/v2\/comments?post=260638"}],"version-history":[{"count":1,"href":"https:\/\/www.eldiario.net\/portal\/wp-json\/wp\/v2\/posts\/260638\/revisions"}],"predecessor-version":[{"id":260640,"href":"https:\/\/www.eldiario.net\/portal\/wp-json\/wp\/v2\/posts\/260638\/revisions\/260640"}],"wp:featuredmedia":[{"embeddable":true,"href":"https:\/\/www.eldiario.net\/portal\/wp-json\/wp\/v2\/media\/260639"}],"wp:attachment":[{"href":"https:\/\/www.eldiario.net\/portal\/wp-json\/wp\/v2\/media?parent=260638"}],"wp:term":[{"taxonomy":"category","embeddable":true,"href":"https:\/\/www.eldiario.net\/portal\/wp-json\/wp\/v2\/categories?post=260638"},{"taxonomy":"post_tag","embeddable":true,"href":"https:\/\/www.eldiario.net\/portal\/wp-json\/wp\/v2\/tags?post=260638"}],"curies":[{"name":"wp","href":"https:\/\/api.w.org\/{rel}","templated":true}]}}