{"id":260636,"date":"2024-11-13T05:37:26","date_gmt":"2024-11-13T09:37:26","guid":{"rendered":"https:\/\/www.eldiario.net\/portal\/?p=260636"},"modified":"2024-11-13T05:37:26","modified_gmt":"2024-11-13T09:37:26","slug":"proponen-desarrollo-del-hidrogeno-verde","status":"publish","type":"post","link":"https:\/\/www.eldiario.net\/portal\/2024\/11\/13\/proponen-desarrollo-del-hidrogeno-verde\/","title":{"rendered":"Proponen desarrollo  del \u201chidr\u00f3geno verde\u201d"},"content":{"rendered":"<p>El proyecto para el desarrollo de hidr\u00f3geno verde en el pa\u00eds ya se encuentra en la Asamblea Legislativa Plurinacional (ALP) para su tratamiento y aprobaci\u00f3n, mientras avanza en estudios piloto a \u201cfondo perdido\u201d con la colaboraci\u00f3n del Banco Interamericano de Desarrollo (BID), inform\u00f3 el viceministro de Energ\u00edas Alternativas, \u00c1lvaro Arnez.<br \/>\n\u201cEs necesaria una normativa al rango de ley para implementar el hidr\u00f3geno verde en la matriz boliviana. Es algo que los bolivianos debemos saber que ya se encuentra en la Asamblea esta propuesta de ley, en la C\u00e1mara de Senadores, y a partir de esta normativa ir implementando el hidr\u00f3geno verde\u201d, revel\u00f3 el viceministro.<br \/>\nEl Gobierno nacional present\u00f3 el lunes la hoja de ruta y estrategia para desarrollar en Bolivia el hidr\u00f3geno verde, como una alternativa energ\u00e9tica, en el Taller Virtual \u201cTecnolog\u00edas de Hidr\u00f3geno Verde para la Descarbonizaci\u00f3n\u201d, en la ciudad de Oruro.<br \/>\nArnez indic\u00f3 que la consultora que realiz\u00f3 todo el estudio sobre el tema, gener\u00f3 una propuesta de normativa.<br \/>\n\u201cCon la colaboraci\u00f3n del Banco Interamericano de Desarrollo, lo que se est\u00e1 haciendo es estudios piloto a fondo perdido para implementar y que todos los bolivianos conozcan este combustible\u201d, explic\u00f3.<br \/>\nEn ese contexto, destac\u00f3 que el hidr\u00f3geno verde ya es aplicado a escala internacional, hay veh\u00edculos e inclusive aviones que funcionan con esta alternativa de combustible, que permite la producci\u00f3n de metanol y amon\u00edaco.<br \/>\n\u201cAmbos componentes se utilizan como combustible, ya sea en tractores, en tractocamiones, que nos permiten ir reemplazando tambi\u00e9n a trav\u00e9s de una mezcla. En el caso de metanol y el di\u00e9sel, nos va a permitir reducir tambi\u00e9n las importaciones\u201d, resalt\u00f3.<br \/>\nEl hidr\u00f3geno verde es un tipo de hidr\u00f3geno producido a partir de fuentes de energ\u00eda renovables, como la energ\u00eda solar, e\u00f3lica o hidroel\u00e9ctrica. Este proceso implica la electr\u00f3lisis del agua, es decir, la separaci\u00f3n de las mol\u00e9culas de agua (H\u2082O) en hidr\u00f3geno (H\u2082) y ox\u00edgeno (O\u2082) utilizando electricidad proveniente de fuentes limpias.<\/p>\n","protected":false},"excerpt":{"rendered":"<p>El proyecto para el desarrollo de hidr\u00f3geno verde en el pa\u00eds ya se encuentra en la Asamblea Legislativa Plurinacional (ALP) para su tratamiento y aprobaci\u00f3n, mientras avanza en estudios piloto a \u201cfondo perdido\u201d con la colaboraci\u00f3n del Banco Interamericano de Desarrollo (BID), inform\u00f3 el viceministro de Energ\u00edas Alternativas, \u00c1lvaro Arnez. \u201cEs necesaria una normativa al [&hellip;]<\/p>\n","protected":false},"author":1,"featured_media":194689,"comment_status":"closed","ping_status":"open","sticky":false,"template":"","format":"standard","meta":{"_acf_changed":false,"footnotes":""},"categories":[7],"tags":[],"class_list":["post-260636","post","type-post","status-publish","format-standard","has-post-thumbnail","category-economia"],"acf":{"antetitulo":""},"yoast_head":"<!-- This site is optimized with the Yoast SEO plugin v28.4 - https:\/\/yoast.com\/product\/yoast-seo-wordpress\/ -->\n<title>Proponen desarrollo del \u201chidr\u00f3geno verde\u201d - El Diario - Bolivia<\/title>\n<meta name=\"robots\" content=\"index, follow, max-snippet:-1, max-image-preview:large, max-video-preview:-1\" \/>\n<link rel=\"canonical\" href=\"https:\/\/www.eldiario.net\/portal\/2024\/11\/13\/proponen-desarrollo-del-hidrogeno-verde\/\" \/>\n<meta property=\"og:locale\" content=\"es_ES\" \/>\n<meta property=\"og:type\" content=\"article\" \/>\n<meta property=\"og:title\" content=\"Proponen desarrollo del \u201chidr\u00f3geno verde\u201d - El Diario - Bolivia\" \/>\n<meta property=\"og:description\" content=\"El proyecto para el desarrollo de hidr\u00f3geno verde en el pa\u00eds ya se encuentra en la Asamblea Legislativa Plurinacional (ALP) para su tratamiento y aprobaci\u00f3n, mientras avanza en estudios piloto a \u201cfondo perdido\u201d con la colaboraci\u00f3n del Banco Interamericano de Desarrollo (BID), inform\u00f3 el viceministro de Energ\u00edas Alternativas, \u00c1lvaro Arnez. \u201cEs necesaria una normativa al [&hellip;]\" \/>\n<meta property=\"og:url\" content=\"https:\/\/www.eldiario.net\/portal\/2024\/11\/13\/proponen-desarrollo-del-hidrogeno-verde\/\" \/>\n<meta property=\"og:site_name\" content=\"El Diario - Bolivia\" \/>\n<meta property=\"article:publisher\" content=\"https:\/\/www.facebook.com\/eldiario.bolivia\/\" \/>\n<meta property=\"article:published_time\" content=\"2024-11-13T09:37:26+00:00\" \/>\n<meta property=\"og:image\" content=\"https:\/\/www.eldiario.net\/portal\/wp-content\/uploads\/2023\/12\/Economia.jpg\" \/>\n\t<meta property=\"og:image:width\" content=\"800\" \/>\n\t<meta property=\"og:image:height\" content=\"500\" \/>\n\t<meta property=\"og:image:type\" content=\"image\/jpeg\" \/>\n<meta name=\"author\" content=\"Jeanette\" \/>\n<meta name=\"twitter:card\" content=\"summary_large_image\" \/>\n<meta name=\"twitter:creator\" content=\"@eldiario_net\" \/>\n<meta name=\"twitter:site\" content=\"@eldiario_net\" \/>\n<meta name=\"twitter:label1\" content=\"Escrito por\" \/>\n\t<meta name=\"twitter:data1\" content=\"Jeanette\" \/>\n\t<meta name=\"twitter:label2\" content=\"Tiempo de lectura\" \/>\n\t<meta name=\"twitter:data2\" content=\"2 minutos\" \/>\n<script type=\"application\/ld+json\" class=\"yoast-schema-graph\">{\"@context\":\"https:\\\/\\\/schema.org\",\"@graph\":[{\"@type\":\"Article\",\"@id\":\"https:\\\/\\\/www.eldiario.net\\\/portal\\\/2024\\\/11\\\/13\\\/proponen-desarrollo-del-hidrogeno-verde\\\/#article\",\"isPartOf\":{\"@id\":\"https:\\\/\\\/www.eldiario.net\\\/portal\\\/2024\\\/11\\\/13\\\/proponen-desarrollo-del-hidrogeno-verde\\\/\"},\"author\":{\"name\":\"Jeanette\",\"@id\":\"https:\\\/\\\/www.eldiario.net\\\/portal\\\/#\\\/schema\\\/person\\\/2c57cf2b7a7ae032e449e4c9b1019eac\"},\"headline\":\"Proponen desarrollo del \u201chidr\u00f3geno verde\u201d\",\"datePublished\":\"2024-11-13T09:37:26+00:00\",\"mainEntityOfPage\":{\"@id\":\"https:\\\/\\\/www.eldiario.net\\\/portal\\\/2024\\\/11\\\/13\\\/proponen-desarrollo-del-hidrogeno-verde\\\/\"},\"wordCount\":357,\"publisher\":{\"@id\":\"https:\\\/\\\/www.eldiario.net\\\/portal\\\/#organization\"},\"image\":{\"@id\":\"https:\\\/\\\/www.eldiario.net\\\/portal\\\/2024\\\/11\\\/13\\\/proponen-desarrollo-del-hidrogeno-verde\\\/#primaryimage\"},\"thumbnailUrl\":\"https:\\\/\\\/www.eldiario.net\\\/portal\\\/wp-content\\\/uploads\\\/2023\\\/12\\\/Economia.jpg\",\"articleSection\":[\"Econom\u00eda\"],\"inLanguage\":\"es\"},{\"@type\":\"WebPage\",\"@id\":\"https:\\\/\\\/www.eldiario.net\\\/portal\\\/2024\\\/11\\\/13\\\/proponen-desarrollo-del-hidrogeno-verde\\\/\",\"url\":\"https:\\\/\\\/www.eldiario.net\\\/portal\\\/2024\\\/11\\\/13\\\/proponen-desarrollo-del-hidrogeno-verde\\\/\",\"name\":\"Proponen desarrollo del \u201chidr\u00f3geno verde\u201d - El Diario - Bolivia\",\"isPartOf\":{\"@id\":\"https:\\\/\\\/www.eldiario.net\\\/portal\\\/#website\"},\"primaryImageOfPage\":{\"@id\":\"https:\\\/\\\/www.eldiario.net\\\/portal\\\/2024\\\/11\\\/13\\\/proponen-desarrollo-del-hidrogeno-verde\\\/#primaryimage\"},\"image\":{\"@id\":\"https:\\\/\\\/www.eldiario.net\\\/portal\\\/2024\\\/11\\\/13\\\/proponen-desarrollo-del-hidrogeno-verde\\\/#primaryimage\"},\"thumbnailUrl\":\"https:\\\/\\\/www.eldiario.net\\\/portal\\\/wp-content\\\/uploads\\\/2023\\\/12\\\/Economia.jpg\",\"datePublished\":\"2024-11-13T09:37:26+00:00\",\"breadcrumb\":{\"@id\":\"https:\\\/\\\/www.eldiario.net\\\/portal\\\/2024\\\/11\\\/13\\\/proponen-desarrollo-del-hidrogeno-verde\\\/#breadcrumb\"},\"inLanguage\":\"es\",\"potentialAction\":[{\"@type\":\"ReadAction\",\"target\":[\"https:\\\/\\\/www.eldiario.net\\\/portal\\\/2024\\\/11\\\/13\\\/proponen-desarrollo-del-hidrogeno-verde\\\/\"]}]},{\"@type\":\"ImageObject\",\"inLanguage\":\"es\",\"@id\":\"https:\\\/\\\/www.eldiario.net\\\/portal\\\/2024\\\/11\\\/13\\\/proponen-desarrollo-del-hidrogeno-verde\\\/#primaryimage\",\"url\":\"https:\\\/\\\/www.eldiario.net\\\/portal\\\/wp-content\\\/uploads\\\/2023\\\/12\\\/Economia.jpg\",\"contentUrl\":\"https:\\\/\\\/www.eldiario.net\\\/portal\\\/wp-content\\\/uploads\\\/2023\\\/12\\\/Economia.jpg\",\"width\":800,\"height\":500},{\"@type\":\"BreadcrumbList\",\"@id\":\"https:\\\/\\\/www.eldiario.net\\\/portal\\\/2024\\\/11\\\/13\\\/proponen-desarrollo-del-hidrogeno-verde\\\/#breadcrumb\",\"itemListElement\":[{\"@type\":\"ListItem\",\"position\":1,\"name\":\"Portada\",\"item\":\"https:\\\/\\\/www.eldiario.net\\\/portal\\\/\"},{\"@type\":\"ListItem\",\"position\":2,\"name\":\"Proponen desarrollo del \u201chidr\u00f3geno verde\u201d\"}]},{\"@type\":\"WebSite\",\"@id\":\"https:\\\/\\\/www.eldiario.net\\\/portal\\\/#website\",\"url\":\"https:\\\/\\\/www.eldiario.net\\\/portal\\\/\",\"name\":\"El Diario - Decano de la prensa nacional\",\"description\":\"El Diario - Decano de la prensa nacional\",\"publisher\":{\"@id\":\"https:\\\/\\\/www.eldiario.net\\\/portal\\\/#organization\"},\"potentialAction\":[{\"@type\":\"SearchAction\",\"target\":{\"@type\":\"EntryPoint\",\"urlTemplate\":\"https:\\\/\\\/www.eldiario.net\\\/portal\\\/?s={search_term_string}\"},\"query-input\":{\"@type\":\"PropertyValueSpecification\",\"valueRequired\":true,\"valueName\":\"search_term_string\"}}],\"inLanguage\":\"es\"},{\"@type\":\"Organization\",\"@id\":\"https:\\\/\\\/www.eldiario.net\\\/portal\\\/#organization\",\"name\":\"El Diario - Decano de la prensa nacional\",\"url\":\"https:\\\/\\\/www.eldiario.net\\\/portal\\\/\",\"logo\":{\"@type\":\"ImageObject\",\"inLanguage\":\"es\",\"@id\":\"https:\\\/\\\/www.eldiario.net\\\/portal\\\/#\\\/schema\\\/logo\\\/image\\\/\",\"url\":\"https:\\\/\\\/www.eldiario.net\\\/portal\\\/wp-content\\\/uploads\\\/2023\\\/07\\\/logo_ED.jpg\",\"contentUrl\":\"https:\\\/\\\/www.eldiario.net\\\/portal\\\/wp-content\\\/uploads\\\/2023\\\/07\\\/logo_ED.jpg\",\"width\":272,\"height\":52,\"caption\":\"El Diario - Decano de la prensa nacional\"},\"image\":{\"@id\":\"https:\\\/\\\/www.eldiario.net\\\/portal\\\/#\\\/schema\\\/logo\\\/image\\\/\"},\"sameAs\":[\"https:\\\/\\\/www.facebook.com\\\/eldiario.bolivia\\\/\",\"https:\\\/\\\/x.com\\\/eldiario_net\"]},{\"@type\":\"Person\",\"@id\":\"https:\\\/\\\/www.eldiario.net\\\/portal\\\/#\\\/schema\\\/person\\\/2c57cf2b7a7ae032e449e4c9b1019eac\",\"name\":\"Jeanette\",\"image\":{\"@type\":\"ImageObject\",\"inLanguage\":\"es\",\"@id\":\"https:\\\/\\\/secure.gravatar.com\\\/avatar\\\/3ea2118a5f7dad2b7138b1187a6b7ee55f160b9968b66013c3a3ef39dd7e5798?s=96&d=mm&r=g\",\"url\":\"https:\\\/\\\/secure.gravatar.com\\\/avatar\\\/3ea2118a5f7dad2b7138b1187a6b7ee55f160b9968b66013c3a3ef39dd7e5798?s=96&d=mm&r=g\",\"contentUrl\":\"https:\\\/\\\/secure.gravatar.com\\\/avatar\\\/3ea2118a5f7dad2b7138b1187a6b7ee55f160b9968b66013c3a3ef39dd7e5798?s=96&d=mm&r=g\",\"caption\":\"Jeanette\"},\"sameAs\":[\"https:\\\/\\\/www.eldiario.net\\\/portal\"],\"url\":\"https:\\\/\\\/www.eldiario.net\\\/portal\\\/author\\\/jeanette\\\/\"}]}<\/script>\n<!-- \/ Yoast SEO plugin. -->","yoast_head_json":{"title":"Proponen desarrollo del \u201chidr\u00f3geno verde\u201d - El Diario - Bolivia","robots":{"index":"index","follow":"follow","max-snippet":"max-snippet:-1","max-image-preview":"max-image-preview:large","max-video-preview":"max-video-preview:-1"},"canonical":"https:\/\/www.eldiario.net\/portal\/2024\/11\/13\/proponen-desarrollo-del-hidrogeno-verde\/","og_locale":"es_ES","og_type":"article","og_title":"Proponen desarrollo del \u201chidr\u00f3geno verde\u201d - El Diario - Bolivia","og_description":"El proyecto para el desarrollo de hidr\u00f3geno verde en el pa\u00eds ya se encuentra en la Asamblea Legislativa Plurinacional (ALP) para su tratamiento y aprobaci\u00f3n, mientras avanza en estudios piloto a \u201cfondo perdido\u201d con la colaboraci\u00f3n del Banco Interamericano de Desarrollo (BID), inform\u00f3 el viceministro de Energ\u00edas Alternativas, \u00c1lvaro Arnez. \u201cEs necesaria una normativa al [&hellip;]","og_url":"https:\/\/www.eldiario.net\/portal\/2024\/11\/13\/proponen-desarrollo-del-hidrogeno-verde\/","og_site_name":"El Diario - Bolivia","article_publisher":"https:\/\/www.facebook.com\/eldiario.bolivia\/","article_published_time":"2024-11-13T09:37:26+00:00","og_image":[{"width":800,"height":500,"url":"https:\/\/www.eldiario.net\/portal\/wp-content\/uploads\/2023\/12\/Economia.jpg","type":"image\/jpeg"}],"author":"Jeanette","twitter_card":"summary_large_image","twitter_creator":"@eldiario_net","twitter_site":"@eldiario_net","twitter_misc":{"Escrito por":"Jeanette","Tiempo de lectura":"2 minutos"},"schema":{"@context":"https:\/\/schema.org","@graph":[{"@type":"Article","@id":"https:\/\/www.eldiario.net\/portal\/2024\/11\/13\/proponen-desarrollo-del-hidrogeno-verde\/#article","isPartOf":{"@id":"https:\/\/www.eldiario.net\/portal\/2024\/11\/13\/proponen-desarrollo-del-hidrogeno-verde\/"},"author":{"name":"Jeanette","@id":"https:\/\/www.eldiario.net\/portal\/#\/schema\/person\/2c57cf2b7a7ae032e449e4c9b1019eac"},"headline":"Proponen desarrollo del \u201chidr\u00f3geno verde\u201d","datePublished":"2024-11-13T09:37:26+00:00","mainEntityOfPage":{"@id":"https:\/\/www.eldiario.net\/portal\/2024\/11\/13\/proponen-desarrollo-del-hidrogeno-verde\/"},"wordCount":357,"publisher":{"@id":"https:\/\/www.eldiario.net\/portal\/#organization"},"image":{"@id":"https:\/\/www.eldiario.net\/portal\/2024\/11\/13\/proponen-desarrollo-del-hidrogeno-verde\/#primaryimage"},"thumbnailUrl":"https:\/\/www.eldiario.net\/portal\/wp-content\/uploads\/2023\/12\/Economia.jpg","articleSection":["Econom\u00eda"],"inLanguage":"es"},{"@type":"WebPage","@id":"https:\/\/www.eldiario.net\/portal\/2024\/11\/13\/proponen-desarrollo-del-hidrogeno-verde\/","url":"https:\/\/www.eldiario.net\/portal\/2024\/11\/13\/proponen-desarrollo-del-hidrogeno-verde\/","name":"Proponen desarrollo del \u201chidr\u00f3geno verde\u201d - El Diario - Bolivia","isPartOf":{"@id":"https:\/\/www.eldiario.net\/portal\/#website"},"primaryImageOfPage":{"@id":"https:\/\/www.eldiario.net\/portal\/2024\/11\/13\/proponen-desarrollo-del-hidrogeno-verde\/#primaryimage"},"image":{"@id":"https:\/\/www.eldiario.net\/portal\/2024\/11\/13\/proponen-desarrollo-del-hidrogeno-verde\/#primaryimage"},"thumbnailUrl":"https:\/\/www.eldiario.net\/portal\/wp-content\/uploads\/2023\/12\/Economia.jpg","datePublished":"2024-11-13T09:37:26+00:00","breadcrumb":{"@id":"https:\/\/www.eldiario.net\/portal\/2024\/11\/13\/proponen-desarrollo-del-hidrogeno-verde\/#breadcrumb"},"inLanguage":"es","potentialAction":[{"@type":"ReadAction","target":["https:\/\/www.eldiario.net\/portal\/2024\/11\/13\/proponen-desarrollo-del-hidrogeno-verde\/"]}]},{"@type":"ImageObject","inLanguage":"es","@id":"https:\/\/www.eldiario.net\/portal\/2024\/11\/13\/proponen-desarrollo-del-hidrogeno-verde\/#primaryimage","url":"https:\/\/www.eldiario.net\/portal\/wp-content\/uploads\/2023\/12\/Economia.jpg","contentUrl":"https:\/\/www.eldiario.net\/portal\/wp-content\/uploads\/2023\/12\/Economia.jpg","width":800,"height":500},{"@type":"BreadcrumbList","@id":"https:\/\/www.eldiario.net\/portal\/2024\/11\/13\/proponen-desarrollo-del-hidrogeno-verde\/#breadcrumb","itemListElement":[{"@type":"ListItem","position":1,"name":"Portada","item":"https:\/\/www.eldiario.net\/portal\/"},{"@type":"ListItem","position":2,"name":"Proponen desarrollo del \u201chidr\u00f3geno verde\u201d"}]},{"@type":"WebSite","@id":"https:\/\/www.eldiario.net\/portal\/#website","url":"https:\/\/www.eldiario.net\/portal\/","name":"El Diario - Decano de la prensa nacional","description":"El Diario - Decano de la prensa nacional","publisher":{"@id":"https:\/\/www.eldiario.net\/portal\/#organization"},"potentialAction":[{"@type":"SearchAction","target":{"@type":"EntryPoint","urlTemplate":"https:\/\/www.eldiario.net\/portal\/?s={search_term_string}"},"query-input":{"@type":"PropertyValueSpecification","valueRequired":true,"valueName":"search_term_string"}}],"inLanguage":"es"},{"@type":"Organization","@id":"https:\/\/www.eldiario.net\/portal\/#organization","name":"El Diario - Decano de la prensa nacional","url":"https:\/\/www.eldiario.net\/portal\/","logo":{"@type":"ImageObject","inLanguage":"es","@id":"https:\/\/www.eldiario.net\/portal\/#\/schema\/logo\/image\/","url":"https:\/\/www.eldiario.net\/portal\/wp-content\/uploads\/2023\/07\/logo_ED.jpg","contentUrl":"https:\/\/www.eldiario.net\/portal\/wp-content\/uploads\/2023\/07\/logo_ED.jpg","width":272,"height":52,"caption":"El Diario - Decano de la prensa nacional"},"image":{"@id":"https:\/\/www.eldiario.net\/portal\/#\/schema\/logo\/image\/"},"sameAs":["https:\/\/www.facebook.com\/eldiario.bolivia\/","https:\/\/x.com\/eldiario_net"]},{"@type":"Person","@id":"https:\/\/www.eldiario.net\/portal\/#\/schema\/person\/2c57cf2b7a7ae032e449e4c9b1019eac","name":"Jeanette","image":{"@type":"ImageObject","inLanguage":"es","@id":"https:\/\/secure.gravatar.com\/avatar\/3ea2118a5f7dad2b7138b1187a6b7ee55f160b9968b66013c3a3ef39dd7e5798?s=96&d=mm&r=g","url":"https:\/\/secure.gravatar.com\/avatar\/3ea2118a5f7dad2b7138b1187a6b7ee55f160b9968b66013c3a3ef39dd7e5798?s=96&d=mm&r=g","contentUrl":"https:\/\/secure.gravatar.com\/avatar\/3ea2118a5f7dad2b7138b1187a6b7ee55f160b9968b66013c3a3ef39dd7e5798?s=96&d=mm&r=g","caption":"Jeanette"},"sameAs":["https:\/\/www.eldiario.net\/portal"],"url":"https:\/\/www.eldiario.net\/portal\/author\/jeanette\/"}]}},"_links":{"self":[{"href":"https:\/\/www.eldiario.net\/portal\/wp-json\/wp\/v2\/posts\/260636","targetHints":{"allow":["GET"]}}],"collection":[{"href":"https:\/\/www.eldiario.net\/portal\/wp-json\/wp\/v2\/posts"}],"about":[{"href":"https:\/\/www.eldiario.net\/portal\/wp-json\/wp\/v2\/types\/post"}],"author":[{"embeddable":true,"href":"https:\/\/www.eldiario.net\/portal\/wp-json\/wp\/v2\/users\/1"}],"replies":[{"embeddable":true,"href":"https:\/\/www.eldiario.net\/portal\/wp-json\/wp\/v2\/comments?post=260636"}],"version-history":[{"count":1,"href":"https:\/\/www.eldiario.net\/portal\/wp-json\/wp\/v2\/posts\/260636\/revisions"}],"predecessor-version":[{"id":260637,"href":"https:\/\/www.eldiario.net\/portal\/wp-json\/wp\/v2\/posts\/260636\/revisions\/260637"}],"wp:featuredmedia":[{"embeddable":true,"href":"https:\/\/www.eldiario.net\/portal\/wp-json\/wp\/v2\/media\/194689"}],"wp:attachment":[{"href":"https:\/\/www.eldiario.net\/portal\/wp-json\/wp\/v2\/media?parent=260636"}],"wp:term":[{"taxonomy":"category","embeddable":true,"href":"https:\/\/www.eldiario.net\/portal\/wp-json\/wp\/v2\/categories?post=260636"},{"taxonomy":"post_tag","embeddable":true,"href":"https:\/\/www.eldiario.net\/portal\/wp-json\/wp\/v2\/tags?post=260636"}],"curies":[{"name":"wp","href":"https:\/\/api.w.org\/{rel}","templated":true}]}}