{"id":260634,"date":"2024-11-13T05:36:43","date_gmt":"2024-11-13T09:36:43","guid":{"rendered":"https:\/\/www.eldiario.net\/portal\/?p=260634"},"modified":"2024-11-13T05:36:43","modified_gmt":"2024-11-13T09:36:43","slug":"sin-aumento-de-exportaciones-no-habra-reactivacion","status":"publish","type":"post","link":"https:\/\/www.eldiario.net\/portal\/2024\/11\/13\/sin-aumento-de-exportaciones-no-habra-reactivacion\/","title":{"rendered":"Sin aumento de exportaciones no habr\u00e1 reactivaci\u00f3n"},"content":{"rendered":"<p>En 1985, una devastadora crisis econ\u00f3mica puso fin a la etapa de estatismo desarrollista inspirada en el Plan Bohan y la CEPAL, e inici\u00f3 la etapa del libre mercado, un modelo que disminuy\u00f3 el control del Estado sobre la econom\u00eda e impuso una serie de reformas dirigidas a dinamizar la participaci\u00f3n del sector privado, fortalecer la diversificaci\u00f3n y, sobre todo, exportar.<br \/>\nEste proceso fue abruptamente interrumpido y reemplazado en 2006, por el modelo Econ\u00f3mico Social Comunitario Productivo (MESCP), un proyecto basado en el estatismo radical, control total de la econom\u00eda, rechazo al capital extranjero, concentraci\u00f3n en la inversi\u00f3n p\u00fablica y la demanda interna, e imposici\u00f3n de barreras a las exportaciones.<br \/>\nEl MESCP promet\u00eda que los excedentes generados por los sectores de hidrocarburos, miner\u00eda, electricidad y telecomunicaciones, bajo control estatal, se invertir\u00edan en desarrollar la industria manufacturera, turismo, vivienda, sector agropecuario y otros.<br \/>\nPasados 20 a\u00f1os de este experimento, el modelo demostr\u00f3 que era eficiente en el gasto, pero no en la generaci\u00f3n de riqueza, y hoy como resultado de su aplicaci\u00f3n, el sector hidrocarburos ha colapsado, la miner\u00eda estatal se ha estancado o es deficitaria, la crisis energ\u00e9tica es inminente, la industria manufacturera est\u00e1 a punto de la quiebra, el turismo es incipiente y el sector agropecuario est\u00e1 amenazado por la falta de carburantes, la crisis clim\u00e1tica y los conflictos sociales.<br \/>\nM\u00e1s all\u00e1 de los vac\u00edos y contradicciones del modelo, es evidente que impedir el desarrollo de las exportaciones y precarizar al sector privado fueron dos de sus m\u00e1s graves errores, lo que se evidencia en el hecho de que la ca\u00edda de las ventas de gas (su \u00fanico sustento) produjo su debacle.<br \/>\nMientras Bolivia optaba por una econom\u00eda endog\u00e1mica, los pa\u00edses de la regi\u00f3n diversificaban y masificaban su producci\u00f3n para incrementar sus vol\u00famenes de exportaci\u00f3n. Hoy, Per\u00fa exporta por un valor de 73 mil millones de d\u00f3lares, Paraguay 18 mil, Uruguay 21 mil, Chile 104 mil y Ecuador 35 mil, mientras que Bolivia no alcanza los 12 mil.<br \/>\nLas limitaciones de las exportaciones bolivianas no tienen que ver con los productos, los actores econ\u00f3micos o los mercados. Hace una semana, el gobierno actualiz\u00f3 el Cat\u00e1logo de la Oferta Exportable, que incluye 48 productos agr\u00edcolas certificados, al margen de los productos tradicionales, como soya, carne, girasol o quinua, los llamados s\u00faper alimentos, las manufacturas, forestales, artesanales, etc.<br \/>\nEn relaci\u00f3n a las empresas, Bolivia registr\u00f3 este a\u00f1o 4.613 Operadores dedicados a la exportaci\u00f3n, mientras que Per\u00fa alcanz\u00f3 a 9.331 en la gesti\u00f3n 2023, Paraguay 5.221, Colombia 9.228, Argentina 8.798 y Chile 6.680. Asimismo, los pa\u00edses del Mercosur, la CAN e incluso los BRICS, con quienes tenemos acuerdos, son oportunidades enormes que absorber\u00edan los productos y los vol\u00famenes que ofert\u00e1ramos.<br \/>\nLos problemas que dificultan las exportaciones nacen del modelo que bloque\u00f3 la inversi\u00f3n privada, impidi\u00f3 la diversificaci\u00f3n y dificult\u00f3 la producci\u00f3n a gran escala. Junto a esto, tenemos limitaciones, como una infraestructura deficiente, engorrosos tr\u00e1mites aduaneros, elevadas barreras arancelarias, impositivas y laborales, y conflictividad social.<br \/>\nLa eliminaci\u00f3n parcial de los cupos, la creaci\u00f3n de la Ventanilla \u00danica de Comercio Exterior, la autorizaci\u00f3n de eventos transg\u00e9nicos y la normalizaci\u00f3n de la devoluci\u00f3n de los Cedeims son medidas recientes que intentan remediar el da\u00f1o causado y revertir los efectos nocivos del MESP sobre el aparato exportador, sin embargo, resultan insuficientes para reactivarlo en el corto plazo.<br \/>\nFrente a la crisis m\u00faltiple que enfrenta el pa\u00eds, la liberaci\u00f3n plena y la promoci\u00f3n intensiva de las exportaciones es una soluci\u00f3n ineludible y urgente. El modelo econ\u00f3mico que se adopte en el futuro debe garantizar la vigencia de un sector exportador independiente y robusto, libre de restricciones, capaz de aumentar el ingreso de divisas, atraer inversiones, incentivar la modernizaci\u00f3n de procesos y apoyar una verdadera industrializaci\u00f3n.<br \/>\nPara llegar a este objetivo, es imprescindible eliminar las barreras que fueron dise\u00f1adas para impedir el desarrollo del sector privado, sin el cual ning\u00fan desarrollo ser\u00e1 sostenible, justo y eficiente.<\/p>\n<p>El autor es Industrial y ex Presidente de la Confederaci\u00f3n de Empresarios Privados de Bolivia.<\/p>\n","protected":false},"excerpt":{"rendered":"<p>En 1985, una devastadora crisis econ\u00f3mica puso fin a la etapa de estatismo desarrollista inspirada en el Plan Bohan y la CEPAL, e inici\u00f3 la etapa del libre mercado, un modelo que disminuy\u00f3 el control del Estado sobre la econom\u00eda e impuso una serie de reformas dirigidas a dinamizar la participaci\u00f3n del sector privado, fortalecer [&hellip;]<\/p>\n","protected":false},"author":1,"featured_media":188324,"comment_status":"closed","ping_status":"open","sticky":false,"template":"","format":"standard","meta":{"_acf_changed":false,"footnotes":""},"categories":[9],"tags":[],"class_list":["post-260634","post","type-post","status-publish","format-standard","has-post-thumbnail","category-opinion"],"acf":{"antetitulo":""},"yoast_head":"<!-- This site is optimized with the Yoast SEO plugin v28.4 - https:\/\/yoast.com\/product\/yoast-seo-wordpress\/ -->\n<title>Sin aumento de exportaciones no habr\u00e1 reactivaci\u00f3n - El Diario - Bolivia<\/title>\n<meta name=\"robots\" content=\"index, follow, max-snippet:-1, max-image-preview:large, max-video-preview:-1\" \/>\n<link rel=\"canonical\" href=\"https:\/\/www.eldiario.net\/portal\/2024\/11\/13\/sin-aumento-de-exportaciones-no-habra-reactivacion\/\" \/>\n<meta property=\"og:locale\" content=\"es_ES\" \/>\n<meta property=\"og:type\" content=\"article\" \/>\n<meta property=\"og:title\" content=\"Sin aumento de exportaciones no habr\u00e1 reactivaci\u00f3n - El Diario - Bolivia\" \/>\n<meta property=\"og:description\" content=\"En 1985, una devastadora crisis econ\u00f3mica puso fin a la etapa de estatismo desarrollista inspirada en el Plan Bohan y la CEPAL, e inici\u00f3 la etapa del libre mercado, un modelo que disminuy\u00f3 el control del Estado sobre la econom\u00eda e impuso una serie de reformas dirigidas a dinamizar la participaci\u00f3n del sector privado, fortalecer [&hellip;]\" \/>\n<meta property=\"og:url\" content=\"https:\/\/www.eldiario.net\/portal\/2024\/11\/13\/sin-aumento-de-exportaciones-no-habra-reactivacion\/\" \/>\n<meta property=\"og:site_name\" content=\"El Diario - Bolivia\" \/>\n<meta property=\"article:publisher\" content=\"https:\/\/www.facebook.com\/eldiario.bolivia\/\" \/>\n<meta property=\"article:published_time\" content=\"2024-11-13T09:36:43+00:00\" \/>\n<meta property=\"og:image\" content=\"https:\/\/www.eldiario.net\/portal\/wp-content\/uploads\/2023\/11\/Ronald-Nostas-Ardaya.jpg\" \/>\n\t<meta property=\"og:image:width\" content=\"1200\" \/>\n\t<meta property=\"og:image:height\" content=\"628\" \/>\n\t<meta property=\"og:image:type\" content=\"image\/jpeg\" \/>\n<meta name=\"author\" content=\"Jeanette\" \/>\n<meta name=\"twitter:card\" content=\"summary_large_image\" \/>\n<meta name=\"twitter:creator\" content=\"@eldiario_net\" \/>\n<meta name=\"twitter:site\" content=\"@eldiario_net\" \/>\n<meta name=\"twitter:label1\" content=\"Escrito por\" \/>\n\t<meta name=\"twitter:data1\" content=\"Jeanette\" \/>\n\t<meta name=\"twitter:label2\" content=\"Tiempo de lectura\" \/>\n\t<meta name=\"twitter:data2\" content=\"4 minutos\" \/>\n<script type=\"application\/ld+json\" class=\"yoast-schema-graph\">{\"@context\":\"https:\\\/\\\/schema.org\",\"@graph\":[{\"@type\":\"Article\",\"@id\":\"https:\\\/\\\/www.eldiario.net\\\/portal\\\/2024\\\/11\\\/13\\\/sin-aumento-de-exportaciones-no-habra-reactivacion\\\/#article\",\"isPartOf\":{\"@id\":\"https:\\\/\\\/www.eldiario.net\\\/portal\\\/2024\\\/11\\\/13\\\/sin-aumento-de-exportaciones-no-habra-reactivacion\\\/\"},\"author\":{\"name\":\"Jeanette\",\"@id\":\"https:\\\/\\\/www.eldiario.net\\\/portal\\\/#\\\/schema\\\/person\\\/2c57cf2b7a7ae032e449e4c9b1019eac\"},\"headline\":\"Sin aumento de exportaciones no habr\u00e1 reactivaci\u00f3n\",\"datePublished\":\"2024-11-13T09:36:43+00:00\",\"mainEntityOfPage\":{\"@id\":\"https:\\\/\\\/www.eldiario.net\\\/portal\\\/2024\\\/11\\\/13\\\/sin-aumento-de-exportaciones-no-habra-reactivacion\\\/\"},\"wordCount\":720,\"publisher\":{\"@id\":\"https:\\\/\\\/www.eldiario.net\\\/portal\\\/#organization\"},\"image\":{\"@id\":\"https:\\\/\\\/www.eldiario.net\\\/portal\\\/2024\\\/11\\\/13\\\/sin-aumento-de-exportaciones-no-habra-reactivacion\\\/#primaryimage\"},\"thumbnailUrl\":\"https:\\\/\\\/www.eldiario.net\\\/portal\\\/wp-content\\\/uploads\\\/2023\\\/11\\\/Ronald-Nostas-Ardaya.jpg\",\"articleSection\":[\"Opini\u00f3n\"],\"inLanguage\":\"es\"},{\"@type\":\"WebPage\",\"@id\":\"https:\\\/\\\/www.eldiario.net\\\/portal\\\/2024\\\/11\\\/13\\\/sin-aumento-de-exportaciones-no-habra-reactivacion\\\/\",\"url\":\"https:\\\/\\\/www.eldiario.net\\\/portal\\\/2024\\\/11\\\/13\\\/sin-aumento-de-exportaciones-no-habra-reactivacion\\\/\",\"name\":\"Sin aumento de exportaciones no habr\u00e1 reactivaci\u00f3n - El Diario - Bolivia\",\"isPartOf\":{\"@id\":\"https:\\\/\\\/www.eldiario.net\\\/portal\\\/#website\"},\"primaryImageOfPage\":{\"@id\":\"https:\\\/\\\/www.eldiario.net\\\/portal\\\/2024\\\/11\\\/13\\\/sin-aumento-de-exportaciones-no-habra-reactivacion\\\/#primaryimage\"},\"image\":{\"@id\":\"https:\\\/\\\/www.eldiario.net\\\/portal\\\/2024\\\/11\\\/13\\\/sin-aumento-de-exportaciones-no-habra-reactivacion\\\/#primaryimage\"},\"thumbnailUrl\":\"https:\\\/\\\/www.eldiario.net\\\/portal\\\/wp-content\\\/uploads\\\/2023\\\/11\\\/Ronald-Nostas-Ardaya.jpg\",\"datePublished\":\"2024-11-13T09:36:43+00:00\",\"breadcrumb\":{\"@id\":\"https:\\\/\\\/www.eldiario.net\\\/portal\\\/2024\\\/11\\\/13\\\/sin-aumento-de-exportaciones-no-habra-reactivacion\\\/#breadcrumb\"},\"inLanguage\":\"es\",\"potentialAction\":[{\"@type\":\"ReadAction\",\"target\":[\"https:\\\/\\\/www.eldiario.net\\\/portal\\\/2024\\\/11\\\/13\\\/sin-aumento-de-exportaciones-no-habra-reactivacion\\\/\"]}]},{\"@type\":\"ImageObject\",\"inLanguage\":\"es\",\"@id\":\"https:\\\/\\\/www.eldiario.net\\\/portal\\\/2024\\\/11\\\/13\\\/sin-aumento-de-exportaciones-no-habra-reactivacion\\\/#primaryimage\",\"url\":\"https:\\\/\\\/www.eldiario.net\\\/portal\\\/wp-content\\\/uploads\\\/2023\\\/11\\\/Ronald-Nostas-Ardaya.jpg\",\"contentUrl\":\"https:\\\/\\\/www.eldiario.net\\\/portal\\\/wp-content\\\/uploads\\\/2023\\\/11\\\/Ronald-Nostas-Ardaya.jpg\",\"width\":1200,\"height\":628,\"caption\":\"Ronald Nostas Ardaya\"},{\"@type\":\"BreadcrumbList\",\"@id\":\"https:\\\/\\\/www.eldiario.net\\\/portal\\\/2024\\\/11\\\/13\\\/sin-aumento-de-exportaciones-no-habra-reactivacion\\\/#breadcrumb\",\"itemListElement\":[{\"@type\":\"ListItem\",\"position\":1,\"name\":\"Portada\",\"item\":\"https:\\\/\\\/www.eldiario.net\\\/portal\\\/\"},{\"@type\":\"ListItem\",\"position\":2,\"name\":\"Sin aumento de exportaciones no habr\u00e1 reactivaci\u00f3n\"}]},{\"@type\":\"WebSite\",\"@id\":\"https:\\\/\\\/www.eldiario.net\\\/portal\\\/#website\",\"url\":\"https:\\\/\\\/www.eldiario.net\\\/portal\\\/\",\"name\":\"El Diario - Decano de la prensa nacional\",\"description\":\"El Diario - Decano de la prensa nacional\",\"publisher\":{\"@id\":\"https:\\\/\\\/www.eldiario.net\\\/portal\\\/#organization\"},\"potentialAction\":[{\"@type\":\"SearchAction\",\"target\":{\"@type\":\"EntryPoint\",\"urlTemplate\":\"https:\\\/\\\/www.eldiario.net\\\/portal\\\/?s={search_term_string}\"},\"query-input\":{\"@type\":\"PropertyValueSpecification\",\"valueRequired\":true,\"valueName\":\"search_term_string\"}}],\"inLanguage\":\"es\"},{\"@type\":\"Organization\",\"@id\":\"https:\\\/\\\/www.eldiario.net\\\/portal\\\/#organization\",\"name\":\"El Diario - Decano de la prensa nacional\",\"url\":\"https:\\\/\\\/www.eldiario.net\\\/portal\\\/\",\"logo\":{\"@type\":\"ImageObject\",\"inLanguage\":\"es\",\"@id\":\"https:\\\/\\\/www.eldiario.net\\\/portal\\\/#\\\/schema\\\/logo\\\/image\\\/\",\"url\":\"https:\\\/\\\/www.eldiario.net\\\/portal\\\/wp-content\\\/uploads\\\/2023\\\/07\\\/logo_ED.jpg\",\"contentUrl\":\"https:\\\/\\\/www.eldiario.net\\\/portal\\\/wp-content\\\/uploads\\\/2023\\\/07\\\/logo_ED.jpg\",\"width\":272,\"height\":52,\"caption\":\"El Diario - Decano de la prensa nacional\"},\"image\":{\"@id\":\"https:\\\/\\\/www.eldiario.net\\\/portal\\\/#\\\/schema\\\/logo\\\/image\\\/\"},\"sameAs\":[\"https:\\\/\\\/www.facebook.com\\\/eldiario.bolivia\\\/\",\"https:\\\/\\\/x.com\\\/eldiario_net\"]},{\"@type\":\"Person\",\"@id\":\"https:\\\/\\\/www.eldiario.net\\\/portal\\\/#\\\/schema\\\/person\\\/2c57cf2b7a7ae032e449e4c9b1019eac\",\"name\":\"Jeanette\",\"image\":{\"@type\":\"ImageObject\",\"inLanguage\":\"es\",\"@id\":\"https:\\\/\\\/secure.gravatar.com\\\/avatar\\\/3ea2118a5f7dad2b7138b1187a6b7ee55f160b9968b66013c3a3ef39dd7e5798?s=96&d=mm&r=g\",\"url\":\"https:\\\/\\\/secure.gravatar.com\\\/avatar\\\/3ea2118a5f7dad2b7138b1187a6b7ee55f160b9968b66013c3a3ef39dd7e5798?s=96&d=mm&r=g\",\"contentUrl\":\"https:\\\/\\\/secure.gravatar.com\\\/avatar\\\/3ea2118a5f7dad2b7138b1187a6b7ee55f160b9968b66013c3a3ef39dd7e5798?s=96&d=mm&r=g\",\"caption\":\"Jeanette\"},\"sameAs\":[\"https:\\\/\\\/www.eldiario.net\\\/portal\"],\"url\":\"https:\\\/\\\/www.eldiario.net\\\/portal\\\/author\\\/jeanette\\\/\"}]}<\/script>\n<!-- \/ Yoast SEO plugin. -->","yoast_head_json":{"title":"Sin aumento de exportaciones no habr\u00e1 reactivaci\u00f3n - El Diario - Bolivia","robots":{"index":"index","follow":"follow","max-snippet":"max-snippet:-1","max-image-preview":"max-image-preview:large","max-video-preview":"max-video-preview:-1"},"canonical":"https:\/\/www.eldiario.net\/portal\/2024\/11\/13\/sin-aumento-de-exportaciones-no-habra-reactivacion\/","og_locale":"es_ES","og_type":"article","og_title":"Sin aumento de exportaciones no habr\u00e1 reactivaci\u00f3n - El Diario - Bolivia","og_description":"En 1985, una devastadora crisis econ\u00f3mica puso fin a la etapa de estatismo desarrollista inspirada en el Plan Bohan y la CEPAL, e inici\u00f3 la etapa del libre mercado, un modelo que disminuy\u00f3 el control del Estado sobre la econom\u00eda e impuso una serie de reformas dirigidas a dinamizar la participaci\u00f3n del sector privado, fortalecer [&hellip;]","og_url":"https:\/\/www.eldiario.net\/portal\/2024\/11\/13\/sin-aumento-de-exportaciones-no-habra-reactivacion\/","og_site_name":"El Diario - Bolivia","article_publisher":"https:\/\/www.facebook.com\/eldiario.bolivia\/","article_published_time":"2024-11-13T09:36:43+00:00","og_image":[{"width":1200,"height":628,"url":"https:\/\/www.eldiario.net\/portal\/wp-content\/uploads\/2023\/11\/Ronald-Nostas-Ardaya.jpg","type":"image\/jpeg"}],"author":"Jeanette","twitter_card":"summary_large_image","twitter_creator":"@eldiario_net","twitter_site":"@eldiario_net","twitter_misc":{"Escrito por":"Jeanette","Tiempo de lectura":"4 minutos"},"schema":{"@context":"https:\/\/schema.org","@graph":[{"@type":"Article","@id":"https:\/\/www.eldiario.net\/portal\/2024\/11\/13\/sin-aumento-de-exportaciones-no-habra-reactivacion\/#article","isPartOf":{"@id":"https:\/\/www.eldiario.net\/portal\/2024\/11\/13\/sin-aumento-de-exportaciones-no-habra-reactivacion\/"},"author":{"name":"Jeanette","@id":"https:\/\/www.eldiario.net\/portal\/#\/schema\/person\/2c57cf2b7a7ae032e449e4c9b1019eac"},"headline":"Sin aumento de exportaciones no habr\u00e1 reactivaci\u00f3n","datePublished":"2024-11-13T09:36:43+00:00","mainEntityOfPage":{"@id":"https:\/\/www.eldiario.net\/portal\/2024\/11\/13\/sin-aumento-de-exportaciones-no-habra-reactivacion\/"},"wordCount":720,"publisher":{"@id":"https:\/\/www.eldiario.net\/portal\/#organization"},"image":{"@id":"https:\/\/www.eldiario.net\/portal\/2024\/11\/13\/sin-aumento-de-exportaciones-no-habra-reactivacion\/#primaryimage"},"thumbnailUrl":"https:\/\/www.eldiario.net\/portal\/wp-content\/uploads\/2023\/11\/Ronald-Nostas-Ardaya.jpg","articleSection":["Opini\u00f3n"],"inLanguage":"es"},{"@type":"WebPage","@id":"https:\/\/www.eldiario.net\/portal\/2024\/11\/13\/sin-aumento-de-exportaciones-no-habra-reactivacion\/","url":"https:\/\/www.eldiario.net\/portal\/2024\/11\/13\/sin-aumento-de-exportaciones-no-habra-reactivacion\/","name":"Sin aumento de exportaciones no habr\u00e1 reactivaci\u00f3n - El Diario - Bolivia","isPartOf":{"@id":"https:\/\/www.eldiario.net\/portal\/#website"},"primaryImageOfPage":{"@id":"https:\/\/www.eldiario.net\/portal\/2024\/11\/13\/sin-aumento-de-exportaciones-no-habra-reactivacion\/#primaryimage"},"image":{"@id":"https:\/\/www.eldiario.net\/portal\/2024\/11\/13\/sin-aumento-de-exportaciones-no-habra-reactivacion\/#primaryimage"},"thumbnailUrl":"https:\/\/www.eldiario.net\/portal\/wp-content\/uploads\/2023\/11\/Ronald-Nostas-Ardaya.jpg","datePublished":"2024-11-13T09:36:43+00:00","breadcrumb":{"@id":"https:\/\/www.eldiario.net\/portal\/2024\/11\/13\/sin-aumento-de-exportaciones-no-habra-reactivacion\/#breadcrumb"},"inLanguage":"es","potentialAction":[{"@type":"ReadAction","target":["https:\/\/www.eldiario.net\/portal\/2024\/11\/13\/sin-aumento-de-exportaciones-no-habra-reactivacion\/"]}]},{"@type":"ImageObject","inLanguage":"es","@id":"https:\/\/www.eldiario.net\/portal\/2024\/11\/13\/sin-aumento-de-exportaciones-no-habra-reactivacion\/#primaryimage","url":"https:\/\/www.eldiario.net\/portal\/wp-content\/uploads\/2023\/11\/Ronald-Nostas-Ardaya.jpg","contentUrl":"https:\/\/www.eldiario.net\/portal\/wp-content\/uploads\/2023\/11\/Ronald-Nostas-Ardaya.jpg","width":1200,"height":628,"caption":"Ronald Nostas Ardaya"},{"@type":"BreadcrumbList","@id":"https:\/\/www.eldiario.net\/portal\/2024\/11\/13\/sin-aumento-de-exportaciones-no-habra-reactivacion\/#breadcrumb","itemListElement":[{"@type":"ListItem","position":1,"name":"Portada","item":"https:\/\/www.eldiario.net\/portal\/"},{"@type":"ListItem","position":2,"name":"Sin aumento de exportaciones no habr\u00e1 reactivaci\u00f3n"}]},{"@type":"WebSite","@id":"https:\/\/www.eldiario.net\/portal\/#website","url":"https:\/\/www.eldiario.net\/portal\/","name":"El Diario - Decano de la prensa nacional","description":"El Diario - Decano de la prensa nacional","publisher":{"@id":"https:\/\/www.eldiario.net\/portal\/#organization"},"potentialAction":[{"@type":"SearchAction","target":{"@type":"EntryPoint","urlTemplate":"https:\/\/www.eldiario.net\/portal\/?s={search_term_string}"},"query-input":{"@type":"PropertyValueSpecification","valueRequired":true,"valueName":"search_term_string"}}],"inLanguage":"es"},{"@type":"Organization","@id":"https:\/\/www.eldiario.net\/portal\/#organization","name":"El Diario - Decano de la prensa nacional","url":"https:\/\/www.eldiario.net\/portal\/","logo":{"@type":"ImageObject","inLanguage":"es","@id":"https:\/\/www.eldiario.net\/portal\/#\/schema\/logo\/image\/","url":"https:\/\/www.eldiario.net\/portal\/wp-content\/uploads\/2023\/07\/logo_ED.jpg","contentUrl":"https:\/\/www.eldiario.net\/portal\/wp-content\/uploads\/2023\/07\/logo_ED.jpg","width":272,"height":52,"caption":"El Diario - Decano de la prensa nacional"},"image":{"@id":"https:\/\/www.eldiario.net\/portal\/#\/schema\/logo\/image\/"},"sameAs":["https:\/\/www.facebook.com\/eldiario.bolivia\/","https:\/\/x.com\/eldiario_net"]},{"@type":"Person","@id":"https:\/\/www.eldiario.net\/portal\/#\/schema\/person\/2c57cf2b7a7ae032e449e4c9b1019eac","name":"Jeanette","image":{"@type":"ImageObject","inLanguage":"es","@id":"https:\/\/secure.gravatar.com\/avatar\/3ea2118a5f7dad2b7138b1187a6b7ee55f160b9968b66013c3a3ef39dd7e5798?s=96&d=mm&r=g","url":"https:\/\/secure.gravatar.com\/avatar\/3ea2118a5f7dad2b7138b1187a6b7ee55f160b9968b66013c3a3ef39dd7e5798?s=96&d=mm&r=g","contentUrl":"https:\/\/secure.gravatar.com\/avatar\/3ea2118a5f7dad2b7138b1187a6b7ee55f160b9968b66013c3a3ef39dd7e5798?s=96&d=mm&r=g","caption":"Jeanette"},"sameAs":["https:\/\/www.eldiario.net\/portal"],"url":"https:\/\/www.eldiario.net\/portal\/author\/jeanette\/"}]}},"_links":{"self":[{"href":"https:\/\/www.eldiario.net\/portal\/wp-json\/wp\/v2\/posts\/260634","targetHints":{"allow":["GET"]}}],"collection":[{"href":"https:\/\/www.eldiario.net\/portal\/wp-json\/wp\/v2\/posts"}],"about":[{"href":"https:\/\/www.eldiario.net\/portal\/wp-json\/wp\/v2\/types\/post"}],"author":[{"embeddable":true,"href":"https:\/\/www.eldiario.net\/portal\/wp-json\/wp\/v2\/users\/1"}],"replies":[{"embeddable":true,"href":"https:\/\/www.eldiario.net\/portal\/wp-json\/wp\/v2\/comments?post=260634"}],"version-history":[{"count":1,"href":"https:\/\/www.eldiario.net\/portal\/wp-json\/wp\/v2\/posts\/260634\/revisions"}],"predecessor-version":[{"id":260635,"href":"https:\/\/www.eldiario.net\/portal\/wp-json\/wp\/v2\/posts\/260634\/revisions\/260635"}],"wp:featuredmedia":[{"embeddable":true,"href":"https:\/\/www.eldiario.net\/portal\/wp-json\/wp\/v2\/media\/188324"}],"wp:attachment":[{"href":"https:\/\/www.eldiario.net\/portal\/wp-json\/wp\/v2\/media?parent=260634"}],"wp:term":[{"taxonomy":"category","embeddable":true,"href":"https:\/\/www.eldiario.net\/portal\/wp-json\/wp\/v2\/categories?post=260634"},{"taxonomy":"post_tag","embeddable":true,"href":"https:\/\/www.eldiario.net\/portal\/wp-json\/wp\/v2\/tags?post=260634"}],"curies":[{"name":"wp","href":"https:\/\/api.w.org\/{rel}","templated":true}]}}