{"id":26048,"date":"2021-08-27T06:16:34","date_gmt":"2021-08-27T10:16:34","guid":{"rendered":"https:\/\/www.eldiario.net\/portal\/?p=26048"},"modified":"2021-08-27T06:16:34","modified_gmt":"2021-08-27T10:16:34","slug":"ministro-asegura-que-aun-no-hay-cuarta-ola-en-el-pais","status":"publish","type":"post","link":"https:\/\/www.eldiario.net\/portal\/2021\/08\/27\/ministro-asegura-que-aun-no-hay-cuarta-ola-en-el-pais\/","title":{"rendered":"Ministro asegura que a\u00fan no hay cuarta ola en el pa\u00eds"},"content":{"rendered":"<p>El ministro de Salud, Jeyson Auza, afirm\u00f3 que a\u00fan no est\u00e1 presente una posible cuarta ola en ning\u00fan departamento del pa\u00eds y pidi\u00f3 contar con datos fidedignos para no generar alarma en la poblaci\u00f3n.<br \/>\n\u201cQuisi\u00e9ramos conocer cu\u00e1l el c\u00e1lculo epidemiol\u00f3gico de aquellas personas que afirman que la cuarta ola se est\u00e1 iniciando, debemos ser serios en nuestras manifestaciones, para esta \u00faltima semana hemos reportado en el pa\u00eds un descenso de menos cuatro por ciento, en el pa\u00eds estamos en una desescalada, no podemos decir cu\u00e1ndo va a iniciar la cuarta ola, los datos son los que van a determinar en qu\u00e9 momento se inicia y en este momento no se est\u00e1 iniciando la posible cuarta ola en ning\u00fan departamento\u201d, enfatiz\u00f3 en una rueda de prensa.<br \/>\nEl secretario de Salud de la Alcald\u00eda de Cochabamba, An\u00edbal Cruz, declar\u00f3 en las \u00faltimas horas que ya estar\u00eda presente una cuarta ola en esa regi\u00f3n, mientras que el Sedes Santa Cruz emiti\u00f3 una alerta roja ante una presencia de la misma.<br \/>\nConsultado sobre esas alertas, el Ministro de Salud reiter\u00f3 que el pa\u00eds se encuentra en una etapa de desescalada, misma que si bien en la semana epidemiol\u00f3gica 32 mostr\u00f3 un incremento, en la 33 se tuvo un descenso de menos cuatro puntos porcentuales, lo que indica que en cada uno de los departamentos se tienen menor cantidad de casos.<br \/>\n\u201cSi bien la semana epidemiol\u00f3gica anterior a esta \u00faltima hemos tenido una elevaci\u00f3n de casos en algunos departamentos, esta elevaci\u00f3n es significativa porque son pocos los casos que manejamos y el incremento de uno, dos o cinco casos significa un incremento porcentual elevado, eso no significa que se haya iniciado la cuarta ola\u201d, precis\u00f3.<br \/>\nAuza inform\u00f3 que pese a anuncios \u201cagoreros de personajes\u201d que intentan generar incertidumbre en la poblaci\u00f3n, la cartera de Estado que dirige ya hace varias semanas comenz\u00f3 a tomar los recaudos correspondientes en prevenci\u00f3n a una posible cuarta ola, con la entrega de medicamentos anticovid e insumos m\u00e9dicos a los hospitales de segundo y tercer nivel, pese a ser responsabilidad y competencias de los gobiernos subnacionales.<\/p>\n","protected":false},"excerpt":{"rendered":"<p>El ministro de Salud, Jeyson Auza, afirm\u00f3 que a\u00fan no est\u00e1 presente una posible cuarta ola en ning\u00fan departamento del pa\u00eds y pidi\u00f3 contar con datos fidedignos para no generar alarma en la poblaci\u00f3n. \u201cQuisi\u00e9ramos conocer cu\u00e1l el c\u00e1lculo epidemiol\u00f3gico de aquellas personas que afirman que la cuarta ola se est\u00e1 iniciando, debemos ser serios [&hellip;]<\/p>\n","protected":false},"author":1,"featured_media":0,"comment_status":"closed","ping_status":"closed","sticky":false,"template":"","format":"standard","meta":{"_acf_changed":false,"footnotes":""},"categories":[12],"tags":[],"class_list":["post-26048","post","type-post","status-publish","format-standard","category-nacional"],"acf":{"antetitulo":""},"yoast_head":"<!-- This site is optimized with the Yoast SEO plugin v28.4 - https:\/\/yoast.com\/product\/yoast-seo-wordpress\/ -->\n<title>Ministro asegura que a\u00fan no hay cuarta ola en el pa\u00eds - El Diario - Bolivia<\/title>\n<meta name=\"robots\" content=\"index, follow, max-snippet:-1, max-image-preview:large, max-video-preview:-1\" \/>\n<link rel=\"canonical\" href=\"https:\/\/www.eldiario.net\/portal\/2021\/08\/27\/ministro-asegura-que-aun-no-hay-cuarta-ola-en-el-pais\/\" \/>\n<meta property=\"og:locale\" content=\"es_ES\" \/>\n<meta property=\"og:type\" content=\"article\" \/>\n<meta property=\"og:title\" content=\"Ministro asegura que a\u00fan no hay cuarta ola en el pa\u00eds - El Diario - Bolivia\" \/>\n<meta property=\"og:description\" content=\"El ministro de Salud, Jeyson Auza, afirm\u00f3 que a\u00fan no est\u00e1 presente una posible cuarta ola en ning\u00fan departamento del pa\u00eds y pidi\u00f3 contar con datos fidedignos para no generar alarma en la poblaci\u00f3n. \u201cQuisi\u00e9ramos conocer cu\u00e1l el c\u00e1lculo epidemiol\u00f3gico de aquellas personas que afirman que la cuarta ola se est\u00e1 iniciando, debemos ser serios [&hellip;]\" \/>\n<meta property=\"og:url\" content=\"https:\/\/www.eldiario.net\/portal\/2021\/08\/27\/ministro-asegura-que-aun-no-hay-cuarta-ola-en-el-pais\/\" \/>\n<meta property=\"og:site_name\" content=\"El Diario - Bolivia\" \/>\n<meta property=\"article:publisher\" content=\"https:\/\/www.facebook.com\/eldiario.bolivia\/\" \/>\n<meta property=\"article:published_time\" content=\"2021-08-27T10:16:34+00:00\" \/>\n<meta name=\"author\" content=\"Jeanette\" \/>\n<meta name=\"twitter:card\" content=\"summary_large_image\" \/>\n<meta name=\"twitter:creator\" content=\"@eldiario_net\" \/>\n<meta name=\"twitter:site\" content=\"@eldiario_net\" \/>\n<meta name=\"twitter:label1\" content=\"Escrito por\" \/>\n\t<meta name=\"twitter:data1\" content=\"Jeanette\" \/>\n\t<meta name=\"twitter:label2\" content=\"Tiempo de lectura\" \/>\n\t<meta name=\"twitter:data2\" content=\"2 minutos\" \/>\n<script type=\"application\/ld+json\" class=\"yoast-schema-graph\">{\"@context\":\"https:\\\/\\\/schema.org\",\"@graph\":[{\"@type\":\"Article\",\"@id\":\"https:\\\/\\\/www.eldiario.net\\\/portal\\\/2021\\\/08\\\/27\\\/ministro-asegura-que-aun-no-hay-cuarta-ola-en-el-pais\\\/#article\",\"isPartOf\":{\"@id\":\"https:\\\/\\\/www.eldiario.net\\\/portal\\\/2021\\\/08\\\/27\\\/ministro-asegura-que-aun-no-hay-cuarta-ola-en-el-pais\\\/\"},\"author\":{\"name\":\"Jeanette\",\"@id\":\"https:\\\/\\\/www.eldiario.net\\\/portal\\\/#\\\/schema\\\/person\\\/2c57cf2b7a7ae032e449e4c9b1019eac\"},\"headline\":\"Ministro asegura que a\u00fan no hay cuarta ola en el pa\u00eds\",\"datePublished\":\"2021-08-27T10:16:34+00:00\",\"mainEntityOfPage\":{\"@id\":\"https:\\\/\\\/www.eldiario.net\\\/portal\\\/2021\\\/08\\\/27\\\/ministro-asegura-que-aun-no-hay-cuarta-ola-en-el-pais\\\/\"},\"wordCount\":381,\"publisher\":{\"@id\":\"https:\\\/\\\/www.eldiario.net\\\/portal\\\/#organization\"},\"articleSection\":[\"Nacional\"],\"inLanguage\":\"es\"},{\"@type\":\"WebPage\",\"@id\":\"https:\\\/\\\/www.eldiario.net\\\/portal\\\/2021\\\/08\\\/27\\\/ministro-asegura-que-aun-no-hay-cuarta-ola-en-el-pais\\\/\",\"url\":\"https:\\\/\\\/www.eldiario.net\\\/portal\\\/2021\\\/08\\\/27\\\/ministro-asegura-que-aun-no-hay-cuarta-ola-en-el-pais\\\/\",\"name\":\"Ministro asegura que a\u00fan no hay cuarta ola en el pa\u00eds - El Diario - Bolivia\",\"isPartOf\":{\"@id\":\"https:\\\/\\\/www.eldiario.net\\\/portal\\\/#website\"},\"datePublished\":\"2021-08-27T10:16:34+00:00\",\"breadcrumb\":{\"@id\":\"https:\\\/\\\/www.eldiario.net\\\/portal\\\/2021\\\/08\\\/27\\\/ministro-asegura-que-aun-no-hay-cuarta-ola-en-el-pais\\\/#breadcrumb\"},\"inLanguage\":\"es\",\"potentialAction\":[{\"@type\":\"ReadAction\",\"target\":[\"https:\\\/\\\/www.eldiario.net\\\/portal\\\/2021\\\/08\\\/27\\\/ministro-asegura-que-aun-no-hay-cuarta-ola-en-el-pais\\\/\"]}]},{\"@type\":\"BreadcrumbList\",\"@id\":\"https:\\\/\\\/www.eldiario.net\\\/portal\\\/2021\\\/08\\\/27\\\/ministro-asegura-que-aun-no-hay-cuarta-ola-en-el-pais\\\/#breadcrumb\",\"itemListElement\":[{\"@type\":\"ListItem\",\"position\":1,\"name\":\"Portada\",\"item\":\"https:\\\/\\\/www.eldiario.net\\\/portal\\\/\"},{\"@type\":\"ListItem\",\"position\":2,\"name\":\"Ministro asegura que a\u00fan no hay cuarta ola en el pa\u00eds\"}]},{\"@type\":\"WebSite\",\"@id\":\"https:\\\/\\\/www.eldiario.net\\\/portal\\\/#website\",\"url\":\"https:\\\/\\\/www.eldiario.net\\\/portal\\\/\",\"name\":\"El Diario - Decano de la prensa nacional\",\"description\":\"El Diario - Decano de la prensa nacional\",\"publisher\":{\"@id\":\"https:\\\/\\\/www.eldiario.net\\\/portal\\\/#organization\"},\"potentialAction\":[{\"@type\":\"SearchAction\",\"target\":{\"@type\":\"EntryPoint\",\"urlTemplate\":\"https:\\\/\\\/www.eldiario.net\\\/portal\\\/?s={search_term_string}\"},\"query-input\":{\"@type\":\"PropertyValueSpecification\",\"valueRequired\":true,\"valueName\":\"search_term_string\"}}],\"inLanguage\":\"es\"},{\"@type\":\"Organization\",\"@id\":\"https:\\\/\\\/www.eldiario.net\\\/portal\\\/#organization\",\"name\":\"El Diario - Decano de la prensa nacional\",\"url\":\"https:\\\/\\\/www.eldiario.net\\\/portal\\\/\",\"logo\":{\"@type\":\"ImageObject\",\"inLanguage\":\"es\",\"@id\":\"https:\\\/\\\/www.eldiario.net\\\/portal\\\/#\\\/schema\\\/logo\\\/image\\\/\",\"url\":\"https:\\\/\\\/www.eldiario.net\\\/portal\\\/wp-content\\\/uploads\\\/2023\\\/07\\\/logo_ED.jpg\",\"contentUrl\":\"https:\\\/\\\/www.eldiario.net\\\/portal\\\/wp-content\\\/uploads\\\/2023\\\/07\\\/logo_ED.jpg\",\"width\":272,\"height\":52,\"caption\":\"El Diario - Decano de la prensa nacional\"},\"image\":{\"@id\":\"https:\\\/\\\/www.eldiario.net\\\/portal\\\/#\\\/schema\\\/logo\\\/image\\\/\"},\"sameAs\":[\"https:\\\/\\\/www.facebook.com\\\/eldiario.bolivia\\\/\",\"https:\\\/\\\/x.com\\\/eldiario_net\"]},{\"@type\":\"Person\",\"@id\":\"https:\\\/\\\/www.eldiario.net\\\/portal\\\/#\\\/schema\\\/person\\\/2c57cf2b7a7ae032e449e4c9b1019eac\",\"name\":\"Jeanette\",\"image\":{\"@type\":\"ImageObject\",\"inLanguage\":\"es\",\"@id\":\"https:\\\/\\\/secure.gravatar.com\\\/avatar\\\/3ea2118a5f7dad2b7138b1187a6b7ee55f160b9968b66013c3a3ef39dd7e5798?s=96&d=mm&r=g\",\"url\":\"https:\\\/\\\/secure.gravatar.com\\\/avatar\\\/3ea2118a5f7dad2b7138b1187a6b7ee55f160b9968b66013c3a3ef39dd7e5798?s=96&d=mm&r=g\",\"contentUrl\":\"https:\\\/\\\/secure.gravatar.com\\\/avatar\\\/3ea2118a5f7dad2b7138b1187a6b7ee55f160b9968b66013c3a3ef39dd7e5798?s=96&d=mm&r=g\",\"caption\":\"Jeanette\"},\"sameAs\":[\"https:\\\/\\\/www.eldiario.net\\\/portal\"],\"url\":\"https:\\\/\\\/www.eldiario.net\\\/portal\\\/author\\\/jeanette\\\/\"}]}<\/script>\n<!-- \/ Yoast SEO plugin. -->","yoast_head_json":{"title":"Ministro asegura que a\u00fan no hay cuarta ola en el pa\u00eds - El Diario - Bolivia","robots":{"index":"index","follow":"follow","max-snippet":"max-snippet:-1","max-image-preview":"max-image-preview:large","max-video-preview":"max-video-preview:-1"},"canonical":"https:\/\/www.eldiario.net\/portal\/2021\/08\/27\/ministro-asegura-que-aun-no-hay-cuarta-ola-en-el-pais\/","og_locale":"es_ES","og_type":"article","og_title":"Ministro asegura que a\u00fan no hay cuarta ola en el pa\u00eds - El Diario - Bolivia","og_description":"El ministro de Salud, Jeyson Auza, afirm\u00f3 que a\u00fan no est\u00e1 presente una posible cuarta ola en ning\u00fan departamento del pa\u00eds y pidi\u00f3 contar con datos fidedignos para no generar alarma en la poblaci\u00f3n. \u201cQuisi\u00e9ramos conocer cu\u00e1l el c\u00e1lculo epidemiol\u00f3gico de aquellas personas que afirman que la cuarta ola se est\u00e1 iniciando, debemos ser serios [&hellip;]","og_url":"https:\/\/www.eldiario.net\/portal\/2021\/08\/27\/ministro-asegura-que-aun-no-hay-cuarta-ola-en-el-pais\/","og_site_name":"El Diario - Bolivia","article_publisher":"https:\/\/www.facebook.com\/eldiario.bolivia\/","article_published_time":"2021-08-27T10:16:34+00:00","author":"Jeanette","twitter_card":"summary_large_image","twitter_creator":"@eldiario_net","twitter_site":"@eldiario_net","twitter_misc":{"Escrito por":"Jeanette","Tiempo de lectura":"2 minutos"},"schema":{"@context":"https:\/\/schema.org","@graph":[{"@type":"Article","@id":"https:\/\/www.eldiario.net\/portal\/2021\/08\/27\/ministro-asegura-que-aun-no-hay-cuarta-ola-en-el-pais\/#article","isPartOf":{"@id":"https:\/\/www.eldiario.net\/portal\/2021\/08\/27\/ministro-asegura-que-aun-no-hay-cuarta-ola-en-el-pais\/"},"author":{"name":"Jeanette","@id":"https:\/\/www.eldiario.net\/portal\/#\/schema\/person\/2c57cf2b7a7ae032e449e4c9b1019eac"},"headline":"Ministro asegura que a\u00fan no hay cuarta ola en el pa\u00eds","datePublished":"2021-08-27T10:16:34+00:00","mainEntityOfPage":{"@id":"https:\/\/www.eldiario.net\/portal\/2021\/08\/27\/ministro-asegura-que-aun-no-hay-cuarta-ola-en-el-pais\/"},"wordCount":381,"publisher":{"@id":"https:\/\/www.eldiario.net\/portal\/#organization"},"articleSection":["Nacional"],"inLanguage":"es"},{"@type":"WebPage","@id":"https:\/\/www.eldiario.net\/portal\/2021\/08\/27\/ministro-asegura-que-aun-no-hay-cuarta-ola-en-el-pais\/","url":"https:\/\/www.eldiario.net\/portal\/2021\/08\/27\/ministro-asegura-que-aun-no-hay-cuarta-ola-en-el-pais\/","name":"Ministro asegura que a\u00fan no hay cuarta ola en el pa\u00eds - El Diario - Bolivia","isPartOf":{"@id":"https:\/\/www.eldiario.net\/portal\/#website"},"datePublished":"2021-08-27T10:16:34+00:00","breadcrumb":{"@id":"https:\/\/www.eldiario.net\/portal\/2021\/08\/27\/ministro-asegura-que-aun-no-hay-cuarta-ola-en-el-pais\/#breadcrumb"},"inLanguage":"es","potentialAction":[{"@type":"ReadAction","target":["https:\/\/www.eldiario.net\/portal\/2021\/08\/27\/ministro-asegura-que-aun-no-hay-cuarta-ola-en-el-pais\/"]}]},{"@type":"BreadcrumbList","@id":"https:\/\/www.eldiario.net\/portal\/2021\/08\/27\/ministro-asegura-que-aun-no-hay-cuarta-ola-en-el-pais\/#breadcrumb","itemListElement":[{"@type":"ListItem","position":1,"name":"Portada","item":"https:\/\/www.eldiario.net\/portal\/"},{"@type":"ListItem","position":2,"name":"Ministro asegura que a\u00fan no hay cuarta ola en el pa\u00eds"}]},{"@type":"WebSite","@id":"https:\/\/www.eldiario.net\/portal\/#website","url":"https:\/\/www.eldiario.net\/portal\/","name":"El Diario - Decano de la prensa nacional","description":"El Diario - Decano de la prensa nacional","publisher":{"@id":"https:\/\/www.eldiario.net\/portal\/#organization"},"potentialAction":[{"@type":"SearchAction","target":{"@type":"EntryPoint","urlTemplate":"https:\/\/www.eldiario.net\/portal\/?s={search_term_string}"},"query-input":{"@type":"PropertyValueSpecification","valueRequired":true,"valueName":"search_term_string"}}],"inLanguage":"es"},{"@type":"Organization","@id":"https:\/\/www.eldiario.net\/portal\/#organization","name":"El Diario - Decano de la prensa nacional","url":"https:\/\/www.eldiario.net\/portal\/","logo":{"@type":"ImageObject","inLanguage":"es","@id":"https:\/\/www.eldiario.net\/portal\/#\/schema\/logo\/image\/","url":"https:\/\/www.eldiario.net\/portal\/wp-content\/uploads\/2023\/07\/logo_ED.jpg","contentUrl":"https:\/\/www.eldiario.net\/portal\/wp-content\/uploads\/2023\/07\/logo_ED.jpg","width":272,"height":52,"caption":"El Diario - Decano de la prensa nacional"},"image":{"@id":"https:\/\/www.eldiario.net\/portal\/#\/schema\/logo\/image\/"},"sameAs":["https:\/\/www.facebook.com\/eldiario.bolivia\/","https:\/\/x.com\/eldiario_net"]},{"@type":"Person","@id":"https:\/\/www.eldiario.net\/portal\/#\/schema\/person\/2c57cf2b7a7ae032e449e4c9b1019eac","name":"Jeanette","image":{"@type":"ImageObject","inLanguage":"es","@id":"https:\/\/secure.gravatar.com\/avatar\/3ea2118a5f7dad2b7138b1187a6b7ee55f160b9968b66013c3a3ef39dd7e5798?s=96&d=mm&r=g","url":"https:\/\/secure.gravatar.com\/avatar\/3ea2118a5f7dad2b7138b1187a6b7ee55f160b9968b66013c3a3ef39dd7e5798?s=96&d=mm&r=g","contentUrl":"https:\/\/secure.gravatar.com\/avatar\/3ea2118a5f7dad2b7138b1187a6b7ee55f160b9968b66013c3a3ef39dd7e5798?s=96&d=mm&r=g","caption":"Jeanette"},"sameAs":["https:\/\/www.eldiario.net\/portal"],"url":"https:\/\/www.eldiario.net\/portal\/author\/jeanette\/"}]}},"_links":{"self":[{"href":"https:\/\/www.eldiario.net\/portal\/wp-json\/wp\/v2\/posts\/26048","targetHints":{"allow":["GET"]}}],"collection":[{"href":"https:\/\/www.eldiario.net\/portal\/wp-json\/wp\/v2\/posts"}],"about":[{"href":"https:\/\/www.eldiario.net\/portal\/wp-json\/wp\/v2\/types\/post"}],"author":[{"embeddable":true,"href":"https:\/\/www.eldiario.net\/portal\/wp-json\/wp\/v2\/users\/1"}],"replies":[{"embeddable":true,"href":"https:\/\/www.eldiario.net\/portal\/wp-json\/wp\/v2\/comments?post=26048"}],"version-history":[{"count":0,"href":"https:\/\/www.eldiario.net\/portal\/wp-json\/wp\/v2\/posts\/26048\/revisions"}],"wp:attachment":[{"href":"https:\/\/www.eldiario.net\/portal\/wp-json\/wp\/v2\/media?parent=26048"}],"wp:term":[{"taxonomy":"category","embeddable":true,"href":"https:\/\/www.eldiario.net\/portal\/wp-json\/wp\/v2\/categories?post=26048"},{"taxonomy":"post_tag","embeddable":true,"href":"https:\/\/www.eldiario.net\/portal\/wp-json\/wp\/v2\/tags?post=26048"}],"curies":[{"name":"wp","href":"https:\/\/api.w.org\/{rel}","templated":true}]}}