{"id":26043,"date":"2021-08-27T06:15:51","date_gmt":"2021-08-27T10:15:51","guid":{"rendered":"https:\/\/www.eldiario.net\/portal\/?p=26043"},"modified":"2021-08-27T06:15:51","modified_gmt":"2021-08-27T10:15:51","slug":"vecinos-de-zonas-alejadas-piden-reparacion-de-calles","status":"publish","type":"post","link":"https:\/\/www.eldiario.net\/portal\/2021\/08\/27\/vecinos-de-zonas-alejadas-piden-reparacion-de-calles\/","title":{"rendered":"Vecinos de zonas alejadas piden reparaci\u00f3n de calles"},"content":{"rendered":"<p>Decenas de vecinos de zonas alejadas del centro de La Paz expresaron su preocupaci\u00f3n por el mal estado de sus calles, a pesar de la promesa del alcalde Arias de reparar prontamente sus accidentadas v\u00edas, afirmaron que solamente se procede al arreglo en los lugares m\u00e1s visibles de la ciudad y se olvid\u00f3 de los barrios perif\u00e9ricos.<br \/>\nEn las villas de toda la urbe existen calles descuidadas, los baches contin\u00faan, en los barrios de la zona Sur tambi\u00e9n hay zonas olvidadas que est\u00e1n lejos de las principales avenidas de ese sector, parte de Mallasa; Lomas del Sur, en Achumani; Chasquipampa entre otras sufren el deterioro de los veh\u00edculos por el mal estado de las v\u00edas.<br \/>\n\u201cPor varios meses esperamos que las cuadrillas de obreros municipales se presenten por estos sectores, pero no aparecieron, a pesar de la promesa del Alcalde, solo las calles del centro y las de mayor circulaci\u00f3n son reparadas\u201d, afirm\u00f3 un vecino de un barrio de Achimani.<br \/>\nLos pobladores de varias zonas alejadas reiteraron su esperanza de que sus barrios tambi\u00e9n sean atendidos por las autoridades municipales de La Paz.<br \/>\nPor otro lado, la Alcald\u00eda de La Paz inform\u00f3 sobre la refacci\u00f3n de 2.062 metros cuadrados de calles y avenidas de los distritos 1 y 2 del macrodistrito Centro con adoquines, piedra y bacheos, y estas tareas se hicieron desde mayo hasta el viernes 20 de agosto.<br \/>\n\u201cEl trabajo est\u00e1 dividido en cuatro actividades que viene a ser la reconformaci\u00f3n de v\u00edas adoquinadas, bacheos con asfalto fr\u00edo, reconformaci\u00f3n de v\u00eda empedrada y bacheo de asfalto con Emav\u00edas (Empresa Municipal de V\u00edas y Asfalto), en un trabajo conjunto\u201d, inform\u00f3 recientemente la subalcaldesa del Centro, Jaqueline Chavarr\u00eda.<br \/>\nDel total de v\u00edas arregladas, 1.634 metros cuadrados corresponden a reparaci\u00f3n de baches y 243 metros cuadrados a reconformaci\u00f3n de v\u00edas adoquinadas, adem\u00e1s de otro tipo de trabajos. Las v\u00edas mejoradas se encuentran sobre todo en el norte y centro de Miraflores.<\/p>\n","protected":false},"excerpt":{"rendered":"<p>Decenas de vecinos de zonas alejadas del centro de La Paz expresaron su preocupaci\u00f3n por el mal estado de sus calles, a pesar de la promesa del alcalde Arias de reparar prontamente sus accidentadas v\u00edas, afirmaron que solamente se procede al arreglo en los lugares m\u00e1s visibles de la ciudad y se olvid\u00f3 de los [&hellip;]<\/p>\n","protected":false},"author":1,"featured_media":26044,"comment_status":"closed","ping_status":"closed","sticky":false,"template":"","format":"standard","meta":{"_acf_changed":false,"footnotes":""},"categories":[12],"tags":[],"class_list":["post-26043","post","type-post","status-publish","format-standard","has-post-thumbnail","category-nacional"],"acf":{"antetitulo":""},"yoast_head":"<!-- This site is optimized with the Yoast SEO plugin v28.4 - https:\/\/yoast.com\/product\/yoast-seo-wordpress\/ -->\n<title>Vecinos de zonas alejadas piden reparaci\u00f3n de calles - El Diario - Bolivia<\/title>\n<meta name=\"robots\" content=\"index, follow, max-snippet:-1, max-image-preview:large, max-video-preview:-1\" \/>\n<link rel=\"canonical\" href=\"https:\/\/www.eldiario.net\/portal\/2021\/08\/27\/vecinos-de-zonas-alejadas-piden-reparacion-de-calles\/\" \/>\n<meta property=\"og:locale\" content=\"es_ES\" \/>\n<meta property=\"og:type\" content=\"article\" \/>\n<meta property=\"og:title\" content=\"Vecinos de zonas alejadas piden reparaci\u00f3n de calles - El Diario - Bolivia\" \/>\n<meta property=\"og:description\" content=\"Decenas de vecinos de zonas alejadas del centro de La Paz expresaron su preocupaci\u00f3n por el mal estado de sus calles, a pesar de la promesa del alcalde Arias de reparar prontamente sus accidentadas v\u00edas, afirmaron que solamente se procede al arreglo en los lugares m\u00e1s visibles de la ciudad y se olvid\u00f3 de los [&hellip;]\" \/>\n<meta property=\"og:url\" content=\"https:\/\/www.eldiario.net\/portal\/2021\/08\/27\/vecinos-de-zonas-alejadas-piden-reparacion-de-calles\/\" \/>\n<meta property=\"og:site_name\" content=\"El Diario - Bolivia\" \/>\n<meta property=\"article:publisher\" content=\"https:\/\/www.facebook.com\/eldiario.bolivia\/\" \/>\n<meta property=\"article:published_time\" content=\"2021-08-27T10:15:51+00:00\" \/>\n<meta name=\"author\" content=\"Jeanette\" \/>\n<meta name=\"twitter:card\" content=\"summary_large_image\" \/>\n<meta name=\"twitter:creator\" content=\"@eldiario_net\" \/>\n<meta name=\"twitter:site\" content=\"@eldiario_net\" \/>\n<meta name=\"twitter:label1\" content=\"Escrito por\" \/>\n\t<meta name=\"twitter:data1\" content=\"Jeanette\" \/>\n\t<meta name=\"twitter:label2\" content=\"Tiempo de lectura\" \/>\n\t<meta name=\"twitter:data2\" content=\"2 minutos\" \/>\n<script type=\"application\/ld+json\" class=\"yoast-schema-graph\">{\"@context\":\"https:\\\/\\\/schema.org\",\"@graph\":[{\"@type\":\"Article\",\"@id\":\"https:\\\/\\\/www.eldiario.net\\\/portal\\\/2021\\\/08\\\/27\\\/vecinos-de-zonas-alejadas-piden-reparacion-de-calles\\\/#article\",\"isPartOf\":{\"@id\":\"https:\\\/\\\/www.eldiario.net\\\/portal\\\/2021\\\/08\\\/27\\\/vecinos-de-zonas-alejadas-piden-reparacion-de-calles\\\/\"},\"author\":{\"name\":\"Jeanette\",\"@id\":\"https:\\\/\\\/www.eldiario.net\\\/portal\\\/#\\\/schema\\\/person\\\/2c57cf2b7a7ae032e449e4c9b1019eac\"},\"headline\":\"Vecinos de zonas alejadas piden reparaci\u00f3n de calles\",\"datePublished\":\"2021-08-27T10:15:51+00:00\",\"mainEntityOfPage\":{\"@id\":\"https:\\\/\\\/www.eldiario.net\\\/portal\\\/2021\\\/08\\\/27\\\/vecinos-de-zonas-alejadas-piden-reparacion-de-calles\\\/\"},\"wordCount\":350,\"publisher\":{\"@id\":\"https:\\\/\\\/www.eldiario.net\\\/portal\\\/#organization\"},\"image\":{\"@id\":\"https:\\\/\\\/www.eldiario.net\\\/portal\\\/2021\\\/08\\\/27\\\/vecinos-de-zonas-alejadas-piden-reparacion-de-calles\\\/#primaryimage\"},\"thumbnailUrl\":\"\",\"articleSection\":[\"Nacional\"],\"inLanguage\":\"es\"},{\"@type\":\"WebPage\",\"@id\":\"https:\\\/\\\/www.eldiario.net\\\/portal\\\/2021\\\/08\\\/27\\\/vecinos-de-zonas-alejadas-piden-reparacion-de-calles\\\/\",\"url\":\"https:\\\/\\\/www.eldiario.net\\\/portal\\\/2021\\\/08\\\/27\\\/vecinos-de-zonas-alejadas-piden-reparacion-de-calles\\\/\",\"name\":\"Vecinos de zonas alejadas piden reparaci\u00f3n de calles - El Diario - Bolivia\",\"isPartOf\":{\"@id\":\"https:\\\/\\\/www.eldiario.net\\\/portal\\\/#website\"},\"primaryImageOfPage\":{\"@id\":\"https:\\\/\\\/www.eldiario.net\\\/portal\\\/2021\\\/08\\\/27\\\/vecinos-de-zonas-alejadas-piden-reparacion-de-calles\\\/#primaryimage\"},\"image\":{\"@id\":\"https:\\\/\\\/www.eldiario.net\\\/portal\\\/2021\\\/08\\\/27\\\/vecinos-de-zonas-alejadas-piden-reparacion-de-calles\\\/#primaryimage\"},\"thumbnailUrl\":\"\",\"datePublished\":\"2021-08-27T10:15:51+00:00\",\"breadcrumb\":{\"@id\":\"https:\\\/\\\/www.eldiario.net\\\/portal\\\/2021\\\/08\\\/27\\\/vecinos-de-zonas-alejadas-piden-reparacion-de-calles\\\/#breadcrumb\"},\"inLanguage\":\"es\",\"potentialAction\":[{\"@type\":\"ReadAction\",\"target\":[\"https:\\\/\\\/www.eldiario.net\\\/portal\\\/2021\\\/08\\\/27\\\/vecinos-de-zonas-alejadas-piden-reparacion-de-calles\\\/\"]}]},{\"@type\":\"ImageObject\",\"inLanguage\":\"es\",\"@id\":\"https:\\\/\\\/www.eldiario.net\\\/portal\\\/2021\\\/08\\\/27\\\/vecinos-de-zonas-alejadas-piden-reparacion-de-calles\\\/#primaryimage\",\"url\":\"\",\"contentUrl\":\"\"},{\"@type\":\"BreadcrumbList\",\"@id\":\"https:\\\/\\\/www.eldiario.net\\\/portal\\\/2021\\\/08\\\/27\\\/vecinos-de-zonas-alejadas-piden-reparacion-de-calles\\\/#breadcrumb\",\"itemListElement\":[{\"@type\":\"ListItem\",\"position\":1,\"name\":\"Portada\",\"item\":\"https:\\\/\\\/www.eldiario.net\\\/portal\\\/\"},{\"@type\":\"ListItem\",\"position\":2,\"name\":\"Vecinos de zonas alejadas piden reparaci\u00f3n de calles\"}]},{\"@type\":\"WebSite\",\"@id\":\"https:\\\/\\\/www.eldiario.net\\\/portal\\\/#website\",\"url\":\"https:\\\/\\\/www.eldiario.net\\\/portal\\\/\",\"name\":\"El Diario - Decano de la prensa nacional\",\"description\":\"El Diario - Decano de la prensa nacional\",\"publisher\":{\"@id\":\"https:\\\/\\\/www.eldiario.net\\\/portal\\\/#organization\"},\"potentialAction\":[{\"@type\":\"SearchAction\",\"target\":{\"@type\":\"EntryPoint\",\"urlTemplate\":\"https:\\\/\\\/www.eldiario.net\\\/portal\\\/?s={search_term_string}\"},\"query-input\":{\"@type\":\"PropertyValueSpecification\",\"valueRequired\":true,\"valueName\":\"search_term_string\"}}],\"inLanguage\":\"es\"},{\"@type\":\"Organization\",\"@id\":\"https:\\\/\\\/www.eldiario.net\\\/portal\\\/#organization\",\"name\":\"El Diario - Decano de la prensa nacional\",\"url\":\"https:\\\/\\\/www.eldiario.net\\\/portal\\\/\",\"logo\":{\"@type\":\"ImageObject\",\"inLanguage\":\"es\",\"@id\":\"https:\\\/\\\/www.eldiario.net\\\/portal\\\/#\\\/schema\\\/logo\\\/image\\\/\",\"url\":\"https:\\\/\\\/www.eldiario.net\\\/portal\\\/wp-content\\\/uploads\\\/2023\\\/07\\\/logo_ED.jpg\",\"contentUrl\":\"https:\\\/\\\/www.eldiario.net\\\/portal\\\/wp-content\\\/uploads\\\/2023\\\/07\\\/logo_ED.jpg\",\"width\":272,\"height\":52,\"caption\":\"El Diario - Decano de la prensa nacional\"},\"image\":{\"@id\":\"https:\\\/\\\/www.eldiario.net\\\/portal\\\/#\\\/schema\\\/logo\\\/image\\\/\"},\"sameAs\":[\"https:\\\/\\\/www.facebook.com\\\/eldiario.bolivia\\\/\",\"https:\\\/\\\/x.com\\\/eldiario_net\"]},{\"@type\":\"Person\",\"@id\":\"https:\\\/\\\/www.eldiario.net\\\/portal\\\/#\\\/schema\\\/person\\\/2c57cf2b7a7ae032e449e4c9b1019eac\",\"name\":\"Jeanette\",\"image\":{\"@type\":\"ImageObject\",\"inLanguage\":\"es\",\"@id\":\"https:\\\/\\\/secure.gravatar.com\\\/avatar\\\/3ea2118a5f7dad2b7138b1187a6b7ee55f160b9968b66013c3a3ef39dd7e5798?s=96&d=mm&r=g\",\"url\":\"https:\\\/\\\/secure.gravatar.com\\\/avatar\\\/3ea2118a5f7dad2b7138b1187a6b7ee55f160b9968b66013c3a3ef39dd7e5798?s=96&d=mm&r=g\",\"contentUrl\":\"https:\\\/\\\/secure.gravatar.com\\\/avatar\\\/3ea2118a5f7dad2b7138b1187a6b7ee55f160b9968b66013c3a3ef39dd7e5798?s=96&d=mm&r=g\",\"caption\":\"Jeanette\"},\"sameAs\":[\"https:\\\/\\\/www.eldiario.net\\\/portal\"],\"url\":\"https:\\\/\\\/www.eldiario.net\\\/portal\\\/author\\\/jeanette\\\/\"}]}<\/script>\n<!-- \/ Yoast SEO plugin. -->","yoast_head_json":{"title":"Vecinos de zonas alejadas piden reparaci\u00f3n de calles - El Diario - Bolivia","robots":{"index":"index","follow":"follow","max-snippet":"max-snippet:-1","max-image-preview":"max-image-preview:large","max-video-preview":"max-video-preview:-1"},"canonical":"https:\/\/www.eldiario.net\/portal\/2021\/08\/27\/vecinos-de-zonas-alejadas-piden-reparacion-de-calles\/","og_locale":"es_ES","og_type":"article","og_title":"Vecinos de zonas alejadas piden reparaci\u00f3n de calles - El Diario - Bolivia","og_description":"Decenas de vecinos de zonas alejadas del centro de La Paz expresaron su preocupaci\u00f3n por el mal estado de sus calles, a pesar de la promesa del alcalde Arias de reparar prontamente sus accidentadas v\u00edas, afirmaron que solamente se procede al arreglo en los lugares m\u00e1s visibles de la ciudad y se olvid\u00f3 de los [&hellip;]","og_url":"https:\/\/www.eldiario.net\/portal\/2021\/08\/27\/vecinos-de-zonas-alejadas-piden-reparacion-de-calles\/","og_site_name":"El Diario - Bolivia","article_publisher":"https:\/\/www.facebook.com\/eldiario.bolivia\/","article_published_time":"2021-08-27T10:15:51+00:00","author":"Jeanette","twitter_card":"summary_large_image","twitter_creator":"@eldiario_net","twitter_site":"@eldiario_net","twitter_misc":{"Escrito por":"Jeanette","Tiempo de lectura":"2 minutos"},"schema":{"@context":"https:\/\/schema.org","@graph":[{"@type":"Article","@id":"https:\/\/www.eldiario.net\/portal\/2021\/08\/27\/vecinos-de-zonas-alejadas-piden-reparacion-de-calles\/#article","isPartOf":{"@id":"https:\/\/www.eldiario.net\/portal\/2021\/08\/27\/vecinos-de-zonas-alejadas-piden-reparacion-de-calles\/"},"author":{"name":"Jeanette","@id":"https:\/\/www.eldiario.net\/portal\/#\/schema\/person\/2c57cf2b7a7ae032e449e4c9b1019eac"},"headline":"Vecinos de zonas alejadas piden reparaci\u00f3n de calles","datePublished":"2021-08-27T10:15:51+00:00","mainEntityOfPage":{"@id":"https:\/\/www.eldiario.net\/portal\/2021\/08\/27\/vecinos-de-zonas-alejadas-piden-reparacion-de-calles\/"},"wordCount":350,"publisher":{"@id":"https:\/\/www.eldiario.net\/portal\/#organization"},"image":{"@id":"https:\/\/www.eldiario.net\/portal\/2021\/08\/27\/vecinos-de-zonas-alejadas-piden-reparacion-de-calles\/#primaryimage"},"thumbnailUrl":"","articleSection":["Nacional"],"inLanguage":"es"},{"@type":"WebPage","@id":"https:\/\/www.eldiario.net\/portal\/2021\/08\/27\/vecinos-de-zonas-alejadas-piden-reparacion-de-calles\/","url":"https:\/\/www.eldiario.net\/portal\/2021\/08\/27\/vecinos-de-zonas-alejadas-piden-reparacion-de-calles\/","name":"Vecinos de zonas alejadas piden reparaci\u00f3n de calles - El Diario - Bolivia","isPartOf":{"@id":"https:\/\/www.eldiario.net\/portal\/#website"},"primaryImageOfPage":{"@id":"https:\/\/www.eldiario.net\/portal\/2021\/08\/27\/vecinos-de-zonas-alejadas-piden-reparacion-de-calles\/#primaryimage"},"image":{"@id":"https:\/\/www.eldiario.net\/portal\/2021\/08\/27\/vecinos-de-zonas-alejadas-piden-reparacion-de-calles\/#primaryimage"},"thumbnailUrl":"","datePublished":"2021-08-27T10:15:51+00:00","breadcrumb":{"@id":"https:\/\/www.eldiario.net\/portal\/2021\/08\/27\/vecinos-de-zonas-alejadas-piden-reparacion-de-calles\/#breadcrumb"},"inLanguage":"es","potentialAction":[{"@type":"ReadAction","target":["https:\/\/www.eldiario.net\/portal\/2021\/08\/27\/vecinos-de-zonas-alejadas-piden-reparacion-de-calles\/"]}]},{"@type":"ImageObject","inLanguage":"es","@id":"https:\/\/www.eldiario.net\/portal\/2021\/08\/27\/vecinos-de-zonas-alejadas-piden-reparacion-de-calles\/#primaryimage","url":"","contentUrl":""},{"@type":"BreadcrumbList","@id":"https:\/\/www.eldiario.net\/portal\/2021\/08\/27\/vecinos-de-zonas-alejadas-piden-reparacion-de-calles\/#breadcrumb","itemListElement":[{"@type":"ListItem","position":1,"name":"Portada","item":"https:\/\/www.eldiario.net\/portal\/"},{"@type":"ListItem","position":2,"name":"Vecinos de zonas alejadas piden reparaci\u00f3n de calles"}]},{"@type":"WebSite","@id":"https:\/\/www.eldiario.net\/portal\/#website","url":"https:\/\/www.eldiario.net\/portal\/","name":"El Diario - Decano de la prensa nacional","description":"El Diario - Decano de la prensa nacional","publisher":{"@id":"https:\/\/www.eldiario.net\/portal\/#organization"},"potentialAction":[{"@type":"SearchAction","target":{"@type":"EntryPoint","urlTemplate":"https:\/\/www.eldiario.net\/portal\/?s={search_term_string}"},"query-input":{"@type":"PropertyValueSpecification","valueRequired":true,"valueName":"search_term_string"}}],"inLanguage":"es"},{"@type":"Organization","@id":"https:\/\/www.eldiario.net\/portal\/#organization","name":"El Diario - Decano de la prensa nacional","url":"https:\/\/www.eldiario.net\/portal\/","logo":{"@type":"ImageObject","inLanguage":"es","@id":"https:\/\/www.eldiario.net\/portal\/#\/schema\/logo\/image\/","url":"https:\/\/www.eldiario.net\/portal\/wp-content\/uploads\/2023\/07\/logo_ED.jpg","contentUrl":"https:\/\/www.eldiario.net\/portal\/wp-content\/uploads\/2023\/07\/logo_ED.jpg","width":272,"height":52,"caption":"El Diario - Decano de la prensa nacional"},"image":{"@id":"https:\/\/www.eldiario.net\/portal\/#\/schema\/logo\/image\/"},"sameAs":["https:\/\/www.facebook.com\/eldiario.bolivia\/","https:\/\/x.com\/eldiario_net"]},{"@type":"Person","@id":"https:\/\/www.eldiario.net\/portal\/#\/schema\/person\/2c57cf2b7a7ae032e449e4c9b1019eac","name":"Jeanette","image":{"@type":"ImageObject","inLanguage":"es","@id":"https:\/\/secure.gravatar.com\/avatar\/3ea2118a5f7dad2b7138b1187a6b7ee55f160b9968b66013c3a3ef39dd7e5798?s=96&d=mm&r=g","url":"https:\/\/secure.gravatar.com\/avatar\/3ea2118a5f7dad2b7138b1187a6b7ee55f160b9968b66013c3a3ef39dd7e5798?s=96&d=mm&r=g","contentUrl":"https:\/\/secure.gravatar.com\/avatar\/3ea2118a5f7dad2b7138b1187a6b7ee55f160b9968b66013c3a3ef39dd7e5798?s=96&d=mm&r=g","caption":"Jeanette"},"sameAs":["https:\/\/www.eldiario.net\/portal"],"url":"https:\/\/www.eldiario.net\/portal\/author\/jeanette\/"}]}},"_links":{"self":[{"href":"https:\/\/www.eldiario.net\/portal\/wp-json\/wp\/v2\/posts\/26043","targetHints":{"allow":["GET"]}}],"collection":[{"href":"https:\/\/www.eldiario.net\/portal\/wp-json\/wp\/v2\/posts"}],"about":[{"href":"https:\/\/www.eldiario.net\/portal\/wp-json\/wp\/v2\/types\/post"}],"author":[{"embeddable":true,"href":"https:\/\/www.eldiario.net\/portal\/wp-json\/wp\/v2\/users\/1"}],"replies":[{"embeddable":true,"href":"https:\/\/www.eldiario.net\/portal\/wp-json\/wp\/v2\/comments?post=26043"}],"version-history":[{"count":0,"href":"https:\/\/www.eldiario.net\/portal\/wp-json\/wp\/v2\/posts\/26043\/revisions"}],"wp:attachment":[{"href":"https:\/\/www.eldiario.net\/portal\/wp-json\/wp\/v2\/media?parent=26043"}],"wp:term":[{"taxonomy":"category","embeddable":true,"href":"https:\/\/www.eldiario.net\/portal\/wp-json\/wp\/v2\/categories?post=26043"},{"taxonomy":"post_tag","embeddable":true,"href":"https:\/\/www.eldiario.net\/portal\/wp-json\/wp\/v2\/tags?post=26043"}],"curies":[{"name":"wp","href":"https:\/\/api.w.org\/{rel}","templated":true}]}}