{"id":26040,"date":"2021-08-27T06:14:35","date_gmt":"2021-08-27T10:14:35","guid":{"rendered":"https:\/\/www.eldiario.net\/portal\/?p=26040"},"modified":"2021-08-27T06:14:35","modified_gmt":"2021-08-27T10:14:35","slug":"comision-constata-situacion-de-precariedad-en-salud-de-anez","status":"publish","type":"post","link":"https:\/\/www.eldiario.net\/portal\/2021\/08\/27\/comision-constata-situacion-de-precariedad-en-salud-de-anez\/","title":{"rendered":"Comisi\u00f3n constata situaci\u00f3n de  precariedad en salud de A\u00f1ez"},"content":{"rendered":"<p>Una comisi\u00f3n de Derechos Humanos constat\u00f3 la \u201csituaci\u00f3n precaria\u201d del estado de salud de la expresidenta Jeanine A\u00f1ez y se espera que en una sesi\u00f3n de esta instancia se pueda determinar la petici\u00f3n de medidas sustitutivas para que la exautoridad pueda asumir su defensa en libertad.<br \/>\nLuego de la visita al Centro de Orientaci\u00f3n Femenina (COF) de Miraflores, por parte de parlamentarios miembros de la Comisi\u00f3n de Derechos Humanos de la C\u00e1mara de Diputados y otra delegaci\u00f3n de la c\u00e1mara alta, la diputada por Comunidad Ciudadana (CC) Pamela Alurralde inform\u00f3 que se logr\u00f3 constatar el deteriorado estado de salud de la expresidenta Jeanine A\u00f1ez; en las siguientes horas se espera que una sesi\u00f3n de esta instancia determine la petici\u00f3n de medidas sustitutivas para que pueda asumir su defensa en libertad.<br \/>\nMiembros de esta comisi\u00f3n parlamentaria, conformada por dos diputados del Movimiento al Socialismo y una de Comunidad Ciudadana, ingresaron al penal de Miraflores para constatar el estado de salud de A\u00f1ez y para escuchar las demandas de las reclusas que en los \u00faltimos d\u00edas se movilizaron por presuntos tratos preferentes para la exmandataria.<br \/>\nLa representante de la agrupaci\u00f3n de Comunidad Ciudadana fue la \u00fanica parlamentaria que logr\u00f3 tener contacto con la expresidenta por lo que expres\u00f3 su preocupaci\u00f3n ante el estado depresivo que presenta y el notorio adelgazamiento en su contextura f\u00edsica.<br \/>\n\u201cEst\u00e1 muy delgada (&#8230;) obviamente cu\u00e1ntos meses est\u00e1 detenida, m\u00e1s de cinco, est\u00e1 en un cuadro de depresi\u00f3n, es lo que he visto porque he sido la \u00fanica que ha entrado. Ella me ha dicho que es violentada por el r\u00e9gimen penitenciario\u201d, manifest\u00f3.<br \/>\nAdelant\u00f3 que se espera que los m\u00e9dicos encargados entreguen toda la documentaci\u00f3n sobre el estado de salud de A\u00f1ez y su situaci\u00f3n ser\u00e1 evaluada por esta comisi\u00f3n para determinar si corresponde la solicitud de medidas sustitutivas a la detenci\u00f3n.<br \/>\n\u201cLos m\u00e9dicos nos van a pasar el informe de todo lo que han estado haciendo con ella en torno a la salud pero vamos a hacer nosotros una evaluaci\u00f3n en una sesi\u00f3n de comisi\u00f3n\u201d, indic\u00f3 Alurralde.<br \/>\nA pesar de que la comisi\u00f3n de Derechos Humanos, conformada por legisladores del oficialismo y la oposici\u00f3n, ingres\u00f3 al penal de Miraflores, la exmandataria decidi\u00f3 no recibir a los representantes del partido en funci\u00f3n de gobierno.<br \/>\nLos integrantes de la Comisi\u00f3n de Derechos Humanos de la C\u00e1mara de Diputados intentaron entrevistarse con Jeanine A\u00f1ez en la c\u00e1rcel de Miraflores, sin embargo, la expresidenta rechaz\u00f3 hablar con legisladores del MAS y solo recibi\u00f3 a la diputada de Comunidad Ciudadana, Pamela Alurralde.<br \/>\n\u201cNo ha querido recibir a los dos diputados del Movimiento al Socialismo y he sido la \u00fanica que ha podido entrar a ver en la situaci\u00f3n en la que est\u00e1. Les digo a fe de mujer que ella est\u00e1 realmente deprimida, est\u00e1 en una situaci\u00f3n de salud precaria\u201d, dijo Alurralde.<br \/>\nPor su parte, el diputado Gustavo Jauregui (MAS), presidente de la Comisi\u00f3n de Derechos Humanos, indic\u00f3 que es la segunda vez que A\u00f1ez niega ser visitada por todos los integrantes del ente legislativo.<br \/>\n\u201cHemos sido tan amplios que hemos permitido que tambi\u00e9n ingrese solamente la representaci\u00f3n de Comunidad Ciudadana\u201d, se\u00f1al\u00f3 el oficialista.<\/p>\n","protected":false},"excerpt":{"rendered":"<p>Una comisi\u00f3n de Derechos Humanos constat\u00f3 la \u201csituaci\u00f3n precaria\u201d del estado de salud de la expresidenta Jeanine A\u00f1ez y se espera que en una sesi\u00f3n de esta instancia se pueda determinar la petici\u00f3n de medidas sustitutivas para que la exautoridad pueda asumir su defensa en libertad. Luego de la visita al Centro de Orientaci\u00f3n Femenina [&hellip;]<\/p>\n","protected":false},"author":1,"featured_media":26041,"comment_status":"closed","ping_status":"closed","sticky":false,"template":"","format":"standard","meta":{"_acf_changed":false,"footnotes":""},"categories":[14],"tags":[],"class_list":["post-26040","post","type-post","status-publish","format-standard","has-post-thumbnail","category-politica"],"acf":{"antetitulo":""},"yoast_head":"<!-- This site is optimized with the Yoast SEO plugin v28.4 - https:\/\/yoast.com\/product\/yoast-seo-wordpress\/ -->\n<title>Comisi\u00f3n constata situaci\u00f3n de precariedad en salud de A\u00f1ez - El Diario - Bolivia<\/title>\n<meta name=\"robots\" content=\"index, follow, max-snippet:-1, max-image-preview:large, max-video-preview:-1\" \/>\n<link rel=\"canonical\" href=\"https:\/\/www.eldiario.net\/portal\/2021\/08\/27\/comision-constata-situacion-de-precariedad-en-salud-de-anez\/\" \/>\n<meta property=\"og:locale\" content=\"es_ES\" \/>\n<meta property=\"og:type\" content=\"article\" \/>\n<meta property=\"og:title\" content=\"Comisi\u00f3n constata situaci\u00f3n de precariedad en salud de A\u00f1ez - El Diario - Bolivia\" \/>\n<meta property=\"og:description\" content=\"Una comisi\u00f3n de Derechos Humanos constat\u00f3 la \u201csituaci\u00f3n precaria\u201d del estado de salud de la expresidenta Jeanine A\u00f1ez y se espera que en una sesi\u00f3n de esta instancia se pueda determinar la petici\u00f3n de medidas sustitutivas para que la exautoridad pueda asumir su defensa en libertad. Luego de la visita al Centro de Orientaci\u00f3n Femenina [&hellip;]\" \/>\n<meta property=\"og:url\" content=\"https:\/\/www.eldiario.net\/portal\/2021\/08\/27\/comision-constata-situacion-de-precariedad-en-salud-de-anez\/\" \/>\n<meta property=\"og:site_name\" content=\"El Diario - Bolivia\" \/>\n<meta property=\"article:publisher\" content=\"https:\/\/www.facebook.com\/eldiario.bolivia\/\" \/>\n<meta property=\"article:published_time\" content=\"2021-08-27T10:14:35+00:00\" \/>\n<meta name=\"author\" content=\"Jeanette\" \/>\n<meta name=\"twitter:card\" content=\"summary_large_image\" \/>\n<meta name=\"twitter:creator\" content=\"@eldiario_net\" \/>\n<meta name=\"twitter:site\" content=\"@eldiario_net\" \/>\n<meta name=\"twitter:label1\" content=\"Escrito por\" \/>\n\t<meta name=\"twitter:data1\" content=\"Jeanette\" \/>\n\t<meta name=\"twitter:label2\" content=\"Tiempo de lectura\" \/>\n\t<meta name=\"twitter:data2\" content=\"3 minutos\" \/>\n<script type=\"application\/ld+json\" class=\"yoast-schema-graph\">{\"@context\":\"https:\\\/\\\/schema.org\",\"@graph\":[{\"@type\":\"Article\",\"@id\":\"https:\\\/\\\/www.eldiario.net\\\/portal\\\/2021\\\/08\\\/27\\\/comision-constata-situacion-de-precariedad-en-salud-de-anez\\\/#article\",\"isPartOf\":{\"@id\":\"https:\\\/\\\/www.eldiario.net\\\/portal\\\/2021\\\/08\\\/27\\\/comision-constata-situacion-de-precariedad-en-salud-de-anez\\\/\"},\"author\":{\"name\":\"Jeanette\",\"@id\":\"https:\\\/\\\/www.eldiario.net\\\/portal\\\/#\\\/schema\\\/person\\\/2c57cf2b7a7ae032e449e4c9b1019eac\"},\"headline\":\"Comisi\u00f3n constata situaci\u00f3n de precariedad en salud de A\u00f1ez\",\"datePublished\":\"2021-08-27T10:14:35+00:00\",\"mainEntityOfPage\":{\"@id\":\"https:\\\/\\\/www.eldiario.net\\\/portal\\\/2021\\\/08\\\/27\\\/comision-constata-situacion-de-precariedad-en-salud-de-anez\\\/\"},\"wordCount\":580,\"publisher\":{\"@id\":\"https:\\\/\\\/www.eldiario.net\\\/portal\\\/#organization\"},\"image\":{\"@id\":\"https:\\\/\\\/www.eldiario.net\\\/portal\\\/2021\\\/08\\\/27\\\/comision-constata-situacion-de-precariedad-en-salud-de-anez\\\/#primaryimage\"},\"thumbnailUrl\":\"\",\"articleSection\":[\"Pol\u00edtica\"],\"inLanguage\":\"es\"},{\"@type\":\"WebPage\",\"@id\":\"https:\\\/\\\/www.eldiario.net\\\/portal\\\/2021\\\/08\\\/27\\\/comision-constata-situacion-de-precariedad-en-salud-de-anez\\\/\",\"url\":\"https:\\\/\\\/www.eldiario.net\\\/portal\\\/2021\\\/08\\\/27\\\/comision-constata-situacion-de-precariedad-en-salud-de-anez\\\/\",\"name\":\"Comisi\u00f3n constata situaci\u00f3n de precariedad en salud de A\u00f1ez - El Diario - Bolivia\",\"isPartOf\":{\"@id\":\"https:\\\/\\\/www.eldiario.net\\\/portal\\\/#website\"},\"primaryImageOfPage\":{\"@id\":\"https:\\\/\\\/www.eldiario.net\\\/portal\\\/2021\\\/08\\\/27\\\/comision-constata-situacion-de-precariedad-en-salud-de-anez\\\/#primaryimage\"},\"image\":{\"@id\":\"https:\\\/\\\/www.eldiario.net\\\/portal\\\/2021\\\/08\\\/27\\\/comision-constata-situacion-de-precariedad-en-salud-de-anez\\\/#primaryimage\"},\"thumbnailUrl\":\"\",\"datePublished\":\"2021-08-27T10:14:35+00:00\",\"breadcrumb\":{\"@id\":\"https:\\\/\\\/www.eldiario.net\\\/portal\\\/2021\\\/08\\\/27\\\/comision-constata-situacion-de-precariedad-en-salud-de-anez\\\/#breadcrumb\"},\"inLanguage\":\"es\",\"potentialAction\":[{\"@type\":\"ReadAction\",\"target\":[\"https:\\\/\\\/www.eldiario.net\\\/portal\\\/2021\\\/08\\\/27\\\/comision-constata-situacion-de-precariedad-en-salud-de-anez\\\/\"]}]},{\"@type\":\"ImageObject\",\"inLanguage\":\"es\",\"@id\":\"https:\\\/\\\/www.eldiario.net\\\/portal\\\/2021\\\/08\\\/27\\\/comision-constata-situacion-de-precariedad-en-salud-de-anez\\\/#primaryimage\",\"url\":\"\",\"contentUrl\":\"\"},{\"@type\":\"BreadcrumbList\",\"@id\":\"https:\\\/\\\/www.eldiario.net\\\/portal\\\/2021\\\/08\\\/27\\\/comision-constata-situacion-de-precariedad-en-salud-de-anez\\\/#breadcrumb\",\"itemListElement\":[{\"@type\":\"ListItem\",\"position\":1,\"name\":\"Portada\",\"item\":\"https:\\\/\\\/www.eldiario.net\\\/portal\\\/\"},{\"@type\":\"ListItem\",\"position\":2,\"name\":\"Comisi\u00f3n constata situaci\u00f3n de precariedad en salud de A\u00f1ez\"}]},{\"@type\":\"WebSite\",\"@id\":\"https:\\\/\\\/www.eldiario.net\\\/portal\\\/#website\",\"url\":\"https:\\\/\\\/www.eldiario.net\\\/portal\\\/\",\"name\":\"El Diario - Decano de la prensa nacional\",\"description\":\"El Diario - Decano de la prensa nacional\",\"publisher\":{\"@id\":\"https:\\\/\\\/www.eldiario.net\\\/portal\\\/#organization\"},\"potentialAction\":[{\"@type\":\"SearchAction\",\"target\":{\"@type\":\"EntryPoint\",\"urlTemplate\":\"https:\\\/\\\/www.eldiario.net\\\/portal\\\/?s={search_term_string}\"},\"query-input\":{\"@type\":\"PropertyValueSpecification\",\"valueRequired\":true,\"valueName\":\"search_term_string\"}}],\"inLanguage\":\"es\"},{\"@type\":\"Organization\",\"@id\":\"https:\\\/\\\/www.eldiario.net\\\/portal\\\/#organization\",\"name\":\"El Diario - Decano de la prensa nacional\",\"url\":\"https:\\\/\\\/www.eldiario.net\\\/portal\\\/\",\"logo\":{\"@type\":\"ImageObject\",\"inLanguage\":\"es\",\"@id\":\"https:\\\/\\\/www.eldiario.net\\\/portal\\\/#\\\/schema\\\/logo\\\/image\\\/\",\"url\":\"https:\\\/\\\/www.eldiario.net\\\/portal\\\/wp-content\\\/uploads\\\/2023\\\/07\\\/logo_ED.jpg\",\"contentUrl\":\"https:\\\/\\\/www.eldiario.net\\\/portal\\\/wp-content\\\/uploads\\\/2023\\\/07\\\/logo_ED.jpg\",\"width\":272,\"height\":52,\"caption\":\"El Diario - Decano de la prensa nacional\"},\"image\":{\"@id\":\"https:\\\/\\\/www.eldiario.net\\\/portal\\\/#\\\/schema\\\/logo\\\/image\\\/\"},\"sameAs\":[\"https:\\\/\\\/www.facebook.com\\\/eldiario.bolivia\\\/\",\"https:\\\/\\\/x.com\\\/eldiario_net\"]},{\"@type\":\"Person\",\"@id\":\"https:\\\/\\\/www.eldiario.net\\\/portal\\\/#\\\/schema\\\/person\\\/2c57cf2b7a7ae032e449e4c9b1019eac\",\"name\":\"Jeanette\",\"image\":{\"@type\":\"ImageObject\",\"inLanguage\":\"es\",\"@id\":\"https:\\\/\\\/secure.gravatar.com\\\/avatar\\\/3ea2118a5f7dad2b7138b1187a6b7ee55f160b9968b66013c3a3ef39dd7e5798?s=96&d=mm&r=g\",\"url\":\"https:\\\/\\\/secure.gravatar.com\\\/avatar\\\/3ea2118a5f7dad2b7138b1187a6b7ee55f160b9968b66013c3a3ef39dd7e5798?s=96&d=mm&r=g\",\"contentUrl\":\"https:\\\/\\\/secure.gravatar.com\\\/avatar\\\/3ea2118a5f7dad2b7138b1187a6b7ee55f160b9968b66013c3a3ef39dd7e5798?s=96&d=mm&r=g\",\"caption\":\"Jeanette\"},\"sameAs\":[\"https:\\\/\\\/www.eldiario.net\\\/portal\"],\"url\":\"https:\\\/\\\/www.eldiario.net\\\/portal\\\/author\\\/jeanette\\\/\"}]}<\/script>\n<!-- \/ Yoast SEO plugin. -->","yoast_head_json":{"title":"Comisi\u00f3n constata situaci\u00f3n de precariedad en salud de A\u00f1ez - El Diario - Bolivia","robots":{"index":"index","follow":"follow","max-snippet":"max-snippet:-1","max-image-preview":"max-image-preview:large","max-video-preview":"max-video-preview:-1"},"canonical":"https:\/\/www.eldiario.net\/portal\/2021\/08\/27\/comision-constata-situacion-de-precariedad-en-salud-de-anez\/","og_locale":"es_ES","og_type":"article","og_title":"Comisi\u00f3n constata situaci\u00f3n de precariedad en salud de A\u00f1ez - El Diario - Bolivia","og_description":"Una comisi\u00f3n de Derechos Humanos constat\u00f3 la \u201csituaci\u00f3n precaria\u201d del estado de salud de la expresidenta Jeanine A\u00f1ez y se espera que en una sesi\u00f3n de esta instancia se pueda determinar la petici\u00f3n de medidas sustitutivas para que la exautoridad pueda asumir su defensa en libertad. Luego de la visita al Centro de Orientaci\u00f3n Femenina [&hellip;]","og_url":"https:\/\/www.eldiario.net\/portal\/2021\/08\/27\/comision-constata-situacion-de-precariedad-en-salud-de-anez\/","og_site_name":"El Diario - Bolivia","article_publisher":"https:\/\/www.facebook.com\/eldiario.bolivia\/","article_published_time":"2021-08-27T10:14:35+00:00","author":"Jeanette","twitter_card":"summary_large_image","twitter_creator":"@eldiario_net","twitter_site":"@eldiario_net","twitter_misc":{"Escrito por":"Jeanette","Tiempo de lectura":"3 minutos"},"schema":{"@context":"https:\/\/schema.org","@graph":[{"@type":"Article","@id":"https:\/\/www.eldiario.net\/portal\/2021\/08\/27\/comision-constata-situacion-de-precariedad-en-salud-de-anez\/#article","isPartOf":{"@id":"https:\/\/www.eldiario.net\/portal\/2021\/08\/27\/comision-constata-situacion-de-precariedad-en-salud-de-anez\/"},"author":{"name":"Jeanette","@id":"https:\/\/www.eldiario.net\/portal\/#\/schema\/person\/2c57cf2b7a7ae032e449e4c9b1019eac"},"headline":"Comisi\u00f3n constata situaci\u00f3n de precariedad en salud de A\u00f1ez","datePublished":"2021-08-27T10:14:35+00:00","mainEntityOfPage":{"@id":"https:\/\/www.eldiario.net\/portal\/2021\/08\/27\/comision-constata-situacion-de-precariedad-en-salud-de-anez\/"},"wordCount":580,"publisher":{"@id":"https:\/\/www.eldiario.net\/portal\/#organization"},"image":{"@id":"https:\/\/www.eldiario.net\/portal\/2021\/08\/27\/comision-constata-situacion-de-precariedad-en-salud-de-anez\/#primaryimage"},"thumbnailUrl":"","articleSection":["Pol\u00edtica"],"inLanguage":"es"},{"@type":"WebPage","@id":"https:\/\/www.eldiario.net\/portal\/2021\/08\/27\/comision-constata-situacion-de-precariedad-en-salud-de-anez\/","url":"https:\/\/www.eldiario.net\/portal\/2021\/08\/27\/comision-constata-situacion-de-precariedad-en-salud-de-anez\/","name":"Comisi\u00f3n constata situaci\u00f3n de precariedad en salud de A\u00f1ez - El Diario - Bolivia","isPartOf":{"@id":"https:\/\/www.eldiario.net\/portal\/#website"},"primaryImageOfPage":{"@id":"https:\/\/www.eldiario.net\/portal\/2021\/08\/27\/comision-constata-situacion-de-precariedad-en-salud-de-anez\/#primaryimage"},"image":{"@id":"https:\/\/www.eldiario.net\/portal\/2021\/08\/27\/comision-constata-situacion-de-precariedad-en-salud-de-anez\/#primaryimage"},"thumbnailUrl":"","datePublished":"2021-08-27T10:14:35+00:00","breadcrumb":{"@id":"https:\/\/www.eldiario.net\/portal\/2021\/08\/27\/comision-constata-situacion-de-precariedad-en-salud-de-anez\/#breadcrumb"},"inLanguage":"es","potentialAction":[{"@type":"ReadAction","target":["https:\/\/www.eldiario.net\/portal\/2021\/08\/27\/comision-constata-situacion-de-precariedad-en-salud-de-anez\/"]}]},{"@type":"ImageObject","inLanguage":"es","@id":"https:\/\/www.eldiario.net\/portal\/2021\/08\/27\/comision-constata-situacion-de-precariedad-en-salud-de-anez\/#primaryimage","url":"","contentUrl":""},{"@type":"BreadcrumbList","@id":"https:\/\/www.eldiario.net\/portal\/2021\/08\/27\/comision-constata-situacion-de-precariedad-en-salud-de-anez\/#breadcrumb","itemListElement":[{"@type":"ListItem","position":1,"name":"Portada","item":"https:\/\/www.eldiario.net\/portal\/"},{"@type":"ListItem","position":2,"name":"Comisi\u00f3n constata situaci\u00f3n de precariedad en salud de A\u00f1ez"}]},{"@type":"WebSite","@id":"https:\/\/www.eldiario.net\/portal\/#website","url":"https:\/\/www.eldiario.net\/portal\/","name":"El Diario - Decano de la prensa nacional","description":"El Diario - Decano de la prensa nacional","publisher":{"@id":"https:\/\/www.eldiario.net\/portal\/#organization"},"potentialAction":[{"@type":"SearchAction","target":{"@type":"EntryPoint","urlTemplate":"https:\/\/www.eldiario.net\/portal\/?s={search_term_string}"},"query-input":{"@type":"PropertyValueSpecification","valueRequired":true,"valueName":"search_term_string"}}],"inLanguage":"es"},{"@type":"Organization","@id":"https:\/\/www.eldiario.net\/portal\/#organization","name":"El Diario - Decano de la prensa nacional","url":"https:\/\/www.eldiario.net\/portal\/","logo":{"@type":"ImageObject","inLanguage":"es","@id":"https:\/\/www.eldiario.net\/portal\/#\/schema\/logo\/image\/","url":"https:\/\/www.eldiario.net\/portal\/wp-content\/uploads\/2023\/07\/logo_ED.jpg","contentUrl":"https:\/\/www.eldiario.net\/portal\/wp-content\/uploads\/2023\/07\/logo_ED.jpg","width":272,"height":52,"caption":"El Diario - Decano de la prensa nacional"},"image":{"@id":"https:\/\/www.eldiario.net\/portal\/#\/schema\/logo\/image\/"},"sameAs":["https:\/\/www.facebook.com\/eldiario.bolivia\/","https:\/\/x.com\/eldiario_net"]},{"@type":"Person","@id":"https:\/\/www.eldiario.net\/portal\/#\/schema\/person\/2c57cf2b7a7ae032e449e4c9b1019eac","name":"Jeanette","image":{"@type":"ImageObject","inLanguage":"es","@id":"https:\/\/secure.gravatar.com\/avatar\/3ea2118a5f7dad2b7138b1187a6b7ee55f160b9968b66013c3a3ef39dd7e5798?s=96&d=mm&r=g","url":"https:\/\/secure.gravatar.com\/avatar\/3ea2118a5f7dad2b7138b1187a6b7ee55f160b9968b66013c3a3ef39dd7e5798?s=96&d=mm&r=g","contentUrl":"https:\/\/secure.gravatar.com\/avatar\/3ea2118a5f7dad2b7138b1187a6b7ee55f160b9968b66013c3a3ef39dd7e5798?s=96&d=mm&r=g","caption":"Jeanette"},"sameAs":["https:\/\/www.eldiario.net\/portal"],"url":"https:\/\/www.eldiario.net\/portal\/author\/jeanette\/"}]}},"_links":{"self":[{"href":"https:\/\/www.eldiario.net\/portal\/wp-json\/wp\/v2\/posts\/26040","targetHints":{"allow":["GET"]}}],"collection":[{"href":"https:\/\/www.eldiario.net\/portal\/wp-json\/wp\/v2\/posts"}],"about":[{"href":"https:\/\/www.eldiario.net\/portal\/wp-json\/wp\/v2\/types\/post"}],"author":[{"embeddable":true,"href":"https:\/\/www.eldiario.net\/portal\/wp-json\/wp\/v2\/users\/1"}],"replies":[{"embeddable":true,"href":"https:\/\/www.eldiario.net\/portal\/wp-json\/wp\/v2\/comments?post=26040"}],"version-history":[{"count":0,"href":"https:\/\/www.eldiario.net\/portal\/wp-json\/wp\/v2\/posts\/26040\/revisions"}],"wp:attachment":[{"href":"https:\/\/www.eldiario.net\/portal\/wp-json\/wp\/v2\/media?parent=26040"}],"wp:term":[{"taxonomy":"category","embeddable":true,"href":"https:\/\/www.eldiario.net\/portal\/wp-json\/wp\/v2\/categories?post=26040"},{"taxonomy":"post_tag","embeddable":true,"href":"https:\/\/www.eldiario.net\/portal\/wp-json\/wp\/v2\/tags?post=26040"}],"curies":[{"name":"wp","href":"https:\/\/api.w.org\/{rel}","templated":true}]}}