{"id":26037,"date":"2021-08-27T06:13:30","date_gmt":"2021-08-27T10:13:30","guid":{"rendered":"https:\/\/www.eldiario.net\/portal\/?p=26037"},"modified":"2021-08-27T06:13:30","modified_gmt":"2021-08-27T10:13:30","slug":"alp-tratara-juicio-contra-expresidenta-en-septiembre","status":"publish","type":"post","link":"https:\/\/www.eldiario.net\/portal\/2021\/08\/27\/alp-tratara-juicio-contra-expresidenta-en-septiembre\/","title":{"rendered":"ALP tratar\u00e1 juicio contra  expresidenta en septiembre"},"content":{"rendered":"<p>Luego que el Tribunal Supremo de Justicia (TSJ) enviara a la Asamblea Legislativa Plurinacional (ALP) la proposici\u00f3n acusatoria en contra de la expresidenta Jeanine A\u00f1ez, por los hechos de Senkata y Sacaba, el presidente de la C\u00e1mara de Senadores, Andr\u00f3nico Rodr\u00edguez, anunci\u00f3 que el tratamiento de un posible juicio de responsabilidades podr\u00eda darse a mediados de septiembre.<br \/>\nSe espera \u2013dijo\u2013 que la comisi\u00f3n legislativa encargada de tratar los posibles juicios contra A\u00f1ez y otras solicitudes por procesos en la Asamblea Legislativa avancen hasta que se aborde esta solicitud en contra de la exmandataria, situaci\u00f3n que podr\u00eda presentarse en septiembre.<br \/>\n\u201cLos informes deben pasar por la comisi\u00f3n encargada, para posteriormente ser tratados en el pleno de la Asamblea Legislativa, donde requieren de dos tercios para su aprobaci\u00f3n\u201d, indic\u00f3 Rodr\u00edguez.<br \/>\nEn opini\u00f3n del presidente de la C\u00e1mara de Senadores, el Tribunal Supremo de Justicia y el Ministerio P\u00fablico, deben trabajar en la entrega de los informes complementarios a la comisi\u00f3n encargada y de \u00e9sta a la Asamblea Legislativa. Con todos estos aspectos mencionados, \u201cestimamos que el caso A\u00f1ez se estar\u00e1 tratando en septiembre, no puedo calcular exactamente el tiempo, pero va depender mucho de la voluntad de esta comisi\u00f3n\u201d, indic\u00f3.<br \/>\nAgreg\u00f3 que a la fecha existen otras 21 solicitudes por juicios de responsabilidades que deben ser atendidos por la Comisi\u00f3n Mixta de Justicia Plural, por lo que se espera un avance en el tratamiento de estas peticiones.<\/p>\n<p>&nbsp;<\/p>\n","protected":false},"excerpt":{"rendered":"<p>Luego que el Tribunal Supremo de Justicia (TSJ) enviara a la Asamblea Legislativa Plurinacional (ALP) la proposici\u00f3n acusatoria en contra de la expresidenta Jeanine A\u00f1ez, por los hechos de Senkata y Sacaba, el presidente de la C\u00e1mara de Senadores, Andr\u00f3nico Rodr\u00edguez, anunci\u00f3 que el tratamiento de un posible juicio de responsabilidades podr\u00eda darse a mediados [&hellip;]<\/p>\n","protected":false},"author":1,"featured_media":26038,"comment_status":"closed","ping_status":"closed","sticky":false,"template":"","format":"standard","meta":{"_acf_changed":false,"footnotes":""},"categories":[14],"tags":[],"class_list":["post-26037","post","type-post","status-publish","format-standard","has-post-thumbnail","category-politica"],"acf":{"antetitulo":""},"yoast_head":"<!-- This site is optimized with the Yoast SEO plugin v28.4 - https:\/\/yoast.com\/product\/yoast-seo-wordpress\/ -->\n<title>ALP tratar\u00e1 juicio contra expresidenta en septiembre - El Diario - Bolivia<\/title>\n<meta name=\"robots\" content=\"index, follow, max-snippet:-1, max-image-preview:large, max-video-preview:-1\" \/>\n<link rel=\"canonical\" href=\"https:\/\/www.eldiario.net\/portal\/2021\/08\/27\/alp-tratara-juicio-contra-expresidenta-en-septiembre\/\" \/>\n<meta property=\"og:locale\" content=\"es_ES\" \/>\n<meta property=\"og:type\" content=\"article\" \/>\n<meta property=\"og:title\" content=\"ALP tratar\u00e1 juicio contra expresidenta en septiembre - El Diario - Bolivia\" \/>\n<meta property=\"og:description\" content=\"Luego que el Tribunal Supremo de Justicia (TSJ) enviara a la Asamblea Legislativa Plurinacional (ALP) la proposici\u00f3n acusatoria en contra de la expresidenta Jeanine A\u00f1ez, por los hechos de Senkata y Sacaba, el presidente de la C\u00e1mara de Senadores, Andr\u00f3nico Rodr\u00edguez, anunci\u00f3 que el tratamiento de un posible juicio de responsabilidades podr\u00eda darse a mediados [&hellip;]\" \/>\n<meta property=\"og:url\" content=\"https:\/\/www.eldiario.net\/portal\/2021\/08\/27\/alp-tratara-juicio-contra-expresidenta-en-septiembre\/\" \/>\n<meta property=\"og:site_name\" content=\"El Diario - Bolivia\" \/>\n<meta property=\"article:publisher\" content=\"https:\/\/www.facebook.com\/eldiario.bolivia\/\" \/>\n<meta property=\"article:published_time\" content=\"2021-08-27T10:13:30+00:00\" \/>\n<meta name=\"author\" content=\"Jeanette\" \/>\n<meta name=\"twitter:card\" content=\"summary_large_image\" \/>\n<meta name=\"twitter:creator\" content=\"@eldiario_net\" \/>\n<meta name=\"twitter:site\" content=\"@eldiario_net\" \/>\n<meta name=\"twitter:label1\" content=\"Escrito por\" \/>\n\t<meta name=\"twitter:data1\" content=\"Jeanette\" \/>\n\t<meta name=\"twitter:label2\" content=\"Tiempo de lectura\" \/>\n\t<meta name=\"twitter:data2\" content=\"2 minutos\" \/>\n<script type=\"application\/ld+json\" class=\"yoast-schema-graph\">{\"@context\":\"https:\\\/\\\/schema.org\",\"@graph\":[{\"@type\":\"Article\",\"@id\":\"https:\\\/\\\/www.eldiario.net\\\/portal\\\/2021\\\/08\\\/27\\\/alp-tratara-juicio-contra-expresidenta-en-septiembre\\\/#article\",\"isPartOf\":{\"@id\":\"https:\\\/\\\/www.eldiario.net\\\/portal\\\/2021\\\/08\\\/27\\\/alp-tratara-juicio-contra-expresidenta-en-septiembre\\\/\"},\"author\":{\"name\":\"Jeanette\",\"@id\":\"https:\\\/\\\/www.eldiario.net\\\/portal\\\/#\\\/schema\\\/person\\\/f46445640444750d7d753ccd04ae01b7\"},\"headline\":\"ALP tratar\u00e1 juicio contra expresidenta en septiembre\",\"datePublished\":\"2021-08-27T10:13:30+00:00\",\"mainEntityOfPage\":{\"@id\":\"https:\\\/\\\/www.eldiario.net\\\/portal\\\/2021\\\/08\\\/27\\\/alp-tratara-juicio-contra-expresidenta-en-septiembre\\\/\"},\"wordCount\":262,\"publisher\":{\"@id\":\"https:\\\/\\\/www.eldiario.net\\\/portal\\\/#organization\"},\"image\":{\"@id\":\"https:\\\/\\\/www.eldiario.net\\\/portal\\\/2021\\\/08\\\/27\\\/alp-tratara-juicio-contra-expresidenta-en-septiembre\\\/#primaryimage\"},\"thumbnailUrl\":\"\",\"articleSection\":[\"Pol\u00edtica\"],\"inLanguage\":\"es\"},{\"@type\":\"WebPage\",\"@id\":\"https:\\\/\\\/www.eldiario.net\\\/portal\\\/2021\\\/08\\\/27\\\/alp-tratara-juicio-contra-expresidenta-en-septiembre\\\/\",\"url\":\"https:\\\/\\\/www.eldiario.net\\\/portal\\\/2021\\\/08\\\/27\\\/alp-tratara-juicio-contra-expresidenta-en-septiembre\\\/\",\"name\":\"ALP tratar\u00e1 juicio contra expresidenta en septiembre - El Diario - Bolivia\",\"isPartOf\":{\"@id\":\"https:\\\/\\\/www.eldiario.net\\\/portal\\\/#website\"},\"primaryImageOfPage\":{\"@id\":\"https:\\\/\\\/www.eldiario.net\\\/portal\\\/2021\\\/08\\\/27\\\/alp-tratara-juicio-contra-expresidenta-en-septiembre\\\/#primaryimage\"},\"image\":{\"@id\":\"https:\\\/\\\/www.eldiario.net\\\/portal\\\/2021\\\/08\\\/27\\\/alp-tratara-juicio-contra-expresidenta-en-septiembre\\\/#primaryimage\"},\"thumbnailUrl\":\"\",\"datePublished\":\"2021-08-27T10:13:30+00:00\",\"breadcrumb\":{\"@id\":\"https:\\\/\\\/www.eldiario.net\\\/portal\\\/2021\\\/08\\\/27\\\/alp-tratara-juicio-contra-expresidenta-en-septiembre\\\/#breadcrumb\"},\"inLanguage\":\"es\",\"potentialAction\":[{\"@type\":\"ReadAction\",\"target\":[\"https:\\\/\\\/www.eldiario.net\\\/portal\\\/2021\\\/08\\\/27\\\/alp-tratara-juicio-contra-expresidenta-en-septiembre\\\/\"]}]},{\"@type\":\"ImageObject\",\"inLanguage\":\"es\",\"@id\":\"https:\\\/\\\/www.eldiario.net\\\/portal\\\/2021\\\/08\\\/27\\\/alp-tratara-juicio-contra-expresidenta-en-septiembre\\\/#primaryimage\",\"url\":\"\",\"contentUrl\":\"\"},{\"@type\":\"BreadcrumbList\",\"@id\":\"https:\\\/\\\/www.eldiario.net\\\/portal\\\/2021\\\/08\\\/27\\\/alp-tratara-juicio-contra-expresidenta-en-septiembre\\\/#breadcrumb\",\"itemListElement\":[{\"@type\":\"ListItem\",\"position\":1,\"name\":\"Portada\",\"item\":\"https:\\\/\\\/www.eldiario.net\\\/portal\\\/\"},{\"@type\":\"ListItem\",\"position\":2,\"name\":\"ALP tratar\u00e1 juicio contra expresidenta en septiembre\"}]},{\"@type\":\"WebSite\",\"@id\":\"https:\\\/\\\/www.eldiario.net\\\/portal\\\/#website\",\"url\":\"https:\\\/\\\/www.eldiario.net\\\/portal\\\/\",\"name\":\"El Diario - Decano de la prensa nacional\",\"description\":\"El Diario - Decano de la prensa nacional\",\"publisher\":{\"@id\":\"https:\\\/\\\/www.eldiario.net\\\/portal\\\/#organization\"},\"potentialAction\":[{\"@type\":\"SearchAction\",\"target\":{\"@type\":\"EntryPoint\",\"urlTemplate\":\"https:\\\/\\\/www.eldiario.net\\\/portal\\\/?s={search_term_string}\"},\"query-input\":{\"@type\":\"PropertyValueSpecification\",\"valueRequired\":true,\"valueName\":\"search_term_string\"}}],\"inLanguage\":\"es\"},{\"@type\":\"Organization\",\"@id\":\"https:\\\/\\\/www.eldiario.net\\\/portal\\\/#organization\",\"name\":\"El Diario - Decano de la prensa nacional\",\"url\":\"https:\\\/\\\/www.eldiario.net\\\/portal\\\/\",\"logo\":{\"@type\":\"ImageObject\",\"inLanguage\":\"es\",\"@id\":\"https:\\\/\\\/www.eldiario.net\\\/portal\\\/#\\\/schema\\\/logo\\\/image\\\/\",\"url\":\"https:\\\/\\\/www.eldiario.net\\\/portal\\\/wp-content\\\/uploads\\\/2023\\\/07\\\/logo_ED.jpg\",\"contentUrl\":\"https:\\\/\\\/www.eldiario.net\\\/portal\\\/wp-content\\\/uploads\\\/2023\\\/07\\\/logo_ED.jpg\",\"width\":272,\"height\":52,\"caption\":\"El Diario - Decano de la prensa nacional\"},\"image\":{\"@id\":\"https:\\\/\\\/www.eldiario.net\\\/portal\\\/#\\\/schema\\\/logo\\\/image\\\/\"},\"sameAs\":[\"https:\\\/\\\/www.facebook.com\\\/eldiario.bolivia\\\/\",\"https:\\\/\\\/x.com\\\/eldiario_net\"]},{\"@type\":\"Person\",\"@id\":\"https:\\\/\\\/www.eldiario.net\\\/portal\\\/#\\\/schema\\\/person\\\/f46445640444750d7d753ccd04ae01b7\",\"name\":\"Jeanette\",\"image\":{\"@type\":\"ImageObject\",\"inLanguage\":\"es\",\"@id\":\"https:\\\/\\\/secure.gravatar.com\\\/avatar\\\/3ea2118a5f7dad2b7138b1187a6b7ee55f160b9968b66013c3a3ef39dd7e5798?s=96&d=mm&r=g\",\"url\":\"https:\\\/\\\/secure.gravatar.com\\\/avatar\\\/3ea2118a5f7dad2b7138b1187a6b7ee55f160b9968b66013c3a3ef39dd7e5798?s=96&d=mm&r=g\",\"contentUrl\":\"https:\\\/\\\/secure.gravatar.com\\\/avatar\\\/3ea2118a5f7dad2b7138b1187a6b7ee55f160b9968b66013c3a3ef39dd7e5798?s=96&d=mm&r=g\",\"caption\":\"Jeanette\"},\"sameAs\":[\"https:\\\/\\\/www.eldiario.net\\\/portal\"],\"url\":\"https:\\\/\\\/www.eldiario.net\\\/portal\\\/author\\\/jeanette\\\/\"}]}<\/script>\n<!-- \/ Yoast SEO plugin. -->","yoast_head_json":{"title":"ALP tratar\u00e1 juicio contra expresidenta en septiembre - El Diario - Bolivia","robots":{"index":"index","follow":"follow","max-snippet":"max-snippet:-1","max-image-preview":"max-image-preview:large","max-video-preview":"max-video-preview:-1"},"canonical":"https:\/\/www.eldiario.net\/portal\/2021\/08\/27\/alp-tratara-juicio-contra-expresidenta-en-septiembre\/","og_locale":"es_ES","og_type":"article","og_title":"ALP tratar\u00e1 juicio contra expresidenta en septiembre - El Diario - Bolivia","og_description":"Luego que el Tribunal Supremo de Justicia (TSJ) enviara a la Asamblea Legislativa Plurinacional (ALP) la proposici\u00f3n acusatoria en contra de la expresidenta Jeanine A\u00f1ez, por los hechos de Senkata y Sacaba, el presidente de la C\u00e1mara de Senadores, Andr\u00f3nico Rodr\u00edguez, anunci\u00f3 que el tratamiento de un posible juicio de responsabilidades podr\u00eda darse a mediados [&hellip;]","og_url":"https:\/\/www.eldiario.net\/portal\/2021\/08\/27\/alp-tratara-juicio-contra-expresidenta-en-septiembre\/","og_site_name":"El Diario - Bolivia","article_publisher":"https:\/\/www.facebook.com\/eldiario.bolivia\/","article_published_time":"2021-08-27T10:13:30+00:00","author":"Jeanette","twitter_card":"summary_large_image","twitter_creator":"@eldiario_net","twitter_site":"@eldiario_net","twitter_misc":{"Escrito por":"Jeanette","Tiempo de lectura":"2 minutos"},"schema":{"@context":"https:\/\/schema.org","@graph":[{"@type":"Article","@id":"https:\/\/www.eldiario.net\/portal\/2021\/08\/27\/alp-tratara-juicio-contra-expresidenta-en-septiembre\/#article","isPartOf":{"@id":"https:\/\/www.eldiario.net\/portal\/2021\/08\/27\/alp-tratara-juicio-contra-expresidenta-en-septiembre\/"},"author":{"name":"Jeanette","@id":"https:\/\/www.eldiario.net\/portal\/#\/schema\/person\/f46445640444750d7d753ccd04ae01b7"},"headline":"ALP tratar\u00e1 juicio contra expresidenta en septiembre","datePublished":"2021-08-27T10:13:30+00:00","mainEntityOfPage":{"@id":"https:\/\/www.eldiario.net\/portal\/2021\/08\/27\/alp-tratara-juicio-contra-expresidenta-en-septiembre\/"},"wordCount":262,"publisher":{"@id":"https:\/\/www.eldiario.net\/portal\/#organization"},"image":{"@id":"https:\/\/www.eldiario.net\/portal\/2021\/08\/27\/alp-tratara-juicio-contra-expresidenta-en-septiembre\/#primaryimage"},"thumbnailUrl":"","articleSection":["Pol\u00edtica"],"inLanguage":"es"},{"@type":"WebPage","@id":"https:\/\/www.eldiario.net\/portal\/2021\/08\/27\/alp-tratara-juicio-contra-expresidenta-en-septiembre\/","url":"https:\/\/www.eldiario.net\/portal\/2021\/08\/27\/alp-tratara-juicio-contra-expresidenta-en-septiembre\/","name":"ALP tratar\u00e1 juicio contra expresidenta en septiembre - El Diario - Bolivia","isPartOf":{"@id":"https:\/\/www.eldiario.net\/portal\/#website"},"primaryImageOfPage":{"@id":"https:\/\/www.eldiario.net\/portal\/2021\/08\/27\/alp-tratara-juicio-contra-expresidenta-en-septiembre\/#primaryimage"},"image":{"@id":"https:\/\/www.eldiario.net\/portal\/2021\/08\/27\/alp-tratara-juicio-contra-expresidenta-en-septiembre\/#primaryimage"},"thumbnailUrl":"","datePublished":"2021-08-27T10:13:30+00:00","breadcrumb":{"@id":"https:\/\/www.eldiario.net\/portal\/2021\/08\/27\/alp-tratara-juicio-contra-expresidenta-en-septiembre\/#breadcrumb"},"inLanguage":"es","potentialAction":[{"@type":"ReadAction","target":["https:\/\/www.eldiario.net\/portal\/2021\/08\/27\/alp-tratara-juicio-contra-expresidenta-en-septiembre\/"]}]},{"@type":"ImageObject","inLanguage":"es","@id":"https:\/\/www.eldiario.net\/portal\/2021\/08\/27\/alp-tratara-juicio-contra-expresidenta-en-septiembre\/#primaryimage","url":"","contentUrl":""},{"@type":"BreadcrumbList","@id":"https:\/\/www.eldiario.net\/portal\/2021\/08\/27\/alp-tratara-juicio-contra-expresidenta-en-septiembre\/#breadcrumb","itemListElement":[{"@type":"ListItem","position":1,"name":"Portada","item":"https:\/\/www.eldiario.net\/portal\/"},{"@type":"ListItem","position":2,"name":"ALP tratar\u00e1 juicio contra expresidenta en septiembre"}]},{"@type":"WebSite","@id":"https:\/\/www.eldiario.net\/portal\/#website","url":"https:\/\/www.eldiario.net\/portal\/","name":"El Diario - Decano de la prensa nacional","description":"El Diario - Decano de la prensa nacional","publisher":{"@id":"https:\/\/www.eldiario.net\/portal\/#organization"},"potentialAction":[{"@type":"SearchAction","target":{"@type":"EntryPoint","urlTemplate":"https:\/\/www.eldiario.net\/portal\/?s={search_term_string}"},"query-input":{"@type":"PropertyValueSpecification","valueRequired":true,"valueName":"search_term_string"}}],"inLanguage":"es"},{"@type":"Organization","@id":"https:\/\/www.eldiario.net\/portal\/#organization","name":"El Diario - Decano de la prensa nacional","url":"https:\/\/www.eldiario.net\/portal\/","logo":{"@type":"ImageObject","inLanguage":"es","@id":"https:\/\/www.eldiario.net\/portal\/#\/schema\/logo\/image\/","url":"https:\/\/www.eldiario.net\/portal\/wp-content\/uploads\/2023\/07\/logo_ED.jpg","contentUrl":"https:\/\/www.eldiario.net\/portal\/wp-content\/uploads\/2023\/07\/logo_ED.jpg","width":272,"height":52,"caption":"El Diario - Decano de la prensa nacional"},"image":{"@id":"https:\/\/www.eldiario.net\/portal\/#\/schema\/logo\/image\/"},"sameAs":["https:\/\/www.facebook.com\/eldiario.bolivia\/","https:\/\/x.com\/eldiario_net"]},{"@type":"Person","@id":"https:\/\/www.eldiario.net\/portal\/#\/schema\/person\/f46445640444750d7d753ccd04ae01b7","name":"Jeanette","image":{"@type":"ImageObject","inLanguage":"es","@id":"https:\/\/secure.gravatar.com\/avatar\/3ea2118a5f7dad2b7138b1187a6b7ee55f160b9968b66013c3a3ef39dd7e5798?s=96&d=mm&r=g","url":"https:\/\/secure.gravatar.com\/avatar\/3ea2118a5f7dad2b7138b1187a6b7ee55f160b9968b66013c3a3ef39dd7e5798?s=96&d=mm&r=g","contentUrl":"https:\/\/secure.gravatar.com\/avatar\/3ea2118a5f7dad2b7138b1187a6b7ee55f160b9968b66013c3a3ef39dd7e5798?s=96&d=mm&r=g","caption":"Jeanette"},"sameAs":["https:\/\/www.eldiario.net\/portal"],"url":"https:\/\/www.eldiario.net\/portal\/author\/jeanette\/"}]}},"_links":{"self":[{"href":"https:\/\/www.eldiario.net\/portal\/wp-json\/wp\/v2\/posts\/26037","targetHints":{"allow":["GET"]}}],"collection":[{"href":"https:\/\/www.eldiario.net\/portal\/wp-json\/wp\/v2\/posts"}],"about":[{"href":"https:\/\/www.eldiario.net\/portal\/wp-json\/wp\/v2\/types\/post"}],"author":[{"embeddable":true,"href":"https:\/\/www.eldiario.net\/portal\/wp-json\/wp\/v2\/users\/1"}],"replies":[{"embeddable":true,"href":"https:\/\/www.eldiario.net\/portal\/wp-json\/wp\/v2\/comments?post=26037"}],"version-history":[{"count":0,"href":"https:\/\/www.eldiario.net\/portal\/wp-json\/wp\/v2\/posts\/26037\/revisions"}],"wp:attachment":[{"href":"https:\/\/www.eldiario.net\/portal\/wp-json\/wp\/v2\/media?parent=26037"}],"wp:term":[{"taxonomy":"category","embeddable":true,"href":"https:\/\/www.eldiario.net\/portal\/wp-json\/wp\/v2\/categories?post=26037"},{"taxonomy":"post_tag","embeddable":true,"href":"https:\/\/www.eldiario.net\/portal\/wp-json\/wp\/v2\/tags?post=26037"}],"curies":[{"name":"wp","href":"https:\/\/api.w.org\/{rel}","templated":true}]}}