{"id":26034,"date":"2021-08-27T06:12:26","date_gmt":"2021-08-27T10:12:26","guid":{"rendered":"https:\/\/www.eldiario.net\/portal\/?p=26034"},"modified":"2021-08-27T06:12:26","modified_gmt":"2021-08-27T10:12:26","slug":"interpelacion-a-almagro-es-un-nuevo-fracaso-del-mas","status":"publish","type":"post","link":"https:\/\/www.eldiario.net\/portal\/2021\/08\/27\/interpelacion-a-almagro-es-un-nuevo-fracaso-del-mas\/","title":{"rendered":"Interpelaci\u00f3n a Almagro es  un nuevo fracaso del MAS"},"content":{"rendered":"<p>El expresidente y l\u00edder de Comunidad Ciudadana (CC), Carlos Mesa Gisbert, calific\u00f3 como un nuevo fracaso del Movimiento al Socialismo (MAS) y Evo Morales el haber solicitado una interpelaci\u00f3n al secretario general de la Organizaci\u00f3n de Estados Americanos (OEA), Luis Almagro, para intentar descalificar el informe del Grupo Interdisciplinario de Expertos Independientes (GIEI) y la auditor\u00eda a elecciones de 2019.<br \/>\nEl exmandatario se\u00f1al\u00f3 que la interpelaci\u00f3n promovida desde el Gobierno boliviano en contra del secretario general de la OEA, Luis Almagro, busc\u00f3 restar credibilidad sobre los informes presentados de las elecciones anuladas en 2019 y los hechos de violencia registrados despu\u00e9s de la renuncia de Evo Morales y la reciente opini\u00f3n consultiva que niega la reelecci\u00f3n presidencial como derecho humano.<br \/>\nEsta acci\u00f3n \u2013dijo\u2013 fue un nuevo fracaso, a nivel internacional, del Movimiento al Socialismo, en un intento por limpiar la imagen de su l\u00edder ante la comunidad internacional.<br \/>\n\u201cEl intento de descalificar los informes del Grupo Interdisciplinario de Expertos Independientes, de expertos electorales y de la Corte Interamericana de Derechos Humanos, para defenestrar a Almagro, fue otro fracaso del MAS y Morales\u201d, dijo.<br \/>\nDesde su cuenta de Twitter, Mesa se\u00f1al\u00f3 que el fraude electoral perpetrado en octubre de 2019, as\u00ed como las violaciones a los derechos humanos, registradas durante los gobiernos de A\u00f1ez y Morales, son hechos evidentes que no pueden ser negados mediante el discurso del supuesto golpe.<br \/>\nDurante la interpelaci\u00f3n realizada el mi\u00e9rcoles pasado, el embajador de Bolivia ante la OEA, H\u00e9ctor Arce, descalific\u00f3 el informe de auditor\u00eda sobre las elecciones de 2019 y lo calific\u00f3 como un acto de injerencia en asuntos internos y una afrenta en contra del pa\u00eds.<br \/>\nPor su parte, el secretario general de la OEA, Luis Almagro, reiter\u00f3 el car\u00e1cter vinculante de esa auditor\u00eda y que este organismo internacional solo cumpli\u00f3 con todo lo acordado con el gobierno de Bolivia.<br \/>\n\u201cLa OEA cumpli\u00f3 cabalmente el Acuerdo para el An\u00e1lisis Integral del Proceso Electoral firmado con Bolivia en octubre de 2019, se analiz\u00f3 la informaci\u00f3n lo redact\u00f3 y concluy\u00f3 esa misi\u00f3n, hemos cumplido con todos los t\u00e9rminos de fondo y hemos actuado en este contexto a solicitud del gobierno del expresidente Evo Morales\u201d, indic\u00f3.<\/p>\n<p>&nbsp;<\/p>\n","protected":false},"excerpt":{"rendered":"<p>El expresidente y l\u00edder de Comunidad Ciudadana (CC), Carlos Mesa Gisbert, calific\u00f3 como un nuevo fracaso del Movimiento al Socialismo (MAS) y Evo Morales el haber solicitado una interpelaci\u00f3n al secretario general de la Organizaci\u00f3n de Estados Americanos (OEA), Luis Almagro, para intentar descalificar el informe del Grupo Interdisciplinario de Expertos Independientes (GIEI) y la [&hellip;]<\/p>\n","protected":false},"author":1,"featured_media":26035,"comment_status":"closed","ping_status":"closed","sticky":false,"template":"","format":"standard","meta":{"_acf_changed":false,"footnotes":""},"categories":[14],"tags":[],"class_list":["post-26034","post","type-post","status-publish","format-standard","has-post-thumbnail","category-politica"],"acf":{"antetitulo":""},"yoast_head":"<!-- This site is optimized with the Yoast SEO plugin v28.4 - https:\/\/yoast.com\/product\/yoast-seo-wordpress\/ -->\n<title>Interpelaci\u00f3n a Almagro es un nuevo fracaso del MAS - El Diario - Bolivia<\/title>\n<meta name=\"robots\" content=\"index, follow, max-snippet:-1, max-image-preview:large, max-video-preview:-1\" \/>\n<link rel=\"canonical\" href=\"https:\/\/www.eldiario.net\/portal\/2021\/08\/27\/interpelacion-a-almagro-es-un-nuevo-fracaso-del-mas\/\" \/>\n<meta property=\"og:locale\" content=\"es_ES\" \/>\n<meta property=\"og:type\" content=\"article\" \/>\n<meta property=\"og:title\" content=\"Interpelaci\u00f3n a Almagro es un nuevo fracaso del MAS - El Diario - Bolivia\" \/>\n<meta property=\"og:description\" content=\"El expresidente y l\u00edder de Comunidad Ciudadana (CC), Carlos Mesa Gisbert, calific\u00f3 como un nuevo fracaso del Movimiento al Socialismo (MAS) y Evo Morales el haber solicitado una interpelaci\u00f3n al secretario general de la Organizaci\u00f3n de Estados Americanos (OEA), Luis Almagro, para intentar descalificar el informe del Grupo Interdisciplinario de Expertos Independientes (GIEI) y la [&hellip;]\" \/>\n<meta property=\"og:url\" content=\"https:\/\/www.eldiario.net\/portal\/2021\/08\/27\/interpelacion-a-almagro-es-un-nuevo-fracaso-del-mas\/\" \/>\n<meta property=\"og:site_name\" content=\"El Diario - Bolivia\" \/>\n<meta property=\"article:publisher\" content=\"https:\/\/www.facebook.com\/eldiario.bolivia\/\" \/>\n<meta property=\"article:published_time\" content=\"2021-08-27T10:12:26+00:00\" \/>\n<meta name=\"author\" content=\"Jeanette\" \/>\n<meta name=\"twitter:card\" content=\"summary_large_image\" \/>\n<meta name=\"twitter:creator\" content=\"@eldiario_net\" \/>\n<meta name=\"twitter:site\" content=\"@eldiario_net\" \/>\n<meta name=\"twitter:label1\" content=\"Escrito por\" \/>\n\t<meta name=\"twitter:data1\" content=\"Jeanette\" \/>\n\t<meta name=\"twitter:label2\" content=\"Tiempo de lectura\" \/>\n\t<meta name=\"twitter:data2\" content=\"2 minutos\" \/>\n<script type=\"application\/ld+json\" class=\"yoast-schema-graph\">{\"@context\":\"https:\\\/\\\/schema.org\",\"@graph\":[{\"@type\":\"Article\",\"@id\":\"https:\\\/\\\/www.eldiario.net\\\/portal\\\/2021\\\/08\\\/27\\\/interpelacion-a-almagro-es-un-nuevo-fracaso-del-mas\\\/#article\",\"isPartOf\":{\"@id\":\"https:\\\/\\\/www.eldiario.net\\\/portal\\\/2021\\\/08\\\/27\\\/interpelacion-a-almagro-es-un-nuevo-fracaso-del-mas\\\/\"},\"author\":{\"name\":\"Jeanette\",\"@id\":\"https:\\\/\\\/www.eldiario.net\\\/portal\\\/#\\\/schema\\\/person\\\/f46445640444750d7d753ccd04ae01b7\"},\"headline\":\"Interpelaci\u00f3n a Almagro es un nuevo fracaso del MAS\",\"datePublished\":\"2021-08-27T10:12:26+00:00\",\"mainEntityOfPage\":{\"@id\":\"https:\\\/\\\/www.eldiario.net\\\/portal\\\/2021\\\/08\\\/27\\\/interpelacion-a-almagro-es-un-nuevo-fracaso-del-mas\\\/\"},\"wordCount\":390,\"publisher\":{\"@id\":\"https:\\\/\\\/www.eldiario.net\\\/portal\\\/#organization\"},\"image\":{\"@id\":\"https:\\\/\\\/www.eldiario.net\\\/portal\\\/2021\\\/08\\\/27\\\/interpelacion-a-almagro-es-un-nuevo-fracaso-del-mas\\\/#primaryimage\"},\"thumbnailUrl\":\"\",\"articleSection\":[\"Pol\u00edtica\"],\"inLanguage\":\"es\"},{\"@type\":\"WebPage\",\"@id\":\"https:\\\/\\\/www.eldiario.net\\\/portal\\\/2021\\\/08\\\/27\\\/interpelacion-a-almagro-es-un-nuevo-fracaso-del-mas\\\/\",\"url\":\"https:\\\/\\\/www.eldiario.net\\\/portal\\\/2021\\\/08\\\/27\\\/interpelacion-a-almagro-es-un-nuevo-fracaso-del-mas\\\/\",\"name\":\"Interpelaci\u00f3n a Almagro es un nuevo fracaso del MAS - El Diario - Bolivia\",\"isPartOf\":{\"@id\":\"https:\\\/\\\/www.eldiario.net\\\/portal\\\/#website\"},\"primaryImageOfPage\":{\"@id\":\"https:\\\/\\\/www.eldiario.net\\\/portal\\\/2021\\\/08\\\/27\\\/interpelacion-a-almagro-es-un-nuevo-fracaso-del-mas\\\/#primaryimage\"},\"image\":{\"@id\":\"https:\\\/\\\/www.eldiario.net\\\/portal\\\/2021\\\/08\\\/27\\\/interpelacion-a-almagro-es-un-nuevo-fracaso-del-mas\\\/#primaryimage\"},\"thumbnailUrl\":\"\",\"datePublished\":\"2021-08-27T10:12:26+00:00\",\"breadcrumb\":{\"@id\":\"https:\\\/\\\/www.eldiario.net\\\/portal\\\/2021\\\/08\\\/27\\\/interpelacion-a-almagro-es-un-nuevo-fracaso-del-mas\\\/#breadcrumb\"},\"inLanguage\":\"es\",\"potentialAction\":[{\"@type\":\"ReadAction\",\"target\":[\"https:\\\/\\\/www.eldiario.net\\\/portal\\\/2021\\\/08\\\/27\\\/interpelacion-a-almagro-es-un-nuevo-fracaso-del-mas\\\/\"]}]},{\"@type\":\"ImageObject\",\"inLanguage\":\"es\",\"@id\":\"https:\\\/\\\/www.eldiario.net\\\/portal\\\/2021\\\/08\\\/27\\\/interpelacion-a-almagro-es-un-nuevo-fracaso-del-mas\\\/#primaryimage\",\"url\":\"\",\"contentUrl\":\"\"},{\"@type\":\"BreadcrumbList\",\"@id\":\"https:\\\/\\\/www.eldiario.net\\\/portal\\\/2021\\\/08\\\/27\\\/interpelacion-a-almagro-es-un-nuevo-fracaso-del-mas\\\/#breadcrumb\",\"itemListElement\":[{\"@type\":\"ListItem\",\"position\":1,\"name\":\"Portada\",\"item\":\"https:\\\/\\\/www.eldiario.net\\\/portal\\\/\"},{\"@type\":\"ListItem\",\"position\":2,\"name\":\"Interpelaci\u00f3n a Almagro es un nuevo fracaso del MAS\"}]},{\"@type\":\"WebSite\",\"@id\":\"https:\\\/\\\/www.eldiario.net\\\/portal\\\/#website\",\"url\":\"https:\\\/\\\/www.eldiario.net\\\/portal\\\/\",\"name\":\"El Diario - Decano de la prensa nacional\",\"description\":\"El Diario - Decano de la prensa nacional\",\"publisher\":{\"@id\":\"https:\\\/\\\/www.eldiario.net\\\/portal\\\/#organization\"},\"potentialAction\":[{\"@type\":\"SearchAction\",\"target\":{\"@type\":\"EntryPoint\",\"urlTemplate\":\"https:\\\/\\\/www.eldiario.net\\\/portal\\\/?s={search_term_string}\"},\"query-input\":{\"@type\":\"PropertyValueSpecification\",\"valueRequired\":true,\"valueName\":\"search_term_string\"}}],\"inLanguage\":\"es\"},{\"@type\":\"Organization\",\"@id\":\"https:\\\/\\\/www.eldiario.net\\\/portal\\\/#organization\",\"name\":\"El Diario - Decano de la prensa nacional\",\"url\":\"https:\\\/\\\/www.eldiario.net\\\/portal\\\/\",\"logo\":{\"@type\":\"ImageObject\",\"inLanguage\":\"es\",\"@id\":\"https:\\\/\\\/www.eldiario.net\\\/portal\\\/#\\\/schema\\\/logo\\\/image\\\/\",\"url\":\"https:\\\/\\\/www.eldiario.net\\\/portal\\\/wp-content\\\/uploads\\\/2023\\\/07\\\/logo_ED.jpg\",\"contentUrl\":\"https:\\\/\\\/www.eldiario.net\\\/portal\\\/wp-content\\\/uploads\\\/2023\\\/07\\\/logo_ED.jpg\",\"width\":272,\"height\":52,\"caption\":\"El Diario - Decano de la prensa nacional\"},\"image\":{\"@id\":\"https:\\\/\\\/www.eldiario.net\\\/portal\\\/#\\\/schema\\\/logo\\\/image\\\/\"},\"sameAs\":[\"https:\\\/\\\/www.facebook.com\\\/eldiario.bolivia\\\/\",\"https:\\\/\\\/x.com\\\/eldiario_net\"]},{\"@type\":\"Person\",\"@id\":\"https:\\\/\\\/www.eldiario.net\\\/portal\\\/#\\\/schema\\\/person\\\/f46445640444750d7d753ccd04ae01b7\",\"name\":\"Jeanette\",\"image\":{\"@type\":\"ImageObject\",\"inLanguage\":\"es\",\"@id\":\"https:\\\/\\\/secure.gravatar.com\\\/avatar\\\/3ea2118a5f7dad2b7138b1187a6b7ee55f160b9968b66013c3a3ef39dd7e5798?s=96&d=mm&r=g\",\"url\":\"https:\\\/\\\/secure.gravatar.com\\\/avatar\\\/3ea2118a5f7dad2b7138b1187a6b7ee55f160b9968b66013c3a3ef39dd7e5798?s=96&d=mm&r=g\",\"contentUrl\":\"https:\\\/\\\/secure.gravatar.com\\\/avatar\\\/3ea2118a5f7dad2b7138b1187a6b7ee55f160b9968b66013c3a3ef39dd7e5798?s=96&d=mm&r=g\",\"caption\":\"Jeanette\"},\"sameAs\":[\"https:\\\/\\\/www.eldiario.net\\\/portal\"],\"url\":\"https:\\\/\\\/www.eldiario.net\\\/portal\\\/author\\\/jeanette\\\/\"}]}<\/script>\n<!-- \/ Yoast SEO plugin. -->","yoast_head_json":{"title":"Interpelaci\u00f3n a Almagro es un nuevo fracaso del MAS - El Diario - Bolivia","robots":{"index":"index","follow":"follow","max-snippet":"max-snippet:-1","max-image-preview":"max-image-preview:large","max-video-preview":"max-video-preview:-1"},"canonical":"https:\/\/www.eldiario.net\/portal\/2021\/08\/27\/interpelacion-a-almagro-es-un-nuevo-fracaso-del-mas\/","og_locale":"es_ES","og_type":"article","og_title":"Interpelaci\u00f3n a Almagro es un nuevo fracaso del MAS - El Diario - Bolivia","og_description":"El expresidente y l\u00edder de Comunidad Ciudadana (CC), Carlos Mesa Gisbert, calific\u00f3 como un nuevo fracaso del Movimiento al Socialismo (MAS) y Evo Morales el haber solicitado una interpelaci\u00f3n al secretario general de la Organizaci\u00f3n de Estados Americanos (OEA), Luis Almagro, para intentar descalificar el informe del Grupo Interdisciplinario de Expertos Independientes (GIEI) y la [&hellip;]","og_url":"https:\/\/www.eldiario.net\/portal\/2021\/08\/27\/interpelacion-a-almagro-es-un-nuevo-fracaso-del-mas\/","og_site_name":"El Diario - Bolivia","article_publisher":"https:\/\/www.facebook.com\/eldiario.bolivia\/","article_published_time":"2021-08-27T10:12:26+00:00","author":"Jeanette","twitter_card":"summary_large_image","twitter_creator":"@eldiario_net","twitter_site":"@eldiario_net","twitter_misc":{"Escrito por":"Jeanette","Tiempo de lectura":"2 minutos"},"schema":{"@context":"https:\/\/schema.org","@graph":[{"@type":"Article","@id":"https:\/\/www.eldiario.net\/portal\/2021\/08\/27\/interpelacion-a-almagro-es-un-nuevo-fracaso-del-mas\/#article","isPartOf":{"@id":"https:\/\/www.eldiario.net\/portal\/2021\/08\/27\/interpelacion-a-almagro-es-un-nuevo-fracaso-del-mas\/"},"author":{"name":"Jeanette","@id":"https:\/\/www.eldiario.net\/portal\/#\/schema\/person\/f46445640444750d7d753ccd04ae01b7"},"headline":"Interpelaci\u00f3n a Almagro es un nuevo fracaso del MAS","datePublished":"2021-08-27T10:12:26+00:00","mainEntityOfPage":{"@id":"https:\/\/www.eldiario.net\/portal\/2021\/08\/27\/interpelacion-a-almagro-es-un-nuevo-fracaso-del-mas\/"},"wordCount":390,"publisher":{"@id":"https:\/\/www.eldiario.net\/portal\/#organization"},"image":{"@id":"https:\/\/www.eldiario.net\/portal\/2021\/08\/27\/interpelacion-a-almagro-es-un-nuevo-fracaso-del-mas\/#primaryimage"},"thumbnailUrl":"","articleSection":["Pol\u00edtica"],"inLanguage":"es"},{"@type":"WebPage","@id":"https:\/\/www.eldiario.net\/portal\/2021\/08\/27\/interpelacion-a-almagro-es-un-nuevo-fracaso-del-mas\/","url":"https:\/\/www.eldiario.net\/portal\/2021\/08\/27\/interpelacion-a-almagro-es-un-nuevo-fracaso-del-mas\/","name":"Interpelaci\u00f3n a Almagro es un nuevo fracaso del MAS - El Diario - Bolivia","isPartOf":{"@id":"https:\/\/www.eldiario.net\/portal\/#website"},"primaryImageOfPage":{"@id":"https:\/\/www.eldiario.net\/portal\/2021\/08\/27\/interpelacion-a-almagro-es-un-nuevo-fracaso-del-mas\/#primaryimage"},"image":{"@id":"https:\/\/www.eldiario.net\/portal\/2021\/08\/27\/interpelacion-a-almagro-es-un-nuevo-fracaso-del-mas\/#primaryimage"},"thumbnailUrl":"","datePublished":"2021-08-27T10:12:26+00:00","breadcrumb":{"@id":"https:\/\/www.eldiario.net\/portal\/2021\/08\/27\/interpelacion-a-almagro-es-un-nuevo-fracaso-del-mas\/#breadcrumb"},"inLanguage":"es","potentialAction":[{"@type":"ReadAction","target":["https:\/\/www.eldiario.net\/portal\/2021\/08\/27\/interpelacion-a-almagro-es-un-nuevo-fracaso-del-mas\/"]}]},{"@type":"ImageObject","inLanguage":"es","@id":"https:\/\/www.eldiario.net\/portal\/2021\/08\/27\/interpelacion-a-almagro-es-un-nuevo-fracaso-del-mas\/#primaryimage","url":"","contentUrl":""},{"@type":"BreadcrumbList","@id":"https:\/\/www.eldiario.net\/portal\/2021\/08\/27\/interpelacion-a-almagro-es-un-nuevo-fracaso-del-mas\/#breadcrumb","itemListElement":[{"@type":"ListItem","position":1,"name":"Portada","item":"https:\/\/www.eldiario.net\/portal\/"},{"@type":"ListItem","position":2,"name":"Interpelaci\u00f3n a Almagro es un nuevo fracaso del MAS"}]},{"@type":"WebSite","@id":"https:\/\/www.eldiario.net\/portal\/#website","url":"https:\/\/www.eldiario.net\/portal\/","name":"El Diario - Decano de la prensa nacional","description":"El Diario - Decano de la prensa nacional","publisher":{"@id":"https:\/\/www.eldiario.net\/portal\/#organization"},"potentialAction":[{"@type":"SearchAction","target":{"@type":"EntryPoint","urlTemplate":"https:\/\/www.eldiario.net\/portal\/?s={search_term_string}"},"query-input":{"@type":"PropertyValueSpecification","valueRequired":true,"valueName":"search_term_string"}}],"inLanguage":"es"},{"@type":"Organization","@id":"https:\/\/www.eldiario.net\/portal\/#organization","name":"El Diario - Decano de la prensa nacional","url":"https:\/\/www.eldiario.net\/portal\/","logo":{"@type":"ImageObject","inLanguage":"es","@id":"https:\/\/www.eldiario.net\/portal\/#\/schema\/logo\/image\/","url":"https:\/\/www.eldiario.net\/portal\/wp-content\/uploads\/2023\/07\/logo_ED.jpg","contentUrl":"https:\/\/www.eldiario.net\/portal\/wp-content\/uploads\/2023\/07\/logo_ED.jpg","width":272,"height":52,"caption":"El Diario - Decano de la prensa nacional"},"image":{"@id":"https:\/\/www.eldiario.net\/portal\/#\/schema\/logo\/image\/"},"sameAs":["https:\/\/www.facebook.com\/eldiario.bolivia\/","https:\/\/x.com\/eldiario_net"]},{"@type":"Person","@id":"https:\/\/www.eldiario.net\/portal\/#\/schema\/person\/f46445640444750d7d753ccd04ae01b7","name":"Jeanette","image":{"@type":"ImageObject","inLanguage":"es","@id":"https:\/\/secure.gravatar.com\/avatar\/3ea2118a5f7dad2b7138b1187a6b7ee55f160b9968b66013c3a3ef39dd7e5798?s=96&d=mm&r=g","url":"https:\/\/secure.gravatar.com\/avatar\/3ea2118a5f7dad2b7138b1187a6b7ee55f160b9968b66013c3a3ef39dd7e5798?s=96&d=mm&r=g","contentUrl":"https:\/\/secure.gravatar.com\/avatar\/3ea2118a5f7dad2b7138b1187a6b7ee55f160b9968b66013c3a3ef39dd7e5798?s=96&d=mm&r=g","caption":"Jeanette"},"sameAs":["https:\/\/www.eldiario.net\/portal"],"url":"https:\/\/www.eldiario.net\/portal\/author\/jeanette\/"}]}},"_links":{"self":[{"href":"https:\/\/www.eldiario.net\/portal\/wp-json\/wp\/v2\/posts\/26034","targetHints":{"allow":["GET"]}}],"collection":[{"href":"https:\/\/www.eldiario.net\/portal\/wp-json\/wp\/v2\/posts"}],"about":[{"href":"https:\/\/www.eldiario.net\/portal\/wp-json\/wp\/v2\/types\/post"}],"author":[{"embeddable":true,"href":"https:\/\/www.eldiario.net\/portal\/wp-json\/wp\/v2\/users\/1"}],"replies":[{"embeddable":true,"href":"https:\/\/www.eldiario.net\/portal\/wp-json\/wp\/v2\/comments?post=26034"}],"version-history":[{"count":0,"href":"https:\/\/www.eldiario.net\/portal\/wp-json\/wp\/v2\/posts\/26034\/revisions"}],"wp:attachment":[{"href":"https:\/\/www.eldiario.net\/portal\/wp-json\/wp\/v2\/media?parent=26034"}],"wp:term":[{"taxonomy":"category","embeddable":true,"href":"https:\/\/www.eldiario.net\/portal\/wp-json\/wp\/v2\/categories?post=26034"},{"taxonomy":"post_tag","embeddable":true,"href":"https:\/\/www.eldiario.net\/portal\/wp-json\/wp\/v2\/tags?post=26034"}],"curies":[{"name":"wp","href":"https:\/\/api.w.org\/{rel}","templated":true}]}}