{"id":26031,"date":"2021-08-27T06:11:28","date_gmt":"2021-08-27T10:11:28","guid":{"rendered":"https:\/\/www.eldiario.net\/portal\/?p=26031"},"modified":"2021-08-27T06:11:28","modified_gmt":"2021-08-27T10:11:28","slug":"expulsan-a-la-alcaldesa-eva-copa-de-jallalla","status":"publish","type":"post","link":"https:\/\/www.eldiario.net\/portal\/2021\/08\/27\/expulsan-a-la-alcaldesa-eva-copa-de-jallalla\/","title":{"rendered":"Expulsan a la alcaldesa Eva Copa de Jallalla"},"content":{"rendered":"<p>La alcaldesa de El Alto, Eva Copa, fue expulsada de la agrupaci\u00f3n ciudadana Jallalla por presuntamente haber traicionado al partido con el cual lleg\u00f3 ocupar la silla edil, anunci\u00f3 ayer el jefe de esta organizaci\u00f3n pol\u00edtica, Leopoldo Chui.<br \/>\nSeg\u00fan la resoluci\u00f3n emitida por Jallalla, la decisi\u00f3n se debe a que Copa no cumpli\u00f3 con los programas y principios de la agrupaci\u00f3n, y por no haber respetado el convenio de compromiso institucional del 28 de diciembre de 2020.<br \/>\n\u201cYo le digo a la se\u00f1ora Eva Copa: hermana yo te he levantado las manos, Jallala te ha puesto en hombros. Mira hoy c\u00f3mo nos traicionas (\u2026)\u201d, afirm\u00f3 Chui.<br \/>\nFrente a la decisi\u00f3n de expulsarla de la agrupaci\u00f3n anunci\u00f3 que todos sus concejales en El Alto seguir\u00e1n la l\u00ednea org\u00e1nica e ideol\u00f3gica de Jallalla y se alejar\u00e1n de la l\u00ednea de Copa.<br \/>\nDurante los \u00faltimos meses, la situaci\u00f3n entre Chui y la Alcaldesa de El Alto se fue complicando. Los problemas con la agrupaci\u00f3n pol\u00edtica se tienen ladem\u00e1s con el gobernador de La Paz, Santos Quispe.<br \/>\n\u201cNosotros no tenemos m\u00e1s que hablar, responsablemente con todo respeto se\u00f1ora Eva Copa te deseamos los mejor para que lleves adelante a todo el pueblo alte\u00f1o, pero la traici\u00f3n que haces a Jallalla que se quede y que juzgue el pueblo\u201d, a\u00f1adi\u00f3 Chui.<br \/>\nAntes de postular por la agrupaci\u00f3n Jallalla en las elecciones subnacionales, Copa fue militante del Movimiento al Socialismo (MAS) partido al que, en su momento, cuestion\u00f3 por no dar oportunidad a los j\u00f3venes para aspirar a cargos como la Alcald\u00eda de El Alto.<br \/>\nEn pasados d\u00edas, durante un acto de campa\u00f1a de vacunaci\u00f3n, la burgomaestre apareci\u00f3 junto al presidente Luis Arce a quien le dijo que los alte\u00f1os defender\u00e1n al Gobierno frente a intentos de desestabilizaci\u00f3n y garantizar\u00e1n que concluya con toda su gesti\u00f3n.<\/p>\n","protected":false},"excerpt":{"rendered":"<p>La alcaldesa de El Alto, Eva Copa, fue expulsada de la agrupaci\u00f3n ciudadana Jallalla por presuntamente haber traicionado al partido con el cual lleg\u00f3 ocupar la silla edil, anunci\u00f3 ayer el jefe de esta organizaci\u00f3n pol\u00edtica, Leopoldo Chui. Seg\u00fan la resoluci\u00f3n emitida por Jallalla, la decisi\u00f3n se debe a que Copa no cumpli\u00f3 con los [&hellip;]<\/p>\n","protected":false},"author":1,"featured_media":26032,"comment_status":"closed","ping_status":"closed","sticky":false,"template":"","format":"standard","meta":{"_acf_changed":false,"footnotes":""},"categories":[14],"tags":[],"class_list":["post-26031","post","type-post","status-publish","format-standard","has-post-thumbnail","category-politica"],"acf":{"antetitulo":""},"yoast_head":"<!-- This site is optimized with the Yoast SEO plugin v28.4 - https:\/\/yoast.com\/product\/yoast-seo-wordpress\/ -->\n<title>Expulsan a la alcaldesa Eva Copa de Jallalla - El Diario - Bolivia<\/title>\n<meta name=\"robots\" content=\"index, follow, max-snippet:-1, max-image-preview:large, max-video-preview:-1\" \/>\n<link rel=\"canonical\" href=\"https:\/\/www.eldiario.net\/portal\/2021\/08\/27\/expulsan-a-la-alcaldesa-eva-copa-de-jallalla\/\" \/>\n<meta property=\"og:locale\" content=\"es_ES\" \/>\n<meta property=\"og:type\" content=\"article\" \/>\n<meta property=\"og:title\" content=\"Expulsan a la alcaldesa Eva Copa de Jallalla - El Diario - Bolivia\" \/>\n<meta property=\"og:description\" content=\"La alcaldesa de El Alto, Eva Copa, fue expulsada de la agrupaci\u00f3n ciudadana Jallalla por presuntamente haber traicionado al partido con el cual lleg\u00f3 ocupar la silla edil, anunci\u00f3 ayer el jefe de esta organizaci\u00f3n pol\u00edtica, Leopoldo Chui. Seg\u00fan la resoluci\u00f3n emitida por Jallalla, la decisi\u00f3n se debe a que Copa no cumpli\u00f3 con los [&hellip;]\" \/>\n<meta property=\"og:url\" content=\"https:\/\/www.eldiario.net\/portal\/2021\/08\/27\/expulsan-a-la-alcaldesa-eva-copa-de-jallalla\/\" \/>\n<meta property=\"og:site_name\" content=\"El Diario - Bolivia\" \/>\n<meta property=\"article:publisher\" content=\"https:\/\/www.facebook.com\/eldiario.bolivia\/\" \/>\n<meta property=\"article:published_time\" content=\"2021-08-27T10:11:28+00:00\" \/>\n<meta name=\"author\" content=\"Jeanette\" \/>\n<meta name=\"twitter:card\" content=\"summary_large_image\" \/>\n<meta name=\"twitter:creator\" content=\"@eldiario_net\" \/>\n<meta name=\"twitter:site\" content=\"@eldiario_net\" \/>\n<meta name=\"twitter:label1\" content=\"Escrito por\" \/>\n\t<meta name=\"twitter:data1\" content=\"Jeanette\" \/>\n\t<meta name=\"twitter:label2\" content=\"Tiempo de lectura\" \/>\n\t<meta name=\"twitter:data2\" content=\"2 minutos\" \/>\n<script type=\"application\/ld+json\" class=\"yoast-schema-graph\">{\"@context\":\"https:\\\/\\\/schema.org\",\"@graph\":[{\"@type\":\"Article\",\"@id\":\"https:\\\/\\\/www.eldiario.net\\\/portal\\\/2021\\\/08\\\/27\\\/expulsan-a-la-alcaldesa-eva-copa-de-jallalla\\\/#article\",\"isPartOf\":{\"@id\":\"https:\\\/\\\/www.eldiario.net\\\/portal\\\/2021\\\/08\\\/27\\\/expulsan-a-la-alcaldesa-eva-copa-de-jallalla\\\/\"},\"author\":{\"name\":\"Jeanette\",\"@id\":\"https:\\\/\\\/www.eldiario.net\\\/portal\\\/#\\\/schema\\\/person\\\/f46445640444750d7d753ccd04ae01b7\"},\"headline\":\"Expulsan a la alcaldesa Eva Copa de Jallalla\",\"datePublished\":\"2021-08-27T10:11:28+00:00\",\"mainEntityOfPage\":{\"@id\":\"https:\\\/\\\/www.eldiario.net\\\/portal\\\/2021\\\/08\\\/27\\\/expulsan-a-la-alcaldesa-eva-copa-de-jallalla\\\/\"},\"wordCount\":342,\"publisher\":{\"@id\":\"https:\\\/\\\/www.eldiario.net\\\/portal\\\/#organization\"},\"image\":{\"@id\":\"https:\\\/\\\/www.eldiario.net\\\/portal\\\/2021\\\/08\\\/27\\\/expulsan-a-la-alcaldesa-eva-copa-de-jallalla\\\/#primaryimage\"},\"thumbnailUrl\":\"\",\"articleSection\":[\"Pol\u00edtica\"],\"inLanguage\":\"es\"},{\"@type\":\"WebPage\",\"@id\":\"https:\\\/\\\/www.eldiario.net\\\/portal\\\/2021\\\/08\\\/27\\\/expulsan-a-la-alcaldesa-eva-copa-de-jallalla\\\/\",\"url\":\"https:\\\/\\\/www.eldiario.net\\\/portal\\\/2021\\\/08\\\/27\\\/expulsan-a-la-alcaldesa-eva-copa-de-jallalla\\\/\",\"name\":\"Expulsan a la alcaldesa Eva Copa de Jallalla - El Diario - Bolivia\",\"isPartOf\":{\"@id\":\"https:\\\/\\\/www.eldiario.net\\\/portal\\\/#website\"},\"primaryImageOfPage\":{\"@id\":\"https:\\\/\\\/www.eldiario.net\\\/portal\\\/2021\\\/08\\\/27\\\/expulsan-a-la-alcaldesa-eva-copa-de-jallalla\\\/#primaryimage\"},\"image\":{\"@id\":\"https:\\\/\\\/www.eldiario.net\\\/portal\\\/2021\\\/08\\\/27\\\/expulsan-a-la-alcaldesa-eva-copa-de-jallalla\\\/#primaryimage\"},\"thumbnailUrl\":\"\",\"datePublished\":\"2021-08-27T10:11:28+00:00\",\"breadcrumb\":{\"@id\":\"https:\\\/\\\/www.eldiario.net\\\/portal\\\/2021\\\/08\\\/27\\\/expulsan-a-la-alcaldesa-eva-copa-de-jallalla\\\/#breadcrumb\"},\"inLanguage\":\"es\",\"potentialAction\":[{\"@type\":\"ReadAction\",\"target\":[\"https:\\\/\\\/www.eldiario.net\\\/portal\\\/2021\\\/08\\\/27\\\/expulsan-a-la-alcaldesa-eva-copa-de-jallalla\\\/\"]}]},{\"@type\":\"ImageObject\",\"inLanguage\":\"es\",\"@id\":\"https:\\\/\\\/www.eldiario.net\\\/portal\\\/2021\\\/08\\\/27\\\/expulsan-a-la-alcaldesa-eva-copa-de-jallalla\\\/#primaryimage\",\"url\":\"\",\"contentUrl\":\"\"},{\"@type\":\"BreadcrumbList\",\"@id\":\"https:\\\/\\\/www.eldiario.net\\\/portal\\\/2021\\\/08\\\/27\\\/expulsan-a-la-alcaldesa-eva-copa-de-jallalla\\\/#breadcrumb\",\"itemListElement\":[{\"@type\":\"ListItem\",\"position\":1,\"name\":\"Portada\",\"item\":\"https:\\\/\\\/www.eldiario.net\\\/portal\\\/\"},{\"@type\":\"ListItem\",\"position\":2,\"name\":\"Expulsan a la alcaldesa Eva Copa de Jallalla\"}]},{\"@type\":\"WebSite\",\"@id\":\"https:\\\/\\\/www.eldiario.net\\\/portal\\\/#website\",\"url\":\"https:\\\/\\\/www.eldiario.net\\\/portal\\\/\",\"name\":\"El Diario - Decano de la prensa nacional\",\"description\":\"El Diario - Decano de la prensa nacional\",\"publisher\":{\"@id\":\"https:\\\/\\\/www.eldiario.net\\\/portal\\\/#organization\"},\"potentialAction\":[{\"@type\":\"SearchAction\",\"target\":{\"@type\":\"EntryPoint\",\"urlTemplate\":\"https:\\\/\\\/www.eldiario.net\\\/portal\\\/?s={search_term_string}\"},\"query-input\":{\"@type\":\"PropertyValueSpecification\",\"valueRequired\":true,\"valueName\":\"search_term_string\"}}],\"inLanguage\":\"es\"},{\"@type\":\"Organization\",\"@id\":\"https:\\\/\\\/www.eldiario.net\\\/portal\\\/#organization\",\"name\":\"El Diario - Decano de la prensa nacional\",\"url\":\"https:\\\/\\\/www.eldiario.net\\\/portal\\\/\",\"logo\":{\"@type\":\"ImageObject\",\"inLanguage\":\"es\",\"@id\":\"https:\\\/\\\/www.eldiario.net\\\/portal\\\/#\\\/schema\\\/logo\\\/image\\\/\",\"url\":\"https:\\\/\\\/www.eldiario.net\\\/portal\\\/wp-content\\\/uploads\\\/2023\\\/07\\\/logo_ED.jpg\",\"contentUrl\":\"https:\\\/\\\/www.eldiario.net\\\/portal\\\/wp-content\\\/uploads\\\/2023\\\/07\\\/logo_ED.jpg\",\"width\":272,\"height\":52,\"caption\":\"El Diario - Decano de la prensa nacional\"},\"image\":{\"@id\":\"https:\\\/\\\/www.eldiario.net\\\/portal\\\/#\\\/schema\\\/logo\\\/image\\\/\"},\"sameAs\":[\"https:\\\/\\\/www.facebook.com\\\/eldiario.bolivia\\\/\",\"https:\\\/\\\/x.com\\\/eldiario_net\"]},{\"@type\":\"Person\",\"@id\":\"https:\\\/\\\/www.eldiario.net\\\/portal\\\/#\\\/schema\\\/person\\\/f46445640444750d7d753ccd04ae01b7\",\"name\":\"Jeanette\",\"image\":{\"@type\":\"ImageObject\",\"inLanguage\":\"es\",\"@id\":\"https:\\\/\\\/secure.gravatar.com\\\/avatar\\\/3ea2118a5f7dad2b7138b1187a6b7ee55f160b9968b66013c3a3ef39dd7e5798?s=96&d=mm&r=g\",\"url\":\"https:\\\/\\\/secure.gravatar.com\\\/avatar\\\/3ea2118a5f7dad2b7138b1187a6b7ee55f160b9968b66013c3a3ef39dd7e5798?s=96&d=mm&r=g\",\"contentUrl\":\"https:\\\/\\\/secure.gravatar.com\\\/avatar\\\/3ea2118a5f7dad2b7138b1187a6b7ee55f160b9968b66013c3a3ef39dd7e5798?s=96&d=mm&r=g\",\"caption\":\"Jeanette\"},\"sameAs\":[\"https:\\\/\\\/www.eldiario.net\\\/portal\"],\"url\":\"https:\\\/\\\/www.eldiario.net\\\/portal\\\/author\\\/jeanette\\\/\"}]}<\/script>\n<!-- \/ Yoast SEO plugin. -->","yoast_head_json":{"title":"Expulsan a la alcaldesa Eva Copa de Jallalla - El Diario - Bolivia","robots":{"index":"index","follow":"follow","max-snippet":"max-snippet:-1","max-image-preview":"max-image-preview:large","max-video-preview":"max-video-preview:-1"},"canonical":"https:\/\/www.eldiario.net\/portal\/2021\/08\/27\/expulsan-a-la-alcaldesa-eva-copa-de-jallalla\/","og_locale":"es_ES","og_type":"article","og_title":"Expulsan a la alcaldesa Eva Copa de Jallalla - El Diario - Bolivia","og_description":"La alcaldesa de El Alto, Eva Copa, fue expulsada de la agrupaci\u00f3n ciudadana Jallalla por presuntamente haber traicionado al partido con el cual lleg\u00f3 ocupar la silla edil, anunci\u00f3 ayer el jefe de esta organizaci\u00f3n pol\u00edtica, Leopoldo Chui. Seg\u00fan la resoluci\u00f3n emitida por Jallalla, la decisi\u00f3n se debe a que Copa no cumpli\u00f3 con los [&hellip;]","og_url":"https:\/\/www.eldiario.net\/portal\/2021\/08\/27\/expulsan-a-la-alcaldesa-eva-copa-de-jallalla\/","og_site_name":"El Diario - Bolivia","article_publisher":"https:\/\/www.facebook.com\/eldiario.bolivia\/","article_published_time":"2021-08-27T10:11:28+00:00","author":"Jeanette","twitter_card":"summary_large_image","twitter_creator":"@eldiario_net","twitter_site":"@eldiario_net","twitter_misc":{"Escrito por":"Jeanette","Tiempo de lectura":"2 minutos"},"schema":{"@context":"https:\/\/schema.org","@graph":[{"@type":"Article","@id":"https:\/\/www.eldiario.net\/portal\/2021\/08\/27\/expulsan-a-la-alcaldesa-eva-copa-de-jallalla\/#article","isPartOf":{"@id":"https:\/\/www.eldiario.net\/portal\/2021\/08\/27\/expulsan-a-la-alcaldesa-eva-copa-de-jallalla\/"},"author":{"name":"Jeanette","@id":"https:\/\/www.eldiario.net\/portal\/#\/schema\/person\/f46445640444750d7d753ccd04ae01b7"},"headline":"Expulsan a la alcaldesa Eva Copa de Jallalla","datePublished":"2021-08-27T10:11:28+00:00","mainEntityOfPage":{"@id":"https:\/\/www.eldiario.net\/portal\/2021\/08\/27\/expulsan-a-la-alcaldesa-eva-copa-de-jallalla\/"},"wordCount":342,"publisher":{"@id":"https:\/\/www.eldiario.net\/portal\/#organization"},"image":{"@id":"https:\/\/www.eldiario.net\/portal\/2021\/08\/27\/expulsan-a-la-alcaldesa-eva-copa-de-jallalla\/#primaryimage"},"thumbnailUrl":"","articleSection":["Pol\u00edtica"],"inLanguage":"es"},{"@type":"WebPage","@id":"https:\/\/www.eldiario.net\/portal\/2021\/08\/27\/expulsan-a-la-alcaldesa-eva-copa-de-jallalla\/","url":"https:\/\/www.eldiario.net\/portal\/2021\/08\/27\/expulsan-a-la-alcaldesa-eva-copa-de-jallalla\/","name":"Expulsan a la alcaldesa Eva Copa de Jallalla - El Diario - Bolivia","isPartOf":{"@id":"https:\/\/www.eldiario.net\/portal\/#website"},"primaryImageOfPage":{"@id":"https:\/\/www.eldiario.net\/portal\/2021\/08\/27\/expulsan-a-la-alcaldesa-eva-copa-de-jallalla\/#primaryimage"},"image":{"@id":"https:\/\/www.eldiario.net\/portal\/2021\/08\/27\/expulsan-a-la-alcaldesa-eva-copa-de-jallalla\/#primaryimage"},"thumbnailUrl":"","datePublished":"2021-08-27T10:11:28+00:00","breadcrumb":{"@id":"https:\/\/www.eldiario.net\/portal\/2021\/08\/27\/expulsan-a-la-alcaldesa-eva-copa-de-jallalla\/#breadcrumb"},"inLanguage":"es","potentialAction":[{"@type":"ReadAction","target":["https:\/\/www.eldiario.net\/portal\/2021\/08\/27\/expulsan-a-la-alcaldesa-eva-copa-de-jallalla\/"]}]},{"@type":"ImageObject","inLanguage":"es","@id":"https:\/\/www.eldiario.net\/portal\/2021\/08\/27\/expulsan-a-la-alcaldesa-eva-copa-de-jallalla\/#primaryimage","url":"","contentUrl":""},{"@type":"BreadcrumbList","@id":"https:\/\/www.eldiario.net\/portal\/2021\/08\/27\/expulsan-a-la-alcaldesa-eva-copa-de-jallalla\/#breadcrumb","itemListElement":[{"@type":"ListItem","position":1,"name":"Portada","item":"https:\/\/www.eldiario.net\/portal\/"},{"@type":"ListItem","position":2,"name":"Expulsan a la alcaldesa Eva Copa de Jallalla"}]},{"@type":"WebSite","@id":"https:\/\/www.eldiario.net\/portal\/#website","url":"https:\/\/www.eldiario.net\/portal\/","name":"El Diario - Decano de la prensa nacional","description":"El Diario - Decano de la prensa nacional","publisher":{"@id":"https:\/\/www.eldiario.net\/portal\/#organization"},"potentialAction":[{"@type":"SearchAction","target":{"@type":"EntryPoint","urlTemplate":"https:\/\/www.eldiario.net\/portal\/?s={search_term_string}"},"query-input":{"@type":"PropertyValueSpecification","valueRequired":true,"valueName":"search_term_string"}}],"inLanguage":"es"},{"@type":"Organization","@id":"https:\/\/www.eldiario.net\/portal\/#organization","name":"El Diario - Decano de la prensa nacional","url":"https:\/\/www.eldiario.net\/portal\/","logo":{"@type":"ImageObject","inLanguage":"es","@id":"https:\/\/www.eldiario.net\/portal\/#\/schema\/logo\/image\/","url":"https:\/\/www.eldiario.net\/portal\/wp-content\/uploads\/2023\/07\/logo_ED.jpg","contentUrl":"https:\/\/www.eldiario.net\/portal\/wp-content\/uploads\/2023\/07\/logo_ED.jpg","width":272,"height":52,"caption":"El Diario - Decano de la prensa nacional"},"image":{"@id":"https:\/\/www.eldiario.net\/portal\/#\/schema\/logo\/image\/"},"sameAs":["https:\/\/www.facebook.com\/eldiario.bolivia\/","https:\/\/x.com\/eldiario_net"]},{"@type":"Person","@id":"https:\/\/www.eldiario.net\/portal\/#\/schema\/person\/f46445640444750d7d753ccd04ae01b7","name":"Jeanette","image":{"@type":"ImageObject","inLanguage":"es","@id":"https:\/\/secure.gravatar.com\/avatar\/3ea2118a5f7dad2b7138b1187a6b7ee55f160b9968b66013c3a3ef39dd7e5798?s=96&d=mm&r=g","url":"https:\/\/secure.gravatar.com\/avatar\/3ea2118a5f7dad2b7138b1187a6b7ee55f160b9968b66013c3a3ef39dd7e5798?s=96&d=mm&r=g","contentUrl":"https:\/\/secure.gravatar.com\/avatar\/3ea2118a5f7dad2b7138b1187a6b7ee55f160b9968b66013c3a3ef39dd7e5798?s=96&d=mm&r=g","caption":"Jeanette"},"sameAs":["https:\/\/www.eldiario.net\/portal"],"url":"https:\/\/www.eldiario.net\/portal\/author\/jeanette\/"}]}},"_links":{"self":[{"href":"https:\/\/www.eldiario.net\/portal\/wp-json\/wp\/v2\/posts\/26031","targetHints":{"allow":["GET"]}}],"collection":[{"href":"https:\/\/www.eldiario.net\/portal\/wp-json\/wp\/v2\/posts"}],"about":[{"href":"https:\/\/www.eldiario.net\/portal\/wp-json\/wp\/v2\/types\/post"}],"author":[{"embeddable":true,"href":"https:\/\/www.eldiario.net\/portal\/wp-json\/wp\/v2\/users\/1"}],"replies":[{"embeddable":true,"href":"https:\/\/www.eldiario.net\/portal\/wp-json\/wp\/v2\/comments?post=26031"}],"version-history":[{"count":0,"href":"https:\/\/www.eldiario.net\/portal\/wp-json\/wp\/v2\/posts\/26031\/revisions"}],"wp:attachment":[{"href":"https:\/\/www.eldiario.net\/portal\/wp-json\/wp\/v2\/media?parent=26031"}],"wp:term":[{"taxonomy":"category","embeddable":true,"href":"https:\/\/www.eldiario.net\/portal\/wp-json\/wp\/v2\/categories?post=26031"},{"taxonomy":"post_tag","embeddable":true,"href":"https:\/\/www.eldiario.net\/portal\/wp-json\/wp\/v2\/tags?post=26031"}],"curies":[{"name":"wp","href":"https:\/\/api.w.org\/{rel}","templated":true}]}}