{"id":26028,"date":"2021-08-27T06:10:28","date_gmt":"2021-08-27T10:10:28","guid":{"rendered":"https:\/\/www.eldiario.net\/portal\/?p=26028"},"modified":"2021-08-27T06:10:28","modified_gmt":"2021-08-27T10:10:28","slug":"futecra-abastece-carne-a-mercados-de-la-paz","status":"publish","type":"post","link":"https:\/\/www.eldiario.net\/portal\/2021\/08\/27\/futecra-abastece-carne-a-mercados-de-la-paz\/","title":{"rendered":"Futecra abastece carne  a mercados de La Paz"},"content":{"rendered":"<p>La Federaci\u00f3n \u00danica de Trabajadores en Carne y Ramas Anexas de El Alto (Futecra) asegur\u00f3 que est\u00e1 garantizada la distribuci\u00f3n de carne en la ciudad de La Paz, anuncio efectuado debido al posible desabastecimiento que podr\u00eda existir, dijo el responsable Germ\u00e1n Cachi.<br \/>\nEl dirigente explic\u00f3 que las medidas de protesta que se est\u00e1n llevando en el momento por parte del grupo de trabajadores del matadero de la sede de Gobierno no afecta a la distribuci\u00f3n de carne en los diferentes mercados y ferias, debido a que el Matadero Municipal de la urbe alte\u00f1a viene trabajando con normalidad.<br \/>\n\u201cDesde el d\u00eda en que iniciaron estas medidas de protesta, el grupo de trabajadores en La Paz, nosotros hemos continuado de forma normal el abastecimiento de carne vacuna a todos los mercados, porque contamos con pedidos exclusivos a los que no podemos fallar y de esta manera garantizamos la provisi\u00f3n de este producto, durante todos estos d\u00edas\u201d, explic\u00f3 el dirigente Futecra, Germ\u00e1n Cachi.<br \/>\nEl dirigente de los carniceros de El Alto aclar\u00f3 que no existe ninguna posibilidad de sumarse a las medidas de protesta, por parte de los trabajadores de esta ciudad, porque la protesta que llevan a cabo en la sede de Gobierno es del sector de los independientes, mientras que Futecra pertenece al municipio.<br \/>\nDe esta manera, la provisi\u00f3n de carne en el mercado de la ciudad de El Alto es normal, adem\u00e1s cuentan con proveedores de las diferentes provincias de La Paz, donde las cabezas de ganado bobino llegan a diario a esta urbe, el mismo que es reforzado de los departamentos de Cochabamba, Santa Cruz y Beni.<br \/>\n\u201cSabemos que esta medida de protesta de los compa\u00f1eros de La Paz est\u00e1 entrando al tercer d\u00eda de protesta, pero nosotros estamos en la posibilidad de mantener el abastecimiento de forma normal, porque nuestras provisiones son tambi\u00e9n de la misma forma, donde los frigor\u00edficos distribuyen a diario carne fresca en ambas ciudades\u201d, aclar\u00f3 el dirigente.<br \/>\nEn cuanto a los precios de este producto se mantienen, lo cual es aclarado a la poblaci\u00f3n alte\u00f1a que no existe ning\u00fan motivo para que se especule con una subida, debido a que la provisi\u00f3n es normal, tanto para las ferias zonales y los diferentes mercados.<br \/>\nEntretanto, las medidas de protesta de los trabajadores del matadero de La Paz contin\u00faan con car\u00e1cter indefinido a pesar de que en las \u00faltimas horas anunciaron que existe la posibilidad de acercamiento con las autoridades municipales, para tratar el pliego petitorio de los sueldos adeudados desde el mes de julio. Entre otros reclamos est\u00e1 la firma de contratos del mes de agosto hasta diciembre y la renuncia del administrador del matadero.<br \/>\nDe esta forma, la vigilia en el sector del matadero de la zona de Achachicala tambi\u00e9n es permanente por parte de los trabajadores del sector, entre sus demandas est\u00e1 el pedido de renuncia del veterinario.<br \/>\n\u201cNosotros estamos dispuestos a escuchar a las autoridades del municipio, para solucionar este tema cuanto antes, porque no queremos seguir perjudicando a la poblaci\u00f3n con el desabastecimiento de carne que ya se est\u00e1 sintiendo\u201d, indic\u00f3 el dirigente Flavio Choque.<\/p>\n","protected":false},"excerpt":{"rendered":"<p>La Federaci\u00f3n \u00danica de Trabajadores en Carne y Ramas Anexas de El Alto (Futecra) asegur\u00f3 que est\u00e1 garantizada la distribuci\u00f3n de carne en la ciudad de La Paz, anuncio efectuado debido al posible desabastecimiento que podr\u00eda existir, dijo el responsable Germ\u00e1n Cachi. El dirigente explic\u00f3 que las medidas de protesta que se est\u00e1n llevando en [&hellip;]<\/p>\n","protected":false},"author":1,"featured_media":26029,"comment_status":"closed","ping_status":"closed","sticky":false,"template":"","format":"standard","meta":{"_acf_changed":false,"footnotes":""},"categories":[12],"tags":[],"class_list":["post-26028","post","type-post","status-publish","format-standard","has-post-thumbnail","category-nacional"],"acf":{"antetitulo":""},"yoast_head":"<!-- This site is optimized with the Yoast SEO plugin v28.4 - https:\/\/yoast.com\/product\/yoast-seo-wordpress\/ -->\n<title>Futecra abastece carne a mercados de La Paz - El Diario - Bolivia<\/title>\n<meta name=\"robots\" content=\"index, follow, max-snippet:-1, max-image-preview:large, max-video-preview:-1\" \/>\n<link rel=\"canonical\" href=\"https:\/\/www.eldiario.net\/portal\/2021\/08\/27\/futecra-abastece-carne-a-mercados-de-la-paz\/\" \/>\n<meta property=\"og:locale\" content=\"es_ES\" \/>\n<meta property=\"og:type\" content=\"article\" \/>\n<meta property=\"og:title\" content=\"Futecra abastece carne a mercados de La Paz - El Diario - Bolivia\" \/>\n<meta property=\"og:description\" content=\"La Federaci\u00f3n \u00danica de Trabajadores en Carne y Ramas Anexas de El Alto (Futecra) asegur\u00f3 que est\u00e1 garantizada la distribuci\u00f3n de carne en la ciudad de La Paz, anuncio efectuado debido al posible desabastecimiento que podr\u00eda existir, dijo el responsable Germ\u00e1n Cachi. El dirigente explic\u00f3 que las medidas de protesta que se est\u00e1n llevando en [&hellip;]\" \/>\n<meta property=\"og:url\" content=\"https:\/\/www.eldiario.net\/portal\/2021\/08\/27\/futecra-abastece-carne-a-mercados-de-la-paz\/\" \/>\n<meta property=\"og:site_name\" content=\"El Diario - Bolivia\" \/>\n<meta property=\"article:publisher\" content=\"https:\/\/www.facebook.com\/eldiario.bolivia\/\" \/>\n<meta property=\"article:published_time\" content=\"2021-08-27T10:10:28+00:00\" \/>\n<meta name=\"author\" content=\"Jeanette\" \/>\n<meta name=\"twitter:card\" content=\"summary_large_image\" \/>\n<meta name=\"twitter:creator\" content=\"@eldiario_net\" \/>\n<meta name=\"twitter:site\" content=\"@eldiario_net\" \/>\n<meta name=\"twitter:label1\" content=\"Escrito por\" \/>\n\t<meta name=\"twitter:data1\" content=\"Jeanette\" \/>\n\t<meta name=\"twitter:label2\" content=\"Tiempo de lectura\" \/>\n\t<meta name=\"twitter:data2\" content=\"3 minutos\" \/>\n<script type=\"application\/ld+json\" class=\"yoast-schema-graph\">{\"@context\":\"https:\\\/\\\/schema.org\",\"@graph\":[{\"@type\":\"Article\",\"@id\":\"https:\\\/\\\/www.eldiario.net\\\/portal\\\/2021\\\/08\\\/27\\\/futecra-abastece-carne-a-mercados-de-la-paz\\\/#article\",\"isPartOf\":{\"@id\":\"https:\\\/\\\/www.eldiario.net\\\/portal\\\/2021\\\/08\\\/27\\\/futecra-abastece-carne-a-mercados-de-la-paz\\\/\"},\"author\":{\"name\":\"Jeanette\",\"@id\":\"https:\\\/\\\/www.eldiario.net\\\/portal\\\/#\\\/schema\\\/person\\\/f46445640444750d7d753ccd04ae01b7\"},\"headline\":\"Futecra abastece carne a mercados de La Paz\",\"datePublished\":\"2021-08-27T10:10:28+00:00\",\"mainEntityOfPage\":{\"@id\":\"https:\\\/\\\/www.eldiario.net\\\/portal\\\/2021\\\/08\\\/27\\\/futecra-abastece-carne-a-mercados-de-la-paz\\\/\"},\"wordCount\":547,\"publisher\":{\"@id\":\"https:\\\/\\\/www.eldiario.net\\\/portal\\\/#organization\"},\"image\":{\"@id\":\"https:\\\/\\\/www.eldiario.net\\\/portal\\\/2021\\\/08\\\/27\\\/futecra-abastece-carne-a-mercados-de-la-paz\\\/#primaryimage\"},\"thumbnailUrl\":\"\",\"articleSection\":[\"Nacional\"],\"inLanguage\":\"es\"},{\"@type\":\"WebPage\",\"@id\":\"https:\\\/\\\/www.eldiario.net\\\/portal\\\/2021\\\/08\\\/27\\\/futecra-abastece-carne-a-mercados-de-la-paz\\\/\",\"url\":\"https:\\\/\\\/www.eldiario.net\\\/portal\\\/2021\\\/08\\\/27\\\/futecra-abastece-carne-a-mercados-de-la-paz\\\/\",\"name\":\"Futecra abastece carne a mercados de La Paz - El Diario - Bolivia\",\"isPartOf\":{\"@id\":\"https:\\\/\\\/www.eldiario.net\\\/portal\\\/#website\"},\"primaryImageOfPage\":{\"@id\":\"https:\\\/\\\/www.eldiario.net\\\/portal\\\/2021\\\/08\\\/27\\\/futecra-abastece-carne-a-mercados-de-la-paz\\\/#primaryimage\"},\"image\":{\"@id\":\"https:\\\/\\\/www.eldiario.net\\\/portal\\\/2021\\\/08\\\/27\\\/futecra-abastece-carne-a-mercados-de-la-paz\\\/#primaryimage\"},\"thumbnailUrl\":\"\",\"datePublished\":\"2021-08-27T10:10:28+00:00\",\"breadcrumb\":{\"@id\":\"https:\\\/\\\/www.eldiario.net\\\/portal\\\/2021\\\/08\\\/27\\\/futecra-abastece-carne-a-mercados-de-la-paz\\\/#breadcrumb\"},\"inLanguage\":\"es\",\"potentialAction\":[{\"@type\":\"ReadAction\",\"target\":[\"https:\\\/\\\/www.eldiario.net\\\/portal\\\/2021\\\/08\\\/27\\\/futecra-abastece-carne-a-mercados-de-la-paz\\\/\"]}]},{\"@type\":\"ImageObject\",\"inLanguage\":\"es\",\"@id\":\"https:\\\/\\\/www.eldiario.net\\\/portal\\\/2021\\\/08\\\/27\\\/futecra-abastece-carne-a-mercados-de-la-paz\\\/#primaryimage\",\"url\":\"\",\"contentUrl\":\"\"},{\"@type\":\"BreadcrumbList\",\"@id\":\"https:\\\/\\\/www.eldiario.net\\\/portal\\\/2021\\\/08\\\/27\\\/futecra-abastece-carne-a-mercados-de-la-paz\\\/#breadcrumb\",\"itemListElement\":[{\"@type\":\"ListItem\",\"position\":1,\"name\":\"Portada\",\"item\":\"https:\\\/\\\/www.eldiario.net\\\/portal\\\/\"},{\"@type\":\"ListItem\",\"position\":2,\"name\":\"Futecra abastece carne a mercados de La Paz\"}]},{\"@type\":\"WebSite\",\"@id\":\"https:\\\/\\\/www.eldiario.net\\\/portal\\\/#website\",\"url\":\"https:\\\/\\\/www.eldiario.net\\\/portal\\\/\",\"name\":\"El Diario - Decano de la prensa nacional\",\"description\":\"El Diario - Decano de la prensa nacional\",\"publisher\":{\"@id\":\"https:\\\/\\\/www.eldiario.net\\\/portal\\\/#organization\"},\"potentialAction\":[{\"@type\":\"SearchAction\",\"target\":{\"@type\":\"EntryPoint\",\"urlTemplate\":\"https:\\\/\\\/www.eldiario.net\\\/portal\\\/?s={search_term_string}\"},\"query-input\":{\"@type\":\"PropertyValueSpecification\",\"valueRequired\":true,\"valueName\":\"search_term_string\"}}],\"inLanguage\":\"es\"},{\"@type\":\"Organization\",\"@id\":\"https:\\\/\\\/www.eldiario.net\\\/portal\\\/#organization\",\"name\":\"El Diario - Decano de la prensa nacional\",\"url\":\"https:\\\/\\\/www.eldiario.net\\\/portal\\\/\",\"logo\":{\"@type\":\"ImageObject\",\"inLanguage\":\"es\",\"@id\":\"https:\\\/\\\/www.eldiario.net\\\/portal\\\/#\\\/schema\\\/logo\\\/image\\\/\",\"url\":\"https:\\\/\\\/www.eldiario.net\\\/portal\\\/wp-content\\\/uploads\\\/2023\\\/07\\\/logo_ED.jpg\",\"contentUrl\":\"https:\\\/\\\/www.eldiario.net\\\/portal\\\/wp-content\\\/uploads\\\/2023\\\/07\\\/logo_ED.jpg\",\"width\":272,\"height\":52,\"caption\":\"El Diario - Decano de la prensa nacional\"},\"image\":{\"@id\":\"https:\\\/\\\/www.eldiario.net\\\/portal\\\/#\\\/schema\\\/logo\\\/image\\\/\"},\"sameAs\":[\"https:\\\/\\\/www.facebook.com\\\/eldiario.bolivia\\\/\",\"https:\\\/\\\/x.com\\\/eldiario_net\"]},{\"@type\":\"Person\",\"@id\":\"https:\\\/\\\/www.eldiario.net\\\/portal\\\/#\\\/schema\\\/person\\\/f46445640444750d7d753ccd04ae01b7\",\"name\":\"Jeanette\",\"image\":{\"@type\":\"ImageObject\",\"inLanguage\":\"es\",\"@id\":\"https:\\\/\\\/secure.gravatar.com\\\/avatar\\\/3ea2118a5f7dad2b7138b1187a6b7ee55f160b9968b66013c3a3ef39dd7e5798?s=96&d=mm&r=g\",\"url\":\"https:\\\/\\\/secure.gravatar.com\\\/avatar\\\/3ea2118a5f7dad2b7138b1187a6b7ee55f160b9968b66013c3a3ef39dd7e5798?s=96&d=mm&r=g\",\"contentUrl\":\"https:\\\/\\\/secure.gravatar.com\\\/avatar\\\/3ea2118a5f7dad2b7138b1187a6b7ee55f160b9968b66013c3a3ef39dd7e5798?s=96&d=mm&r=g\",\"caption\":\"Jeanette\"},\"sameAs\":[\"https:\\\/\\\/www.eldiario.net\\\/portal\"],\"url\":\"https:\\\/\\\/www.eldiario.net\\\/portal\\\/author\\\/jeanette\\\/\"}]}<\/script>\n<!-- \/ Yoast SEO plugin. -->","yoast_head_json":{"title":"Futecra abastece carne a mercados de La Paz - El Diario - Bolivia","robots":{"index":"index","follow":"follow","max-snippet":"max-snippet:-1","max-image-preview":"max-image-preview:large","max-video-preview":"max-video-preview:-1"},"canonical":"https:\/\/www.eldiario.net\/portal\/2021\/08\/27\/futecra-abastece-carne-a-mercados-de-la-paz\/","og_locale":"es_ES","og_type":"article","og_title":"Futecra abastece carne a mercados de La Paz - El Diario - Bolivia","og_description":"La Federaci\u00f3n \u00danica de Trabajadores en Carne y Ramas Anexas de El Alto (Futecra) asegur\u00f3 que est\u00e1 garantizada la distribuci\u00f3n de carne en la ciudad de La Paz, anuncio efectuado debido al posible desabastecimiento que podr\u00eda existir, dijo el responsable Germ\u00e1n Cachi. El dirigente explic\u00f3 que las medidas de protesta que se est\u00e1n llevando en [&hellip;]","og_url":"https:\/\/www.eldiario.net\/portal\/2021\/08\/27\/futecra-abastece-carne-a-mercados-de-la-paz\/","og_site_name":"El Diario - Bolivia","article_publisher":"https:\/\/www.facebook.com\/eldiario.bolivia\/","article_published_time":"2021-08-27T10:10:28+00:00","author":"Jeanette","twitter_card":"summary_large_image","twitter_creator":"@eldiario_net","twitter_site":"@eldiario_net","twitter_misc":{"Escrito por":"Jeanette","Tiempo de lectura":"3 minutos"},"schema":{"@context":"https:\/\/schema.org","@graph":[{"@type":"Article","@id":"https:\/\/www.eldiario.net\/portal\/2021\/08\/27\/futecra-abastece-carne-a-mercados-de-la-paz\/#article","isPartOf":{"@id":"https:\/\/www.eldiario.net\/portal\/2021\/08\/27\/futecra-abastece-carne-a-mercados-de-la-paz\/"},"author":{"name":"Jeanette","@id":"https:\/\/www.eldiario.net\/portal\/#\/schema\/person\/f46445640444750d7d753ccd04ae01b7"},"headline":"Futecra abastece carne a mercados de La Paz","datePublished":"2021-08-27T10:10:28+00:00","mainEntityOfPage":{"@id":"https:\/\/www.eldiario.net\/portal\/2021\/08\/27\/futecra-abastece-carne-a-mercados-de-la-paz\/"},"wordCount":547,"publisher":{"@id":"https:\/\/www.eldiario.net\/portal\/#organization"},"image":{"@id":"https:\/\/www.eldiario.net\/portal\/2021\/08\/27\/futecra-abastece-carne-a-mercados-de-la-paz\/#primaryimage"},"thumbnailUrl":"","articleSection":["Nacional"],"inLanguage":"es"},{"@type":"WebPage","@id":"https:\/\/www.eldiario.net\/portal\/2021\/08\/27\/futecra-abastece-carne-a-mercados-de-la-paz\/","url":"https:\/\/www.eldiario.net\/portal\/2021\/08\/27\/futecra-abastece-carne-a-mercados-de-la-paz\/","name":"Futecra abastece carne a mercados de La Paz - El Diario - Bolivia","isPartOf":{"@id":"https:\/\/www.eldiario.net\/portal\/#website"},"primaryImageOfPage":{"@id":"https:\/\/www.eldiario.net\/portal\/2021\/08\/27\/futecra-abastece-carne-a-mercados-de-la-paz\/#primaryimage"},"image":{"@id":"https:\/\/www.eldiario.net\/portal\/2021\/08\/27\/futecra-abastece-carne-a-mercados-de-la-paz\/#primaryimage"},"thumbnailUrl":"","datePublished":"2021-08-27T10:10:28+00:00","breadcrumb":{"@id":"https:\/\/www.eldiario.net\/portal\/2021\/08\/27\/futecra-abastece-carne-a-mercados-de-la-paz\/#breadcrumb"},"inLanguage":"es","potentialAction":[{"@type":"ReadAction","target":["https:\/\/www.eldiario.net\/portal\/2021\/08\/27\/futecra-abastece-carne-a-mercados-de-la-paz\/"]}]},{"@type":"ImageObject","inLanguage":"es","@id":"https:\/\/www.eldiario.net\/portal\/2021\/08\/27\/futecra-abastece-carne-a-mercados-de-la-paz\/#primaryimage","url":"","contentUrl":""},{"@type":"BreadcrumbList","@id":"https:\/\/www.eldiario.net\/portal\/2021\/08\/27\/futecra-abastece-carne-a-mercados-de-la-paz\/#breadcrumb","itemListElement":[{"@type":"ListItem","position":1,"name":"Portada","item":"https:\/\/www.eldiario.net\/portal\/"},{"@type":"ListItem","position":2,"name":"Futecra abastece carne a mercados de La Paz"}]},{"@type":"WebSite","@id":"https:\/\/www.eldiario.net\/portal\/#website","url":"https:\/\/www.eldiario.net\/portal\/","name":"El Diario - Decano de la prensa nacional","description":"El Diario - Decano de la prensa nacional","publisher":{"@id":"https:\/\/www.eldiario.net\/portal\/#organization"},"potentialAction":[{"@type":"SearchAction","target":{"@type":"EntryPoint","urlTemplate":"https:\/\/www.eldiario.net\/portal\/?s={search_term_string}"},"query-input":{"@type":"PropertyValueSpecification","valueRequired":true,"valueName":"search_term_string"}}],"inLanguage":"es"},{"@type":"Organization","@id":"https:\/\/www.eldiario.net\/portal\/#organization","name":"El Diario - Decano de la prensa nacional","url":"https:\/\/www.eldiario.net\/portal\/","logo":{"@type":"ImageObject","inLanguage":"es","@id":"https:\/\/www.eldiario.net\/portal\/#\/schema\/logo\/image\/","url":"https:\/\/www.eldiario.net\/portal\/wp-content\/uploads\/2023\/07\/logo_ED.jpg","contentUrl":"https:\/\/www.eldiario.net\/portal\/wp-content\/uploads\/2023\/07\/logo_ED.jpg","width":272,"height":52,"caption":"El Diario - Decano de la prensa nacional"},"image":{"@id":"https:\/\/www.eldiario.net\/portal\/#\/schema\/logo\/image\/"},"sameAs":["https:\/\/www.facebook.com\/eldiario.bolivia\/","https:\/\/x.com\/eldiario_net"]},{"@type":"Person","@id":"https:\/\/www.eldiario.net\/portal\/#\/schema\/person\/f46445640444750d7d753ccd04ae01b7","name":"Jeanette","image":{"@type":"ImageObject","inLanguage":"es","@id":"https:\/\/secure.gravatar.com\/avatar\/3ea2118a5f7dad2b7138b1187a6b7ee55f160b9968b66013c3a3ef39dd7e5798?s=96&d=mm&r=g","url":"https:\/\/secure.gravatar.com\/avatar\/3ea2118a5f7dad2b7138b1187a6b7ee55f160b9968b66013c3a3ef39dd7e5798?s=96&d=mm&r=g","contentUrl":"https:\/\/secure.gravatar.com\/avatar\/3ea2118a5f7dad2b7138b1187a6b7ee55f160b9968b66013c3a3ef39dd7e5798?s=96&d=mm&r=g","caption":"Jeanette"},"sameAs":["https:\/\/www.eldiario.net\/portal"],"url":"https:\/\/www.eldiario.net\/portal\/author\/jeanette\/"}]}},"_links":{"self":[{"href":"https:\/\/www.eldiario.net\/portal\/wp-json\/wp\/v2\/posts\/26028","targetHints":{"allow":["GET"]}}],"collection":[{"href":"https:\/\/www.eldiario.net\/portal\/wp-json\/wp\/v2\/posts"}],"about":[{"href":"https:\/\/www.eldiario.net\/portal\/wp-json\/wp\/v2\/types\/post"}],"author":[{"embeddable":true,"href":"https:\/\/www.eldiario.net\/portal\/wp-json\/wp\/v2\/users\/1"}],"replies":[{"embeddable":true,"href":"https:\/\/www.eldiario.net\/portal\/wp-json\/wp\/v2\/comments?post=26028"}],"version-history":[{"count":0,"href":"https:\/\/www.eldiario.net\/portal\/wp-json\/wp\/v2\/posts\/26028\/revisions"}],"wp:attachment":[{"href":"https:\/\/www.eldiario.net\/portal\/wp-json\/wp\/v2\/media?parent=26028"}],"wp:term":[{"taxonomy":"category","embeddable":true,"href":"https:\/\/www.eldiario.net\/portal\/wp-json\/wp\/v2\/categories?post=26028"},{"taxonomy":"post_tag","embeddable":true,"href":"https:\/\/www.eldiario.net\/portal\/wp-json\/wp\/v2\/tags?post=26028"}],"curies":[{"name":"wp","href":"https:\/\/api.w.org\/{rel}","templated":true}]}}