{"id":26025,"date":"2021-08-27T06:09:35","date_gmt":"2021-08-27T10:09:35","guid":{"rendered":"https:\/\/www.eldiario.net\/portal\/?p=26025"},"modified":"2021-08-27T06:09:35","modified_gmt":"2021-08-27T10:09:35","slug":"policia-investiga-muerte-de-una-joven-en-viacha","status":"publish","type":"post","link":"https:\/\/www.eldiario.net\/portal\/2021\/08\/27\/policia-investiga-muerte-de-una-joven-en-viacha\/","title":{"rendered":"Polic\u00eda investiga muerte de una joven en Viacha"},"content":{"rendered":"<p>Una joven de 18 a\u00f1os de edad falleci\u00f3 luego de haber ca\u00eddo a un pozo de 10 metros de profundidad en la poblaci\u00f3n de Viacha. Testigos se\u00f1alaron que perdi\u00f3 el equilibrio, seg\u00fan la autoridad policial, coronel Jhonny Vega.<br \/>\nDe acuerdo con el jefe policial de la Fuerza Especial de Lucha Contra la Violencia (Felcv), dijo que en torno a este hecho, existen diferentes versiones por parte de los familiares, como del entorno de sus amigos con quienes habr\u00eda consumido bebidas alcoh\u00f3licas.<br \/>\nSeg\u00fan testigos, se\u00f1alan que la v\u00edctima, el martes por la noche junto a un grupo de amigos, hab\u00eda consumido bebidas alcoh\u00f3licas, quien al salir a realizar sus necesidades fisiol\u00f3gicas cerca de un pozo, perdi\u00f3 el equilibrio provoc\u00e1ndose graves lesiones.<br \/>\nLuego que los familiares tomaron conocimiento del hecho y junto a sus amigos fue rescatada de la profundidad del pozo, quien fue llevada a un hospital cercano a Viacha, pero debido a la gravedad de sus heridas, es trasladada a otros dos nosocomios de la ciudad de El Alto, en las que tampoco logr\u00f3 ser atendida porque no contaban con terapia intensiva, como se requer\u00eda.<br \/>\nProducto de estas carencias en dichos nosocomios, finalmente los familiares deciden llevarle a su domicilio, donde a causa de las graves heridas que ten\u00eda la v\u00edctima, falleci\u00f3, luego de la falta de atenci\u00f3n m\u00e9dica.<br \/>\nPosteriormente, la Polic\u00eda realiz\u00f3 el levantamiento del cad\u00e1ver de la joven fallecida de 18 a\u00f1os de edad, quien al examen externo presentaba un hematoma en la zona parietal, traumatismo enc\u00e9falo craneal cerrado y escoriaciones a la altura del ment\u00f3n.<br \/>\nPor su parte, los familiares de la v\u00edctima denunciaron ante la Polic\u00eda que la joven habr\u00eda sido objeto de una agresi\u00f3n sexual, sospechas que fueron dirigidas en contra de su enamorado, quien estuvo en el grupo de personas, con quienes la fallecida hab\u00eda consumido bebidas alcoh\u00f3licas antes de haber perdido la vida.<br \/>\nEl principal sospechoso tambi\u00e9n de 18 a\u00f1os de edad que fue aprehendido, luego de sus declaraciones investigativas en instancias policiales, neg\u00f3 las acusaciones.<br \/>\nEl cuerpo de la joven fallecida ser\u00e1 sometido a la autopsia m\u00e9dica para determinar las verdaderas causas de su muerte, lo cual tambi\u00e9n confirmar\u00e1 o descartar\u00e1 la hip\u00f3tesis que se maneja de una posible agresi\u00f3n sexual, mientras las investigaciones por parte de la Polic\u00eda continuar\u00e1n en torno a este hecho.<br \/>\nPor otro lado, la Polic\u00eda adelant\u00f3 que para lograr m\u00e1s indicios, ser\u00e1n convocadas todas las personas que fueron parte del consumo de bebidas alcoh\u00f3licas antes del fallecimiento de esta joven de 18 a\u00f1os de edad.<\/p>\n","protected":false},"excerpt":{"rendered":"<p>Una joven de 18 a\u00f1os de edad falleci\u00f3 luego de haber ca\u00eddo a un pozo de 10 metros de profundidad en la poblaci\u00f3n de Viacha. Testigos se\u00f1alaron que perdi\u00f3 el equilibrio, seg\u00fan la autoridad policial, coronel Jhonny Vega. De acuerdo con el jefe policial de la Fuerza Especial de Lucha Contra la Violencia (Felcv), dijo [&hellip;]<\/p>\n","protected":false},"author":1,"featured_media":26026,"comment_status":"closed","ping_status":"closed","sticky":false,"template":"","format":"standard","meta":{"_acf_changed":false,"footnotes":""},"categories":[12],"tags":[],"class_list":["post-26025","post","type-post","status-publish","format-standard","has-post-thumbnail","category-nacional"],"acf":{"antetitulo":""},"yoast_head":"<!-- This site is optimized with the Yoast SEO plugin v28.4 - https:\/\/yoast.com\/product\/yoast-seo-wordpress\/ -->\n<title>Polic\u00eda investiga muerte de una joven en Viacha - El Diario - Bolivia<\/title>\n<meta name=\"robots\" content=\"index, follow, max-snippet:-1, max-image-preview:large, max-video-preview:-1\" \/>\n<link rel=\"canonical\" href=\"https:\/\/www.eldiario.net\/portal\/2021\/08\/27\/policia-investiga-muerte-de-una-joven-en-viacha\/\" \/>\n<meta property=\"og:locale\" content=\"es_ES\" \/>\n<meta property=\"og:type\" content=\"article\" \/>\n<meta property=\"og:title\" content=\"Polic\u00eda investiga muerte de una joven en Viacha - El Diario - Bolivia\" \/>\n<meta property=\"og:description\" content=\"Una joven de 18 a\u00f1os de edad falleci\u00f3 luego de haber ca\u00eddo a un pozo de 10 metros de profundidad en la poblaci\u00f3n de Viacha. Testigos se\u00f1alaron que perdi\u00f3 el equilibrio, seg\u00fan la autoridad policial, coronel Jhonny Vega. De acuerdo con el jefe policial de la Fuerza Especial de Lucha Contra la Violencia (Felcv), dijo [&hellip;]\" \/>\n<meta property=\"og:url\" content=\"https:\/\/www.eldiario.net\/portal\/2021\/08\/27\/policia-investiga-muerte-de-una-joven-en-viacha\/\" \/>\n<meta property=\"og:site_name\" content=\"El Diario - Bolivia\" \/>\n<meta property=\"article:publisher\" content=\"https:\/\/www.facebook.com\/eldiario.bolivia\/\" \/>\n<meta property=\"article:published_time\" content=\"2021-08-27T10:09:35+00:00\" \/>\n<meta property=\"og:image\" content=\"https:\/\/www.eldiario.net\/portal\/wp-content\/uploads\/2021\/08\/2AL-10.jpg\" \/>\n\t<meta property=\"og:image:width\" content=\"620\" \/>\n\t<meta property=\"og:image:height\" content=\"349\" \/>\n\t<meta property=\"og:image:type\" content=\"image\/jpeg\" \/>\n<meta name=\"author\" content=\"Jeanette\" \/>\n<meta name=\"twitter:card\" content=\"summary_large_image\" \/>\n<meta name=\"twitter:creator\" content=\"@eldiario_net\" \/>\n<meta name=\"twitter:site\" content=\"@eldiario_net\" \/>\n<meta name=\"twitter:label1\" content=\"Escrito por\" \/>\n\t<meta name=\"twitter:data1\" content=\"Jeanette\" \/>\n\t<meta name=\"twitter:label2\" content=\"Tiempo de lectura\" \/>\n\t<meta name=\"twitter:data2\" content=\"2 minutos\" \/>\n<script type=\"application\/ld+json\" class=\"yoast-schema-graph\">{\"@context\":\"https:\\\/\\\/schema.org\",\"@graph\":[{\"@type\":\"Article\",\"@id\":\"https:\\\/\\\/www.eldiario.net\\\/portal\\\/2021\\\/08\\\/27\\\/policia-investiga-muerte-de-una-joven-en-viacha\\\/#article\",\"isPartOf\":{\"@id\":\"https:\\\/\\\/www.eldiario.net\\\/portal\\\/2021\\\/08\\\/27\\\/policia-investiga-muerte-de-una-joven-en-viacha\\\/\"},\"author\":{\"name\":\"Jeanette\",\"@id\":\"https:\\\/\\\/www.eldiario.net\\\/portal\\\/#\\\/schema\\\/person\\\/f46445640444750d7d753ccd04ae01b7\"},\"headline\":\"Polic\u00eda investiga muerte de una joven en Viacha\",\"datePublished\":\"2021-08-27T10:09:35+00:00\",\"mainEntityOfPage\":{\"@id\":\"https:\\\/\\\/www.eldiario.net\\\/portal\\\/2021\\\/08\\\/27\\\/policia-investiga-muerte-de-una-joven-en-viacha\\\/\"},\"wordCount\":465,\"publisher\":{\"@id\":\"https:\\\/\\\/www.eldiario.net\\\/portal\\\/#organization\"},\"image\":{\"@id\":\"https:\\\/\\\/www.eldiario.net\\\/portal\\\/2021\\\/08\\\/27\\\/policia-investiga-muerte-de-una-joven-en-viacha\\\/#primaryimage\"},\"thumbnailUrl\":\"https:\\\/\\\/www.eldiario.net\\\/portal\\\/wp-content\\\/uploads\\\/2021\\\/08\\\/2AL-10.jpg\",\"articleSection\":[\"Nacional\"],\"inLanguage\":\"es\"},{\"@type\":\"WebPage\",\"@id\":\"https:\\\/\\\/www.eldiario.net\\\/portal\\\/2021\\\/08\\\/27\\\/policia-investiga-muerte-de-una-joven-en-viacha\\\/\",\"url\":\"https:\\\/\\\/www.eldiario.net\\\/portal\\\/2021\\\/08\\\/27\\\/policia-investiga-muerte-de-una-joven-en-viacha\\\/\",\"name\":\"Polic\u00eda investiga muerte de una joven en Viacha - El Diario - Bolivia\",\"isPartOf\":{\"@id\":\"https:\\\/\\\/www.eldiario.net\\\/portal\\\/#website\"},\"primaryImageOfPage\":{\"@id\":\"https:\\\/\\\/www.eldiario.net\\\/portal\\\/2021\\\/08\\\/27\\\/policia-investiga-muerte-de-una-joven-en-viacha\\\/#primaryimage\"},\"image\":{\"@id\":\"https:\\\/\\\/www.eldiario.net\\\/portal\\\/2021\\\/08\\\/27\\\/policia-investiga-muerte-de-una-joven-en-viacha\\\/#primaryimage\"},\"thumbnailUrl\":\"https:\\\/\\\/www.eldiario.net\\\/portal\\\/wp-content\\\/uploads\\\/2021\\\/08\\\/2AL-10.jpg\",\"datePublished\":\"2021-08-27T10:09:35+00:00\",\"breadcrumb\":{\"@id\":\"https:\\\/\\\/www.eldiario.net\\\/portal\\\/2021\\\/08\\\/27\\\/policia-investiga-muerte-de-una-joven-en-viacha\\\/#breadcrumb\"},\"inLanguage\":\"es\",\"potentialAction\":[{\"@type\":\"ReadAction\",\"target\":[\"https:\\\/\\\/www.eldiario.net\\\/portal\\\/2021\\\/08\\\/27\\\/policia-investiga-muerte-de-una-joven-en-viacha\\\/\"]}]},{\"@type\":\"ImageObject\",\"inLanguage\":\"es\",\"@id\":\"https:\\\/\\\/www.eldiario.net\\\/portal\\\/2021\\\/08\\\/27\\\/policia-investiga-muerte-de-una-joven-en-viacha\\\/#primaryimage\",\"url\":\"https:\\\/\\\/www.eldiario.net\\\/portal\\\/wp-content\\\/uploads\\\/2021\\\/08\\\/2AL-10.jpg\",\"contentUrl\":\"https:\\\/\\\/www.eldiario.net\\\/portal\\\/wp-content\\\/uploads\\\/2021\\\/08\\\/2AL-10.jpg\",\"width\":620,\"height\":349,\"caption\":\"Las autoridades indagan la muerte de la joven, ser\u00e1n convocadas varias personas. REFERENCIAL\"},{\"@type\":\"BreadcrumbList\",\"@id\":\"https:\\\/\\\/www.eldiario.net\\\/portal\\\/2021\\\/08\\\/27\\\/policia-investiga-muerte-de-una-joven-en-viacha\\\/#breadcrumb\",\"itemListElement\":[{\"@type\":\"ListItem\",\"position\":1,\"name\":\"Portada\",\"item\":\"https:\\\/\\\/www.eldiario.net\\\/portal\\\/\"},{\"@type\":\"ListItem\",\"position\":2,\"name\":\"Polic\u00eda investiga muerte de una joven en Viacha\"}]},{\"@type\":\"WebSite\",\"@id\":\"https:\\\/\\\/www.eldiario.net\\\/portal\\\/#website\",\"url\":\"https:\\\/\\\/www.eldiario.net\\\/portal\\\/\",\"name\":\"El Diario - Decano de la prensa nacional\",\"description\":\"El Diario - Decano de la prensa nacional\",\"publisher\":{\"@id\":\"https:\\\/\\\/www.eldiario.net\\\/portal\\\/#organization\"},\"potentialAction\":[{\"@type\":\"SearchAction\",\"target\":{\"@type\":\"EntryPoint\",\"urlTemplate\":\"https:\\\/\\\/www.eldiario.net\\\/portal\\\/?s={search_term_string}\"},\"query-input\":{\"@type\":\"PropertyValueSpecification\",\"valueRequired\":true,\"valueName\":\"search_term_string\"}}],\"inLanguage\":\"es\"},{\"@type\":\"Organization\",\"@id\":\"https:\\\/\\\/www.eldiario.net\\\/portal\\\/#organization\",\"name\":\"El Diario - Decano de la prensa nacional\",\"url\":\"https:\\\/\\\/www.eldiario.net\\\/portal\\\/\",\"logo\":{\"@type\":\"ImageObject\",\"inLanguage\":\"es\",\"@id\":\"https:\\\/\\\/www.eldiario.net\\\/portal\\\/#\\\/schema\\\/logo\\\/image\\\/\",\"url\":\"https:\\\/\\\/www.eldiario.net\\\/portal\\\/wp-content\\\/uploads\\\/2023\\\/07\\\/logo_ED.jpg\",\"contentUrl\":\"https:\\\/\\\/www.eldiario.net\\\/portal\\\/wp-content\\\/uploads\\\/2023\\\/07\\\/logo_ED.jpg\",\"width\":272,\"height\":52,\"caption\":\"El Diario - Decano de la prensa nacional\"},\"image\":{\"@id\":\"https:\\\/\\\/www.eldiario.net\\\/portal\\\/#\\\/schema\\\/logo\\\/image\\\/\"},\"sameAs\":[\"https:\\\/\\\/www.facebook.com\\\/eldiario.bolivia\\\/\",\"https:\\\/\\\/x.com\\\/eldiario_net\"]},{\"@type\":\"Person\",\"@id\":\"https:\\\/\\\/www.eldiario.net\\\/portal\\\/#\\\/schema\\\/person\\\/f46445640444750d7d753ccd04ae01b7\",\"name\":\"Jeanette\",\"image\":{\"@type\":\"ImageObject\",\"inLanguage\":\"es\",\"@id\":\"https:\\\/\\\/secure.gravatar.com\\\/avatar\\\/3ea2118a5f7dad2b7138b1187a6b7ee55f160b9968b66013c3a3ef39dd7e5798?s=96&d=mm&r=g\",\"url\":\"https:\\\/\\\/secure.gravatar.com\\\/avatar\\\/3ea2118a5f7dad2b7138b1187a6b7ee55f160b9968b66013c3a3ef39dd7e5798?s=96&d=mm&r=g\",\"contentUrl\":\"https:\\\/\\\/secure.gravatar.com\\\/avatar\\\/3ea2118a5f7dad2b7138b1187a6b7ee55f160b9968b66013c3a3ef39dd7e5798?s=96&d=mm&r=g\",\"caption\":\"Jeanette\"},\"sameAs\":[\"https:\\\/\\\/www.eldiario.net\\\/portal\"],\"url\":\"https:\\\/\\\/www.eldiario.net\\\/portal\\\/author\\\/jeanette\\\/\"}]}<\/script>\n<!-- \/ Yoast SEO plugin. -->","yoast_head_json":{"title":"Polic\u00eda investiga muerte de una joven en Viacha - El Diario - Bolivia","robots":{"index":"index","follow":"follow","max-snippet":"max-snippet:-1","max-image-preview":"max-image-preview:large","max-video-preview":"max-video-preview:-1"},"canonical":"https:\/\/www.eldiario.net\/portal\/2021\/08\/27\/policia-investiga-muerte-de-una-joven-en-viacha\/","og_locale":"es_ES","og_type":"article","og_title":"Polic\u00eda investiga muerte de una joven en Viacha - El Diario - Bolivia","og_description":"Una joven de 18 a\u00f1os de edad falleci\u00f3 luego de haber ca\u00eddo a un pozo de 10 metros de profundidad en la poblaci\u00f3n de Viacha. Testigos se\u00f1alaron que perdi\u00f3 el equilibrio, seg\u00fan la autoridad policial, coronel Jhonny Vega. De acuerdo con el jefe policial de la Fuerza Especial de Lucha Contra la Violencia (Felcv), dijo [&hellip;]","og_url":"https:\/\/www.eldiario.net\/portal\/2021\/08\/27\/policia-investiga-muerte-de-una-joven-en-viacha\/","og_site_name":"El Diario - Bolivia","article_publisher":"https:\/\/www.facebook.com\/eldiario.bolivia\/","article_published_time":"2021-08-27T10:09:35+00:00","og_image":[{"width":620,"height":349,"url":"https:\/\/www.eldiario.net\/portal\/wp-content\/uploads\/2021\/08\/2AL-10.jpg","type":"image\/jpeg"}],"author":"Jeanette","twitter_card":"summary_large_image","twitter_creator":"@eldiario_net","twitter_site":"@eldiario_net","twitter_misc":{"Escrito por":"Jeanette","Tiempo de lectura":"2 minutos"},"schema":{"@context":"https:\/\/schema.org","@graph":[{"@type":"Article","@id":"https:\/\/www.eldiario.net\/portal\/2021\/08\/27\/policia-investiga-muerte-de-una-joven-en-viacha\/#article","isPartOf":{"@id":"https:\/\/www.eldiario.net\/portal\/2021\/08\/27\/policia-investiga-muerte-de-una-joven-en-viacha\/"},"author":{"name":"Jeanette","@id":"https:\/\/www.eldiario.net\/portal\/#\/schema\/person\/f46445640444750d7d753ccd04ae01b7"},"headline":"Polic\u00eda investiga muerte de una joven en Viacha","datePublished":"2021-08-27T10:09:35+00:00","mainEntityOfPage":{"@id":"https:\/\/www.eldiario.net\/portal\/2021\/08\/27\/policia-investiga-muerte-de-una-joven-en-viacha\/"},"wordCount":465,"publisher":{"@id":"https:\/\/www.eldiario.net\/portal\/#organization"},"image":{"@id":"https:\/\/www.eldiario.net\/portal\/2021\/08\/27\/policia-investiga-muerte-de-una-joven-en-viacha\/#primaryimage"},"thumbnailUrl":"https:\/\/www.eldiario.net\/portal\/wp-content\/uploads\/2021\/08\/2AL-10.jpg","articleSection":["Nacional"],"inLanguage":"es"},{"@type":"WebPage","@id":"https:\/\/www.eldiario.net\/portal\/2021\/08\/27\/policia-investiga-muerte-de-una-joven-en-viacha\/","url":"https:\/\/www.eldiario.net\/portal\/2021\/08\/27\/policia-investiga-muerte-de-una-joven-en-viacha\/","name":"Polic\u00eda investiga muerte de una joven en Viacha - El Diario - Bolivia","isPartOf":{"@id":"https:\/\/www.eldiario.net\/portal\/#website"},"primaryImageOfPage":{"@id":"https:\/\/www.eldiario.net\/portal\/2021\/08\/27\/policia-investiga-muerte-de-una-joven-en-viacha\/#primaryimage"},"image":{"@id":"https:\/\/www.eldiario.net\/portal\/2021\/08\/27\/policia-investiga-muerte-de-una-joven-en-viacha\/#primaryimage"},"thumbnailUrl":"https:\/\/www.eldiario.net\/portal\/wp-content\/uploads\/2021\/08\/2AL-10.jpg","datePublished":"2021-08-27T10:09:35+00:00","breadcrumb":{"@id":"https:\/\/www.eldiario.net\/portal\/2021\/08\/27\/policia-investiga-muerte-de-una-joven-en-viacha\/#breadcrumb"},"inLanguage":"es","potentialAction":[{"@type":"ReadAction","target":["https:\/\/www.eldiario.net\/portal\/2021\/08\/27\/policia-investiga-muerte-de-una-joven-en-viacha\/"]}]},{"@type":"ImageObject","inLanguage":"es","@id":"https:\/\/www.eldiario.net\/portal\/2021\/08\/27\/policia-investiga-muerte-de-una-joven-en-viacha\/#primaryimage","url":"https:\/\/www.eldiario.net\/portal\/wp-content\/uploads\/2021\/08\/2AL-10.jpg","contentUrl":"https:\/\/www.eldiario.net\/portal\/wp-content\/uploads\/2021\/08\/2AL-10.jpg","width":620,"height":349,"caption":"Las autoridades indagan la muerte de la joven, ser\u00e1n convocadas varias personas. REFERENCIAL"},{"@type":"BreadcrumbList","@id":"https:\/\/www.eldiario.net\/portal\/2021\/08\/27\/policia-investiga-muerte-de-una-joven-en-viacha\/#breadcrumb","itemListElement":[{"@type":"ListItem","position":1,"name":"Portada","item":"https:\/\/www.eldiario.net\/portal\/"},{"@type":"ListItem","position":2,"name":"Polic\u00eda investiga muerte de una joven en Viacha"}]},{"@type":"WebSite","@id":"https:\/\/www.eldiario.net\/portal\/#website","url":"https:\/\/www.eldiario.net\/portal\/","name":"El Diario - Decano de la prensa nacional","description":"El Diario - Decano de la prensa nacional","publisher":{"@id":"https:\/\/www.eldiario.net\/portal\/#organization"},"potentialAction":[{"@type":"SearchAction","target":{"@type":"EntryPoint","urlTemplate":"https:\/\/www.eldiario.net\/portal\/?s={search_term_string}"},"query-input":{"@type":"PropertyValueSpecification","valueRequired":true,"valueName":"search_term_string"}}],"inLanguage":"es"},{"@type":"Organization","@id":"https:\/\/www.eldiario.net\/portal\/#organization","name":"El Diario - Decano de la prensa nacional","url":"https:\/\/www.eldiario.net\/portal\/","logo":{"@type":"ImageObject","inLanguage":"es","@id":"https:\/\/www.eldiario.net\/portal\/#\/schema\/logo\/image\/","url":"https:\/\/www.eldiario.net\/portal\/wp-content\/uploads\/2023\/07\/logo_ED.jpg","contentUrl":"https:\/\/www.eldiario.net\/portal\/wp-content\/uploads\/2023\/07\/logo_ED.jpg","width":272,"height":52,"caption":"El Diario - Decano de la prensa nacional"},"image":{"@id":"https:\/\/www.eldiario.net\/portal\/#\/schema\/logo\/image\/"},"sameAs":["https:\/\/www.facebook.com\/eldiario.bolivia\/","https:\/\/x.com\/eldiario_net"]},{"@type":"Person","@id":"https:\/\/www.eldiario.net\/portal\/#\/schema\/person\/f46445640444750d7d753ccd04ae01b7","name":"Jeanette","image":{"@type":"ImageObject","inLanguage":"es","@id":"https:\/\/secure.gravatar.com\/avatar\/3ea2118a5f7dad2b7138b1187a6b7ee55f160b9968b66013c3a3ef39dd7e5798?s=96&d=mm&r=g","url":"https:\/\/secure.gravatar.com\/avatar\/3ea2118a5f7dad2b7138b1187a6b7ee55f160b9968b66013c3a3ef39dd7e5798?s=96&d=mm&r=g","contentUrl":"https:\/\/secure.gravatar.com\/avatar\/3ea2118a5f7dad2b7138b1187a6b7ee55f160b9968b66013c3a3ef39dd7e5798?s=96&d=mm&r=g","caption":"Jeanette"},"sameAs":["https:\/\/www.eldiario.net\/portal"],"url":"https:\/\/www.eldiario.net\/portal\/author\/jeanette\/"}]}},"_links":{"self":[{"href":"https:\/\/www.eldiario.net\/portal\/wp-json\/wp\/v2\/posts\/26025","targetHints":{"allow":["GET"]}}],"collection":[{"href":"https:\/\/www.eldiario.net\/portal\/wp-json\/wp\/v2\/posts"}],"about":[{"href":"https:\/\/www.eldiario.net\/portal\/wp-json\/wp\/v2\/types\/post"}],"author":[{"embeddable":true,"href":"https:\/\/www.eldiario.net\/portal\/wp-json\/wp\/v2\/users\/1"}],"replies":[{"embeddable":true,"href":"https:\/\/www.eldiario.net\/portal\/wp-json\/wp\/v2\/comments?post=26025"}],"version-history":[{"count":0,"href":"https:\/\/www.eldiario.net\/portal\/wp-json\/wp\/v2\/posts\/26025\/revisions"}],"wp:featuredmedia":[{"embeddable":true,"href":"https:\/\/www.eldiario.net\/portal\/wp-json\/wp\/v2\/media\/26026"}],"wp:attachment":[{"href":"https:\/\/www.eldiario.net\/portal\/wp-json\/wp\/v2\/media?parent=26025"}],"wp:term":[{"taxonomy":"category","embeddable":true,"href":"https:\/\/www.eldiario.net\/portal\/wp-json\/wp\/v2\/categories?post=26025"},{"taxonomy":"post_tag","embeddable":true,"href":"https:\/\/www.eldiario.net\/portal\/wp-json\/wp\/v2\/tags?post=26025"}],"curies":[{"name":"wp","href":"https:\/\/api.w.org\/{rel}","templated":true}]}}