{"id":26021,"date":"2021-08-27T06:08:16","date_gmt":"2021-08-27T10:08:16","guid":{"rendered":"https:\/\/www.eldiario.net\/portal\/?p=26021"},"modified":"2021-08-27T06:08:16","modified_gmt":"2021-08-27T10:08:16","slug":"excomandante-de-la-fab-exige-ser-procesado-en-la-justicia-militar","status":"publish","type":"post","link":"https:\/\/www.eldiario.net\/portal\/2021\/08\/27\/excomandante-de-la-fab-exige-ser-procesado-en-la-justicia-militar\/","title":{"rendered":"Excomandante de la FAB exige  ser procesado en la justicia militar"},"content":{"rendered":"<p>En su declaraci\u00f3n informativa por las denuncias de incumplimiento de deberes y resoluciones contrarias a la Constituci\u00f3n y a las leyes dentro del caso de supuesto golpe de Estado, el excomandante de la Fuerza A\u00e9rea Boliviana (FAB), Gonzalo Terceros, exigi\u00f3 ayer ser procesado en la justicia militar porque en noviembre de 2019 \u00e9l estaba en actos de servicio y no de \u201cvacaci\u00f3n o en retiro\u201d, inform\u00f3 a EL DIARIO el abogado que patrocina a la exautoridad, Jorge Santistevan.<br \/>\nGonzalo Terceros declar\u00f3 ayer en el penal de Palmasola de Santa Cruz de la Sierra desde las 9.00 hasta las 16.00 horas aproximadamente, donde respondi\u00f3 a m\u00e1s de 55 preguntas que realiz\u00f3 el Ministerio P\u00fablico en torno a los hechos ocurridos en noviembre de 2019.<br \/>\nEn pasado 30 de julio, el fiscal Omar Mejillones inform\u00f3 que el caso denominado \u201cgolpe de Estado\u201d se \u201cdesdobl\u00f3\u201d. Por una parte se investigan los delitos de terrorismo, sedici\u00f3n y conspiraci\u00f3n, por el que la expresidenta Jeanine A\u00f1ez, dos exministros y al menos cuatro ex jefes militares guardan detenci\u00f3n preventiva en diferentes penales del pa\u00eds.<br \/>\nEn un segundo proceso se investigan los delitos de incumplimiento de deberes y resoluciones contrarias a la Constituci\u00f3n, en este caso la expresidenta A\u00f1ez ya fue imputada y enviada con detenci\u00f3n preventiva por seis meses computables desde el 3 de agosto, en tanto Terceros prest\u00f3 su declaraci\u00f3n informativa ayer y el excomandante de la Armada Boliviana, Gonzalo Jarjuri, declar\u00f3 el jueves 12 de agosto.<\/p>\n<p>DECLARACI\u00d3N<br \/>\nSantistevan precis\u00f3 que las preguntas que el Ministerio P\u00fablico realiz\u00f3 a su patrocinado eran por dem\u00e1s reiterativas y en todas, su patrocinado aclar\u00f3 que \u00e9l solo cumpl\u00eda \u00f3rdenes del Comandante en Jefe de las Fuerzas Armadas (FFAA), Williams Kalim\u00e1n. Aclar\u00f3 que en la entidad castrense la l\u00ednea de mando es vertical por lo que toda orden debe ser de estricto cumplimiento, lo contrario supondr\u00eda insubordinaci\u00f3n.<br \/>\nEn su declaraci\u00f3n el ex jefe militar asegur\u00f3 que en el patrullaje terrestre que hicieron en Vila Vila, donde una delegaci\u00f3n que iba de Potos\u00ed y Chuquisaca a reforzar las manifestaciones en La Paz para exigir la renuncia de Evo Morales y resultaron heridas tras ser emboscadas por partidarios del Movimiento al Socialismo (MAS), encontraron vainas de fusil m\u00e1user calibre 7.65.<br \/>\nEl 9 de noviembre de 2019, unas 32 personas de Potos\u00ed y Chuquisca fueron emboscadas por afines al MAS en la carretera de Vila Vila, a 80 kil\u00f3metros de Oruro, seg\u00fan las v\u00edctimas.<br \/>\nDe acuerdo con el relato de las v\u00edctimas, all\u00ed los desnudaron, les robaron todo, fueron apaleados y, ante una c\u00e1mara, fueron obligados a decir que recibieron dinero del l\u00edder c\u00edvico Luis Fernando Camacho. A las mujeres presuntamente intentaron violarlas. Los ciudadanos de Chuquisaca y Potos\u00ed que fueron agredidos en la comunidad de Vila Vila tuvieron que salir de sus buses porque les rociaron con Kerosene y les amenazaron con quemarlos. \u201cDetonaron dinamitas por todo lado\u201d, cont\u00f3 uno de los rehenes que fue rescatado.<br \/>\nLes obligaron a bajar del bus y les robaron todo, les hicieron tenderse en el piso y los flagelaron. \u201cnos han hecho arrodillar, nos han garroteado. Nos obligaron a decir que Camacho nos dio 500 d\u00f3lares y ellos sacaban foto\u201d, dijo un testigo.<br \/>\nPor otro lado, a la pregunta si \u00e9l orden\u00f3 que un helic\u00f3ptero de la FAB traslade a la entonces senadora Jeanine A\u00f1ez del aeropuerto de El Alto al Colegio Militar ubicado en la zona Sur de La Paz, Terceros aclar\u00f3 que la orden directa fue de Kalim\u00e1n.<br \/>\nOtra interrogante del Ministerio P\u00fablico fue \u00bfdispuso personal militar para que escolte a A\u00f1ez cuando fue a reunirse con Camacho en un hotel ubicado en la zona Sur de La Paz?, Terceros aclar\u00f3 que \u00e9l desconoc\u00eda el extremo porque \u00e9l no dispone de tropas para tareas operativas de tierra.<br \/>\nAsimismo, aclar\u00f3 que el sobrevuelo de aviones en Challapata fue por orden directa de Kalim\u00e1n y que la misi\u00f3n era de observaci\u00f3n por lo que solo contaban con c\u00e1maras.<br \/>\nFinalmente, exigi\u00f3 que su caso pase a la justicia militar como corresponde y que el Ministerio P\u00fablico no usurpe funciones y que tomen en cuenta que no pueden iniciar dos procesos por una misma causa.<br \/>\nSantistevan explic\u00f3 que la denuncia no tiene respaldo contundente, solo se basan en alguna declaraci\u00f3n no fundamentada y en notas de medios televisivos con errores de titulares, as\u00ed como de prensa escrita.<br \/>\n\u201cEse d\u00eda los masistas no quisieron sesionar porque su plan era incendiar el pa\u00eds para que regrese Evo Morales como el salvador, con el apoyo de los militares y sus correligionarios pagados en las calles\u201d, dijo el jurista.<\/p>\n<figure id=\"attachment_26023\" aria-describedby=\"caption-attachment-26023\" style=\"width: 186px\" class=\"wp-caption aligncenter\"><a href=\"https:\/\/www.eldiario.net\/portal\/wp-content\/uploads\/2021\/08\/2-2.jpg\"><img loading=\"lazy\" decoding=\"async\" class=\"size-medium wp-image-26023\" src=\"https:\/\/www.eldiario.net\/portal\/wp-content\/uploads\/2021\/08\/2-2-186x300.jpg\" alt=\"\" width=\"186\" height=\"300\" \/><\/a><figcaption id=\"caption-attachment-26023\" class=\"wp-caption-text\">IM\u00c1GENES DE LO QUE FUE LA EMBOSCADA EN VILA VILA. APG<\/figcaption><\/figure>\n<p>&nbsp;<\/p>\n","protected":false},"excerpt":{"rendered":"<p>En su declaraci\u00f3n informativa por las denuncias de incumplimiento de deberes y resoluciones contrarias a la Constituci\u00f3n y a las leyes dentro del caso de supuesto golpe de Estado, el excomandante de la Fuerza A\u00e9rea Boliviana (FAB), Gonzalo Terceros, exigi\u00f3 ayer ser procesado en la justicia militar porque en noviembre de 2019 \u00e9l estaba en [&hellip;]<\/p>\n","protected":false},"author":1,"featured_media":26022,"comment_status":"closed","ping_status":"closed","sticky":false,"template":"","format":"standard","meta":{"_acf_changed":false,"footnotes":""},"categories":[39],"tags":[],"class_list":["post-26021","post","type-post","status-publish","format-standard","has-post-thumbnail","category-sociedad"],"acf":{"antetitulo":""},"yoast_head":"<!-- This site is optimized with the Yoast SEO plugin v28.4 - https:\/\/yoast.com\/product\/yoast-seo-wordpress\/ -->\n<title>Excomandante de la FAB exige ser procesado en la justicia militar - El Diario - Bolivia<\/title>\n<meta name=\"robots\" content=\"index, follow, max-snippet:-1, max-image-preview:large, max-video-preview:-1\" \/>\n<link rel=\"canonical\" href=\"https:\/\/www.eldiario.net\/portal\/2021\/08\/27\/excomandante-de-la-fab-exige-ser-procesado-en-la-justicia-militar\/\" \/>\n<meta property=\"og:locale\" content=\"es_ES\" \/>\n<meta property=\"og:type\" content=\"article\" \/>\n<meta property=\"og:title\" content=\"Excomandante de la FAB exige ser procesado en la justicia militar - El Diario - Bolivia\" \/>\n<meta property=\"og:description\" content=\"En su declaraci\u00f3n informativa por las denuncias de incumplimiento de deberes y resoluciones contrarias a la Constituci\u00f3n y a las leyes dentro del caso de supuesto golpe de Estado, el excomandante de la Fuerza A\u00e9rea Boliviana (FAB), Gonzalo Terceros, exigi\u00f3 ayer ser procesado en la justicia militar porque en noviembre de 2019 \u00e9l estaba en [&hellip;]\" \/>\n<meta property=\"og:url\" content=\"https:\/\/www.eldiario.net\/portal\/2021\/08\/27\/excomandante-de-la-fab-exige-ser-procesado-en-la-justicia-militar\/\" \/>\n<meta property=\"og:site_name\" content=\"El Diario - Bolivia\" \/>\n<meta property=\"article:publisher\" content=\"https:\/\/www.facebook.com\/eldiario.bolivia\/\" \/>\n<meta property=\"article:published_time\" content=\"2021-08-27T10:08:16+00:00\" \/>\n<meta name=\"author\" content=\"Jeanette\" \/>\n<meta name=\"twitter:card\" content=\"summary_large_image\" \/>\n<meta name=\"twitter:creator\" content=\"@eldiario_net\" \/>\n<meta name=\"twitter:site\" content=\"@eldiario_net\" \/>\n<meta name=\"twitter:label1\" content=\"Escrito por\" \/>\n\t<meta name=\"twitter:data1\" content=\"Jeanette\" \/>\n\t<meta name=\"twitter:label2\" content=\"Tiempo de lectura\" \/>\n\t<meta name=\"twitter:data2\" content=\"4 minutos\" \/>\n<script type=\"application\/ld+json\" class=\"yoast-schema-graph\">{\"@context\":\"https:\\\/\\\/schema.org\",\"@graph\":[{\"@type\":\"Article\",\"@id\":\"https:\\\/\\\/www.eldiario.net\\\/portal\\\/2021\\\/08\\\/27\\\/excomandante-de-la-fab-exige-ser-procesado-en-la-justicia-militar\\\/#article\",\"isPartOf\":{\"@id\":\"https:\\\/\\\/www.eldiario.net\\\/portal\\\/2021\\\/08\\\/27\\\/excomandante-de-la-fab-exige-ser-procesado-en-la-justicia-militar\\\/\"},\"author\":{\"name\":\"Jeanette\",\"@id\":\"https:\\\/\\\/www.eldiario.net\\\/portal\\\/#\\\/schema\\\/person\\\/2c57cf2b7a7ae032e449e4c9b1019eac\"},\"headline\":\"Excomandante de la FAB exige ser procesado en la justicia militar\",\"datePublished\":\"2021-08-27T10:08:16+00:00\",\"mainEntityOfPage\":{\"@id\":\"https:\\\/\\\/www.eldiario.net\\\/portal\\\/2021\\\/08\\\/27\\\/excomandante-de-la-fab-exige-ser-procesado-en-la-justicia-militar\\\/\"},\"wordCount\":823,\"publisher\":{\"@id\":\"https:\\\/\\\/www.eldiario.net\\\/portal\\\/#organization\"},\"image\":{\"@id\":\"https:\\\/\\\/www.eldiario.net\\\/portal\\\/2021\\\/08\\\/27\\\/excomandante-de-la-fab-exige-ser-procesado-en-la-justicia-militar\\\/#primaryimage\"},\"thumbnailUrl\":\"\",\"articleSection\":[\"Sociedad - Seguridad\"],\"inLanguage\":\"es\"},{\"@type\":\"WebPage\",\"@id\":\"https:\\\/\\\/www.eldiario.net\\\/portal\\\/2021\\\/08\\\/27\\\/excomandante-de-la-fab-exige-ser-procesado-en-la-justicia-militar\\\/\",\"url\":\"https:\\\/\\\/www.eldiario.net\\\/portal\\\/2021\\\/08\\\/27\\\/excomandante-de-la-fab-exige-ser-procesado-en-la-justicia-militar\\\/\",\"name\":\"Excomandante de la FAB exige ser procesado en la justicia militar - El Diario - Bolivia\",\"isPartOf\":{\"@id\":\"https:\\\/\\\/www.eldiario.net\\\/portal\\\/#website\"},\"primaryImageOfPage\":{\"@id\":\"https:\\\/\\\/www.eldiario.net\\\/portal\\\/2021\\\/08\\\/27\\\/excomandante-de-la-fab-exige-ser-procesado-en-la-justicia-militar\\\/#primaryimage\"},\"image\":{\"@id\":\"https:\\\/\\\/www.eldiario.net\\\/portal\\\/2021\\\/08\\\/27\\\/excomandante-de-la-fab-exige-ser-procesado-en-la-justicia-militar\\\/#primaryimage\"},\"thumbnailUrl\":\"\",\"datePublished\":\"2021-08-27T10:08:16+00:00\",\"breadcrumb\":{\"@id\":\"https:\\\/\\\/www.eldiario.net\\\/portal\\\/2021\\\/08\\\/27\\\/excomandante-de-la-fab-exige-ser-procesado-en-la-justicia-militar\\\/#breadcrumb\"},\"inLanguage\":\"es\",\"potentialAction\":[{\"@type\":\"ReadAction\",\"target\":[\"https:\\\/\\\/www.eldiario.net\\\/portal\\\/2021\\\/08\\\/27\\\/excomandante-de-la-fab-exige-ser-procesado-en-la-justicia-militar\\\/\"]}]},{\"@type\":\"ImageObject\",\"inLanguage\":\"es\",\"@id\":\"https:\\\/\\\/www.eldiario.net\\\/portal\\\/2021\\\/08\\\/27\\\/excomandante-de-la-fab-exige-ser-procesado-en-la-justicia-militar\\\/#primaryimage\",\"url\":\"\",\"contentUrl\":\"\"},{\"@type\":\"BreadcrumbList\",\"@id\":\"https:\\\/\\\/www.eldiario.net\\\/portal\\\/2021\\\/08\\\/27\\\/excomandante-de-la-fab-exige-ser-procesado-en-la-justicia-militar\\\/#breadcrumb\",\"itemListElement\":[{\"@type\":\"ListItem\",\"position\":1,\"name\":\"Portada\",\"item\":\"https:\\\/\\\/www.eldiario.net\\\/portal\\\/\"},{\"@type\":\"ListItem\",\"position\":2,\"name\":\"Excomandante de la FAB exige ser procesado en la justicia militar\"}]},{\"@type\":\"WebSite\",\"@id\":\"https:\\\/\\\/www.eldiario.net\\\/portal\\\/#website\",\"url\":\"https:\\\/\\\/www.eldiario.net\\\/portal\\\/\",\"name\":\"El Diario - Decano de la prensa nacional\",\"description\":\"El Diario - Decano de la prensa nacional\",\"publisher\":{\"@id\":\"https:\\\/\\\/www.eldiario.net\\\/portal\\\/#organization\"},\"potentialAction\":[{\"@type\":\"SearchAction\",\"target\":{\"@type\":\"EntryPoint\",\"urlTemplate\":\"https:\\\/\\\/www.eldiario.net\\\/portal\\\/?s={search_term_string}\"},\"query-input\":{\"@type\":\"PropertyValueSpecification\",\"valueRequired\":true,\"valueName\":\"search_term_string\"}}],\"inLanguage\":\"es\"},{\"@type\":\"Organization\",\"@id\":\"https:\\\/\\\/www.eldiario.net\\\/portal\\\/#organization\",\"name\":\"El Diario - Decano de la prensa nacional\",\"url\":\"https:\\\/\\\/www.eldiario.net\\\/portal\\\/\",\"logo\":{\"@type\":\"ImageObject\",\"inLanguage\":\"es\",\"@id\":\"https:\\\/\\\/www.eldiario.net\\\/portal\\\/#\\\/schema\\\/logo\\\/image\\\/\",\"url\":\"https:\\\/\\\/www.eldiario.net\\\/portal\\\/wp-content\\\/uploads\\\/2023\\\/07\\\/logo_ED.jpg\",\"contentUrl\":\"https:\\\/\\\/www.eldiario.net\\\/portal\\\/wp-content\\\/uploads\\\/2023\\\/07\\\/logo_ED.jpg\",\"width\":272,\"height\":52,\"caption\":\"El Diario - Decano de la prensa nacional\"},\"image\":{\"@id\":\"https:\\\/\\\/www.eldiario.net\\\/portal\\\/#\\\/schema\\\/logo\\\/image\\\/\"},\"sameAs\":[\"https:\\\/\\\/www.facebook.com\\\/eldiario.bolivia\\\/\",\"https:\\\/\\\/x.com\\\/eldiario_net\"]},{\"@type\":\"Person\",\"@id\":\"https:\\\/\\\/www.eldiario.net\\\/portal\\\/#\\\/schema\\\/person\\\/2c57cf2b7a7ae032e449e4c9b1019eac\",\"name\":\"Jeanette\",\"image\":{\"@type\":\"ImageObject\",\"inLanguage\":\"es\",\"@id\":\"https:\\\/\\\/secure.gravatar.com\\\/avatar\\\/3ea2118a5f7dad2b7138b1187a6b7ee55f160b9968b66013c3a3ef39dd7e5798?s=96&d=mm&r=g\",\"url\":\"https:\\\/\\\/secure.gravatar.com\\\/avatar\\\/3ea2118a5f7dad2b7138b1187a6b7ee55f160b9968b66013c3a3ef39dd7e5798?s=96&d=mm&r=g\",\"contentUrl\":\"https:\\\/\\\/secure.gravatar.com\\\/avatar\\\/3ea2118a5f7dad2b7138b1187a6b7ee55f160b9968b66013c3a3ef39dd7e5798?s=96&d=mm&r=g\",\"caption\":\"Jeanette\"},\"sameAs\":[\"https:\\\/\\\/www.eldiario.net\\\/portal\"],\"url\":\"https:\\\/\\\/www.eldiario.net\\\/portal\\\/author\\\/jeanette\\\/\"}]}<\/script>\n<!-- \/ Yoast SEO plugin. -->","yoast_head_json":{"title":"Excomandante de la FAB exige ser procesado en la justicia militar - El Diario - Bolivia","robots":{"index":"index","follow":"follow","max-snippet":"max-snippet:-1","max-image-preview":"max-image-preview:large","max-video-preview":"max-video-preview:-1"},"canonical":"https:\/\/www.eldiario.net\/portal\/2021\/08\/27\/excomandante-de-la-fab-exige-ser-procesado-en-la-justicia-militar\/","og_locale":"es_ES","og_type":"article","og_title":"Excomandante de la FAB exige ser procesado en la justicia militar - El Diario - Bolivia","og_description":"En su declaraci\u00f3n informativa por las denuncias de incumplimiento de deberes y resoluciones contrarias a la Constituci\u00f3n y a las leyes dentro del caso de supuesto golpe de Estado, el excomandante de la Fuerza A\u00e9rea Boliviana (FAB), Gonzalo Terceros, exigi\u00f3 ayer ser procesado en la justicia militar porque en noviembre de 2019 \u00e9l estaba en [&hellip;]","og_url":"https:\/\/www.eldiario.net\/portal\/2021\/08\/27\/excomandante-de-la-fab-exige-ser-procesado-en-la-justicia-militar\/","og_site_name":"El Diario - Bolivia","article_publisher":"https:\/\/www.facebook.com\/eldiario.bolivia\/","article_published_time":"2021-08-27T10:08:16+00:00","author":"Jeanette","twitter_card":"summary_large_image","twitter_creator":"@eldiario_net","twitter_site":"@eldiario_net","twitter_misc":{"Escrito por":"Jeanette","Tiempo de lectura":"4 minutos"},"schema":{"@context":"https:\/\/schema.org","@graph":[{"@type":"Article","@id":"https:\/\/www.eldiario.net\/portal\/2021\/08\/27\/excomandante-de-la-fab-exige-ser-procesado-en-la-justicia-militar\/#article","isPartOf":{"@id":"https:\/\/www.eldiario.net\/portal\/2021\/08\/27\/excomandante-de-la-fab-exige-ser-procesado-en-la-justicia-militar\/"},"author":{"name":"Jeanette","@id":"https:\/\/www.eldiario.net\/portal\/#\/schema\/person\/2c57cf2b7a7ae032e449e4c9b1019eac"},"headline":"Excomandante de la FAB exige ser procesado en la justicia militar","datePublished":"2021-08-27T10:08:16+00:00","mainEntityOfPage":{"@id":"https:\/\/www.eldiario.net\/portal\/2021\/08\/27\/excomandante-de-la-fab-exige-ser-procesado-en-la-justicia-militar\/"},"wordCount":823,"publisher":{"@id":"https:\/\/www.eldiario.net\/portal\/#organization"},"image":{"@id":"https:\/\/www.eldiario.net\/portal\/2021\/08\/27\/excomandante-de-la-fab-exige-ser-procesado-en-la-justicia-militar\/#primaryimage"},"thumbnailUrl":"","articleSection":["Sociedad - Seguridad"],"inLanguage":"es"},{"@type":"WebPage","@id":"https:\/\/www.eldiario.net\/portal\/2021\/08\/27\/excomandante-de-la-fab-exige-ser-procesado-en-la-justicia-militar\/","url":"https:\/\/www.eldiario.net\/portal\/2021\/08\/27\/excomandante-de-la-fab-exige-ser-procesado-en-la-justicia-militar\/","name":"Excomandante de la FAB exige ser procesado en la justicia militar - El Diario - Bolivia","isPartOf":{"@id":"https:\/\/www.eldiario.net\/portal\/#website"},"primaryImageOfPage":{"@id":"https:\/\/www.eldiario.net\/portal\/2021\/08\/27\/excomandante-de-la-fab-exige-ser-procesado-en-la-justicia-militar\/#primaryimage"},"image":{"@id":"https:\/\/www.eldiario.net\/portal\/2021\/08\/27\/excomandante-de-la-fab-exige-ser-procesado-en-la-justicia-militar\/#primaryimage"},"thumbnailUrl":"","datePublished":"2021-08-27T10:08:16+00:00","breadcrumb":{"@id":"https:\/\/www.eldiario.net\/portal\/2021\/08\/27\/excomandante-de-la-fab-exige-ser-procesado-en-la-justicia-militar\/#breadcrumb"},"inLanguage":"es","potentialAction":[{"@type":"ReadAction","target":["https:\/\/www.eldiario.net\/portal\/2021\/08\/27\/excomandante-de-la-fab-exige-ser-procesado-en-la-justicia-militar\/"]}]},{"@type":"ImageObject","inLanguage":"es","@id":"https:\/\/www.eldiario.net\/portal\/2021\/08\/27\/excomandante-de-la-fab-exige-ser-procesado-en-la-justicia-militar\/#primaryimage","url":"","contentUrl":""},{"@type":"BreadcrumbList","@id":"https:\/\/www.eldiario.net\/portal\/2021\/08\/27\/excomandante-de-la-fab-exige-ser-procesado-en-la-justicia-militar\/#breadcrumb","itemListElement":[{"@type":"ListItem","position":1,"name":"Portada","item":"https:\/\/www.eldiario.net\/portal\/"},{"@type":"ListItem","position":2,"name":"Excomandante de la FAB exige ser procesado en la justicia militar"}]},{"@type":"WebSite","@id":"https:\/\/www.eldiario.net\/portal\/#website","url":"https:\/\/www.eldiario.net\/portal\/","name":"El Diario - Decano de la prensa nacional","description":"El Diario - Decano de la prensa nacional","publisher":{"@id":"https:\/\/www.eldiario.net\/portal\/#organization"},"potentialAction":[{"@type":"SearchAction","target":{"@type":"EntryPoint","urlTemplate":"https:\/\/www.eldiario.net\/portal\/?s={search_term_string}"},"query-input":{"@type":"PropertyValueSpecification","valueRequired":true,"valueName":"search_term_string"}}],"inLanguage":"es"},{"@type":"Organization","@id":"https:\/\/www.eldiario.net\/portal\/#organization","name":"El Diario - Decano de la prensa nacional","url":"https:\/\/www.eldiario.net\/portal\/","logo":{"@type":"ImageObject","inLanguage":"es","@id":"https:\/\/www.eldiario.net\/portal\/#\/schema\/logo\/image\/","url":"https:\/\/www.eldiario.net\/portal\/wp-content\/uploads\/2023\/07\/logo_ED.jpg","contentUrl":"https:\/\/www.eldiario.net\/portal\/wp-content\/uploads\/2023\/07\/logo_ED.jpg","width":272,"height":52,"caption":"El Diario - Decano de la prensa nacional"},"image":{"@id":"https:\/\/www.eldiario.net\/portal\/#\/schema\/logo\/image\/"},"sameAs":["https:\/\/www.facebook.com\/eldiario.bolivia\/","https:\/\/x.com\/eldiario_net"]},{"@type":"Person","@id":"https:\/\/www.eldiario.net\/portal\/#\/schema\/person\/2c57cf2b7a7ae032e449e4c9b1019eac","name":"Jeanette","image":{"@type":"ImageObject","inLanguage":"es","@id":"https:\/\/secure.gravatar.com\/avatar\/3ea2118a5f7dad2b7138b1187a6b7ee55f160b9968b66013c3a3ef39dd7e5798?s=96&d=mm&r=g","url":"https:\/\/secure.gravatar.com\/avatar\/3ea2118a5f7dad2b7138b1187a6b7ee55f160b9968b66013c3a3ef39dd7e5798?s=96&d=mm&r=g","contentUrl":"https:\/\/secure.gravatar.com\/avatar\/3ea2118a5f7dad2b7138b1187a6b7ee55f160b9968b66013c3a3ef39dd7e5798?s=96&d=mm&r=g","caption":"Jeanette"},"sameAs":["https:\/\/www.eldiario.net\/portal"],"url":"https:\/\/www.eldiario.net\/portal\/author\/jeanette\/"}]}},"_links":{"self":[{"href":"https:\/\/www.eldiario.net\/portal\/wp-json\/wp\/v2\/posts\/26021","targetHints":{"allow":["GET"]}}],"collection":[{"href":"https:\/\/www.eldiario.net\/portal\/wp-json\/wp\/v2\/posts"}],"about":[{"href":"https:\/\/www.eldiario.net\/portal\/wp-json\/wp\/v2\/types\/post"}],"author":[{"embeddable":true,"href":"https:\/\/www.eldiario.net\/portal\/wp-json\/wp\/v2\/users\/1"}],"replies":[{"embeddable":true,"href":"https:\/\/www.eldiario.net\/portal\/wp-json\/wp\/v2\/comments?post=26021"}],"version-history":[{"count":0,"href":"https:\/\/www.eldiario.net\/portal\/wp-json\/wp\/v2\/posts\/26021\/revisions"}],"wp:attachment":[{"href":"https:\/\/www.eldiario.net\/portal\/wp-json\/wp\/v2\/media?parent=26021"}],"wp:term":[{"taxonomy":"category","embeddable":true,"href":"https:\/\/www.eldiario.net\/portal\/wp-json\/wp\/v2\/categories?post=26021"},{"taxonomy":"post_tag","embeddable":true,"href":"https:\/\/www.eldiario.net\/portal\/wp-json\/wp\/v2\/tags?post=26021"}],"curies":[{"name":"wp","href":"https:\/\/api.w.org\/{rel}","templated":true}]}}