{"id":26017,"date":"2021-08-27T06:06:41","date_gmt":"2021-08-27T10:06:41","guid":{"rendered":"https:\/\/www.eldiario.net\/portal\/?p=26017"},"modified":"2021-08-27T06:06:41","modified_gmt":"2021-08-27T10:06:41","slug":"jeanine-anez-convive-con-65-de-preventivas-y-35-de-sentenciadas","status":"publish","type":"post","link":"https:\/\/www.eldiario.net\/portal\/2021\/08\/27\/jeanine-anez-convive-con-65-de-preventivas-y-35-de-sentenciadas\/","title":{"rendered":"Jeanine A\u00f1ez convive con 65 % de  preventivas y 35 % de sentenciadas"},"content":{"rendered":"<p>En el Centro de Orientaci\u00f3n Femenina de Miraflores de La Paz, la expresidenta Jeanine A\u00f1ez convive con el 65 % de internas que se encuentran con detenci\u00f3n preventiva y 35 % de mujeres que tienen sentencia por delitos mayores como asesinato, inform\u00f3 a EL DIARIO el director general de R\u00e9gimen Penitenciario, Juan Carlos Limpias.<br \/>\n\u201cTenemos 51 privadas de libertad por diversos delitos desde asesinato, robo, narcotr\u00e1fico, etc. En detenci\u00f3n preventiva tenemos como el 65 % y el resto tiene condena\u201d, dijo la autoridad.<br \/>\nEl exdirector de R\u00e9gimen Penitenciario, Ramiro Llanos, manifest\u00f3 a EL DIARIO que el penal de Miraflores es considerado de m\u00e1xima seguridad y para mujeres que tienen sentencia por delitos graves cuya sanci\u00f3n es por m\u00e1s de ocho a\u00f1os.<br \/>\n\u201cAll\u00ed est\u00e1n las que cometieron delitos mayores como asesinato, robo agravado con muerte, narcotr\u00e1fico y otros delitos cuya sanci\u00f3n es mayor a ocho a\u00f1os y las acusadas por delitos menores est\u00e1n en Obrajes\u201d, explic\u00f3.<br \/>\nLlanos manifest\u00f3 que en el penal de Miraflores y otros a nivel nacional, la mayor\u00eda de las catreras son de dos pisos y en una celda viven cuatro, seis y hasta ocho personas dependiendo el tama\u00f1o del ambiente.<br \/>\nLimpias asegur\u00f3 que las condiciones de A\u00f1ez difieren con el resto de la poblaci\u00f3n porque tiene un ambiente s\u00f3lo para ella y porque recibe visitas a diario.<br \/>\n\u201cSon condiciones diferentes a las que est\u00e1n pasando las privadas de libertad, quienes tienen dormitorios comunes donde viven entre 15 a 20 personas a diferencia de A\u00f1ez que tiene un solo espacio, con atenci\u00f3n exclusiva en su salud no solo por m\u00e9dicos que tiene la administraci\u00f3n penitenciaria sino por m\u00e9dicos particulares. Ella recibe la visita de su familia todos los d\u00edas\u201d, apunt\u00f3.<br \/>\nLlanos aclar\u00f3 que la expresidenta es detenida preventiva y que el reglamento es diferente para su condici\u00f3n y la de las sentenciadas.<br \/>\n\u201cEl reglamento dice que hay dos tipos de reclusas: las sentenciadas y las preventivas. Las detenidas preventivas tienen derecho a tres visitas por semana, al ser preventiva no tendr\u00eda las restricciones que las otras personas que est\u00e1n sentenciadas en reg\u00edmenes de seguridad\u201d, explic\u00f3.<br \/>\nEl art\u00edculo 92. (Tratamiento Especializado) de la Ley de Ejecuci\u00f3n Penal y Supervisi\u00f3n se\u00f1ala: \u201cCuando se constate que el estado de salud del interno requiere de tratamiento especializado o no exista la infraestructura, equipos y personal necesarios, el m\u00e9dico recomendar\u00e1 en el d\u00eda al Juez de Ejecuci\u00f3n Penal, la necesidad de su traslado sin perjuicio de que lo solicite el interno, su representante o un familiar\u201d.<\/p>\n<p>MENOS RESTRICCIONES<br \/>\nAsimismo, Llanos aclar\u00f3 que A\u00f1ez deber\u00eda estar interna en el Centro de Orientaci\u00f3n Femenina de Obrajes porque ese recinto carcelario es para las detenidas preventivas y delitos menores porque all\u00ed hay menos restricciones.<br \/>\n\u201cEn Obrajes es un poco m\u00e1s flexible, ingresan alimentos etc., a ese nivel deber\u00eda estar la se\u00f1ora A\u00f1ez hasta que tenga su sentencia. La c\u00e1rcel de Miraflores es de m\u00e1xima seguridad es m\u00e1s controlado incluso el ingreso de alimentos\u201d, precis\u00f3.<br \/>\nEn ese marco, lament\u00f3 que los jueces env\u00eden con detenci\u00f3n preventiva al penal de Miraflores cuando este fue creado con m\u00e1xima seguridad porque solo era para aquellas personas con sentencia por delitos mayores y Obrajes para detenidas preventivas.<\/p>\n<p>LEY DE EJECUCI\u00d3N PENAL Y SUPERVISI\u00d3N (2298)<br \/>\n\u201cArt\u00edculo 154. (Detenci\u00f3n Preventiva). Al detenido preventivo le ser\u00e1n aplicables los t\u00edtulos I, II y III de la presente Ley y en lo pertinente, los Programas de Trabajo y Educaci\u00f3n y los Beneficios Penitenciarios, cuando voluntariamente deseen participar de ellos. El imputado dispondr\u00e1 de su tiempo libremente y s\u00f3lo se le impondr\u00e1n las restricciones necesarias para posibilitar la convivencia.<br \/>\nLos permisos de salida de los detenidos preventivos ser\u00e1n autorizados por el Juez del Proceso, salvo los casos m\u00e9dicos de extrema urgencia que ser\u00e1n autorizados de conformidad a lo establecido en esta ley.<br \/>\nArt\u00edculo 156. (Derechos del Detenido Preventivo). Adem\u00e1s de los derechos previstos para los internos en general, los detenidos preventivos tendr\u00e1n los siguientes derechos:<br \/>\n1) Recibir visitas, por lo menos tres veces a la semana, todos los domingos y feriados;<br \/>\n2) Recibir visitas conyugales, por lo menos cuatro veces por mes; y,<br \/>\n3) Ocupar su tiempo de acuerdo a su preferencia, siempre que ello no provoque alteraciones del orden dentro del Recinto Penitenciario.<\/p>\n<figure id=\"attachment_26019\" aria-describedby=\"caption-attachment-26019\" style=\"width: 300px\" class=\"wp-caption aligncenter\"><a href=\"https:\/\/www.eldiario.net\/portal\/wp-content\/uploads\/2021\/08\/JEANINE-1.jpg\"><img loading=\"lazy\" decoding=\"async\" class=\"size-medium wp-image-26019\" src=\"https:\/\/www.eldiario.net\/portal\/wp-content\/uploads\/2021\/08\/JEANINE-1-300x225.jpg\" alt=\"\" width=\"300\" height=\"225\" \/><\/a><figcaption id=\"caption-attachment-26019\" class=\"wp-caption-text\">LA EXPRESIDENTA JEANINE A\u00d1EZ CUANDO SALI\u00d3 A UNA DE LAS CONSULTAS M\u00c9DICAS.<br \/>APG<\/figcaption><\/figure>\n","protected":false},"excerpt":{"rendered":"<p>En el Centro de Orientaci\u00f3n Femenina de Miraflores de La Paz, la expresidenta Jeanine A\u00f1ez convive con el 65 % de internas que se encuentran con detenci\u00f3n preventiva y 35 % de mujeres que tienen sentencia por delitos mayores como asesinato, inform\u00f3 a EL DIARIO el director general de R\u00e9gimen Penitenciario, Juan Carlos Limpias. \u201cTenemos [&hellip;]<\/p>\n","protected":false},"author":1,"featured_media":26018,"comment_status":"closed","ping_status":"closed","sticky":false,"template":"","format":"standard","meta":{"_acf_changed":false,"footnotes":""},"categories":[39],"tags":[],"class_list":["post-26017","post","type-post","status-publish","format-standard","has-post-thumbnail","category-sociedad"],"acf":{"antetitulo":""},"yoast_head":"<!-- This site is optimized with the Yoast SEO plugin v28.4 - https:\/\/yoast.com\/product\/yoast-seo-wordpress\/ -->\n<title>Jeanine A\u00f1ez convive con 65 % de preventivas y 35 % de sentenciadas - El Diario - Bolivia<\/title>\n<meta name=\"robots\" content=\"index, follow, max-snippet:-1, max-image-preview:large, max-video-preview:-1\" \/>\n<link rel=\"canonical\" href=\"https:\/\/www.eldiario.net\/portal\/2021\/08\/27\/jeanine-anez-convive-con-65-de-preventivas-y-35-de-sentenciadas\/\" \/>\n<meta property=\"og:locale\" content=\"es_ES\" \/>\n<meta property=\"og:type\" content=\"article\" \/>\n<meta property=\"og:title\" content=\"Jeanine A\u00f1ez convive con 65 % de preventivas y 35 % de sentenciadas - El Diario - Bolivia\" \/>\n<meta property=\"og:description\" content=\"En el Centro de Orientaci\u00f3n Femenina de Miraflores de La Paz, la expresidenta Jeanine A\u00f1ez convive con el 65 % de internas que se encuentran con detenci\u00f3n preventiva y 35 % de mujeres que tienen sentencia por delitos mayores como asesinato, inform\u00f3 a EL DIARIO el director general de R\u00e9gimen Penitenciario, Juan Carlos Limpias. \u201cTenemos [&hellip;]\" \/>\n<meta property=\"og:url\" content=\"https:\/\/www.eldiario.net\/portal\/2021\/08\/27\/jeanine-anez-convive-con-65-de-preventivas-y-35-de-sentenciadas\/\" \/>\n<meta property=\"og:site_name\" content=\"El Diario - Bolivia\" \/>\n<meta property=\"article:publisher\" content=\"https:\/\/www.facebook.com\/eldiario.bolivia\/\" \/>\n<meta property=\"article:published_time\" content=\"2021-08-27T10:06:41+00:00\" \/>\n<meta name=\"author\" content=\"Jeanette\" \/>\n<meta name=\"twitter:card\" content=\"summary_large_image\" \/>\n<meta name=\"twitter:creator\" content=\"@eldiario_net\" \/>\n<meta name=\"twitter:site\" content=\"@eldiario_net\" \/>\n<meta name=\"twitter:label1\" content=\"Escrito por\" \/>\n\t<meta name=\"twitter:data1\" content=\"Jeanette\" \/>\n\t<meta name=\"twitter:label2\" content=\"Tiempo de lectura\" \/>\n\t<meta name=\"twitter:data2\" content=\"4 minutos\" \/>\n<script type=\"application\/ld+json\" class=\"yoast-schema-graph\">{\"@context\":\"https:\\\/\\\/schema.org\",\"@graph\":[{\"@type\":\"Article\",\"@id\":\"https:\\\/\\\/www.eldiario.net\\\/portal\\\/2021\\\/08\\\/27\\\/jeanine-anez-convive-con-65-de-preventivas-y-35-de-sentenciadas\\\/#article\",\"isPartOf\":{\"@id\":\"https:\\\/\\\/www.eldiario.net\\\/portal\\\/2021\\\/08\\\/27\\\/jeanine-anez-convive-con-65-de-preventivas-y-35-de-sentenciadas\\\/\"},\"author\":{\"name\":\"Jeanette\",\"@id\":\"https:\\\/\\\/www.eldiario.net\\\/portal\\\/#\\\/schema\\\/person\\\/2c57cf2b7a7ae032e449e4c9b1019eac\"},\"headline\":\"Jeanine A\u00f1ez convive con 65 % de preventivas y 35 % de sentenciadas\",\"datePublished\":\"2021-08-27T10:06:41+00:00\",\"mainEntityOfPage\":{\"@id\":\"https:\\\/\\\/www.eldiario.net\\\/portal\\\/2021\\\/08\\\/27\\\/jeanine-anez-convive-con-65-de-preventivas-y-35-de-sentenciadas\\\/\"},\"wordCount\":780,\"publisher\":{\"@id\":\"https:\\\/\\\/www.eldiario.net\\\/portal\\\/#organization\"},\"image\":{\"@id\":\"https:\\\/\\\/www.eldiario.net\\\/portal\\\/2021\\\/08\\\/27\\\/jeanine-anez-convive-con-65-de-preventivas-y-35-de-sentenciadas\\\/#primaryimage\"},\"thumbnailUrl\":\"\",\"articleSection\":[\"Sociedad - Seguridad\"],\"inLanguage\":\"es\"},{\"@type\":\"WebPage\",\"@id\":\"https:\\\/\\\/www.eldiario.net\\\/portal\\\/2021\\\/08\\\/27\\\/jeanine-anez-convive-con-65-de-preventivas-y-35-de-sentenciadas\\\/\",\"url\":\"https:\\\/\\\/www.eldiario.net\\\/portal\\\/2021\\\/08\\\/27\\\/jeanine-anez-convive-con-65-de-preventivas-y-35-de-sentenciadas\\\/\",\"name\":\"Jeanine A\u00f1ez convive con 65 % de preventivas y 35 % de sentenciadas - El Diario - Bolivia\",\"isPartOf\":{\"@id\":\"https:\\\/\\\/www.eldiario.net\\\/portal\\\/#website\"},\"primaryImageOfPage\":{\"@id\":\"https:\\\/\\\/www.eldiario.net\\\/portal\\\/2021\\\/08\\\/27\\\/jeanine-anez-convive-con-65-de-preventivas-y-35-de-sentenciadas\\\/#primaryimage\"},\"image\":{\"@id\":\"https:\\\/\\\/www.eldiario.net\\\/portal\\\/2021\\\/08\\\/27\\\/jeanine-anez-convive-con-65-de-preventivas-y-35-de-sentenciadas\\\/#primaryimage\"},\"thumbnailUrl\":\"\",\"datePublished\":\"2021-08-27T10:06:41+00:00\",\"breadcrumb\":{\"@id\":\"https:\\\/\\\/www.eldiario.net\\\/portal\\\/2021\\\/08\\\/27\\\/jeanine-anez-convive-con-65-de-preventivas-y-35-de-sentenciadas\\\/#breadcrumb\"},\"inLanguage\":\"es\",\"potentialAction\":[{\"@type\":\"ReadAction\",\"target\":[\"https:\\\/\\\/www.eldiario.net\\\/portal\\\/2021\\\/08\\\/27\\\/jeanine-anez-convive-con-65-de-preventivas-y-35-de-sentenciadas\\\/\"]}]},{\"@type\":\"ImageObject\",\"inLanguage\":\"es\",\"@id\":\"https:\\\/\\\/www.eldiario.net\\\/portal\\\/2021\\\/08\\\/27\\\/jeanine-anez-convive-con-65-de-preventivas-y-35-de-sentenciadas\\\/#primaryimage\",\"url\":\"\",\"contentUrl\":\"\"},{\"@type\":\"BreadcrumbList\",\"@id\":\"https:\\\/\\\/www.eldiario.net\\\/portal\\\/2021\\\/08\\\/27\\\/jeanine-anez-convive-con-65-de-preventivas-y-35-de-sentenciadas\\\/#breadcrumb\",\"itemListElement\":[{\"@type\":\"ListItem\",\"position\":1,\"name\":\"Portada\",\"item\":\"https:\\\/\\\/www.eldiario.net\\\/portal\\\/\"},{\"@type\":\"ListItem\",\"position\":2,\"name\":\"Jeanine A\u00f1ez convive con 65 % de preventivas y 35 % de sentenciadas\"}]},{\"@type\":\"WebSite\",\"@id\":\"https:\\\/\\\/www.eldiario.net\\\/portal\\\/#website\",\"url\":\"https:\\\/\\\/www.eldiario.net\\\/portal\\\/\",\"name\":\"El Diario - Decano de la prensa nacional\",\"description\":\"El Diario - Decano de la prensa nacional\",\"publisher\":{\"@id\":\"https:\\\/\\\/www.eldiario.net\\\/portal\\\/#organization\"},\"potentialAction\":[{\"@type\":\"SearchAction\",\"target\":{\"@type\":\"EntryPoint\",\"urlTemplate\":\"https:\\\/\\\/www.eldiario.net\\\/portal\\\/?s={search_term_string}\"},\"query-input\":{\"@type\":\"PropertyValueSpecification\",\"valueRequired\":true,\"valueName\":\"search_term_string\"}}],\"inLanguage\":\"es\"},{\"@type\":\"Organization\",\"@id\":\"https:\\\/\\\/www.eldiario.net\\\/portal\\\/#organization\",\"name\":\"El Diario - Decano de la prensa nacional\",\"url\":\"https:\\\/\\\/www.eldiario.net\\\/portal\\\/\",\"logo\":{\"@type\":\"ImageObject\",\"inLanguage\":\"es\",\"@id\":\"https:\\\/\\\/www.eldiario.net\\\/portal\\\/#\\\/schema\\\/logo\\\/image\\\/\",\"url\":\"https:\\\/\\\/www.eldiario.net\\\/portal\\\/wp-content\\\/uploads\\\/2023\\\/07\\\/logo_ED.jpg\",\"contentUrl\":\"https:\\\/\\\/www.eldiario.net\\\/portal\\\/wp-content\\\/uploads\\\/2023\\\/07\\\/logo_ED.jpg\",\"width\":272,\"height\":52,\"caption\":\"El Diario - Decano de la prensa nacional\"},\"image\":{\"@id\":\"https:\\\/\\\/www.eldiario.net\\\/portal\\\/#\\\/schema\\\/logo\\\/image\\\/\"},\"sameAs\":[\"https:\\\/\\\/www.facebook.com\\\/eldiario.bolivia\\\/\",\"https:\\\/\\\/x.com\\\/eldiario_net\"]},{\"@type\":\"Person\",\"@id\":\"https:\\\/\\\/www.eldiario.net\\\/portal\\\/#\\\/schema\\\/person\\\/2c57cf2b7a7ae032e449e4c9b1019eac\",\"name\":\"Jeanette\",\"image\":{\"@type\":\"ImageObject\",\"inLanguage\":\"es\",\"@id\":\"https:\\\/\\\/secure.gravatar.com\\\/avatar\\\/3ea2118a5f7dad2b7138b1187a6b7ee55f160b9968b66013c3a3ef39dd7e5798?s=96&d=mm&r=g\",\"url\":\"https:\\\/\\\/secure.gravatar.com\\\/avatar\\\/3ea2118a5f7dad2b7138b1187a6b7ee55f160b9968b66013c3a3ef39dd7e5798?s=96&d=mm&r=g\",\"contentUrl\":\"https:\\\/\\\/secure.gravatar.com\\\/avatar\\\/3ea2118a5f7dad2b7138b1187a6b7ee55f160b9968b66013c3a3ef39dd7e5798?s=96&d=mm&r=g\",\"caption\":\"Jeanette\"},\"sameAs\":[\"https:\\\/\\\/www.eldiario.net\\\/portal\"],\"url\":\"https:\\\/\\\/www.eldiario.net\\\/portal\\\/author\\\/jeanette\\\/\"}]}<\/script>\n<!-- \/ Yoast SEO plugin. -->","yoast_head_json":{"title":"Jeanine A\u00f1ez convive con 65 % de preventivas y 35 % de sentenciadas - El Diario - Bolivia","robots":{"index":"index","follow":"follow","max-snippet":"max-snippet:-1","max-image-preview":"max-image-preview:large","max-video-preview":"max-video-preview:-1"},"canonical":"https:\/\/www.eldiario.net\/portal\/2021\/08\/27\/jeanine-anez-convive-con-65-de-preventivas-y-35-de-sentenciadas\/","og_locale":"es_ES","og_type":"article","og_title":"Jeanine A\u00f1ez convive con 65 % de preventivas y 35 % de sentenciadas - El Diario - Bolivia","og_description":"En el Centro de Orientaci\u00f3n Femenina de Miraflores de La Paz, la expresidenta Jeanine A\u00f1ez convive con el 65 % de internas que se encuentran con detenci\u00f3n preventiva y 35 % de mujeres que tienen sentencia por delitos mayores como asesinato, inform\u00f3 a EL DIARIO el director general de R\u00e9gimen Penitenciario, Juan Carlos Limpias. \u201cTenemos [&hellip;]","og_url":"https:\/\/www.eldiario.net\/portal\/2021\/08\/27\/jeanine-anez-convive-con-65-de-preventivas-y-35-de-sentenciadas\/","og_site_name":"El Diario - Bolivia","article_publisher":"https:\/\/www.facebook.com\/eldiario.bolivia\/","article_published_time":"2021-08-27T10:06:41+00:00","author":"Jeanette","twitter_card":"summary_large_image","twitter_creator":"@eldiario_net","twitter_site":"@eldiario_net","twitter_misc":{"Escrito por":"Jeanette","Tiempo de lectura":"4 minutos"},"schema":{"@context":"https:\/\/schema.org","@graph":[{"@type":"Article","@id":"https:\/\/www.eldiario.net\/portal\/2021\/08\/27\/jeanine-anez-convive-con-65-de-preventivas-y-35-de-sentenciadas\/#article","isPartOf":{"@id":"https:\/\/www.eldiario.net\/portal\/2021\/08\/27\/jeanine-anez-convive-con-65-de-preventivas-y-35-de-sentenciadas\/"},"author":{"name":"Jeanette","@id":"https:\/\/www.eldiario.net\/portal\/#\/schema\/person\/2c57cf2b7a7ae032e449e4c9b1019eac"},"headline":"Jeanine A\u00f1ez convive con 65 % de preventivas y 35 % de sentenciadas","datePublished":"2021-08-27T10:06:41+00:00","mainEntityOfPage":{"@id":"https:\/\/www.eldiario.net\/portal\/2021\/08\/27\/jeanine-anez-convive-con-65-de-preventivas-y-35-de-sentenciadas\/"},"wordCount":780,"publisher":{"@id":"https:\/\/www.eldiario.net\/portal\/#organization"},"image":{"@id":"https:\/\/www.eldiario.net\/portal\/2021\/08\/27\/jeanine-anez-convive-con-65-de-preventivas-y-35-de-sentenciadas\/#primaryimage"},"thumbnailUrl":"","articleSection":["Sociedad - Seguridad"],"inLanguage":"es"},{"@type":"WebPage","@id":"https:\/\/www.eldiario.net\/portal\/2021\/08\/27\/jeanine-anez-convive-con-65-de-preventivas-y-35-de-sentenciadas\/","url":"https:\/\/www.eldiario.net\/portal\/2021\/08\/27\/jeanine-anez-convive-con-65-de-preventivas-y-35-de-sentenciadas\/","name":"Jeanine A\u00f1ez convive con 65 % de preventivas y 35 % de sentenciadas - El Diario - Bolivia","isPartOf":{"@id":"https:\/\/www.eldiario.net\/portal\/#website"},"primaryImageOfPage":{"@id":"https:\/\/www.eldiario.net\/portal\/2021\/08\/27\/jeanine-anez-convive-con-65-de-preventivas-y-35-de-sentenciadas\/#primaryimage"},"image":{"@id":"https:\/\/www.eldiario.net\/portal\/2021\/08\/27\/jeanine-anez-convive-con-65-de-preventivas-y-35-de-sentenciadas\/#primaryimage"},"thumbnailUrl":"","datePublished":"2021-08-27T10:06:41+00:00","breadcrumb":{"@id":"https:\/\/www.eldiario.net\/portal\/2021\/08\/27\/jeanine-anez-convive-con-65-de-preventivas-y-35-de-sentenciadas\/#breadcrumb"},"inLanguage":"es","potentialAction":[{"@type":"ReadAction","target":["https:\/\/www.eldiario.net\/portal\/2021\/08\/27\/jeanine-anez-convive-con-65-de-preventivas-y-35-de-sentenciadas\/"]}]},{"@type":"ImageObject","inLanguage":"es","@id":"https:\/\/www.eldiario.net\/portal\/2021\/08\/27\/jeanine-anez-convive-con-65-de-preventivas-y-35-de-sentenciadas\/#primaryimage","url":"","contentUrl":""},{"@type":"BreadcrumbList","@id":"https:\/\/www.eldiario.net\/portal\/2021\/08\/27\/jeanine-anez-convive-con-65-de-preventivas-y-35-de-sentenciadas\/#breadcrumb","itemListElement":[{"@type":"ListItem","position":1,"name":"Portada","item":"https:\/\/www.eldiario.net\/portal\/"},{"@type":"ListItem","position":2,"name":"Jeanine A\u00f1ez convive con 65 % de preventivas y 35 % de sentenciadas"}]},{"@type":"WebSite","@id":"https:\/\/www.eldiario.net\/portal\/#website","url":"https:\/\/www.eldiario.net\/portal\/","name":"El Diario - Decano de la prensa nacional","description":"El Diario - Decano de la prensa nacional","publisher":{"@id":"https:\/\/www.eldiario.net\/portal\/#organization"},"potentialAction":[{"@type":"SearchAction","target":{"@type":"EntryPoint","urlTemplate":"https:\/\/www.eldiario.net\/portal\/?s={search_term_string}"},"query-input":{"@type":"PropertyValueSpecification","valueRequired":true,"valueName":"search_term_string"}}],"inLanguage":"es"},{"@type":"Organization","@id":"https:\/\/www.eldiario.net\/portal\/#organization","name":"El Diario - Decano de la prensa nacional","url":"https:\/\/www.eldiario.net\/portal\/","logo":{"@type":"ImageObject","inLanguage":"es","@id":"https:\/\/www.eldiario.net\/portal\/#\/schema\/logo\/image\/","url":"https:\/\/www.eldiario.net\/portal\/wp-content\/uploads\/2023\/07\/logo_ED.jpg","contentUrl":"https:\/\/www.eldiario.net\/portal\/wp-content\/uploads\/2023\/07\/logo_ED.jpg","width":272,"height":52,"caption":"El Diario - Decano de la prensa nacional"},"image":{"@id":"https:\/\/www.eldiario.net\/portal\/#\/schema\/logo\/image\/"},"sameAs":["https:\/\/www.facebook.com\/eldiario.bolivia\/","https:\/\/x.com\/eldiario_net"]},{"@type":"Person","@id":"https:\/\/www.eldiario.net\/portal\/#\/schema\/person\/2c57cf2b7a7ae032e449e4c9b1019eac","name":"Jeanette","image":{"@type":"ImageObject","inLanguage":"es","@id":"https:\/\/secure.gravatar.com\/avatar\/3ea2118a5f7dad2b7138b1187a6b7ee55f160b9968b66013c3a3ef39dd7e5798?s=96&d=mm&r=g","url":"https:\/\/secure.gravatar.com\/avatar\/3ea2118a5f7dad2b7138b1187a6b7ee55f160b9968b66013c3a3ef39dd7e5798?s=96&d=mm&r=g","contentUrl":"https:\/\/secure.gravatar.com\/avatar\/3ea2118a5f7dad2b7138b1187a6b7ee55f160b9968b66013c3a3ef39dd7e5798?s=96&d=mm&r=g","caption":"Jeanette"},"sameAs":["https:\/\/www.eldiario.net\/portal"],"url":"https:\/\/www.eldiario.net\/portal\/author\/jeanette\/"}]}},"_links":{"self":[{"href":"https:\/\/www.eldiario.net\/portal\/wp-json\/wp\/v2\/posts\/26017","targetHints":{"allow":["GET"]}}],"collection":[{"href":"https:\/\/www.eldiario.net\/portal\/wp-json\/wp\/v2\/posts"}],"about":[{"href":"https:\/\/www.eldiario.net\/portal\/wp-json\/wp\/v2\/types\/post"}],"author":[{"embeddable":true,"href":"https:\/\/www.eldiario.net\/portal\/wp-json\/wp\/v2\/users\/1"}],"replies":[{"embeddable":true,"href":"https:\/\/www.eldiario.net\/portal\/wp-json\/wp\/v2\/comments?post=26017"}],"version-history":[{"count":0,"href":"https:\/\/www.eldiario.net\/portal\/wp-json\/wp\/v2\/posts\/26017\/revisions"}],"wp:attachment":[{"href":"https:\/\/www.eldiario.net\/portal\/wp-json\/wp\/v2\/media?parent=26017"}],"wp:term":[{"taxonomy":"category","embeddable":true,"href":"https:\/\/www.eldiario.net\/portal\/wp-json\/wp\/v2\/categories?post=26017"},{"taxonomy":"post_tag","embeddable":true,"href":"https:\/\/www.eldiario.net\/portal\/wp-json\/wp\/v2\/tags?post=26017"}],"curies":[{"name":"wp","href":"https:\/\/api.w.org\/{rel}","templated":true}]}}