{"id":26015,"date":"2021-08-27T06:02:43","date_gmt":"2021-08-27T10:02:43","guid":{"rendered":"https:\/\/www.eldiario.net\/portal\/?p=26015"},"modified":"2021-08-27T06:02:43","modified_gmt":"2021-08-27T10:02:43","slug":"13-anos-de-carcel-para-sujetos-que-traficaban-marihuana","status":"publish","type":"post","link":"https:\/\/www.eldiario.net\/portal\/2021\/08\/27\/13-anos-de-carcel-para-sujetos-que-traficaban-marihuana\/","title":{"rendered":"13 a\u00f1os de c\u00e1rcel para sujetos  que traficaban marihuana"},"content":{"rendered":"<p>Sergio Mealla Flores y Luis \u00c1ngel Narbaes Cruz, ambos de 21 a\u00f1os de edad, fueron sentenciados a 13 a\u00f1os y cuatro meses de prisi\u00f3n en el penal de Morros Blancos, acusados porque fueron encontrados en posesi\u00f3n de m\u00e1s de siete kilos de marihuana, inform\u00f3 ayer el fiscal departamental de Tarija, Wilson Tito.<br \/>\nLa fiscal de materia, Gilda Fern\u00e1ndez, se\u00f1al\u00f3 que el 29 de marzo de 2021, la Fuerza Especial de Lucha Contra el Narcotr\u00e1fico (Felcn) de Tarija tuvo conocimiento que en un inmueble por inmediaciones de la carretera que une la ciudad de Tarija con la comunidad de San Mateo, dos sujetos se estar\u00edan dedicando al acopio y venta de sustancias controladas.<br \/>\nEse mismo d\u00eda, la Polic\u00eda procedi\u00f3 a dar cumplimiento a una orden de allanamiento emitido por la autoridad jurisdiccional y junto a la Fiscal\u00eda fueron a la direcci\u00f3n se\u00f1alada donde se encontr\u00f3 7 kilos y 215 gramos de marihuana que estaba en poder de Sergio y Luis, quienes fueron aprehendidos en el lugar y puestos a disposici\u00f3n del Ministerio P\u00fablico.<\/p>\n","protected":false},"excerpt":{"rendered":"<p>Sergio Mealla Flores y Luis \u00c1ngel Narbaes Cruz, ambos de 21 a\u00f1os de edad, fueron sentenciados a 13 a\u00f1os y cuatro meses de prisi\u00f3n en el penal de Morros Blancos, acusados porque fueron encontrados en posesi\u00f3n de m\u00e1s de siete kilos de marihuana, inform\u00f3 ayer el fiscal departamental de Tarija, Wilson Tito. La fiscal de [&hellip;]<\/p>\n","protected":false},"author":1,"featured_media":0,"comment_status":"closed","ping_status":"closed","sticky":false,"template":"","format":"standard","meta":{"_acf_changed":false,"footnotes":""},"categories":[39],"tags":[],"class_list":["post-26015","post","type-post","status-publish","format-standard","category-sociedad"],"acf":{"antetitulo":""},"yoast_head":"<!-- This site is optimized with the Yoast SEO plugin v28.4 - https:\/\/yoast.com\/product\/yoast-seo-wordpress\/ -->\n<title>13 a\u00f1os de c\u00e1rcel para sujetos que traficaban marihuana - El Diario - Bolivia<\/title>\n<meta name=\"robots\" content=\"index, follow, max-snippet:-1, max-image-preview:large, max-video-preview:-1\" \/>\n<link rel=\"canonical\" href=\"https:\/\/www.eldiario.net\/portal\/2021\/08\/27\/13-anos-de-carcel-para-sujetos-que-traficaban-marihuana\/\" \/>\n<meta property=\"og:locale\" content=\"es_ES\" \/>\n<meta property=\"og:type\" content=\"article\" \/>\n<meta property=\"og:title\" content=\"13 a\u00f1os de c\u00e1rcel para sujetos que traficaban marihuana - El Diario - Bolivia\" \/>\n<meta property=\"og:description\" content=\"Sergio Mealla Flores y Luis \u00c1ngel Narbaes Cruz, ambos de 21 a\u00f1os de edad, fueron sentenciados a 13 a\u00f1os y cuatro meses de prisi\u00f3n en el penal de Morros Blancos, acusados porque fueron encontrados en posesi\u00f3n de m\u00e1s de siete kilos de marihuana, inform\u00f3 ayer el fiscal departamental de Tarija, Wilson Tito. La fiscal de [&hellip;]\" \/>\n<meta property=\"og:url\" content=\"https:\/\/www.eldiario.net\/portal\/2021\/08\/27\/13-anos-de-carcel-para-sujetos-que-traficaban-marihuana\/\" \/>\n<meta property=\"og:site_name\" content=\"El Diario - Bolivia\" \/>\n<meta property=\"article:publisher\" content=\"https:\/\/www.facebook.com\/eldiario.bolivia\/\" \/>\n<meta property=\"article:published_time\" content=\"2021-08-27T10:02:43+00:00\" \/>\n<meta name=\"author\" content=\"Jeanette\" \/>\n<meta name=\"twitter:card\" content=\"summary_large_image\" \/>\n<meta name=\"twitter:creator\" content=\"@eldiario_net\" \/>\n<meta name=\"twitter:site\" content=\"@eldiario_net\" \/>\n<meta name=\"twitter:label1\" content=\"Escrito por\" \/>\n\t<meta name=\"twitter:data1\" content=\"Jeanette\" \/>\n\t<meta name=\"twitter:label2\" content=\"Tiempo de lectura\" \/>\n\t<meta name=\"twitter:data2\" content=\"1 minuto\" \/>\n<script type=\"application\/ld+json\" class=\"yoast-schema-graph\">{\"@context\":\"https:\\\/\\\/schema.org\",\"@graph\":[{\"@type\":\"Article\",\"@id\":\"https:\\\/\\\/www.eldiario.net\\\/portal\\\/2021\\\/08\\\/27\\\/13-anos-de-carcel-para-sujetos-que-traficaban-marihuana\\\/#article\",\"isPartOf\":{\"@id\":\"https:\\\/\\\/www.eldiario.net\\\/portal\\\/2021\\\/08\\\/27\\\/13-anos-de-carcel-para-sujetos-que-traficaban-marihuana\\\/\"},\"author\":{\"name\":\"Jeanette\",\"@id\":\"https:\\\/\\\/www.eldiario.net\\\/portal\\\/#\\\/schema\\\/person\\\/2c57cf2b7a7ae032e449e4c9b1019eac\"},\"headline\":\"13 a\u00f1os de c\u00e1rcel para sujetos que traficaban marihuana\",\"datePublished\":\"2021-08-27T10:02:43+00:00\",\"mainEntityOfPage\":{\"@id\":\"https:\\\/\\\/www.eldiario.net\\\/portal\\\/2021\\\/08\\\/27\\\/13-anos-de-carcel-para-sujetos-que-traficaban-marihuana\\\/\"},\"wordCount\":192,\"publisher\":{\"@id\":\"https:\\\/\\\/www.eldiario.net\\\/portal\\\/#organization\"},\"articleSection\":[\"Sociedad - Seguridad\"],\"inLanguage\":\"es\"},{\"@type\":\"WebPage\",\"@id\":\"https:\\\/\\\/www.eldiario.net\\\/portal\\\/2021\\\/08\\\/27\\\/13-anos-de-carcel-para-sujetos-que-traficaban-marihuana\\\/\",\"url\":\"https:\\\/\\\/www.eldiario.net\\\/portal\\\/2021\\\/08\\\/27\\\/13-anos-de-carcel-para-sujetos-que-traficaban-marihuana\\\/\",\"name\":\"13 a\u00f1os de c\u00e1rcel para sujetos que traficaban marihuana - El Diario - Bolivia\",\"isPartOf\":{\"@id\":\"https:\\\/\\\/www.eldiario.net\\\/portal\\\/#website\"},\"datePublished\":\"2021-08-27T10:02:43+00:00\",\"breadcrumb\":{\"@id\":\"https:\\\/\\\/www.eldiario.net\\\/portal\\\/2021\\\/08\\\/27\\\/13-anos-de-carcel-para-sujetos-que-traficaban-marihuana\\\/#breadcrumb\"},\"inLanguage\":\"es\",\"potentialAction\":[{\"@type\":\"ReadAction\",\"target\":[\"https:\\\/\\\/www.eldiario.net\\\/portal\\\/2021\\\/08\\\/27\\\/13-anos-de-carcel-para-sujetos-que-traficaban-marihuana\\\/\"]}]},{\"@type\":\"BreadcrumbList\",\"@id\":\"https:\\\/\\\/www.eldiario.net\\\/portal\\\/2021\\\/08\\\/27\\\/13-anos-de-carcel-para-sujetos-que-traficaban-marihuana\\\/#breadcrumb\",\"itemListElement\":[{\"@type\":\"ListItem\",\"position\":1,\"name\":\"Portada\",\"item\":\"https:\\\/\\\/www.eldiario.net\\\/portal\\\/\"},{\"@type\":\"ListItem\",\"position\":2,\"name\":\"13 a\u00f1os de c\u00e1rcel para sujetos que traficaban marihuana\"}]},{\"@type\":\"WebSite\",\"@id\":\"https:\\\/\\\/www.eldiario.net\\\/portal\\\/#website\",\"url\":\"https:\\\/\\\/www.eldiario.net\\\/portal\\\/\",\"name\":\"El Diario - Decano de la prensa nacional\",\"description\":\"El Diario - Decano de la prensa nacional\",\"publisher\":{\"@id\":\"https:\\\/\\\/www.eldiario.net\\\/portal\\\/#organization\"},\"potentialAction\":[{\"@type\":\"SearchAction\",\"target\":{\"@type\":\"EntryPoint\",\"urlTemplate\":\"https:\\\/\\\/www.eldiario.net\\\/portal\\\/?s={search_term_string}\"},\"query-input\":{\"@type\":\"PropertyValueSpecification\",\"valueRequired\":true,\"valueName\":\"search_term_string\"}}],\"inLanguage\":\"es\"},{\"@type\":\"Organization\",\"@id\":\"https:\\\/\\\/www.eldiario.net\\\/portal\\\/#organization\",\"name\":\"El Diario - Decano de la prensa nacional\",\"url\":\"https:\\\/\\\/www.eldiario.net\\\/portal\\\/\",\"logo\":{\"@type\":\"ImageObject\",\"inLanguage\":\"es\",\"@id\":\"https:\\\/\\\/www.eldiario.net\\\/portal\\\/#\\\/schema\\\/logo\\\/image\\\/\",\"url\":\"https:\\\/\\\/www.eldiario.net\\\/portal\\\/wp-content\\\/uploads\\\/2023\\\/07\\\/logo_ED.jpg\",\"contentUrl\":\"https:\\\/\\\/www.eldiario.net\\\/portal\\\/wp-content\\\/uploads\\\/2023\\\/07\\\/logo_ED.jpg\",\"width\":272,\"height\":52,\"caption\":\"El Diario - Decano de la prensa nacional\"},\"image\":{\"@id\":\"https:\\\/\\\/www.eldiario.net\\\/portal\\\/#\\\/schema\\\/logo\\\/image\\\/\"},\"sameAs\":[\"https:\\\/\\\/www.facebook.com\\\/eldiario.bolivia\\\/\",\"https:\\\/\\\/x.com\\\/eldiario_net\"]},{\"@type\":\"Person\",\"@id\":\"https:\\\/\\\/www.eldiario.net\\\/portal\\\/#\\\/schema\\\/person\\\/2c57cf2b7a7ae032e449e4c9b1019eac\",\"name\":\"Jeanette\",\"image\":{\"@type\":\"ImageObject\",\"inLanguage\":\"es\",\"@id\":\"https:\\\/\\\/secure.gravatar.com\\\/avatar\\\/3ea2118a5f7dad2b7138b1187a6b7ee55f160b9968b66013c3a3ef39dd7e5798?s=96&d=mm&r=g\",\"url\":\"https:\\\/\\\/secure.gravatar.com\\\/avatar\\\/3ea2118a5f7dad2b7138b1187a6b7ee55f160b9968b66013c3a3ef39dd7e5798?s=96&d=mm&r=g\",\"contentUrl\":\"https:\\\/\\\/secure.gravatar.com\\\/avatar\\\/3ea2118a5f7dad2b7138b1187a6b7ee55f160b9968b66013c3a3ef39dd7e5798?s=96&d=mm&r=g\",\"caption\":\"Jeanette\"},\"sameAs\":[\"https:\\\/\\\/www.eldiario.net\\\/portal\"],\"url\":\"https:\\\/\\\/www.eldiario.net\\\/portal\\\/author\\\/jeanette\\\/\"}]}<\/script>\n<!-- \/ Yoast SEO plugin. -->","yoast_head_json":{"title":"13 a\u00f1os de c\u00e1rcel para sujetos que traficaban marihuana - El Diario - Bolivia","robots":{"index":"index","follow":"follow","max-snippet":"max-snippet:-1","max-image-preview":"max-image-preview:large","max-video-preview":"max-video-preview:-1"},"canonical":"https:\/\/www.eldiario.net\/portal\/2021\/08\/27\/13-anos-de-carcel-para-sujetos-que-traficaban-marihuana\/","og_locale":"es_ES","og_type":"article","og_title":"13 a\u00f1os de c\u00e1rcel para sujetos que traficaban marihuana - El Diario - Bolivia","og_description":"Sergio Mealla Flores y Luis \u00c1ngel Narbaes Cruz, ambos de 21 a\u00f1os de edad, fueron sentenciados a 13 a\u00f1os y cuatro meses de prisi\u00f3n en el penal de Morros Blancos, acusados porque fueron encontrados en posesi\u00f3n de m\u00e1s de siete kilos de marihuana, inform\u00f3 ayer el fiscal departamental de Tarija, Wilson Tito. La fiscal de [&hellip;]","og_url":"https:\/\/www.eldiario.net\/portal\/2021\/08\/27\/13-anos-de-carcel-para-sujetos-que-traficaban-marihuana\/","og_site_name":"El Diario - Bolivia","article_publisher":"https:\/\/www.facebook.com\/eldiario.bolivia\/","article_published_time":"2021-08-27T10:02:43+00:00","author":"Jeanette","twitter_card":"summary_large_image","twitter_creator":"@eldiario_net","twitter_site":"@eldiario_net","twitter_misc":{"Escrito por":"Jeanette","Tiempo de lectura":"1 minuto"},"schema":{"@context":"https:\/\/schema.org","@graph":[{"@type":"Article","@id":"https:\/\/www.eldiario.net\/portal\/2021\/08\/27\/13-anos-de-carcel-para-sujetos-que-traficaban-marihuana\/#article","isPartOf":{"@id":"https:\/\/www.eldiario.net\/portal\/2021\/08\/27\/13-anos-de-carcel-para-sujetos-que-traficaban-marihuana\/"},"author":{"name":"Jeanette","@id":"https:\/\/www.eldiario.net\/portal\/#\/schema\/person\/2c57cf2b7a7ae032e449e4c9b1019eac"},"headline":"13 a\u00f1os de c\u00e1rcel para sujetos que traficaban marihuana","datePublished":"2021-08-27T10:02:43+00:00","mainEntityOfPage":{"@id":"https:\/\/www.eldiario.net\/portal\/2021\/08\/27\/13-anos-de-carcel-para-sujetos-que-traficaban-marihuana\/"},"wordCount":192,"publisher":{"@id":"https:\/\/www.eldiario.net\/portal\/#organization"},"articleSection":["Sociedad - Seguridad"],"inLanguage":"es"},{"@type":"WebPage","@id":"https:\/\/www.eldiario.net\/portal\/2021\/08\/27\/13-anos-de-carcel-para-sujetos-que-traficaban-marihuana\/","url":"https:\/\/www.eldiario.net\/portal\/2021\/08\/27\/13-anos-de-carcel-para-sujetos-que-traficaban-marihuana\/","name":"13 a\u00f1os de c\u00e1rcel para sujetos que traficaban marihuana - El Diario - Bolivia","isPartOf":{"@id":"https:\/\/www.eldiario.net\/portal\/#website"},"datePublished":"2021-08-27T10:02:43+00:00","breadcrumb":{"@id":"https:\/\/www.eldiario.net\/portal\/2021\/08\/27\/13-anos-de-carcel-para-sujetos-que-traficaban-marihuana\/#breadcrumb"},"inLanguage":"es","potentialAction":[{"@type":"ReadAction","target":["https:\/\/www.eldiario.net\/portal\/2021\/08\/27\/13-anos-de-carcel-para-sujetos-que-traficaban-marihuana\/"]}]},{"@type":"BreadcrumbList","@id":"https:\/\/www.eldiario.net\/portal\/2021\/08\/27\/13-anos-de-carcel-para-sujetos-que-traficaban-marihuana\/#breadcrumb","itemListElement":[{"@type":"ListItem","position":1,"name":"Portada","item":"https:\/\/www.eldiario.net\/portal\/"},{"@type":"ListItem","position":2,"name":"13 a\u00f1os de c\u00e1rcel para sujetos que traficaban marihuana"}]},{"@type":"WebSite","@id":"https:\/\/www.eldiario.net\/portal\/#website","url":"https:\/\/www.eldiario.net\/portal\/","name":"El Diario - Decano de la prensa nacional","description":"El Diario - Decano de la prensa nacional","publisher":{"@id":"https:\/\/www.eldiario.net\/portal\/#organization"},"potentialAction":[{"@type":"SearchAction","target":{"@type":"EntryPoint","urlTemplate":"https:\/\/www.eldiario.net\/portal\/?s={search_term_string}"},"query-input":{"@type":"PropertyValueSpecification","valueRequired":true,"valueName":"search_term_string"}}],"inLanguage":"es"},{"@type":"Organization","@id":"https:\/\/www.eldiario.net\/portal\/#organization","name":"El Diario - Decano de la prensa nacional","url":"https:\/\/www.eldiario.net\/portal\/","logo":{"@type":"ImageObject","inLanguage":"es","@id":"https:\/\/www.eldiario.net\/portal\/#\/schema\/logo\/image\/","url":"https:\/\/www.eldiario.net\/portal\/wp-content\/uploads\/2023\/07\/logo_ED.jpg","contentUrl":"https:\/\/www.eldiario.net\/portal\/wp-content\/uploads\/2023\/07\/logo_ED.jpg","width":272,"height":52,"caption":"El Diario - Decano de la prensa nacional"},"image":{"@id":"https:\/\/www.eldiario.net\/portal\/#\/schema\/logo\/image\/"},"sameAs":["https:\/\/www.facebook.com\/eldiario.bolivia\/","https:\/\/x.com\/eldiario_net"]},{"@type":"Person","@id":"https:\/\/www.eldiario.net\/portal\/#\/schema\/person\/2c57cf2b7a7ae032e449e4c9b1019eac","name":"Jeanette","image":{"@type":"ImageObject","inLanguage":"es","@id":"https:\/\/secure.gravatar.com\/avatar\/3ea2118a5f7dad2b7138b1187a6b7ee55f160b9968b66013c3a3ef39dd7e5798?s=96&d=mm&r=g","url":"https:\/\/secure.gravatar.com\/avatar\/3ea2118a5f7dad2b7138b1187a6b7ee55f160b9968b66013c3a3ef39dd7e5798?s=96&d=mm&r=g","contentUrl":"https:\/\/secure.gravatar.com\/avatar\/3ea2118a5f7dad2b7138b1187a6b7ee55f160b9968b66013c3a3ef39dd7e5798?s=96&d=mm&r=g","caption":"Jeanette"},"sameAs":["https:\/\/www.eldiario.net\/portal"],"url":"https:\/\/www.eldiario.net\/portal\/author\/jeanette\/"}]}},"_links":{"self":[{"href":"https:\/\/www.eldiario.net\/portal\/wp-json\/wp\/v2\/posts\/26015","targetHints":{"allow":["GET"]}}],"collection":[{"href":"https:\/\/www.eldiario.net\/portal\/wp-json\/wp\/v2\/posts"}],"about":[{"href":"https:\/\/www.eldiario.net\/portal\/wp-json\/wp\/v2\/types\/post"}],"author":[{"embeddable":true,"href":"https:\/\/www.eldiario.net\/portal\/wp-json\/wp\/v2\/users\/1"}],"replies":[{"embeddable":true,"href":"https:\/\/www.eldiario.net\/portal\/wp-json\/wp\/v2\/comments?post=26015"}],"version-history":[{"count":0,"href":"https:\/\/www.eldiario.net\/portal\/wp-json\/wp\/v2\/posts\/26015\/revisions"}],"wp:attachment":[{"href":"https:\/\/www.eldiario.net\/portal\/wp-json\/wp\/v2\/media?parent=26015"}],"wp:term":[{"taxonomy":"category","embeddable":true,"href":"https:\/\/www.eldiario.net\/portal\/wp-json\/wp\/v2\/categories?post=26015"},{"taxonomy":"post_tag","embeddable":true,"href":"https:\/\/www.eldiario.net\/portal\/wp-json\/wp\/v2\/tags?post=26015"}],"curies":[{"name":"wp","href":"https:\/\/api.w.org\/{rel}","templated":true}]}}