{"id":26012,"date":"2021-08-27T06:01:32","date_gmt":"2021-08-27T10:01:32","guid":{"rendered":"https:\/\/www.eldiario.net\/portal\/?p=26012"},"modified":"2021-08-27T06:01:32","modified_gmt":"2021-08-27T10:01:32","slug":"sentencian-a-padrastro-que-violo-a-su-hijastra","status":"publish","type":"post","link":"https:\/\/www.eldiario.net\/portal\/2021\/08\/27\/sentencian-a-padrastro-que-violo-a-su-hijastra\/","title":{"rendered":"Sentencian a padrastro que viol\u00f3 a su hijastra"},"content":{"rendered":"<p>Aquiles Mamani de 37 a\u00f1os de edad fue sentenciado a 25 a\u00f1os de c\u00e1rcel en el penal de Palmasola acusado por violar a su hijastra de 12 a\u00f1os, en el a\u00f1o 2018, inform\u00f3 ayer el fiscal departamental de Santa Cruz, Roger Mariaca.<br \/>\nEl fiscal de materia explic\u00f3 que el hecho se registr\u00f3 el a\u00f1o 2018, en un barrio de la ciudad de Santa Cruz de la Sierra, cuando la menor se encontraba en su cuarto durmiendo junto a su hermano peque\u00f1o; en ese momento, su padrastro lleg\u00f3 en estado de ebriedad y procedi\u00f3 a cometer la agresi\u00f3n sexual aprovechando que la madre no se encontraba en el domicilio.<br \/>\nEl delito se descubri\u00f3 cuando la progenitora de la v\u00edctima observ\u00f3 que el vientre de su hija estaba m\u00e1s grande, por ello le realiz\u00f3 una prueba de embarazo que confirm\u00f3 que estaba en estado de gestaci\u00f3n, ah\u00ed la menor confes\u00f3 que su padrastro la viol\u00f3.<br \/>\nEl 16 de enero del 2019 la madre de la v\u00edctima formaliz\u00f3 la denuncia en contra de su pareja y a los dos d\u00edas, de manera voluntaria, el agresor se present\u00f3 ante las oficinas de la Fuerza Especial de Lucha contra la Violencia (FELCV) donde fue aprehendido y puesto a disposici\u00f3n del Ministerio P\u00fablico.<\/p>\n","protected":false},"excerpt":{"rendered":"<p>Aquiles Mamani de 37 a\u00f1os de edad fue sentenciado a 25 a\u00f1os de c\u00e1rcel en el penal de Palmasola acusado por violar a su hijastra de 12 a\u00f1os, en el a\u00f1o 2018, inform\u00f3 ayer el fiscal departamental de Santa Cruz, Roger Mariaca. El fiscal de materia explic\u00f3 que el hecho se registr\u00f3 el a\u00f1o 2018, [&hellip;]<\/p>\n","protected":false},"author":1,"featured_media":26014,"comment_status":"closed","ping_status":"closed","sticky":false,"template":"","format":"standard","meta":{"_acf_changed":false,"footnotes":""},"categories":[39],"tags":[],"class_list":["post-26012","post","type-post","status-publish","format-standard","has-post-thumbnail","category-sociedad"],"acf":{"antetitulo":""},"yoast_head":"<!-- This site is optimized with the Yoast SEO plugin v28.4 - https:\/\/yoast.com\/product\/yoast-seo-wordpress\/ -->\n<title>Sentencian a padrastro que viol\u00f3 a su hijastra - El Diario - Bolivia<\/title>\n<meta name=\"robots\" content=\"index, follow, max-snippet:-1, max-image-preview:large, max-video-preview:-1\" \/>\n<link rel=\"canonical\" href=\"https:\/\/www.eldiario.net\/portal\/2021\/08\/27\/sentencian-a-padrastro-que-violo-a-su-hijastra\/\" \/>\n<meta property=\"og:locale\" content=\"es_ES\" \/>\n<meta property=\"og:type\" content=\"article\" \/>\n<meta property=\"og:title\" content=\"Sentencian a padrastro que viol\u00f3 a su hijastra - El Diario - Bolivia\" \/>\n<meta property=\"og:description\" content=\"Aquiles Mamani de 37 a\u00f1os de edad fue sentenciado a 25 a\u00f1os de c\u00e1rcel en el penal de Palmasola acusado por violar a su hijastra de 12 a\u00f1os, en el a\u00f1o 2018, inform\u00f3 ayer el fiscal departamental de Santa Cruz, Roger Mariaca. El fiscal de materia explic\u00f3 que el hecho se registr\u00f3 el a\u00f1o 2018, [&hellip;]\" \/>\n<meta property=\"og:url\" content=\"https:\/\/www.eldiario.net\/portal\/2021\/08\/27\/sentencian-a-padrastro-que-violo-a-su-hijastra\/\" \/>\n<meta property=\"og:site_name\" content=\"El Diario - Bolivia\" \/>\n<meta property=\"article:publisher\" content=\"https:\/\/www.facebook.com\/eldiario.bolivia\/\" \/>\n<meta property=\"article:published_time\" content=\"2021-08-27T10:01:32+00:00\" \/>\n<meta name=\"author\" content=\"Jeanette\" \/>\n<meta name=\"twitter:card\" content=\"summary_large_image\" \/>\n<meta name=\"twitter:creator\" content=\"@eldiario_net\" \/>\n<meta name=\"twitter:site\" content=\"@eldiario_net\" \/>\n<meta name=\"twitter:label1\" content=\"Escrito por\" \/>\n\t<meta name=\"twitter:data1\" content=\"Jeanette\" \/>\n\t<meta name=\"twitter:label2\" content=\"Tiempo de lectura\" \/>\n\t<meta name=\"twitter:data2\" content=\"1 minuto\" \/>\n<script type=\"application\/ld+json\" class=\"yoast-schema-graph\">{\"@context\":\"https:\\\/\\\/schema.org\",\"@graph\":[{\"@type\":\"Article\",\"@id\":\"https:\\\/\\\/www.eldiario.net\\\/portal\\\/2021\\\/08\\\/27\\\/sentencian-a-padrastro-que-violo-a-su-hijastra\\\/#article\",\"isPartOf\":{\"@id\":\"https:\\\/\\\/www.eldiario.net\\\/portal\\\/2021\\\/08\\\/27\\\/sentencian-a-padrastro-que-violo-a-su-hijastra\\\/\"},\"author\":{\"name\":\"Jeanette\",\"@id\":\"https:\\\/\\\/www.eldiario.net\\\/portal\\\/#\\\/schema\\\/person\\\/f46445640444750d7d753ccd04ae01b7\"},\"headline\":\"Sentencian a padrastro que viol\u00f3 a su hijastra\",\"datePublished\":\"2021-08-27T10:01:32+00:00\",\"mainEntityOfPage\":{\"@id\":\"https:\\\/\\\/www.eldiario.net\\\/portal\\\/2021\\\/08\\\/27\\\/sentencian-a-padrastro-que-violo-a-su-hijastra\\\/\"},\"wordCount\":223,\"publisher\":{\"@id\":\"https:\\\/\\\/www.eldiario.net\\\/portal\\\/#organization\"},\"image\":{\"@id\":\"https:\\\/\\\/www.eldiario.net\\\/portal\\\/2021\\\/08\\\/27\\\/sentencian-a-padrastro-que-violo-a-su-hijastra\\\/#primaryimage\"},\"thumbnailUrl\":\"\",\"articleSection\":[\"Sociedad - Seguridad\"],\"inLanguage\":\"es\"},{\"@type\":\"WebPage\",\"@id\":\"https:\\\/\\\/www.eldiario.net\\\/portal\\\/2021\\\/08\\\/27\\\/sentencian-a-padrastro-que-violo-a-su-hijastra\\\/\",\"url\":\"https:\\\/\\\/www.eldiario.net\\\/portal\\\/2021\\\/08\\\/27\\\/sentencian-a-padrastro-que-violo-a-su-hijastra\\\/\",\"name\":\"Sentencian a padrastro que viol\u00f3 a su hijastra - El Diario - Bolivia\",\"isPartOf\":{\"@id\":\"https:\\\/\\\/www.eldiario.net\\\/portal\\\/#website\"},\"primaryImageOfPage\":{\"@id\":\"https:\\\/\\\/www.eldiario.net\\\/portal\\\/2021\\\/08\\\/27\\\/sentencian-a-padrastro-que-violo-a-su-hijastra\\\/#primaryimage\"},\"image\":{\"@id\":\"https:\\\/\\\/www.eldiario.net\\\/portal\\\/2021\\\/08\\\/27\\\/sentencian-a-padrastro-que-violo-a-su-hijastra\\\/#primaryimage\"},\"thumbnailUrl\":\"\",\"datePublished\":\"2021-08-27T10:01:32+00:00\",\"breadcrumb\":{\"@id\":\"https:\\\/\\\/www.eldiario.net\\\/portal\\\/2021\\\/08\\\/27\\\/sentencian-a-padrastro-que-violo-a-su-hijastra\\\/#breadcrumb\"},\"inLanguage\":\"es\",\"potentialAction\":[{\"@type\":\"ReadAction\",\"target\":[\"https:\\\/\\\/www.eldiario.net\\\/portal\\\/2021\\\/08\\\/27\\\/sentencian-a-padrastro-que-violo-a-su-hijastra\\\/\"]}]},{\"@type\":\"ImageObject\",\"inLanguage\":\"es\",\"@id\":\"https:\\\/\\\/www.eldiario.net\\\/portal\\\/2021\\\/08\\\/27\\\/sentencian-a-padrastro-que-violo-a-su-hijastra\\\/#primaryimage\",\"url\":\"\",\"contentUrl\":\"\"},{\"@type\":\"BreadcrumbList\",\"@id\":\"https:\\\/\\\/www.eldiario.net\\\/portal\\\/2021\\\/08\\\/27\\\/sentencian-a-padrastro-que-violo-a-su-hijastra\\\/#breadcrumb\",\"itemListElement\":[{\"@type\":\"ListItem\",\"position\":1,\"name\":\"Portada\",\"item\":\"https:\\\/\\\/www.eldiario.net\\\/portal\\\/\"},{\"@type\":\"ListItem\",\"position\":2,\"name\":\"Sentencian a padrastro que viol\u00f3 a su hijastra\"}]},{\"@type\":\"WebSite\",\"@id\":\"https:\\\/\\\/www.eldiario.net\\\/portal\\\/#website\",\"url\":\"https:\\\/\\\/www.eldiario.net\\\/portal\\\/\",\"name\":\"El Diario - Decano de la prensa nacional\",\"description\":\"El Diario - Decano de la prensa nacional\",\"publisher\":{\"@id\":\"https:\\\/\\\/www.eldiario.net\\\/portal\\\/#organization\"},\"potentialAction\":[{\"@type\":\"SearchAction\",\"target\":{\"@type\":\"EntryPoint\",\"urlTemplate\":\"https:\\\/\\\/www.eldiario.net\\\/portal\\\/?s={search_term_string}\"},\"query-input\":{\"@type\":\"PropertyValueSpecification\",\"valueRequired\":true,\"valueName\":\"search_term_string\"}}],\"inLanguage\":\"es\"},{\"@type\":\"Organization\",\"@id\":\"https:\\\/\\\/www.eldiario.net\\\/portal\\\/#organization\",\"name\":\"El Diario - Decano de la prensa nacional\",\"url\":\"https:\\\/\\\/www.eldiario.net\\\/portal\\\/\",\"logo\":{\"@type\":\"ImageObject\",\"inLanguage\":\"es\",\"@id\":\"https:\\\/\\\/www.eldiario.net\\\/portal\\\/#\\\/schema\\\/logo\\\/image\\\/\",\"url\":\"https:\\\/\\\/www.eldiario.net\\\/portal\\\/wp-content\\\/uploads\\\/2023\\\/07\\\/logo_ED.jpg\",\"contentUrl\":\"https:\\\/\\\/www.eldiario.net\\\/portal\\\/wp-content\\\/uploads\\\/2023\\\/07\\\/logo_ED.jpg\",\"width\":272,\"height\":52,\"caption\":\"El Diario - Decano de la prensa nacional\"},\"image\":{\"@id\":\"https:\\\/\\\/www.eldiario.net\\\/portal\\\/#\\\/schema\\\/logo\\\/image\\\/\"},\"sameAs\":[\"https:\\\/\\\/www.facebook.com\\\/eldiario.bolivia\\\/\",\"https:\\\/\\\/x.com\\\/eldiario_net\"]},{\"@type\":\"Person\",\"@id\":\"https:\\\/\\\/www.eldiario.net\\\/portal\\\/#\\\/schema\\\/person\\\/f46445640444750d7d753ccd04ae01b7\",\"name\":\"Jeanette\",\"image\":{\"@type\":\"ImageObject\",\"inLanguage\":\"es\",\"@id\":\"https:\\\/\\\/secure.gravatar.com\\\/avatar\\\/3ea2118a5f7dad2b7138b1187a6b7ee55f160b9968b66013c3a3ef39dd7e5798?s=96&d=mm&r=g\",\"url\":\"https:\\\/\\\/secure.gravatar.com\\\/avatar\\\/3ea2118a5f7dad2b7138b1187a6b7ee55f160b9968b66013c3a3ef39dd7e5798?s=96&d=mm&r=g\",\"contentUrl\":\"https:\\\/\\\/secure.gravatar.com\\\/avatar\\\/3ea2118a5f7dad2b7138b1187a6b7ee55f160b9968b66013c3a3ef39dd7e5798?s=96&d=mm&r=g\",\"caption\":\"Jeanette\"},\"sameAs\":[\"https:\\\/\\\/www.eldiario.net\\\/portal\"],\"url\":\"https:\\\/\\\/www.eldiario.net\\\/portal\\\/author\\\/jeanette\\\/\"}]}<\/script>\n<!-- \/ Yoast SEO plugin. -->","yoast_head_json":{"title":"Sentencian a padrastro que viol\u00f3 a su hijastra - El Diario - Bolivia","robots":{"index":"index","follow":"follow","max-snippet":"max-snippet:-1","max-image-preview":"max-image-preview:large","max-video-preview":"max-video-preview:-1"},"canonical":"https:\/\/www.eldiario.net\/portal\/2021\/08\/27\/sentencian-a-padrastro-que-violo-a-su-hijastra\/","og_locale":"es_ES","og_type":"article","og_title":"Sentencian a padrastro que viol\u00f3 a su hijastra - El Diario - Bolivia","og_description":"Aquiles Mamani de 37 a\u00f1os de edad fue sentenciado a 25 a\u00f1os de c\u00e1rcel en el penal de Palmasola acusado por violar a su hijastra de 12 a\u00f1os, en el a\u00f1o 2018, inform\u00f3 ayer el fiscal departamental de Santa Cruz, Roger Mariaca. El fiscal de materia explic\u00f3 que el hecho se registr\u00f3 el a\u00f1o 2018, [&hellip;]","og_url":"https:\/\/www.eldiario.net\/portal\/2021\/08\/27\/sentencian-a-padrastro-que-violo-a-su-hijastra\/","og_site_name":"El Diario - Bolivia","article_publisher":"https:\/\/www.facebook.com\/eldiario.bolivia\/","article_published_time":"2021-08-27T10:01:32+00:00","author":"Jeanette","twitter_card":"summary_large_image","twitter_creator":"@eldiario_net","twitter_site":"@eldiario_net","twitter_misc":{"Escrito por":"Jeanette","Tiempo de lectura":"1 minuto"},"schema":{"@context":"https:\/\/schema.org","@graph":[{"@type":"Article","@id":"https:\/\/www.eldiario.net\/portal\/2021\/08\/27\/sentencian-a-padrastro-que-violo-a-su-hijastra\/#article","isPartOf":{"@id":"https:\/\/www.eldiario.net\/portal\/2021\/08\/27\/sentencian-a-padrastro-que-violo-a-su-hijastra\/"},"author":{"name":"Jeanette","@id":"https:\/\/www.eldiario.net\/portal\/#\/schema\/person\/f46445640444750d7d753ccd04ae01b7"},"headline":"Sentencian a padrastro que viol\u00f3 a su hijastra","datePublished":"2021-08-27T10:01:32+00:00","mainEntityOfPage":{"@id":"https:\/\/www.eldiario.net\/portal\/2021\/08\/27\/sentencian-a-padrastro-que-violo-a-su-hijastra\/"},"wordCount":223,"publisher":{"@id":"https:\/\/www.eldiario.net\/portal\/#organization"},"image":{"@id":"https:\/\/www.eldiario.net\/portal\/2021\/08\/27\/sentencian-a-padrastro-que-violo-a-su-hijastra\/#primaryimage"},"thumbnailUrl":"","articleSection":["Sociedad - Seguridad"],"inLanguage":"es"},{"@type":"WebPage","@id":"https:\/\/www.eldiario.net\/portal\/2021\/08\/27\/sentencian-a-padrastro-que-violo-a-su-hijastra\/","url":"https:\/\/www.eldiario.net\/portal\/2021\/08\/27\/sentencian-a-padrastro-que-violo-a-su-hijastra\/","name":"Sentencian a padrastro que viol\u00f3 a su hijastra - El Diario - Bolivia","isPartOf":{"@id":"https:\/\/www.eldiario.net\/portal\/#website"},"primaryImageOfPage":{"@id":"https:\/\/www.eldiario.net\/portal\/2021\/08\/27\/sentencian-a-padrastro-que-violo-a-su-hijastra\/#primaryimage"},"image":{"@id":"https:\/\/www.eldiario.net\/portal\/2021\/08\/27\/sentencian-a-padrastro-que-violo-a-su-hijastra\/#primaryimage"},"thumbnailUrl":"","datePublished":"2021-08-27T10:01:32+00:00","breadcrumb":{"@id":"https:\/\/www.eldiario.net\/portal\/2021\/08\/27\/sentencian-a-padrastro-que-violo-a-su-hijastra\/#breadcrumb"},"inLanguage":"es","potentialAction":[{"@type":"ReadAction","target":["https:\/\/www.eldiario.net\/portal\/2021\/08\/27\/sentencian-a-padrastro-que-violo-a-su-hijastra\/"]}]},{"@type":"ImageObject","inLanguage":"es","@id":"https:\/\/www.eldiario.net\/portal\/2021\/08\/27\/sentencian-a-padrastro-que-violo-a-su-hijastra\/#primaryimage","url":"","contentUrl":""},{"@type":"BreadcrumbList","@id":"https:\/\/www.eldiario.net\/portal\/2021\/08\/27\/sentencian-a-padrastro-que-violo-a-su-hijastra\/#breadcrumb","itemListElement":[{"@type":"ListItem","position":1,"name":"Portada","item":"https:\/\/www.eldiario.net\/portal\/"},{"@type":"ListItem","position":2,"name":"Sentencian a padrastro que viol\u00f3 a su hijastra"}]},{"@type":"WebSite","@id":"https:\/\/www.eldiario.net\/portal\/#website","url":"https:\/\/www.eldiario.net\/portal\/","name":"El Diario - Decano de la prensa nacional","description":"El Diario - Decano de la prensa nacional","publisher":{"@id":"https:\/\/www.eldiario.net\/portal\/#organization"},"potentialAction":[{"@type":"SearchAction","target":{"@type":"EntryPoint","urlTemplate":"https:\/\/www.eldiario.net\/portal\/?s={search_term_string}"},"query-input":{"@type":"PropertyValueSpecification","valueRequired":true,"valueName":"search_term_string"}}],"inLanguage":"es"},{"@type":"Organization","@id":"https:\/\/www.eldiario.net\/portal\/#organization","name":"El Diario - Decano de la prensa nacional","url":"https:\/\/www.eldiario.net\/portal\/","logo":{"@type":"ImageObject","inLanguage":"es","@id":"https:\/\/www.eldiario.net\/portal\/#\/schema\/logo\/image\/","url":"https:\/\/www.eldiario.net\/portal\/wp-content\/uploads\/2023\/07\/logo_ED.jpg","contentUrl":"https:\/\/www.eldiario.net\/portal\/wp-content\/uploads\/2023\/07\/logo_ED.jpg","width":272,"height":52,"caption":"El Diario - Decano de la prensa nacional"},"image":{"@id":"https:\/\/www.eldiario.net\/portal\/#\/schema\/logo\/image\/"},"sameAs":["https:\/\/www.facebook.com\/eldiario.bolivia\/","https:\/\/x.com\/eldiario_net"]},{"@type":"Person","@id":"https:\/\/www.eldiario.net\/portal\/#\/schema\/person\/f46445640444750d7d753ccd04ae01b7","name":"Jeanette","image":{"@type":"ImageObject","inLanguage":"es","@id":"https:\/\/secure.gravatar.com\/avatar\/3ea2118a5f7dad2b7138b1187a6b7ee55f160b9968b66013c3a3ef39dd7e5798?s=96&d=mm&r=g","url":"https:\/\/secure.gravatar.com\/avatar\/3ea2118a5f7dad2b7138b1187a6b7ee55f160b9968b66013c3a3ef39dd7e5798?s=96&d=mm&r=g","contentUrl":"https:\/\/secure.gravatar.com\/avatar\/3ea2118a5f7dad2b7138b1187a6b7ee55f160b9968b66013c3a3ef39dd7e5798?s=96&d=mm&r=g","caption":"Jeanette"},"sameAs":["https:\/\/www.eldiario.net\/portal"],"url":"https:\/\/www.eldiario.net\/portal\/author\/jeanette\/"}]}},"_links":{"self":[{"href":"https:\/\/www.eldiario.net\/portal\/wp-json\/wp\/v2\/posts\/26012","targetHints":{"allow":["GET"]}}],"collection":[{"href":"https:\/\/www.eldiario.net\/portal\/wp-json\/wp\/v2\/posts"}],"about":[{"href":"https:\/\/www.eldiario.net\/portal\/wp-json\/wp\/v2\/types\/post"}],"author":[{"embeddable":true,"href":"https:\/\/www.eldiario.net\/portal\/wp-json\/wp\/v2\/users\/1"}],"replies":[{"embeddable":true,"href":"https:\/\/www.eldiario.net\/portal\/wp-json\/wp\/v2\/comments?post=26012"}],"version-history":[{"count":0,"href":"https:\/\/www.eldiario.net\/portal\/wp-json\/wp\/v2\/posts\/26012\/revisions"}],"wp:attachment":[{"href":"https:\/\/www.eldiario.net\/portal\/wp-json\/wp\/v2\/media?parent=26012"}],"wp:term":[{"taxonomy":"category","embeddable":true,"href":"https:\/\/www.eldiario.net\/portal\/wp-json\/wp\/v2\/categories?post=26012"},{"taxonomy":"post_tag","embeddable":true,"href":"https:\/\/www.eldiario.net\/portal\/wp-json\/wp\/v2\/tags?post=26012"}],"curies":[{"name":"wp","href":"https:\/\/api.w.org\/{rel}","templated":true}]}}