{"id":258668,"date":"2024-11-04T01:48:49","date_gmt":"2024-11-04T05:48:49","guid":{"rendered":"https:\/\/www.eldiario.net\/portal\/?p=258668"},"modified":"2024-11-04T01:48:49","modified_gmt":"2024-11-04T05:48:49","slug":"miranda-y-ana-mena-lanzan-single-como-amigos","status":"publish","type":"post","link":"https:\/\/www.eldiario.net\/portal\/2024\/11\/04\/miranda-y-ana-mena-lanzan-single-como-amigos\/","title":{"rendered":"Miranda! y Ana Mena lanzan single \u201cComo amigos\u201d"},"content":{"rendered":"<p>El ic\u00f3nico d\u00fao argentino Miranda! se une a la reconocida artista espa\u00f1ola Ana Mena para lanzar su nuevo single \u201cComo amigos\u201d, una canci\u00f3n de amor pop que promete conquistar los corazones de sus seguidores.<br \/>\nMiranda!, la banda de Ale Sergi y Juliana Gattas, se encuentra en un momento de gran \u00e9xito tras haber ganado el prestigioso Gardel de Oro en la \u00faltima edici\u00f3n de los Premios Gardel 2024. Su \u00e1lbum \u201cHotel Miranda!\u201d no solo se llev\u00f3 el m\u00e1ximo galard\u00f3n, sino que tambi\u00e9n fue reconocido como el Mejor \u00c1lbum del A\u00f1o y el Mejor \u00c1lbum Pop. Este reconocimiento consolida a\u00fan m\u00e1s la carrera del d\u00fao, que ha sido un pilar en la escena musical argentina desde su formaci\u00f3n en 2001.<br \/>\nPor su parte, Ana Mena contin\u00faa brillando en la escena musical internacional. La artista ha tenido un a\u00f1o espectacular, destac\u00e1ndose con su gira \u201cBellodrama Tour\u201d y su reciente \u00e9xito \u201cCarita Triste\u201d junto a Emilia. Ana Mena ha demostrado ser una de las voces m\u00e1s vers\u00e1tiles y queridas de la m\u00fasica pop actual, y su colaboraci\u00f3n con Miranda! en \u201cComo amigos\u201d es una muestra m\u00e1s de su talento y capacidad para conectar con el p\u00fablico.<br \/>\n\u201cComo amigos\u201d es una canci\u00f3n que captura la esencia del pop caracter\u00edstico de Miranda!, con letras emotivas y melod\u00edas pegajosas que invitan a cantar y bailar. La colaboraci\u00f3n con Ana Mena a\u00f1ade un toque fresco y vibrante, creando una combinaci\u00f3n perfecta que seguramente ser\u00e1 un \u00e9xito.<br \/>\nPoco a poco, el Hotel Miranda! est\u00e1 siendo invadido por alien\u00edgenas, marcando el inicio de una nueva era. El primer desembarco del proyecto actual fue con \u201cSiempre que lo beso\u201d, contagioso single junto a la estrella mexicana Kenia OS. En \u201cComo amigos\u201d los aliens han tomado la se\u00f1al del canal Miranda!, interrumpiendo la transmisi\u00f3n para anunciar emocionantes nuevas colaboraciones.<br \/>\nEn palabras de Ale Sergi: \u201cComo amigos\u201d es una nueva canci\u00f3n que habla de ruptura. Pero esta vez una ruptura consentida y sana. Cuando te das cuenta de que ya no da para m\u00e1s y que los dos hacen esfuerzo por navegar una relaci\u00f3n que s\u00f3lo se hunde en el hast\u00edo y la monoton\u00eda. La soluci\u00f3n puede ser mirarse honestamente y decidir que es mejor seguir como amigos y que quede un buen recuerdo, antes que estirar el inevitable final y terminar con resentimiento.<\/p>\n","protected":false},"excerpt":{"rendered":"<p>El ic\u00f3nico d\u00fao argentino Miranda! se une a la reconocida artista espa\u00f1ola Ana Mena para lanzar su nuevo single \u201cComo amigos\u201d, una canci\u00f3n de amor pop que promete conquistar los corazones de sus seguidores. Miranda!, la banda de Ale Sergi y Juliana Gattas, se encuentra en un momento de gran \u00e9xito tras haber ganado el [&hellip;]<\/p>\n","protected":false},"author":1,"featured_media":258669,"comment_status":"closed","ping_status":"open","sticky":false,"template":"","format":"standard","meta":{"_acf_changed":false,"footnotes":""},"categories":[8],"tags":[],"class_list":["post-258668","post","type-post","status-publish","format-standard","has-post-thumbnail","category-cultural"],"acf":{"antetitulo":"M\u00fasica"},"yoast_head":"<!-- This site is optimized with the Yoast SEO plugin v28.3 - https:\/\/yoast.com\/product\/yoast-seo-wordpress\/ -->\n<title>Miranda! y Ana Mena lanzan single \u201cComo amigos\u201d - El Diario - Bolivia<\/title>\n<meta name=\"robots\" content=\"index, follow, max-snippet:-1, max-image-preview:large, max-video-preview:-1\" \/>\n<link rel=\"canonical\" href=\"https:\/\/www.eldiario.net\/portal\/2024\/11\/04\/miranda-y-ana-mena-lanzan-single-como-amigos\/\" \/>\n<meta property=\"og:locale\" content=\"es_ES\" \/>\n<meta property=\"og:type\" content=\"article\" \/>\n<meta property=\"og:title\" content=\"Miranda! y Ana Mena lanzan single \u201cComo amigos\u201d - El Diario - Bolivia\" \/>\n<meta property=\"og:description\" content=\"El ic\u00f3nico d\u00fao argentino Miranda! se une a la reconocida artista espa\u00f1ola Ana Mena para lanzar su nuevo single \u201cComo amigos\u201d, una canci\u00f3n de amor pop que promete conquistar los corazones de sus seguidores. Miranda!, la banda de Ale Sergi y Juliana Gattas, se encuentra en un momento de gran \u00e9xito tras haber ganado el [&hellip;]\" \/>\n<meta property=\"og:url\" content=\"https:\/\/www.eldiario.net\/portal\/2024\/11\/04\/miranda-y-ana-mena-lanzan-single-como-amigos\/\" \/>\n<meta property=\"og:site_name\" content=\"El Diario - Bolivia\" \/>\n<meta property=\"article:publisher\" content=\"https:\/\/www.facebook.com\/eldiario.bolivia\/\" \/>\n<meta property=\"article:published_time\" content=\"2024-11-04T05:48:49+00:00\" \/>\n<meta property=\"og:image\" content=\"https:\/\/www.eldiario.net\/portal\/wp-content\/uploads\/2024\/11\/MIRANDA.jpg\" \/>\n\t<meta property=\"og:image:width\" content=\"442\" \/>\n\t<meta property=\"og:image:height\" content=\"440\" \/>\n\t<meta property=\"og:image:type\" content=\"image\/jpeg\" \/>\n<meta name=\"author\" content=\"Jeanette\" \/>\n<meta name=\"twitter:card\" content=\"summary_large_image\" \/>\n<meta name=\"twitter:creator\" content=\"@eldiario_net\" \/>\n<meta name=\"twitter:site\" content=\"@eldiario_net\" \/>\n<meta name=\"twitter:label1\" content=\"Escrito por\" \/>\n\t<meta name=\"twitter:data1\" content=\"Jeanette\" \/>\n\t<meta name=\"twitter:label2\" content=\"Tiempo de lectura\" \/>\n\t<meta name=\"twitter:data2\" content=\"2 minutos\" \/>\n<script type=\"application\/ld+json\" class=\"yoast-schema-graph\">{\"@context\":\"https:\\\/\\\/schema.org\",\"@graph\":[{\"@type\":\"Article\",\"@id\":\"https:\\\/\\\/www.eldiario.net\\\/portal\\\/2024\\\/11\\\/04\\\/miranda-y-ana-mena-lanzan-single-como-amigos\\\/#article\",\"isPartOf\":{\"@id\":\"https:\\\/\\\/www.eldiario.net\\\/portal\\\/2024\\\/11\\\/04\\\/miranda-y-ana-mena-lanzan-single-como-amigos\\\/\"},\"author\":{\"name\":\"Jeanette\",\"@id\":\"https:\\\/\\\/www.eldiario.net\\\/portal\\\/#\\\/schema\\\/person\\\/f46445640444750d7d753ccd04ae01b7\"},\"headline\":\"Miranda! y Ana Mena lanzan single \u201cComo amigos\u201d\",\"datePublished\":\"2024-11-04T05:48:49+00:00\",\"mainEntityOfPage\":{\"@id\":\"https:\\\/\\\/www.eldiario.net\\\/portal\\\/2024\\\/11\\\/04\\\/miranda-y-ana-mena-lanzan-single-como-amigos\\\/\"},\"wordCount\":426,\"publisher\":{\"@id\":\"https:\\\/\\\/www.eldiario.net\\\/portal\\\/#organization\"},\"image\":{\"@id\":\"https:\\\/\\\/www.eldiario.net\\\/portal\\\/2024\\\/11\\\/04\\\/miranda-y-ana-mena-lanzan-single-como-amigos\\\/#primaryimage\"},\"thumbnailUrl\":\"https:\\\/\\\/www.eldiario.net\\\/portal\\\/wp-content\\\/uploads\\\/2024\\\/11\\\/MIRANDA.jpg\",\"articleSection\":[\"Cultural\"],\"inLanguage\":\"es\"},{\"@type\":\"WebPage\",\"@id\":\"https:\\\/\\\/www.eldiario.net\\\/portal\\\/2024\\\/11\\\/04\\\/miranda-y-ana-mena-lanzan-single-como-amigos\\\/\",\"url\":\"https:\\\/\\\/www.eldiario.net\\\/portal\\\/2024\\\/11\\\/04\\\/miranda-y-ana-mena-lanzan-single-como-amigos\\\/\",\"name\":\"Miranda! y Ana Mena lanzan single \u201cComo amigos\u201d - El Diario - Bolivia\",\"isPartOf\":{\"@id\":\"https:\\\/\\\/www.eldiario.net\\\/portal\\\/#website\"},\"primaryImageOfPage\":{\"@id\":\"https:\\\/\\\/www.eldiario.net\\\/portal\\\/2024\\\/11\\\/04\\\/miranda-y-ana-mena-lanzan-single-como-amigos\\\/#primaryimage\"},\"image\":{\"@id\":\"https:\\\/\\\/www.eldiario.net\\\/portal\\\/2024\\\/11\\\/04\\\/miranda-y-ana-mena-lanzan-single-como-amigos\\\/#primaryimage\"},\"thumbnailUrl\":\"https:\\\/\\\/www.eldiario.net\\\/portal\\\/wp-content\\\/uploads\\\/2024\\\/11\\\/MIRANDA.jpg\",\"datePublished\":\"2024-11-04T05:48:49+00:00\",\"breadcrumb\":{\"@id\":\"https:\\\/\\\/www.eldiario.net\\\/portal\\\/2024\\\/11\\\/04\\\/miranda-y-ana-mena-lanzan-single-como-amigos\\\/#breadcrumb\"},\"inLanguage\":\"es\",\"potentialAction\":[{\"@type\":\"ReadAction\",\"target\":[\"https:\\\/\\\/www.eldiario.net\\\/portal\\\/2024\\\/11\\\/04\\\/miranda-y-ana-mena-lanzan-single-como-amigos\\\/\"]}]},{\"@type\":\"ImageObject\",\"inLanguage\":\"es\",\"@id\":\"https:\\\/\\\/www.eldiario.net\\\/portal\\\/2024\\\/11\\\/04\\\/miranda-y-ana-mena-lanzan-single-como-amigos\\\/#primaryimage\",\"url\":\"https:\\\/\\\/www.eldiario.net\\\/portal\\\/wp-content\\\/uploads\\\/2024\\\/11\\\/MIRANDA.jpg\",\"contentUrl\":\"https:\\\/\\\/www.eldiario.net\\\/portal\\\/wp-content\\\/uploads\\\/2024\\\/11\\\/MIRANDA.jpg\",\"width\":442,\"height\":440,\"caption\":\"EL D\u00daO MIRANDA! Y LA ESPA\u00d1OLA ANA MENA.\"},{\"@type\":\"BreadcrumbList\",\"@id\":\"https:\\\/\\\/www.eldiario.net\\\/portal\\\/2024\\\/11\\\/04\\\/miranda-y-ana-mena-lanzan-single-como-amigos\\\/#breadcrumb\",\"itemListElement\":[{\"@type\":\"ListItem\",\"position\":1,\"name\":\"Portada\",\"item\":\"https:\\\/\\\/www.eldiario.net\\\/portal\\\/\"},{\"@type\":\"ListItem\",\"position\":2,\"name\":\"Miranda! y Ana Mena lanzan single \u201cComo amigos\u201d\"}]},{\"@type\":\"WebSite\",\"@id\":\"https:\\\/\\\/www.eldiario.net\\\/portal\\\/#website\",\"url\":\"https:\\\/\\\/www.eldiario.net\\\/portal\\\/\",\"name\":\"El Diario - Decano de la prensa nacional\",\"description\":\"El Diario - Decano de la prensa nacional\",\"publisher\":{\"@id\":\"https:\\\/\\\/www.eldiario.net\\\/portal\\\/#organization\"},\"potentialAction\":[{\"@type\":\"SearchAction\",\"target\":{\"@type\":\"EntryPoint\",\"urlTemplate\":\"https:\\\/\\\/www.eldiario.net\\\/portal\\\/?s={search_term_string}\"},\"query-input\":{\"@type\":\"PropertyValueSpecification\",\"valueRequired\":true,\"valueName\":\"search_term_string\"}}],\"inLanguage\":\"es\"},{\"@type\":\"Organization\",\"@id\":\"https:\\\/\\\/www.eldiario.net\\\/portal\\\/#organization\",\"name\":\"El Diario - Decano de la prensa nacional\",\"url\":\"https:\\\/\\\/www.eldiario.net\\\/portal\\\/\",\"logo\":{\"@type\":\"ImageObject\",\"inLanguage\":\"es\",\"@id\":\"https:\\\/\\\/www.eldiario.net\\\/portal\\\/#\\\/schema\\\/logo\\\/image\\\/\",\"url\":\"https:\\\/\\\/www.eldiario.net\\\/portal\\\/wp-content\\\/uploads\\\/2023\\\/07\\\/logo_ED.jpg\",\"contentUrl\":\"https:\\\/\\\/www.eldiario.net\\\/portal\\\/wp-content\\\/uploads\\\/2023\\\/07\\\/logo_ED.jpg\",\"width\":272,\"height\":52,\"caption\":\"El Diario - Decano de la prensa nacional\"},\"image\":{\"@id\":\"https:\\\/\\\/www.eldiario.net\\\/portal\\\/#\\\/schema\\\/logo\\\/image\\\/\"},\"sameAs\":[\"https:\\\/\\\/www.facebook.com\\\/eldiario.bolivia\\\/\",\"https:\\\/\\\/x.com\\\/eldiario_net\"]},{\"@type\":\"Person\",\"@id\":\"https:\\\/\\\/www.eldiario.net\\\/portal\\\/#\\\/schema\\\/person\\\/f46445640444750d7d753ccd04ae01b7\",\"name\":\"Jeanette\",\"image\":{\"@type\":\"ImageObject\",\"inLanguage\":\"es\",\"@id\":\"https:\\\/\\\/secure.gravatar.com\\\/avatar\\\/3ea2118a5f7dad2b7138b1187a6b7ee55f160b9968b66013c3a3ef39dd7e5798?s=96&d=mm&r=g\",\"url\":\"https:\\\/\\\/secure.gravatar.com\\\/avatar\\\/3ea2118a5f7dad2b7138b1187a6b7ee55f160b9968b66013c3a3ef39dd7e5798?s=96&d=mm&r=g\",\"contentUrl\":\"https:\\\/\\\/secure.gravatar.com\\\/avatar\\\/3ea2118a5f7dad2b7138b1187a6b7ee55f160b9968b66013c3a3ef39dd7e5798?s=96&d=mm&r=g\",\"caption\":\"Jeanette\"},\"sameAs\":[\"https:\\\/\\\/www.eldiario.net\\\/portal\"],\"url\":\"https:\\\/\\\/www.eldiario.net\\\/portal\\\/author\\\/jeanette\\\/\"}]}<\/script>\n<!-- \/ Yoast SEO plugin. -->","yoast_head_json":{"title":"Miranda! y Ana Mena lanzan single \u201cComo amigos\u201d - El Diario - Bolivia","robots":{"index":"index","follow":"follow","max-snippet":"max-snippet:-1","max-image-preview":"max-image-preview:large","max-video-preview":"max-video-preview:-1"},"canonical":"https:\/\/www.eldiario.net\/portal\/2024\/11\/04\/miranda-y-ana-mena-lanzan-single-como-amigos\/","og_locale":"es_ES","og_type":"article","og_title":"Miranda! y Ana Mena lanzan single \u201cComo amigos\u201d - El Diario - Bolivia","og_description":"El ic\u00f3nico d\u00fao argentino Miranda! se une a la reconocida artista espa\u00f1ola Ana Mena para lanzar su nuevo single \u201cComo amigos\u201d, una canci\u00f3n de amor pop que promete conquistar los corazones de sus seguidores. Miranda!, la banda de Ale Sergi y Juliana Gattas, se encuentra en un momento de gran \u00e9xito tras haber ganado el [&hellip;]","og_url":"https:\/\/www.eldiario.net\/portal\/2024\/11\/04\/miranda-y-ana-mena-lanzan-single-como-amigos\/","og_site_name":"El Diario - Bolivia","article_publisher":"https:\/\/www.facebook.com\/eldiario.bolivia\/","article_published_time":"2024-11-04T05:48:49+00:00","og_image":[{"width":442,"height":440,"url":"https:\/\/www.eldiario.net\/portal\/wp-content\/uploads\/2024\/11\/MIRANDA.jpg","type":"image\/jpeg"}],"author":"Jeanette","twitter_card":"summary_large_image","twitter_creator":"@eldiario_net","twitter_site":"@eldiario_net","twitter_misc":{"Escrito por":"Jeanette","Tiempo de lectura":"2 minutos"},"schema":{"@context":"https:\/\/schema.org","@graph":[{"@type":"Article","@id":"https:\/\/www.eldiario.net\/portal\/2024\/11\/04\/miranda-y-ana-mena-lanzan-single-como-amigos\/#article","isPartOf":{"@id":"https:\/\/www.eldiario.net\/portal\/2024\/11\/04\/miranda-y-ana-mena-lanzan-single-como-amigos\/"},"author":{"name":"Jeanette","@id":"https:\/\/www.eldiario.net\/portal\/#\/schema\/person\/f46445640444750d7d753ccd04ae01b7"},"headline":"Miranda! y Ana Mena lanzan single \u201cComo amigos\u201d","datePublished":"2024-11-04T05:48:49+00:00","mainEntityOfPage":{"@id":"https:\/\/www.eldiario.net\/portal\/2024\/11\/04\/miranda-y-ana-mena-lanzan-single-como-amigos\/"},"wordCount":426,"publisher":{"@id":"https:\/\/www.eldiario.net\/portal\/#organization"},"image":{"@id":"https:\/\/www.eldiario.net\/portal\/2024\/11\/04\/miranda-y-ana-mena-lanzan-single-como-amigos\/#primaryimage"},"thumbnailUrl":"https:\/\/www.eldiario.net\/portal\/wp-content\/uploads\/2024\/11\/MIRANDA.jpg","articleSection":["Cultural"],"inLanguage":"es"},{"@type":"WebPage","@id":"https:\/\/www.eldiario.net\/portal\/2024\/11\/04\/miranda-y-ana-mena-lanzan-single-como-amigos\/","url":"https:\/\/www.eldiario.net\/portal\/2024\/11\/04\/miranda-y-ana-mena-lanzan-single-como-amigos\/","name":"Miranda! y Ana Mena lanzan single \u201cComo amigos\u201d - El Diario - Bolivia","isPartOf":{"@id":"https:\/\/www.eldiario.net\/portal\/#website"},"primaryImageOfPage":{"@id":"https:\/\/www.eldiario.net\/portal\/2024\/11\/04\/miranda-y-ana-mena-lanzan-single-como-amigos\/#primaryimage"},"image":{"@id":"https:\/\/www.eldiario.net\/portal\/2024\/11\/04\/miranda-y-ana-mena-lanzan-single-como-amigos\/#primaryimage"},"thumbnailUrl":"https:\/\/www.eldiario.net\/portal\/wp-content\/uploads\/2024\/11\/MIRANDA.jpg","datePublished":"2024-11-04T05:48:49+00:00","breadcrumb":{"@id":"https:\/\/www.eldiario.net\/portal\/2024\/11\/04\/miranda-y-ana-mena-lanzan-single-como-amigos\/#breadcrumb"},"inLanguage":"es","potentialAction":[{"@type":"ReadAction","target":["https:\/\/www.eldiario.net\/portal\/2024\/11\/04\/miranda-y-ana-mena-lanzan-single-como-amigos\/"]}]},{"@type":"ImageObject","inLanguage":"es","@id":"https:\/\/www.eldiario.net\/portal\/2024\/11\/04\/miranda-y-ana-mena-lanzan-single-como-amigos\/#primaryimage","url":"https:\/\/www.eldiario.net\/portal\/wp-content\/uploads\/2024\/11\/MIRANDA.jpg","contentUrl":"https:\/\/www.eldiario.net\/portal\/wp-content\/uploads\/2024\/11\/MIRANDA.jpg","width":442,"height":440,"caption":"EL D\u00daO MIRANDA! Y LA ESPA\u00d1OLA ANA MENA."},{"@type":"BreadcrumbList","@id":"https:\/\/www.eldiario.net\/portal\/2024\/11\/04\/miranda-y-ana-mena-lanzan-single-como-amigos\/#breadcrumb","itemListElement":[{"@type":"ListItem","position":1,"name":"Portada","item":"https:\/\/www.eldiario.net\/portal\/"},{"@type":"ListItem","position":2,"name":"Miranda! y Ana Mena lanzan single \u201cComo amigos\u201d"}]},{"@type":"WebSite","@id":"https:\/\/www.eldiario.net\/portal\/#website","url":"https:\/\/www.eldiario.net\/portal\/","name":"El Diario - Decano de la prensa nacional","description":"El Diario - Decano de la prensa nacional","publisher":{"@id":"https:\/\/www.eldiario.net\/portal\/#organization"},"potentialAction":[{"@type":"SearchAction","target":{"@type":"EntryPoint","urlTemplate":"https:\/\/www.eldiario.net\/portal\/?s={search_term_string}"},"query-input":{"@type":"PropertyValueSpecification","valueRequired":true,"valueName":"search_term_string"}}],"inLanguage":"es"},{"@type":"Organization","@id":"https:\/\/www.eldiario.net\/portal\/#organization","name":"El Diario - Decano de la prensa nacional","url":"https:\/\/www.eldiario.net\/portal\/","logo":{"@type":"ImageObject","inLanguage":"es","@id":"https:\/\/www.eldiario.net\/portal\/#\/schema\/logo\/image\/","url":"https:\/\/www.eldiario.net\/portal\/wp-content\/uploads\/2023\/07\/logo_ED.jpg","contentUrl":"https:\/\/www.eldiario.net\/portal\/wp-content\/uploads\/2023\/07\/logo_ED.jpg","width":272,"height":52,"caption":"El Diario - Decano de la prensa nacional"},"image":{"@id":"https:\/\/www.eldiario.net\/portal\/#\/schema\/logo\/image\/"},"sameAs":["https:\/\/www.facebook.com\/eldiario.bolivia\/","https:\/\/x.com\/eldiario_net"]},{"@type":"Person","@id":"https:\/\/www.eldiario.net\/portal\/#\/schema\/person\/f46445640444750d7d753ccd04ae01b7","name":"Jeanette","image":{"@type":"ImageObject","inLanguage":"es","@id":"https:\/\/secure.gravatar.com\/avatar\/3ea2118a5f7dad2b7138b1187a6b7ee55f160b9968b66013c3a3ef39dd7e5798?s=96&d=mm&r=g","url":"https:\/\/secure.gravatar.com\/avatar\/3ea2118a5f7dad2b7138b1187a6b7ee55f160b9968b66013c3a3ef39dd7e5798?s=96&d=mm&r=g","contentUrl":"https:\/\/secure.gravatar.com\/avatar\/3ea2118a5f7dad2b7138b1187a6b7ee55f160b9968b66013c3a3ef39dd7e5798?s=96&d=mm&r=g","caption":"Jeanette"},"sameAs":["https:\/\/www.eldiario.net\/portal"],"url":"https:\/\/www.eldiario.net\/portal\/author\/jeanette\/"}]}},"_links":{"self":[{"href":"https:\/\/www.eldiario.net\/portal\/wp-json\/wp\/v2\/posts\/258668","targetHints":{"allow":["GET"]}}],"collection":[{"href":"https:\/\/www.eldiario.net\/portal\/wp-json\/wp\/v2\/posts"}],"about":[{"href":"https:\/\/www.eldiario.net\/portal\/wp-json\/wp\/v2\/types\/post"}],"author":[{"embeddable":true,"href":"https:\/\/www.eldiario.net\/portal\/wp-json\/wp\/v2\/users\/1"}],"replies":[{"embeddable":true,"href":"https:\/\/www.eldiario.net\/portal\/wp-json\/wp\/v2\/comments?post=258668"}],"version-history":[{"count":1,"href":"https:\/\/www.eldiario.net\/portal\/wp-json\/wp\/v2\/posts\/258668\/revisions"}],"predecessor-version":[{"id":258670,"href":"https:\/\/www.eldiario.net\/portal\/wp-json\/wp\/v2\/posts\/258668\/revisions\/258670"}],"wp:featuredmedia":[{"embeddable":true,"href":"https:\/\/www.eldiario.net\/portal\/wp-json\/wp\/v2\/media\/258669"}],"wp:attachment":[{"href":"https:\/\/www.eldiario.net\/portal\/wp-json\/wp\/v2\/media?parent=258668"}],"wp:term":[{"taxonomy":"category","embeddable":true,"href":"https:\/\/www.eldiario.net\/portal\/wp-json\/wp\/v2\/categories?post=258668"},{"taxonomy":"post_tag","embeddable":true,"href":"https:\/\/www.eldiario.net\/portal\/wp-json\/wp\/v2\/tags?post=258668"}],"curies":[{"name":"wp","href":"https:\/\/api.w.org\/{rel}","templated":true}]}}