{"id":258663,"date":"2024-11-04T01:47:25","date_gmt":"2024-11-04T05:47:25","guid":{"rendered":"https:\/\/www.eldiario.net\/portal\/?p=258663"},"modified":"2024-11-04T01:47:25","modified_gmt":"2024-11-04T05:47:25","slug":"alcaldia-prepara-dos-jornadas-de-esterilizacion-de-perros-y-gatos","status":"publish","type":"post","link":"https:\/\/www.eldiario.net\/portal\/2024\/11\/04\/alcaldia-prepara-dos-jornadas-de-esterilizacion-de-perros-y-gatos\/","title":{"rendered":"Alcald\u00eda prepara dos jornadas de esterilizaci\u00f3n de perros y gatos"},"content":{"rendered":"<p>La Subalcald\u00eda de Max Paredes, la Secretar\u00eda Municipal de Salud y Deportes coordinan dos jornadas de esterilizaci\u00f3n de 150 mascotas, entre perros y gatos, los d\u00edas 9 y 10 del presente mes. La campa\u00f1a es posible gracias al apoyo del colegio San Andr\u00e9s.<br \/>\n\u201cEstamos coordinando con la Subalcald\u00eda de Max Paredes, la junta de vecinos, justamente para que estos perritos y gatitos sean beneficiados. Es un apoyo de la promoci\u00f3n del Colegio San Andr\u00e9s, que est\u00e1 pagando estas esterilizaciones\u201d, inform\u00f3 la secretaria Municipal de Salud y Deportes, F\u00e1tima Verduguez.<br \/>\nLas esterilizaciones se realizar\u00e1n en la casa comunal, donde la secretar\u00eda llevar\u00e1 todo el equipo quir\u00fargico. Asimismo, la autoridad de Salud confirm\u00f3 que el domingo 10 se realizar\u00e1 una jornada de atenci\u00f3n a la poblaci\u00f3n en medicina general.<br \/>\n\u201cTambi\u00e9n la Direcci\u00f3n de Deportes se est\u00e1 sumando para hacer un mini campeonato de f\u00fatbol tenis. Entonces vamos a estar coordinando todo con la Secretar\u00eda y tambi\u00e9n se est\u00e1 sumando lo que es arborizar, vamos a plantar arbolitos. Estamos viendo ya la posibilidad de colocar plantines en el cerro que est\u00e1 cerca ah\u00ed a la casa comunal. Entonces va a ser una acci\u00f3n de varias instancias en beneficio de la zona\u201d, a\u00f1adi\u00f3 Verduguez.<br \/>\nLas esterilizaciones tienen un costo social de 71 bolivianos que ser\u00e1n cubiertos por el colegio San Andr\u00e9s. La Secretar\u00eda Municipal de Salud y Deportes har\u00e1 la entrega de la factura correspondiente.<br \/>\nLa esterilizaci\u00f3n de mascotas es una opci\u00f3n para los due\u00f1os, as\u00ed evitar que los animalitos puedan procrear y de esta manera frenar el n\u00famero de animales en el municipio de La Paz, con apoyo solidario.<br \/>\nSin embargo, \u201cla campa\u00f1a deber\u00eda estar dirigida a las personas que viven en zonas alejadas\u201d, seg\u00fan opinaron en las redes sociales y agregan que muchas personas viven de la venta de cachorritos.<br \/>\nHace meses atr\u00e1s, se realiz\u00f3 en la ciudad de El Alto una batida en la 16 de Julio, en la que decomis\u00f3 una gran cantidad de perritos y gatitos, que eran comercializados en un estado deplorable.<br \/>\nVarias organizaciones, defensoras de los animales, han promovido la esterilizaci\u00f3n controlada, para evitar que las perritas sean echadas a la calle.<br \/>\nPero en la ciudad de El Alto la situaci\u00f3n es m\u00e1s complicada, pues las mascotas deben dormir en las puertas de sus due\u00f1os y no en el interior de la casa, cuya situaci\u00f3n pone en riesgo la integridad de vecinos, as\u00ed como del animal.<\/p>\n","protected":false},"excerpt":{"rendered":"<p>La Subalcald\u00eda de Max Paredes, la Secretar\u00eda Municipal de Salud y Deportes coordinan dos jornadas de esterilizaci\u00f3n de 150 mascotas, entre perros y gatos, los d\u00edas 9 y 10 del presente mes. La campa\u00f1a es posible gracias al apoyo del colegio San Andr\u00e9s. \u201cEstamos coordinando con la Subalcald\u00eda de Max Paredes, la junta de vecinos, [&hellip;]<\/p>\n","protected":false},"author":1,"featured_media":258664,"comment_status":"closed","ping_status":"open","sticky":false,"template":"","format":"standard","meta":{"_acf_changed":false,"footnotes":""},"categories":[12],"tags":[],"class_list":["post-258663","post","type-post","status-publish","format-standard","has-post-thumbnail","category-nacional"],"acf":{"antetitulo":"En Pasankeri"},"yoast_head":"<!-- This site is optimized with the Yoast SEO plugin v28.3 - https:\/\/yoast.com\/product\/yoast-seo-wordpress\/ -->\n<title>Alcald\u00eda prepara dos jornadas de esterilizaci\u00f3n de perros y gatos - El Diario - Bolivia<\/title>\n<meta name=\"robots\" content=\"index, follow, max-snippet:-1, max-image-preview:large, max-video-preview:-1\" \/>\n<link rel=\"canonical\" href=\"https:\/\/www.eldiario.net\/portal\/2024\/11\/04\/alcaldia-prepara-dos-jornadas-de-esterilizacion-de-perros-y-gatos\/\" \/>\n<meta property=\"og:locale\" content=\"es_ES\" \/>\n<meta property=\"og:type\" content=\"article\" \/>\n<meta property=\"og:title\" content=\"Alcald\u00eda prepara dos jornadas de esterilizaci\u00f3n de perros y gatos - El Diario - Bolivia\" \/>\n<meta property=\"og:description\" content=\"La Subalcald\u00eda de Max Paredes, la Secretar\u00eda Municipal de Salud y Deportes coordinan dos jornadas de esterilizaci\u00f3n de 150 mascotas, entre perros y gatos, los d\u00edas 9 y 10 del presente mes. La campa\u00f1a es posible gracias al apoyo del colegio San Andr\u00e9s. \u201cEstamos coordinando con la Subalcald\u00eda de Max Paredes, la junta de vecinos, [&hellip;]\" \/>\n<meta property=\"og:url\" content=\"https:\/\/www.eldiario.net\/portal\/2024\/11\/04\/alcaldia-prepara-dos-jornadas-de-esterilizacion-de-perros-y-gatos\/\" \/>\n<meta property=\"og:site_name\" content=\"El Diario - Bolivia\" \/>\n<meta property=\"article:publisher\" content=\"https:\/\/www.facebook.com\/eldiario.bolivia\/\" \/>\n<meta property=\"article:published_time\" content=\"2024-11-04T05:47:25+00:00\" \/>\n<meta property=\"og:image\" content=\"https:\/\/www.eldiario.net\/portal\/wp-content\/uploads\/2024\/11\/esteri.jpg\" \/>\n\t<meta property=\"og:image:width\" content=\"600\" \/>\n\t<meta property=\"og:image:height\" content=\"450\" \/>\n\t<meta property=\"og:image:type\" content=\"image\/jpeg\" \/>\n<meta name=\"author\" content=\"Jeanette\" \/>\n<meta name=\"twitter:card\" content=\"summary_large_image\" \/>\n<meta name=\"twitter:creator\" content=\"@eldiario_net\" \/>\n<meta name=\"twitter:site\" content=\"@eldiario_net\" \/>\n<meta name=\"twitter:label1\" content=\"Escrito por\" \/>\n\t<meta name=\"twitter:data1\" content=\"Jeanette\" \/>\n\t<meta name=\"twitter:label2\" content=\"Tiempo de lectura\" \/>\n\t<meta name=\"twitter:data2\" content=\"3 minutos\" \/>\n<script type=\"application\/ld+json\" class=\"yoast-schema-graph\">{\"@context\":\"https:\\\/\\\/schema.org\",\"@graph\":[{\"@type\":\"Article\",\"@id\":\"https:\\\/\\\/www.eldiario.net\\\/portal\\\/2024\\\/11\\\/04\\\/alcaldia-prepara-dos-jornadas-de-esterilizacion-de-perros-y-gatos\\\/#article\",\"isPartOf\":{\"@id\":\"https:\\\/\\\/www.eldiario.net\\\/portal\\\/2024\\\/11\\\/04\\\/alcaldia-prepara-dos-jornadas-de-esterilizacion-de-perros-y-gatos\\\/\"},\"author\":{\"name\":\"Jeanette\",\"@id\":\"https:\\\/\\\/www.eldiario.net\\\/portal\\\/#\\\/schema\\\/person\\\/f46445640444750d7d753ccd04ae01b7\"},\"headline\":\"Alcald\u00eda prepara dos jornadas de esterilizaci\u00f3n de perros y gatos\",\"datePublished\":\"2024-11-04T05:47:25+00:00\",\"mainEntityOfPage\":{\"@id\":\"https:\\\/\\\/www.eldiario.net\\\/portal\\\/2024\\\/11\\\/04\\\/alcaldia-prepara-dos-jornadas-de-esterilizacion-de-perros-y-gatos\\\/\"},\"wordCount\":443,\"publisher\":{\"@id\":\"https:\\\/\\\/www.eldiario.net\\\/portal\\\/#organization\"},\"image\":{\"@id\":\"https:\\\/\\\/www.eldiario.net\\\/portal\\\/2024\\\/11\\\/04\\\/alcaldia-prepara-dos-jornadas-de-esterilizacion-de-perros-y-gatos\\\/#primaryimage\"},\"thumbnailUrl\":\"https:\\\/\\\/www.eldiario.net\\\/portal\\\/wp-content\\\/uploads\\\/2024\\\/11\\\/esteri.jpg\",\"articleSection\":[\"Nacional\"],\"inLanguage\":\"es\"},{\"@type\":\"WebPage\",\"@id\":\"https:\\\/\\\/www.eldiario.net\\\/portal\\\/2024\\\/11\\\/04\\\/alcaldia-prepara-dos-jornadas-de-esterilizacion-de-perros-y-gatos\\\/\",\"url\":\"https:\\\/\\\/www.eldiario.net\\\/portal\\\/2024\\\/11\\\/04\\\/alcaldia-prepara-dos-jornadas-de-esterilizacion-de-perros-y-gatos\\\/\",\"name\":\"Alcald\u00eda prepara dos jornadas de esterilizaci\u00f3n de perros y gatos - El Diario - Bolivia\",\"isPartOf\":{\"@id\":\"https:\\\/\\\/www.eldiario.net\\\/portal\\\/#website\"},\"primaryImageOfPage\":{\"@id\":\"https:\\\/\\\/www.eldiario.net\\\/portal\\\/2024\\\/11\\\/04\\\/alcaldia-prepara-dos-jornadas-de-esterilizacion-de-perros-y-gatos\\\/#primaryimage\"},\"image\":{\"@id\":\"https:\\\/\\\/www.eldiario.net\\\/portal\\\/2024\\\/11\\\/04\\\/alcaldia-prepara-dos-jornadas-de-esterilizacion-de-perros-y-gatos\\\/#primaryimage\"},\"thumbnailUrl\":\"https:\\\/\\\/www.eldiario.net\\\/portal\\\/wp-content\\\/uploads\\\/2024\\\/11\\\/esteri.jpg\",\"datePublished\":\"2024-11-04T05:47:25+00:00\",\"breadcrumb\":{\"@id\":\"https:\\\/\\\/www.eldiario.net\\\/portal\\\/2024\\\/11\\\/04\\\/alcaldia-prepara-dos-jornadas-de-esterilizacion-de-perros-y-gatos\\\/#breadcrumb\"},\"inLanguage\":\"es\",\"potentialAction\":[{\"@type\":\"ReadAction\",\"target\":[\"https:\\\/\\\/www.eldiario.net\\\/portal\\\/2024\\\/11\\\/04\\\/alcaldia-prepara-dos-jornadas-de-esterilizacion-de-perros-y-gatos\\\/\"]}]},{\"@type\":\"ImageObject\",\"inLanguage\":\"es\",\"@id\":\"https:\\\/\\\/www.eldiario.net\\\/portal\\\/2024\\\/11\\\/04\\\/alcaldia-prepara-dos-jornadas-de-esterilizacion-de-perros-y-gatos\\\/#primaryimage\",\"url\":\"https:\\\/\\\/www.eldiario.net\\\/portal\\\/wp-content\\\/uploads\\\/2024\\\/11\\\/esteri.jpg\",\"contentUrl\":\"https:\\\/\\\/www.eldiario.net\\\/portal\\\/wp-content\\\/uploads\\\/2024\\\/11\\\/esteri.jpg\",\"width\":600,\"height\":450,\"caption\":\"Un grupo de personas hace fila con sus mascotas para ser atendidos con las esterilizaciones en una campa\u00f1a anterior.\"},{\"@type\":\"BreadcrumbList\",\"@id\":\"https:\\\/\\\/www.eldiario.net\\\/portal\\\/2024\\\/11\\\/04\\\/alcaldia-prepara-dos-jornadas-de-esterilizacion-de-perros-y-gatos\\\/#breadcrumb\",\"itemListElement\":[{\"@type\":\"ListItem\",\"position\":1,\"name\":\"Portada\",\"item\":\"https:\\\/\\\/www.eldiario.net\\\/portal\\\/\"},{\"@type\":\"ListItem\",\"position\":2,\"name\":\"Alcald\u00eda prepara dos jornadas de esterilizaci\u00f3n de perros y gatos\"}]},{\"@type\":\"WebSite\",\"@id\":\"https:\\\/\\\/www.eldiario.net\\\/portal\\\/#website\",\"url\":\"https:\\\/\\\/www.eldiario.net\\\/portal\\\/\",\"name\":\"El Diario - Decano de la prensa nacional\",\"description\":\"El Diario - Decano de la prensa nacional\",\"publisher\":{\"@id\":\"https:\\\/\\\/www.eldiario.net\\\/portal\\\/#organization\"},\"potentialAction\":[{\"@type\":\"SearchAction\",\"target\":{\"@type\":\"EntryPoint\",\"urlTemplate\":\"https:\\\/\\\/www.eldiario.net\\\/portal\\\/?s={search_term_string}\"},\"query-input\":{\"@type\":\"PropertyValueSpecification\",\"valueRequired\":true,\"valueName\":\"search_term_string\"}}],\"inLanguage\":\"es\"},{\"@type\":\"Organization\",\"@id\":\"https:\\\/\\\/www.eldiario.net\\\/portal\\\/#organization\",\"name\":\"El Diario - Decano de la prensa nacional\",\"url\":\"https:\\\/\\\/www.eldiario.net\\\/portal\\\/\",\"logo\":{\"@type\":\"ImageObject\",\"inLanguage\":\"es\",\"@id\":\"https:\\\/\\\/www.eldiario.net\\\/portal\\\/#\\\/schema\\\/logo\\\/image\\\/\",\"url\":\"https:\\\/\\\/www.eldiario.net\\\/portal\\\/wp-content\\\/uploads\\\/2023\\\/07\\\/logo_ED.jpg\",\"contentUrl\":\"https:\\\/\\\/www.eldiario.net\\\/portal\\\/wp-content\\\/uploads\\\/2023\\\/07\\\/logo_ED.jpg\",\"width\":272,\"height\":52,\"caption\":\"El Diario - Decano de la prensa nacional\"},\"image\":{\"@id\":\"https:\\\/\\\/www.eldiario.net\\\/portal\\\/#\\\/schema\\\/logo\\\/image\\\/\"},\"sameAs\":[\"https:\\\/\\\/www.facebook.com\\\/eldiario.bolivia\\\/\",\"https:\\\/\\\/x.com\\\/eldiario_net\"]},{\"@type\":\"Person\",\"@id\":\"https:\\\/\\\/www.eldiario.net\\\/portal\\\/#\\\/schema\\\/person\\\/f46445640444750d7d753ccd04ae01b7\",\"name\":\"Jeanette\",\"image\":{\"@type\":\"ImageObject\",\"inLanguage\":\"es\",\"@id\":\"https:\\\/\\\/secure.gravatar.com\\\/avatar\\\/3ea2118a5f7dad2b7138b1187a6b7ee55f160b9968b66013c3a3ef39dd7e5798?s=96&d=mm&r=g\",\"url\":\"https:\\\/\\\/secure.gravatar.com\\\/avatar\\\/3ea2118a5f7dad2b7138b1187a6b7ee55f160b9968b66013c3a3ef39dd7e5798?s=96&d=mm&r=g\",\"contentUrl\":\"https:\\\/\\\/secure.gravatar.com\\\/avatar\\\/3ea2118a5f7dad2b7138b1187a6b7ee55f160b9968b66013c3a3ef39dd7e5798?s=96&d=mm&r=g\",\"caption\":\"Jeanette\"},\"sameAs\":[\"https:\\\/\\\/www.eldiario.net\\\/portal\"],\"url\":\"https:\\\/\\\/www.eldiario.net\\\/portal\\\/author\\\/jeanette\\\/\"}]}<\/script>\n<!-- \/ Yoast SEO plugin. -->","yoast_head_json":{"title":"Alcald\u00eda prepara dos jornadas de esterilizaci\u00f3n de perros y gatos - El Diario - Bolivia","robots":{"index":"index","follow":"follow","max-snippet":"max-snippet:-1","max-image-preview":"max-image-preview:large","max-video-preview":"max-video-preview:-1"},"canonical":"https:\/\/www.eldiario.net\/portal\/2024\/11\/04\/alcaldia-prepara-dos-jornadas-de-esterilizacion-de-perros-y-gatos\/","og_locale":"es_ES","og_type":"article","og_title":"Alcald\u00eda prepara dos jornadas de esterilizaci\u00f3n de perros y gatos - El Diario - Bolivia","og_description":"La Subalcald\u00eda de Max Paredes, la Secretar\u00eda Municipal de Salud y Deportes coordinan dos jornadas de esterilizaci\u00f3n de 150 mascotas, entre perros y gatos, los d\u00edas 9 y 10 del presente mes. La campa\u00f1a es posible gracias al apoyo del colegio San Andr\u00e9s. \u201cEstamos coordinando con la Subalcald\u00eda de Max Paredes, la junta de vecinos, [&hellip;]","og_url":"https:\/\/www.eldiario.net\/portal\/2024\/11\/04\/alcaldia-prepara-dos-jornadas-de-esterilizacion-de-perros-y-gatos\/","og_site_name":"El Diario - Bolivia","article_publisher":"https:\/\/www.facebook.com\/eldiario.bolivia\/","article_published_time":"2024-11-04T05:47:25+00:00","og_image":[{"width":600,"height":450,"url":"https:\/\/www.eldiario.net\/portal\/wp-content\/uploads\/2024\/11\/esteri.jpg","type":"image\/jpeg"}],"author":"Jeanette","twitter_card":"summary_large_image","twitter_creator":"@eldiario_net","twitter_site":"@eldiario_net","twitter_misc":{"Escrito por":"Jeanette","Tiempo de lectura":"3 minutos"},"schema":{"@context":"https:\/\/schema.org","@graph":[{"@type":"Article","@id":"https:\/\/www.eldiario.net\/portal\/2024\/11\/04\/alcaldia-prepara-dos-jornadas-de-esterilizacion-de-perros-y-gatos\/#article","isPartOf":{"@id":"https:\/\/www.eldiario.net\/portal\/2024\/11\/04\/alcaldia-prepara-dos-jornadas-de-esterilizacion-de-perros-y-gatos\/"},"author":{"name":"Jeanette","@id":"https:\/\/www.eldiario.net\/portal\/#\/schema\/person\/f46445640444750d7d753ccd04ae01b7"},"headline":"Alcald\u00eda prepara dos jornadas de esterilizaci\u00f3n de perros y gatos","datePublished":"2024-11-04T05:47:25+00:00","mainEntityOfPage":{"@id":"https:\/\/www.eldiario.net\/portal\/2024\/11\/04\/alcaldia-prepara-dos-jornadas-de-esterilizacion-de-perros-y-gatos\/"},"wordCount":443,"publisher":{"@id":"https:\/\/www.eldiario.net\/portal\/#organization"},"image":{"@id":"https:\/\/www.eldiario.net\/portal\/2024\/11\/04\/alcaldia-prepara-dos-jornadas-de-esterilizacion-de-perros-y-gatos\/#primaryimage"},"thumbnailUrl":"https:\/\/www.eldiario.net\/portal\/wp-content\/uploads\/2024\/11\/esteri.jpg","articleSection":["Nacional"],"inLanguage":"es"},{"@type":"WebPage","@id":"https:\/\/www.eldiario.net\/portal\/2024\/11\/04\/alcaldia-prepara-dos-jornadas-de-esterilizacion-de-perros-y-gatos\/","url":"https:\/\/www.eldiario.net\/portal\/2024\/11\/04\/alcaldia-prepara-dos-jornadas-de-esterilizacion-de-perros-y-gatos\/","name":"Alcald\u00eda prepara dos jornadas de esterilizaci\u00f3n de perros y gatos - El Diario - Bolivia","isPartOf":{"@id":"https:\/\/www.eldiario.net\/portal\/#website"},"primaryImageOfPage":{"@id":"https:\/\/www.eldiario.net\/portal\/2024\/11\/04\/alcaldia-prepara-dos-jornadas-de-esterilizacion-de-perros-y-gatos\/#primaryimage"},"image":{"@id":"https:\/\/www.eldiario.net\/portal\/2024\/11\/04\/alcaldia-prepara-dos-jornadas-de-esterilizacion-de-perros-y-gatos\/#primaryimage"},"thumbnailUrl":"https:\/\/www.eldiario.net\/portal\/wp-content\/uploads\/2024\/11\/esteri.jpg","datePublished":"2024-11-04T05:47:25+00:00","breadcrumb":{"@id":"https:\/\/www.eldiario.net\/portal\/2024\/11\/04\/alcaldia-prepara-dos-jornadas-de-esterilizacion-de-perros-y-gatos\/#breadcrumb"},"inLanguage":"es","potentialAction":[{"@type":"ReadAction","target":["https:\/\/www.eldiario.net\/portal\/2024\/11\/04\/alcaldia-prepara-dos-jornadas-de-esterilizacion-de-perros-y-gatos\/"]}]},{"@type":"ImageObject","inLanguage":"es","@id":"https:\/\/www.eldiario.net\/portal\/2024\/11\/04\/alcaldia-prepara-dos-jornadas-de-esterilizacion-de-perros-y-gatos\/#primaryimage","url":"https:\/\/www.eldiario.net\/portal\/wp-content\/uploads\/2024\/11\/esteri.jpg","contentUrl":"https:\/\/www.eldiario.net\/portal\/wp-content\/uploads\/2024\/11\/esteri.jpg","width":600,"height":450,"caption":"Un grupo de personas hace fila con sus mascotas para ser atendidos con las esterilizaciones en una campa\u00f1a anterior."},{"@type":"BreadcrumbList","@id":"https:\/\/www.eldiario.net\/portal\/2024\/11\/04\/alcaldia-prepara-dos-jornadas-de-esterilizacion-de-perros-y-gatos\/#breadcrumb","itemListElement":[{"@type":"ListItem","position":1,"name":"Portada","item":"https:\/\/www.eldiario.net\/portal\/"},{"@type":"ListItem","position":2,"name":"Alcald\u00eda prepara dos jornadas de esterilizaci\u00f3n de perros y gatos"}]},{"@type":"WebSite","@id":"https:\/\/www.eldiario.net\/portal\/#website","url":"https:\/\/www.eldiario.net\/portal\/","name":"El Diario - Decano de la prensa nacional","description":"El Diario - Decano de la prensa nacional","publisher":{"@id":"https:\/\/www.eldiario.net\/portal\/#organization"},"potentialAction":[{"@type":"SearchAction","target":{"@type":"EntryPoint","urlTemplate":"https:\/\/www.eldiario.net\/portal\/?s={search_term_string}"},"query-input":{"@type":"PropertyValueSpecification","valueRequired":true,"valueName":"search_term_string"}}],"inLanguage":"es"},{"@type":"Organization","@id":"https:\/\/www.eldiario.net\/portal\/#organization","name":"El Diario - Decano de la prensa nacional","url":"https:\/\/www.eldiario.net\/portal\/","logo":{"@type":"ImageObject","inLanguage":"es","@id":"https:\/\/www.eldiario.net\/portal\/#\/schema\/logo\/image\/","url":"https:\/\/www.eldiario.net\/portal\/wp-content\/uploads\/2023\/07\/logo_ED.jpg","contentUrl":"https:\/\/www.eldiario.net\/portal\/wp-content\/uploads\/2023\/07\/logo_ED.jpg","width":272,"height":52,"caption":"El Diario - Decano de la prensa nacional"},"image":{"@id":"https:\/\/www.eldiario.net\/portal\/#\/schema\/logo\/image\/"},"sameAs":["https:\/\/www.facebook.com\/eldiario.bolivia\/","https:\/\/x.com\/eldiario_net"]},{"@type":"Person","@id":"https:\/\/www.eldiario.net\/portal\/#\/schema\/person\/f46445640444750d7d753ccd04ae01b7","name":"Jeanette","image":{"@type":"ImageObject","inLanguage":"es","@id":"https:\/\/secure.gravatar.com\/avatar\/3ea2118a5f7dad2b7138b1187a6b7ee55f160b9968b66013c3a3ef39dd7e5798?s=96&d=mm&r=g","url":"https:\/\/secure.gravatar.com\/avatar\/3ea2118a5f7dad2b7138b1187a6b7ee55f160b9968b66013c3a3ef39dd7e5798?s=96&d=mm&r=g","contentUrl":"https:\/\/secure.gravatar.com\/avatar\/3ea2118a5f7dad2b7138b1187a6b7ee55f160b9968b66013c3a3ef39dd7e5798?s=96&d=mm&r=g","caption":"Jeanette"},"sameAs":["https:\/\/www.eldiario.net\/portal"],"url":"https:\/\/www.eldiario.net\/portal\/author\/jeanette\/"}]}},"_links":{"self":[{"href":"https:\/\/www.eldiario.net\/portal\/wp-json\/wp\/v2\/posts\/258663","targetHints":{"allow":["GET"]}}],"collection":[{"href":"https:\/\/www.eldiario.net\/portal\/wp-json\/wp\/v2\/posts"}],"about":[{"href":"https:\/\/www.eldiario.net\/portal\/wp-json\/wp\/v2\/types\/post"}],"author":[{"embeddable":true,"href":"https:\/\/www.eldiario.net\/portal\/wp-json\/wp\/v2\/users\/1"}],"replies":[{"embeddable":true,"href":"https:\/\/www.eldiario.net\/portal\/wp-json\/wp\/v2\/comments?post=258663"}],"version-history":[{"count":1,"href":"https:\/\/www.eldiario.net\/portal\/wp-json\/wp\/v2\/posts\/258663\/revisions"}],"predecessor-version":[{"id":258665,"href":"https:\/\/www.eldiario.net\/portal\/wp-json\/wp\/v2\/posts\/258663\/revisions\/258665"}],"wp:featuredmedia":[{"embeddable":true,"href":"https:\/\/www.eldiario.net\/portal\/wp-json\/wp\/v2\/media\/258664"}],"wp:attachment":[{"href":"https:\/\/www.eldiario.net\/portal\/wp-json\/wp\/v2\/media?parent=258663"}],"wp:term":[{"taxonomy":"category","embeddable":true,"href":"https:\/\/www.eldiario.net\/portal\/wp-json\/wp\/v2\/categories?post=258663"},{"taxonomy":"post_tag","embeddable":true,"href":"https:\/\/www.eldiario.net\/portal\/wp-json\/wp\/v2\/tags?post=258663"}],"curies":[{"name":"wp","href":"https:\/\/api.w.org\/{rel}","templated":true}]}}