{"id":258660,"date":"2024-11-04T01:46:53","date_gmt":"2024-11-04T05:46:53","guid":{"rendered":"https:\/\/www.eldiario.net\/portal\/?p=258660"},"modified":"2024-11-04T01:46:53","modified_gmt":"2024-11-04T05:46:53","slug":"instan-a-poblacion-no-echar-basura-y-escombros-en-cabeceras-de-los-rios","status":"publish","type":"post","link":"https:\/\/www.eldiario.net\/portal\/2024\/11\/04\/instan-a-poblacion-no-echar-basura-y-escombros-en-cabeceras-de-los-rios\/","title":{"rendered":"Instan a poblaci\u00f3n no echar basura y escombros en cabeceras de los r\u00edos"},"content":{"rendered":"<p>El vertido de material, compuesto por tierra y escombros en las cabeceras de los r\u00edos, se constituye en un problema y puede traer consecuencias en la \u00e9poca de lluvias. En tal sentido, la Alcald\u00eda de La Paz insta a la ciudadan\u00eda a no utilizar los r\u00edos como dep\u00f3sitos de basura, tal como ocurre en la cuenca de Achumani.<br \/>\n\u201cEn la cuenca del r\u00edo Achumani hay un problema may\u00fasculo y se exhorta a la poblaci\u00f3n a realmente ganar conciencia, porque existe mucha perdida de material en toda la parte de Ovejuyo, la parte alta de toda la cuenca, donde se vierten grandes cantidades de material que estamos retirando. Sin embargo, esta es una pr\u00e1ctica que pone en riesgo toda la parte baja y magnifica la posibilidad de tener las ondas pulsantes que le llaman sobre la canalizaci\u00f3n del r\u00edo Huay\u00f1ajahuira\u201d, dijo el jefe de la Unidad de Manejo y Evaluaci\u00f3n de Cuencas, Cristhian Gumucio.<br \/>\nLa autoridad puntualiz\u00f3 que en la cabecera del Huay\u00f1ajahuira tambi\u00e9n se bota material suelto y al tener este sector un declive muy pronunciado, el agua desciende a gran velocidad en \u00e9poca de lluvias, \u201carrastra este material y por las condiciones hidr\u00e1ulicas del canal empieza a generar este tipo de fen\u00f3menos (ondas pulsantes) en la parte de Calacoto\u201d.<br \/>\nGumucio destac\u00f3 que, en todo este per\u00edodo de estiaje, la Secretar\u00eda Municipal de Resiliencia y Gesti\u00f3n de Vulnerabilidades (Smrgv) hizo la limpieza respectiva del material de arrastre del cauce de los r\u00edos, tarea que se ha visto perjudicada por el vertido de material en las cabeceras.<br \/>\n\u201cEstos trabajos se han visto afectados, se sigue trabajando por el tema del vertido de escombros y basura, pero al retirar el material y darle un encauce en el tercio central al r\u00edo, estamos reduciendo la probabilidad de que baje esta carga, en su mayor\u00eda, para que se generen estos fen\u00f3menos\u201d, sostuvo la autoridad.<br \/>\nLos trabajos de limpieza y prevenci\u00f3n se han extendido a r\u00edos como el Apa\u00f1a y el Caluyo, que es la cabecera de otros r\u00edos como el Lauca. \u201cYa se han hecho las limpiezas correspondientes, especialmente al m\u00e1s grande que es el Lauca 3, que son trabajos de retiro de material con excavadora y volquetas. Actualmente se sigue trabajando en la cabecera de lo que ser\u00eda el r\u00edo Apa\u00f1a, que son los r\u00edos Lacacollo y Arenal\u201d, a\u00f1adi\u00f3 Gumucio.<br \/>\nEsa situaci\u00f3n no s\u00f3lo se presenta en Achumani, sino en las calles donde hay cerca un mercado, pues la basura que genera el centro de expendio se deposita en las aceras y una vez que llueve, el agua lo lleva y tapa los desag\u00fces.<br \/>\nEn a\u00f1os anteriores, los granizos taparon los desag\u00fces y provocaron que las calles de la ciudad de La Paz se vuelvan r\u00edos, que no permiten el paso de la gente de una acera a otra, as\u00ed como problemas de congestionamiento vehicular.<\/p>\n","protected":false},"excerpt":{"rendered":"<p>El vertido de material, compuesto por tierra y escombros en las cabeceras de los r\u00edos, se constituye en un problema y puede traer consecuencias en la \u00e9poca de lluvias. En tal sentido, la Alcald\u00eda de La Paz insta a la ciudadan\u00eda a no utilizar los r\u00edos como dep\u00f3sitos de basura, tal como ocurre en la [&hellip;]<\/p>\n","protected":false},"author":1,"featured_media":258661,"comment_status":"closed","ping_status":"open","sticky":false,"template":"","format":"standard","meta":{"_acf_changed":false,"footnotes":""},"categories":[12],"tags":[],"class_list":["post-258660","post","type-post","status-publish","format-standard","has-post-thumbnail","category-nacional"],"acf":{"antetitulo":"En \u00e9poca de lluvia"},"yoast_head":"<!-- This site is optimized with the Yoast SEO plugin v28.3 - https:\/\/yoast.com\/product\/yoast-seo-wordpress\/ -->\n<title>Instan a poblaci\u00f3n no echar basura y escombros en cabeceras de los r\u00edos - El Diario - Bolivia<\/title>\n<meta name=\"robots\" content=\"index, follow, max-snippet:-1, max-image-preview:large, max-video-preview:-1\" \/>\n<link rel=\"canonical\" href=\"https:\/\/www.eldiario.net\/portal\/2024\/11\/04\/instan-a-poblacion-no-echar-basura-y-escombros-en-cabeceras-de-los-rios\/\" \/>\n<meta property=\"og:locale\" content=\"es_ES\" \/>\n<meta property=\"og:type\" content=\"article\" \/>\n<meta property=\"og:title\" content=\"Instan a poblaci\u00f3n no echar basura y escombros en cabeceras de los r\u00edos - El Diario - Bolivia\" \/>\n<meta property=\"og:description\" content=\"El vertido de material, compuesto por tierra y escombros en las cabeceras de los r\u00edos, se constituye en un problema y puede traer consecuencias en la \u00e9poca de lluvias. En tal sentido, la Alcald\u00eda de La Paz insta a la ciudadan\u00eda a no utilizar los r\u00edos como dep\u00f3sitos de basura, tal como ocurre en la [&hellip;]\" \/>\n<meta property=\"og:url\" content=\"https:\/\/www.eldiario.net\/portal\/2024\/11\/04\/instan-a-poblacion-no-echar-basura-y-escombros-en-cabeceras-de-los-rios\/\" \/>\n<meta property=\"og:site_name\" content=\"El Diario - Bolivia\" \/>\n<meta property=\"article:publisher\" content=\"https:\/\/www.facebook.com\/eldiario.bolivia\/\" \/>\n<meta property=\"article:published_time\" content=\"2024-11-04T05:46:53+00:00\" \/>\n<meta property=\"og:image\" content=\"https:\/\/www.eldiario.net\/portal\/wp-content\/uploads\/2024\/11\/instan.jpg\" \/>\n\t<meta property=\"og:image:width\" content=\"621\" \/>\n\t<meta property=\"og:image:height\" content=\"454\" \/>\n\t<meta property=\"og:image:type\" content=\"image\/jpeg\" \/>\n<meta name=\"author\" content=\"Jeanette\" \/>\n<meta name=\"twitter:card\" content=\"summary_large_image\" \/>\n<meta name=\"twitter:creator\" content=\"@eldiario_net\" \/>\n<meta name=\"twitter:site\" content=\"@eldiario_net\" \/>\n<meta name=\"twitter:label1\" content=\"Escrito por\" \/>\n\t<meta name=\"twitter:data1\" content=\"Jeanette\" \/>\n\t<meta name=\"twitter:label2\" content=\"Tiempo de lectura\" \/>\n\t<meta name=\"twitter:data2\" content=\"3 minutos\" \/>\n<script type=\"application\/ld+json\" class=\"yoast-schema-graph\">{\"@context\":\"https:\\\/\\\/schema.org\",\"@graph\":[{\"@type\":\"Article\",\"@id\":\"https:\\\/\\\/www.eldiario.net\\\/portal\\\/2024\\\/11\\\/04\\\/instan-a-poblacion-no-echar-basura-y-escombros-en-cabeceras-de-los-rios\\\/#article\",\"isPartOf\":{\"@id\":\"https:\\\/\\\/www.eldiario.net\\\/portal\\\/2024\\\/11\\\/04\\\/instan-a-poblacion-no-echar-basura-y-escombros-en-cabeceras-de-los-rios\\\/\"},\"author\":{\"name\":\"Jeanette\",\"@id\":\"https:\\\/\\\/www.eldiario.net\\\/portal\\\/#\\\/schema\\\/person\\\/f46445640444750d7d753ccd04ae01b7\"},\"headline\":\"Instan a poblaci\u00f3n no echar basura y escombros en cabeceras de los r\u00edos\",\"datePublished\":\"2024-11-04T05:46:53+00:00\",\"mainEntityOfPage\":{\"@id\":\"https:\\\/\\\/www.eldiario.net\\\/portal\\\/2024\\\/11\\\/04\\\/instan-a-poblacion-no-echar-basura-y-escombros-en-cabeceras-de-los-rios\\\/\"},\"wordCount\":526,\"publisher\":{\"@id\":\"https:\\\/\\\/www.eldiario.net\\\/portal\\\/#organization\"},\"image\":{\"@id\":\"https:\\\/\\\/www.eldiario.net\\\/portal\\\/2024\\\/11\\\/04\\\/instan-a-poblacion-no-echar-basura-y-escombros-en-cabeceras-de-los-rios\\\/#primaryimage\"},\"thumbnailUrl\":\"https:\\\/\\\/www.eldiario.net\\\/portal\\\/wp-content\\\/uploads\\\/2024\\\/11\\\/instan.jpg\",\"articleSection\":[\"Nacional\"],\"inLanguage\":\"es\"},{\"@type\":\"WebPage\",\"@id\":\"https:\\\/\\\/www.eldiario.net\\\/portal\\\/2024\\\/11\\\/04\\\/instan-a-poblacion-no-echar-basura-y-escombros-en-cabeceras-de-los-rios\\\/\",\"url\":\"https:\\\/\\\/www.eldiario.net\\\/portal\\\/2024\\\/11\\\/04\\\/instan-a-poblacion-no-echar-basura-y-escombros-en-cabeceras-de-los-rios\\\/\",\"name\":\"Instan a poblaci\u00f3n no echar basura y escombros en cabeceras de los r\u00edos - El Diario - Bolivia\",\"isPartOf\":{\"@id\":\"https:\\\/\\\/www.eldiario.net\\\/portal\\\/#website\"},\"primaryImageOfPage\":{\"@id\":\"https:\\\/\\\/www.eldiario.net\\\/portal\\\/2024\\\/11\\\/04\\\/instan-a-poblacion-no-echar-basura-y-escombros-en-cabeceras-de-los-rios\\\/#primaryimage\"},\"image\":{\"@id\":\"https:\\\/\\\/www.eldiario.net\\\/portal\\\/2024\\\/11\\\/04\\\/instan-a-poblacion-no-echar-basura-y-escombros-en-cabeceras-de-los-rios\\\/#primaryimage\"},\"thumbnailUrl\":\"https:\\\/\\\/www.eldiario.net\\\/portal\\\/wp-content\\\/uploads\\\/2024\\\/11\\\/instan.jpg\",\"datePublished\":\"2024-11-04T05:46:53+00:00\",\"breadcrumb\":{\"@id\":\"https:\\\/\\\/www.eldiario.net\\\/portal\\\/2024\\\/11\\\/04\\\/instan-a-poblacion-no-echar-basura-y-escombros-en-cabeceras-de-los-rios\\\/#breadcrumb\"},\"inLanguage\":\"es\",\"potentialAction\":[{\"@type\":\"ReadAction\",\"target\":[\"https:\\\/\\\/www.eldiario.net\\\/portal\\\/2024\\\/11\\\/04\\\/instan-a-poblacion-no-echar-basura-y-escombros-en-cabeceras-de-los-rios\\\/\"]}]},{\"@type\":\"ImageObject\",\"inLanguage\":\"es\",\"@id\":\"https:\\\/\\\/www.eldiario.net\\\/portal\\\/2024\\\/11\\\/04\\\/instan-a-poblacion-no-echar-basura-y-escombros-en-cabeceras-de-los-rios\\\/#primaryimage\",\"url\":\"https:\\\/\\\/www.eldiario.net\\\/portal\\\/wp-content\\\/uploads\\\/2024\\\/11\\\/instan.jpg\",\"contentUrl\":\"https:\\\/\\\/www.eldiario.net\\\/portal\\\/wp-content\\\/uploads\\\/2024\\\/11\\\/instan.jpg\",\"width\":621,\"height\":454,\"caption\":\"La SMRGV realiz\u00f3 la limpieza y reposici\u00f3n de muros colapsados en el r\u00edo Achumani.\"},{\"@type\":\"BreadcrumbList\",\"@id\":\"https:\\\/\\\/www.eldiario.net\\\/portal\\\/2024\\\/11\\\/04\\\/instan-a-poblacion-no-echar-basura-y-escombros-en-cabeceras-de-los-rios\\\/#breadcrumb\",\"itemListElement\":[{\"@type\":\"ListItem\",\"position\":1,\"name\":\"Portada\",\"item\":\"https:\\\/\\\/www.eldiario.net\\\/portal\\\/\"},{\"@type\":\"ListItem\",\"position\":2,\"name\":\"Instan a poblaci\u00f3n no echar basura y escombros en cabeceras de los r\u00edos\"}]},{\"@type\":\"WebSite\",\"@id\":\"https:\\\/\\\/www.eldiario.net\\\/portal\\\/#website\",\"url\":\"https:\\\/\\\/www.eldiario.net\\\/portal\\\/\",\"name\":\"El Diario - Decano de la prensa nacional\",\"description\":\"El Diario - Decano de la prensa nacional\",\"publisher\":{\"@id\":\"https:\\\/\\\/www.eldiario.net\\\/portal\\\/#organization\"},\"potentialAction\":[{\"@type\":\"SearchAction\",\"target\":{\"@type\":\"EntryPoint\",\"urlTemplate\":\"https:\\\/\\\/www.eldiario.net\\\/portal\\\/?s={search_term_string}\"},\"query-input\":{\"@type\":\"PropertyValueSpecification\",\"valueRequired\":true,\"valueName\":\"search_term_string\"}}],\"inLanguage\":\"es\"},{\"@type\":\"Organization\",\"@id\":\"https:\\\/\\\/www.eldiario.net\\\/portal\\\/#organization\",\"name\":\"El Diario - Decano de la prensa nacional\",\"url\":\"https:\\\/\\\/www.eldiario.net\\\/portal\\\/\",\"logo\":{\"@type\":\"ImageObject\",\"inLanguage\":\"es\",\"@id\":\"https:\\\/\\\/www.eldiario.net\\\/portal\\\/#\\\/schema\\\/logo\\\/image\\\/\",\"url\":\"https:\\\/\\\/www.eldiario.net\\\/portal\\\/wp-content\\\/uploads\\\/2023\\\/07\\\/logo_ED.jpg\",\"contentUrl\":\"https:\\\/\\\/www.eldiario.net\\\/portal\\\/wp-content\\\/uploads\\\/2023\\\/07\\\/logo_ED.jpg\",\"width\":272,\"height\":52,\"caption\":\"El Diario - Decano de la prensa nacional\"},\"image\":{\"@id\":\"https:\\\/\\\/www.eldiario.net\\\/portal\\\/#\\\/schema\\\/logo\\\/image\\\/\"},\"sameAs\":[\"https:\\\/\\\/www.facebook.com\\\/eldiario.bolivia\\\/\",\"https:\\\/\\\/x.com\\\/eldiario_net\"]},{\"@type\":\"Person\",\"@id\":\"https:\\\/\\\/www.eldiario.net\\\/portal\\\/#\\\/schema\\\/person\\\/f46445640444750d7d753ccd04ae01b7\",\"name\":\"Jeanette\",\"image\":{\"@type\":\"ImageObject\",\"inLanguage\":\"es\",\"@id\":\"https:\\\/\\\/secure.gravatar.com\\\/avatar\\\/3ea2118a5f7dad2b7138b1187a6b7ee55f160b9968b66013c3a3ef39dd7e5798?s=96&d=mm&r=g\",\"url\":\"https:\\\/\\\/secure.gravatar.com\\\/avatar\\\/3ea2118a5f7dad2b7138b1187a6b7ee55f160b9968b66013c3a3ef39dd7e5798?s=96&d=mm&r=g\",\"contentUrl\":\"https:\\\/\\\/secure.gravatar.com\\\/avatar\\\/3ea2118a5f7dad2b7138b1187a6b7ee55f160b9968b66013c3a3ef39dd7e5798?s=96&d=mm&r=g\",\"caption\":\"Jeanette\"},\"sameAs\":[\"https:\\\/\\\/www.eldiario.net\\\/portal\"],\"url\":\"https:\\\/\\\/www.eldiario.net\\\/portal\\\/author\\\/jeanette\\\/\"}]}<\/script>\n<!-- \/ Yoast SEO plugin. -->","yoast_head_json":{"title":"Instan a poblaci\u00f3n no echar basura y escombros en cabeceras de los r\u00edos - El Diario - Bolivia","robots":{"index":"index","follow":"follow","max-snippet":"max-snippet:-1","max-image-preview":"max-image-preview:large","max-video-preview":"max-video-preview:-1"},"canonical":"https:\/\/www.eldiario.net\/portal\/2024\/11\/04\/instan-a-poblacion-no-echar-basura-y-escombros-en-cabeceras-de-los-rios\/","og_locale":"es_ES","og_type":"article","og_title":"Instan a poblaci\u00f3n no echar basura y escombros en cabeceras de los r\u00edos - El Diario - Bolivia","og_description":"El vertido de material, compuesto por tierra y escombros en las cabeceras de los r\u00edos, se constituye en un problema y puede traer consecuencias en la \u00e9poca de lluvias. En tal sentido, la Alcald\u00eda de La Paz insta a la ciudadan\u00eda a no utilizar los r\u00edos como dep\u00f3sitos de basura, tal como ocurre en la [&hellip;]","og_url":"https:\/\/www.eldiario.net\/portal\/2024\/11\/04\/instan-a-poblacion-no-echar-basura-y-escombros-en-cabeceras-de-los-rios\/","og_site_name":"El Diario - Bolivia","article_publisher":"https:\/\/www.facebook.com\/eldiario.bolivia\/","article_published_time":"2024-11-04T05:46:53+00:00","og_image":[{"width":621,"height":454,"url":"https:\/\/www.eldiario.net\/portal\/wp-content\/uploads\/2024\/11\/instan.jpg","type":"image\/jpeg"}],"author":"Jeanette","twitter_card":"summary_large_image","twitter_creator":"@eldiario_net","twitter_site":"@eldiario_net","twitter_misc":{"Escrito por":"Jeanette","Tiempo de lectura":"3 minutos"},"schema":{"@context":"https:\/\/schema.org","@graph":[{"@type":"Article","@id":"https:\/\/www.eldiario.net\/portal\/2024\/11\/04\/instan-a-poblacion-no-echar-basura-y-escombros-en-cabeceras-de-los-rios\/#article","isPartOf":{"@id":"https:\/\/www.eldiario.net\/portal\/2024\/11\/04\/instan-a-poblacion-no-echar-basura-y-escombros-en-cabeceras-de-los-rios\/"},"author":{"name":"Jeanette","@id":"https:\/\/www.eldiario.net\/portal\/#\/schema\/person\/f46445640444750d7d753ccd04ae01b7"},"headline":"Instan a poblaci\u00f3n no echar basura y escombros en cabeceras de los r\u00edos","datePublished":"2024-11-04T05:46:53+00:00","mainEntityOfPage":{"@id":"https:\/\/www.eldiario.net\/portal\/2024\/11\/04\/instan-a-poblacion-no-echar-basura-y-escombros-en-cabeceras-de-los-rios\/"},"wordCount":526,"publisher":{"@id":"https:\/\/www.eldiario.net\/portal\/#organization"},"image":{"@id":"https:\/\/www.eldiario.net\/portal\/2024\/11\/04\/instan-a-poblacion-no-echar-basura-y-escombros-en-cabeceras-de-los-rios\/#primaryimage"},"thumbnailUrl":"https:\/\/www.eldiario.net\/portal\/wp-content\/uploads\/2024\/11\/instan.jpg","articleSection":["Nacional"],"inLanguage":"es"},{"@type":"WebPage","@id":"https:\/\/www.eldiario.net\/portal\/2024\/11\/04\/instan-a-poblacion-no-echar-basura-y-escombros-en-cabeceras-de-los-rios\/","url":"https:\/\/www.eldiario.net\/portal\/2024\/11\/04\/instan-a-poblacion-no-echar-basura-y-escombros-en-cabeceras-de-los-rios\/","name":"Instan a poblaci\u00f3n no echar basura y escombros en cabeceras de los r\u00edos - El Diario - Bolivia","isPartOf":{"@id":"https:\/\/www.eldiario.net\/portal\/#website"},"primaryImageOfPage":{"@id":"https:\/\/www.eldiario.net\/portal\/2024\/11\/04\/instan-a-poblacion-no-echar-basura-y-escombros-en-cabeceras-de-los-rios\/#primaryimage"},"image":{"@id":"https:\/\/www.eldiario.net\/portal\/2024\/11\/04\/instan-a-poblacion-no-echar-basura-y-escombros-en-cabeceras-de-los-rios\/#primaryimage"},"thumbnailUrl":"https:\/\/www.eldiario.net\/portal\/wp-content\/uploads\/2024\/11\/instan.jpg","datePublished":"2024-11-04T05:46:53+00:00","breadcrumb":{"@id":"https:\/\/www.eldiario.net\/portal\/2024\/11\/04\/instan-a-poblacion-no-echar-basura-y-escombros-en-cabeceras-de-los-rios\/#breadcrumb"},"inLanguage":"es","potentialAction":[{"@type":"ReadAction","target":["https:\/\/www.eldiario.net\/portal\/2024\/11\/04\/instan-a-poblacion-no-echar-basura-y-escombros-en-cabeceras-de-los-rios\/"]}]},{"@type":"ImageObject","inLanguage":"es","@id":"https:\/\/www.eldiario.net\/portal\/2024\/11\/04\/instan-a-poblacion-no-echar-basura-y-escombros-en-cabeceras-de-los-rios\/#primaryimage","url":"https:\/\/www.eldiario.net\/portal\/wp-content\/uploads\/2024\/11\/instan.jpg","contentUrl":"https:\/\/www.eldiario.net\/portal\/wp-content\/uploads\/2024\/11\/instan.jpg","width":621,"height":454,"caption":"La SMRGV realiz\u00f3 la limpieza y reposici\u00f3n de muros colapsados en el r\u00edo Achumani."},{"@type":"BreadcrumbList","@id":"https:\/\/www.eldiario.net\/portal\/2024\/11\/04\/instan-a-poblacion-no-echar-basura-y-escombros-en-cabeceras-de-los-rios\/#breadcrumb","itemListElement":[{"@type":"ListItem","position":1,"name":"Portada","item":"https:\/\/www.eldiario.net\/portal\/"},{"@type":"ListItem","position":2,"name":"Instan a poblaci\u00f3n no echar basura y escombros en cabeceras de los r\u00edos"}]},{"@type":"WebSite","@id":"https:\/\/www.eldiario.net\/portal\/#website","url":"https:\/\/www.eldiario.net\/portal\/","name":"El Diario - Decano de la prensa nacional","description":"El Diario - Decano de la prensa nacional","publisher":{"@id":"https:\/\/www.eldiario.net\/portal\/#organization"},"potentialAction":[{"@type":"SearchAction","target":{"@type":"EntryPoint","urlTemplate":"https:\/\/www.eldiario.net\/portal\/?s={search_term_string}"},"query-input":{"@type":"PropertyValueSpecification","valueRequired":true,"valueName":"search_term_string"}}],"inLanguage":"es"},{"@type":"Organization","@id":"https:\/\/www.eldiario.net\/portal\/#organization","name":"El Diario - Decano de la prensa nacional","url":"https:\/\/www.eldiario.net\/portal\/","logo":{"@type":"ImageObject","inLanguage":"es","@id":"https:\/\/www.eldiario.net\/portal\/#\/schema\/logo\/image\/","url":"https:\/\/www.eldiario.net\/portal\/wp-content\/uploads\/2023\/07\/logo_ED.jpg","contentUrl":"https:\/\/www.eldiario.net\/portal\/wp-content\/uploads\/2023\/07\/logo_ED.jpg","width":272,"height":52,"caption":"El Diario - Decano de la prensa nacional"},"image":{"@id":"https:\/\/www.eldiario.net\/portal\/#\/schema\/logo\/image\/"},"sameAs":["https:\/\/www.facebook.com\/eldiario.bolivia\/","https:\/\/x.com\/eldiario_net"]},{"@type":"Person","@id":"https:\/\/www.eldiario.net\/portal\/#\/schema\/person\/f46445640444750d7d753ccd04ae01b7","name":"Jeanette","image":{"@type":"ImageObject","inLanguage":"es","@id":"https:\/\/secure.gravatar.com\/avatar\/3ea2118a5f7dad2b7138b1187a6b7ee55f160b9968b66013c3a3ef39dd7e5798?s=96&d=mm&r=g","url":"https:\/\/secure.gravatar.com\/avatar\/3ea2118a5f7dad2b7138b1187a6b7ee55f160b9968b66013c3a3ef39dd7e5798?s=96&d=mm&r=g","contentUrl":"https:\/\/secure.gravatar.com\/avatar\/3ea2118a5f7dad2b7138b1187a6b7ee55f160b9968b66013c3a3ef39dd7e5798?s=96&d=mm&r=g","caption":"Jeanette"},"sameAs":["https:\/\/www.eldiario.net\/portal"],"url":"https:\/\/www.eldiario.net\/portal\/author\/jeanette\/"}]}},"_links":{"self":[{"href":"https:\/\/www.eldiario.net\/portal\/wp-json\/wp\/v2\/posts\/258660","targetHints":{"allow":["GET"]}}],"collection":[{"href":"https:\/\/www.eldiario.net\/portal\/wp-json\/wp\/v2\/posts"}],"about":[{"href":"https:\/\/www.eldiario.net\/portal\/wp-json\/wp\/v2\/types\/post"}],"author":[{"embeddable":true,"href":"https:\/\/www.eldiario.net\/portal\/wp-json\/wp\/v2\/users\/1"}],"replies":[{"embeddable":true,"href":"https:\/\/www.eldiario.net\/portal\/wp-json\/wp\/v2\/comments?post=258660"}],"version-history":[{"count":1,"href":"https:\/\/www.eldiario.net\/portal\/wp-json\/wp\/v2\/posts\/258660\/revisions"}],"predecessor-version":[{"id":258662,"href":"https:\/\/www.eldiario.net\/portal\/wp-json\/wp\/v2\/posts\/258660\/revisions\/258662"}],"wp:featuredmedia":[{"embeddable":true,"href":"https:\/\/www.eldiario.net\/portal\/wp-json\/wp\/v2\/media\/258661"}],"wp:attachment":[{"href":"https:\/\/www.eldiario.net\/portal\/wp-json\/wp\/v2\/media?parent=258660"}],"wp:term":[{"taxonomy":"category","embeddable":true,"href":"https:\/\/www.eldiario.net\/portal\/wp-json\/wp\/v2\/categories?post=258660"},{"taxonomy":"post_tag","embeddable":true,"href":"https:\/\/www.eldiario.net\/portal\/wp-json\/wp\/v2\/tags?post=258660"}],"curies":[{"name":"wp","href":"https:\/\/api.w.org\/{rel}","templated":true}]}}