{"id":258658,"date":"2024-11-04T01:46:22","date_gmt":"2024-11-04T05:46:22","guid":{"rendered":"https:\/\/www.eldiario.net\/portal\/?p=258658"},"modified":"2024-11-04T01:46:22","modified_gmt":"2024-11-04T05:46:22","slug":"recaudan-alimentos-mediante-realizacion-de-carrera-pedestre","status":"publish","type":"post","link":"https:\/\/www.eldiario.net\/portal\/2024\/11\/04\/recaudan-alimentos-mediante-realizacion-de-carrera-pedestre\/","title":{"rendered":"Recaudan alimentos mediante  realizaci\u00f3n de carrera pedestre"},"content":{"rendered":"<p>Hace d\u00edas atr\u00e1s, estudiantes universitarios participaron en una prueba pedestre con el objetivo de promover la recaudaci\u00f3n de alimentos para una obra ben\u00e9fica. Los albergues de personas mayores y mujeres que sufren violencia ser\u00e1n las beneficiadas.<br \/>\nDesde primeras horas de la ma\u00f1ana, hace d\u00edas atr\u00e1s, personal de la Polic\u00eda Boliviana, del Gobierno Aut\u00f3nomo Municipal de El Alto (Gamea), junto a colaboradores de Unifranz, se desplegaron en torno a la ruta de la competencia, desde la avenida del Aeropuerto, la Ceja y la Plaza de la Cruz de Villa Adela, en el que brillan los \u201ccholets\u201d, emblemas tur\u00edsticos de la ciudad de El Alto.<br \/>\nPara Wilson Sangalli, jefe de la Unidad de Turismo de la Alcald\u00eda alte\u00f1a, la carrera no solo visibiliz\u00f3 el coraz\u00f3n solidario de los alte\u00f1os, sino tambi\u00e9n elev\u00f3 el potencial tur\u00edstico de la ruta de los cholets.<br \/>\n\u201cEs una actividad muy interesante, en el sentido de que ha habido muchos participantes que han podido realizar la actividad y adem\u00e1s por una causa ben\u00e9fica, de poder compartir todo aquello que se ha reunido a estos lugares que m\u00e1s lo necesitan, agradecer a Unifranz\u201d, coment\u00f3 el funcionario edil.<br \/>\nDe acuerdo con H\u00e9ctor Rafael Mamani \u2013uno de los m\u00e1s j\u00f3venes de la competici\u00f3n\u2013 que viene desde la provincia Jos\u00e9 Manuel Pando, cerca la frontera boliviano peruana, la carrera fue una especie de desahogo. \u201cMe ha pasado una tragedia y yo dije, voy a correr para recuperar lo que he perdido, por ese motivo he competido\u201d, relat\u00f3.<br \/>\nEntre las mujeres campeonas, la primera en cruzar la l\u00ednea final fue Betty Valle S\u00e1nchez, originaria del municipio de Viacha: \u201ccorr\u00ed porque me gusta el deporte y este tipo de competencias son propicias para entrenar y mejorar marcas. Agradezco a Unifranz por organizar la carrera\u201d.<br \/>\nLa 5K Unifranz \u2013una carrera de altura y de esperanza\u2013 logr\u00f3 recaudar una tonelada de alimentos, donados por los participantes al momento de inscribirse a la competici\u00f3n.<br \/>\n\u201cLa 5k de Unifranz nos ha demostrado que, al unirnos por una causa muy especial, podemos lograr grandes metas. Hoy los albergues de personas mayores, de la terminal y de mujeres que sufren violencia, recibir\u00e1n una gran noticia, beneficiarse con el aporte de cada uno de ustedes. Eso es comunidad, eso es transformar la naturaleza de las cosas y tambi\u00e9n es el prop\u00f3sito que tenemos\u201d, dijo visiblemente emocionada Pilar Hidalgo, directora de la Fundaci\u00f3n Unifranz que junto a la universidad sede El Alto, lograron llevar adelante la competici\u00f3n.<\/p>\n<p>&nbsp;<\/p>\n","protected":false},"excerpt":{"rendered":"<p>Hace d\u00edas atr\u00e1s, estudiantes universitarios participaron en una prueba pedestre con el objetivo de promover la recaudaci\u00f3n de alimentos para una obra ben\u00e9fica. Los albergues de personas mayores y mujeres que sufren violencia ser\u00e1n las beneficiadas. Desde primeras horas de la ma\u00f1ana, hace d\u00edas atr\u00e1s, personal de la Polic\u00eda Boliviana, del Gobierno Aut\u00f3nomo Municipal de [&hellip;]<\/p>\n","protected":false},"author":1,"featured_media":194726,"comment_status":"closed","ping_status":"open","sticky":false,"template":"","format":"standard","meta":{"_acf_changed":false,"footnotes":""},"categories":[12],"tags":[],"class_list":["post-258658","post","type-post","status-publish","format-standard","has-post-thumbnail","category-nacional"],"acf":{"antetitulo":"En El Alto"},"yoast_head":"<!-- This site is optimized with the Yoast SEO plugin v28.3 - https:\/\/yoast.com\/product\/yoast-seo-wordpress\/ -->\n<title>Recaudan alimentos mediante realizaci\u00f3n de carrera pedestre - El Diario - Bolivia<\/title>\n<meta name=\"robots\" content=\"index, follow, max-snippet:-1, max-image-preview:large, max-video-preview:-1\" \/>\n<link rel=\"canonical\" href=\"https:\/\/www.eldiario.net\/portal\/2024\/11\/04\/recaudan-alimentos-mediante-realizacion-de-carrera-pedestre\/\" \/>\n<meta property=\"og:locale\" content=\"es_ES\" \/>\n<meta property=\"og:type\" content=\"article\" \/>\n<meta property=\"og:title\" content=\"Recaudan alimentos mediante realizaci\u00f3n de carrera pedestre - El Diario - Bolivia\" \/>\n<meta property=\"og:description\" content=\"Hace d\u00edas atr\u00e1s, estudiantes universitarios participaron en una prueba pedestre con el objetivo de promover la recaudaci\u00f3n de alimentos para una obra ben\u00e9fica. Los albergues de personas mayores y mujeres que sufren violencia ser\u00e1n las beneficiadas. Desde primeras horas de la ma\u00f1ana, hace d\u00edas atr\u00e1s, personal de la Polic\u00eda Boliviana, del Gobierno Aut\u00f3nomo Municipal de [&hellip;]\" \/>\n<meta property=\"og:url\" content=\"https:\/\/www.eldiario.net\/portal\/2024\/11\/04\/recaudan-alimentos-mediante-realizacion-de-carrera-pedestre\/\" \/>\n<meta property=\"og:site_name\" content=\"El Diario - Bolivia\" \/>\n<meta property=\"article:publisher\" content=\"https:\/\/www.facebook.com\/eldiario.bolivia\/\" \/>\n<meta property=\"article:published_time\" content=\"2024-11-04T05:46:22+00:00\" \/>\n<meta property=\"og:image\" content=\"https:\/\/www.eldiario.net\/portal\/wp-content\/uploads\/2023\/12\/Nacional.jpg\" \/>\n\t<meta property=\"og:image:width\" content=\"800\" \/>\n\t<meta property=\"og:image:height\" content=\"500\" \/>\n\t<meta property=\"og:image:type\" content=\"image\/jpeg\" \/>\n<meta name=\"author\" content=\"Jeanette\" \/>\n<meta name=\"twitter:card\" content=\"summary_large_image\" \/>\n<meta name=\"twitter:creator\" content=\"@eldiario_net\" \/>\n<meta name=\"twitter:site\" content=\"@eldiario_net\" \/>\n<meta name=\"twitter:label1\" content=\"Escrito por\" \/>\n\t<meta name=\"twitter:data1\" content=\"Jeanette\" \/>\n\t<meta name=\"twitter:label2\" content=\"Tiempo de lectura\" \/>\n\t<meta name=\"twitter:data2\" content=\"3 minutos\" \/>\n<script type=\"application\/ld+json\" class=\"yoast-schema-graph\">{\"@context\":\"https:\\\/\\\/schema.org\",\"@graph\":[{\"@type\":\"Article\",\"@id\":\"https:\\\/\\\/www.eldiario.net\\\/portal\\\/2024\\\/11\\\/04\\\/recaudan-alimentos-mediante-realizacion-de-carrera-pedestre\\\/#article\",\"isPartOf\":{\"@id\":\"https:\\\/\\\/www.eldiario.net\\\/portal\\\/2024\\\/11\\\/04\\\/recaudan-alimentos-mediante-realizacion-de-carrera-pedestre\\\/\"},\"author\":{\"name\":\"Jeanette\",\"@id\":\"https:\\\/\\\/www.eldiario.net\\\/portal\\\/#\\\/schema\\\/person\\\/f46445640444750d7d753ccd04ae01b7\"},\"headline\":\"Recaudan alimentos mediante realizaci\u00f3n de carrera pedestre\",\"datePublished\":\"2024-11-04T05:46:22+00:00\",\"mainEntityOfPage\":{\"@id\":\"https:\\\/\\\/www.eldiario.net\\\/portal\\\/2024\\\/11\\\/04\\\/recaudan-alimentos-mediante-realizacion-de-carrera-pedestre\\\/\"},\"wordCount\":446,\"publisher\":{\"@id\":\"https:\\\/\\\/www.eldiario.net\\\/portal\\\/#organization\"},\"image\":{\"@id\":\"https:\\\/\\\/www.eldiario.net\\\/portal\\\/2024\\\/11\\\/04\\\/recaudan-alimentos-mediante-realizacion-de-carrera-pedestre\\\/#primaryimage\"},\"thumbnailUrl\":\"https:\\\/\\\/www.eldiario.net\\\/portal\\\/wp-content\\\/uploads\\\/2023\\\/12\\\/Nacional.jpg\",\"articleSection\":[\"Nacional\"],\"inLanguage\":\"es\"},{\"@type\":\"WebPage\",\"@id\":\"https:\\\/\\\/www.eldiario.net\\\/portal\\\/2024\\\/11\\\/04\\\/recaudan-alimentos-mediante-realizacion-de-carrera-pedestre\\\/\",\"url\":\"https:\\\/\\\/www.eldiario.net\\\/portal\\\/2024\\\/11\\\/04\\\/recaudan-alimentos-mediante-realizacion-de-carrera-pedestre\\\/\",\"name\":\"Recaudan alimentos mediante realizaci\u00f3n de carrera pedestre - El Diario - Bolivia\",\"isPartOf\":{\"@id\":\"https:\\\/\\\/www.eldiario.net\\\/portal\\\/#website\"},\"primaryImageOfPage\":{\"@id\":\"https:\\\/\\\/www.eldiario.net\\\/portal\\\/2024\\\/11\\\/04\\\/recaudan-alimentos-mediante-realizacion-de-carrera-pedestre\\\/#primaryimage\"},\"image\":{\"@id\":\"https:\\\/\\\/www.eldiario.net\\\/portal\\\/2024\\\/11\\\/04\\\/recaudan-alimentos-mediante-realizacion-de-carrera-pedestre\\\/#primaryimage\"},\"thumbnailUrl\":\"https:\\\/\\\/www.eldiario.net\\\/portal\\\/wp-content\\\/uploads\\\/2023\\\/12\\\/Nacional.jpg\",\"datePublished\":\"2024-11-04T05:46:22+00:00\",\"breadcrumb\":{\"@id\":\"https:\\\/\\\/www.eldiario.net\\\/portal\\\/2024\\\/11\\\/04\\\/recaudan-alimentos-mediante-realizacion-de-carrera-pedestre\\\/#breadcrumb\"},\"inLanguage\":\"es\",\"potentialAction\":[{\"@type\":\"ReadAction\",\"target\":[\"https:\\\/\\\/www.eldiario.net\\\/portal\\\/2024\\\/11\\\/04\\\/recaudan-alimentos-mediante-realizacion-de-carrera-pedestre\\\/\"]}]},{\"@type\":\"ImageObject\",\"inLanguage\":\"es\",\"@id\":\"https:\\\/\\\/www.eldiario.net\\\/portal\\\/2024\\\/11\\\/04\\\/recaudan-alimentos-mediante-realizacion-de-carrera-pedestre\\\/#primaryimage\",\"url\":\"https:\\\/\\\/www.eldiario.net\\\/portal\\\/wp-content\\\/uploads\\\/2023\\\/12\\\/Nacional.jpg\",\"contentUrl\":\"https:\\\/\\\/www.eldiario.net\\\/portal\\\/wp-content\\\/uploads\\\/2023\\\/12\\\/Nacional.jpg\",\"width\":800,\"height\":500},{\"@type\":\"BreadcrumbList\",\"@id\":\"https:\\\/\\\/www.eldiario.net\\\/portal\\\/2024\\\/11\\\/04\\\/recaudan-alimentos-mediante-realizacion-de-carrera-pedestre\\\/#breadcrumb\",\"itemListElement\":[{\"@type\":\"ListItem\",\"position\":1,\"name\":\"Portada\",\"item\":\"https:\\\/\\\/www.eldiario.net\\\/portal\\\/\"},{\"@type\":\"ListItem\",\"position\":2,\"name\":\"Recaudan alimentos mediante realizaci\u00f3n de carrera pedestre\"}]},{\"@type\":\"WebSite\",\"@id\":\"https:\\\/\\\/www.eldiario.net\\\/portal\\\/#website\",\"url\":\"https:\\\/\\\/www.eldiario.net\\\/portal\\\/\",\"name\":\"El Diario - Decano de la prensa nacional\",\"description\":\"El Diario - Decano de la prensa nacional\",\"publisher\":{\"@id\":\"https:\\\/\\\/www.eldiario.net\\\/portal\\\/#organization\"},\"potentialAction\":[{\"@type\":\"SearchAction\",\"target\":{\"@type\":\"EntryPoint\",\"urlTemplate\":\"https:\\\/\\\/www.eldiario.net\\\/portal\\\/?s={search_term_string}\"},\"query-input\":{\"@type\":\"PropertyValueSpecification\",\"valueRequired\":true,\"valueName\":\"search_term_string\"}}],\"inLanguage\":\"es\"},{\"@type\":\"Organization\",\"@id\":\"https:\\\/\\\/www.eldiario.net\\\/portal\\\/#organization\",\"name\":\"El Diario - Decano de la prensa nacional\",\"url\":\"https:\\\/\\\/www.eldiario.net\\\/portal\\\/\",\"logo\":{\"@type\":\"ImageObject\",\"inLanguage\":\"es\",\"@id\":\"https:\\\/\\\/www.eldiario.net\\\/portal\\\/#\\\/schema\\\/logo\\\/image\\\/\",\"url\":\"https:\\\/\\\/www.eldiario.net\\\/portal\\\/wp-content\\\/uploads\\\/2023\\\/07\\\/logo_ED.jpg\",\"contentUrl\":\"https:\\\/\\\/www.eldiario.net\\\/portal\\\/wp-content\\\/uploads\\\/2023\\\/07\\\/logo_ED.jpg\",\"width\":272,\"height\":52,\"caption\":\"El Diario - Decano de la prensa nacional\"},\"image\":{\"@id\":\"https:\\\/\\\/www.eldiario.net\\\/portal\\\/#\\\/schema\\\/logo\\\/image\\\/\"},\"sameAs\":[\"https:\\\/\\\/www.facebook.com\\\/eldiario.bolivia\\\/\",\"https:\\\/\\\/x.com\\\/eldiario_net\"]},{\"@type\":\"Person\",\"@id\":\"https:\\\/\\\/www.eldiario.net\\\/portal\\\/#\\\/schema\\\/person\\\/f46445640444750d7d753ccd04ae01b7\",\"name\":\"Jeanette\",\"image\":{\"@type\":\"ImageObject\",\"inLanguage\":\"es\",\"@id\":\"https:\\\/\\\/secure.gravatar.com\\\/avatar\\\/3ea2118a5f7dad2b7138b1187a6b7ee55f160b9968b66013c3a3ef39dd7e5798?s=96&d=mm&r=g\",\"url\":\"https:\\\/\\\/secure.gravatar.com\\\/avatar\\\/3ea2118a5f7dad2b7138b1187a6b7ee55f160b9968b66013c3a3ef39dd7e5798?s=96&d=mm&r=g\",\"contentUrl\":\"https:\\\/\\\/secure.gravatar.com\\\/avatar\\\/3ea2118a5f7dad2b7138b1187a6b7ee55f160b9968b66013c3a3ef39dd7e5798?s=96&d=mm&r=g\",\"caption\":\"Jeanette\"},\"sameAs\":[\"https:\\\/\\\/www.eldiario.net\\\/portal\"],\"url\":\"https:\\\/\\\/www.eldiario.net\\\/portal\\\/author\\\/jeanette\\\/\"}]}<\/script>\n<!-- \/ Yoast SEO plugin. -->","yoast_head_json":{"title":"Recaudan alimentos mediante realizaci\u00f3n de carrera pedestre - El Diario - Bolivia","robots":{"index":"index","follow":"follow","max-snippet":"max-snippet:-1","max-image-preview":"max-image-preview:large","max-video-preview":"max-video-preview:-1"},"canonical":"https:\/\/www.eldiario.net\/portal\/2024\/11\/04\/recaudan-alimentos-mediante-realizacion-de-carrera-pedestre\/","og_locale":"es_ES","og_type":"article","og_title":"Recaudan alimentos mediante realizaci\u00f3n de carrera pedestre - El Diario - Bolivia","og_description":"Hace d\u00edas atr\u00e1s, estudiantes universitarios participaron en una prueba pedestre con el objetivo de promover la recaudaci\u00f3n de alimentos para una obra ben\u00e9fica. Los albergues de personas mayores y mujeres que sufren violencia ser\u00e1n las beneficiadas. Desde primeras horas de la ma\u00f1ana, hace d\u00edas atr\u00e1s, personal de la Polic\u00eda Boliviana, del Gobierno Aut\u00f3nomo Municipal de [&hellip;]","og_url":"https:\/\/www.eldiario.net\/portal\/2024\/11\/04\/recaudan-alimentos-mediante-realizacion-de-carrera-pedestre\/","og_site_name":"El Diario - Bolivia","article_publisher":"https:\/\/www.facebook.com\/eldiario.bolivia\/","article_published_time":"2024-11-04T05:46:22+00:00","og_image":[{"width":800,"height":500,"url":"https:\/\/www.eldiario.net\/portal\/wp-content\/uploads\/2023\/12\/Nacional.jpg","type":"image\/jpeg"}],"author":"Jeanette","twitter_card":"summary_large_image","twitter_creator":"@eldiario_net","twitter_site":"@eldiario_net","twitter_misc":{"Escrito por":"Jeanette","Tiempo de lectura":"3 minutos"},"schema":{"@context":"https:\/\/schema.org","@graph":[{"@type":"Article","@id":"https:\/\/www.eldiario.net\/portal\/2024\/11\/04\/recaudan-alimentos-mediante-realizacion-de-carrera-pedestre\/#article","isPartOf":{"@id":"https:\/\/www.eldiario.net\/portal\/2024\/11\/04\/recaudan-alimentos-mediante-realizacion-de-carrera-pedestre\/"},"author":{"name":"Jeanette","@id":"https:\/\/www.eldiario.net\/portal\/#\/schema\/person\/f46445640444750d7d753ccd04ae01b7"},"headline":"Recaudan alimentos mediante realizaci\u00f3n de carrera pedestre","datePublished":"2024-11-04T05:46:22+00:00","mainEntityOfPage":{"@id":"https:\/\/www.eldiario.net\/portal\/2024\/11\/04\/recaudan-alimentos-mediante-realizacion-de-carrera-pedestre\/"},"wordCount":446,"publisher":{"@id":"https:\/\/www.eldiario.net\/portal\/#organization"},"image":{"@id":"https:\/\/www.eldiario.net\/portal\/2024\/11\/04\/recaudan-alimentos-mediante-realizacion-de-carrera-pedestre\/#primaryimage"},"thumbnailUrl":"https:\/\/www.eldiario.net\/portal\/wp-content\/uploads\/2023\/12\/Nacional.jpg","articleSection":["Nacional"],"inLanguage":"es"},{"@type":"WebPage","@id":"https:\/\/www.eldiario.net\/portal\/2024\/11\/04\/recaudan-alimentos-mediante-realizacion-de-carrera-pedestre\/","url":"https:\/\/www.eldiario.net\/portal\/2024\/11\/04\/recaudan-alimentos-mediante-realizacion-de-carrera-pedestre\/","name":"Recaudan alimentos mediante realizaci\u00f3n de carrera pedestre - El Diario - Bolivia","isPartOf":{"@id":"https:\/\/www.eldiario.net\/portal\/#website"},"primaryImageOfPage":{"@id":"https:\/\/www.eldiario.net\/portal\/2024\/11\/04\/recaudan-alimentos-mediante-realizacion-de-carrera-pedestre\/#primaryimage"},"image":{"@id":"https:\/\/www.eldiario.net\/portal\/2024\/11\/04\/recaudan-alimentos-mediante-realizacion-de-carrera-pedestre\/#primaryimage"},"thumbnailUrl":"https:\/\/www.eldiario.net\/portal\/wp-content\/uploads\/2023\/12\/Nacional.jpg","datePublished":"2024-11-04T05:46:22+00:00","breadcrumb":{"@id":"https:\/\/www.eldiario.net\/portal\/2024\/11\/04\/recaudan-alimentos-mediante-realizacion-de-carrera-pedestre\/#breadcrumb"},"inLanguage":"es","potentialAction":[{"@type":"ReadAction","target":["https:\/\/www.eldiario.net\/portal\/2024\/11\/04\/recaudan-alimentos-mediante-realizacion-de-carrera-pedestre\/"]}]},{"@type":"ImageObject","inLanguage":"es","@id":"https:\/\/www.eldiario.net\/portal\/2024\/11\/04\/recaudan-alimentos-mediante-realizacion-de-carrera-pedestre\/#primaryimage","url":"https:\/\/www.eldiario.net\/portal\/wp-content\/uploads\/2023\/12\/Nacional.jpg","contentUrl":"https:\/\/www.eldiario.net\/portal\/wp-content\/uploads\/2023\/12\/Nacional.jpg","width":800,"height":500},{"@type":"BreadcrumbList","@id":"https:\/\/www.eldiario.net\/portal\/2024\/11\/04\/recaudan-alimentos-mediante-realizacion-de-carrera-pedestre\/#breadcrumb","itemListElement":[{"@type":"ListItem","position":1,"name":"Portada","item":"https:\/\/www.eldiario.net\/portal\/"},{"@type":"ListItem","position":2,"name":"Recaudan alimentos mediante realizaci\u00f3n de carrera pedestre"}]},{"@type":"WebSite","@id":"https:\/\/www.eldiario.net\/portal\/#website","url":"https:\/\/www.eldiario.net\/portal\/","name":"El Diario - Decano de la prensa nacional","description":"El Diario - Decano de la prensa nacional","publisher":{"@id":"https:\/\/www.eldiario.net\/portal\/#organization"},"potentialAction":[{"@type":"SearchAction","target":{"@type":"EntryPoint","urlTemplate":"https:\/\/www.eldiario.net\/portal\/?s={search_term_string}"},"query-input":{"@type":"PropertyValueSpecification","valueRequired":true,"valueName":"search_term_string"}}],"inLanguage":"es"},{"@type":"Organization","@id":"https:\/\/www.eldiario.net\/portal\/#organization","name":"El Diario - Decano de la prensa nacional","url":"https:\/\/www.eldiario.net\/portal\/","logo":{"@type":"ImageObject","inLanguage":"es","@id":"https:\/\/www.eldiario.net\/portal\/#\/schema\/logo\/image\/","url":"https:\/\/www.eldiario.net\/portal\/wp-content\/uploads\/2023\/07\/logo_ED.jpg","contentUrl":"https:\/\/www.eldiario.net\/portal\/wp-content\/uploads\/2023\/07\/logo_ED.jpg","width":272,"height":52,"caption":"El Diario - Decano de la prensa nacional"},"image":{"@id":"https:\/\/www.eldiario.net\/portal\/#\/schema\/logo\/image\/"},"sameAs":["https:\/\/www.facebook.com\/eldiario.bolivia\/","https:\/\/x.com\/eldiario_net"]},{"@type":"Person","@id":"https:\/\/www.eldiario.net\/portal\/#\/schema\/person\/f46445640444750d7d753ccd04ae01b7","name":"Jeanette","image":{"@type":"ImageObject","inLanguage":"es","@id":"https:\/\/secure.gravatar.com\/avatar\/3ea2118a5f7dad2b7138b1187a6b7ee55f160b9968b66013c3a3ef39dd7e5798?s=96&d=mm&r=g","url":"https:\/\/secure.gravatar.com\/avatar\/3ea2118a5f7dad2b7138b1187a6b7ee55f160b9968b66013c3a3ef39dd7e5798?s=96&d=mm&r=g","contentUrl":"https:\/\/secure.gravatar.com\/avatar\/3ea2118a5f7dad2b7138b1187a6b7ee55f160b9968b66013c3a3ef39dd7e5798?s=96&d=mm&r=g","caption":"Jeanette"},"sameAs":["https:\/\/www.eldiario.net\/portal"],"url":"https:\/\/www.eldiario.net\/portal\/author\/jeanette\/"}]}},"_links":{"self":[{"href":"https:\/\/www.eldiario.net\/portal\/wp-json\/wp\/v2\/posts\/258658","targetHints":{"allow":["GET"]}}],"collection":[{"href":"https:\/\/www.eldiario.net\/portal\/wp-json\/wp\/v2\/posts"}],"about":[{"href":"https:\/\/www.eldiario.net\/portal\/wp-json\/wp\/v2\/types\/post"}],"author":[{"embeddable":true,"href":"https:\/\/www.eldiario.net\/portal\/wp-json\/wp\/v2\/users\/1"}],"replies":[{"embeddable":true,"href":"https:\/\/www.eldiario.net\/portal\/wp-json\/wp\/v2\/comments?post=258658"}],"version-history":[{"count":1,"href":"https:\/\/www.eldiario.net\/portal\/wp-json\/wp\/v2\/posts\/258658\/revisions"}],"predecessor-version":[{"id":258659,"href":"https:\/\/www.eldiario.net\/portal\/wp-json\/wp\/v2\/posts\/258658\/revisions\/258659"}],"wp:featuredmedia":[{"embeddable":true,"href":"https:\/\/www.eldiario.net\/portal\/wp-json\/wp\/v2\/media\/194726"}],"wp:attachment":[{"href":"https:\/\/www.eldiario.net\/portal\/wp-json\/wp\/v2\/media?parent=258658"}],"wp:term":[{"taxonomy":"category","embeddable":true,"href":"https:\/\/www.eldiario.net\/portal\/wp-json\/wp\/v2\/categories?post=258658"},{"taxonomy":"post_tag","embeddable":true,"href":"https:\/\/www.eldiario.net\/portal\/wp-json\/wp\/v2\/tags?post=258658"}],"curies":[{"name":"wp","href":"https:\/\/api.w.org\/{rel}","templated":true}]}}