{"id":258572,"date":"2024-11-04T00:59:06","date_gmt":"2024-11-04T04:59:06","guid":{"rendered":"https:\/\/www.eldiario.net\/portal\/?p=258572"},"modified":"2024-11-03T21:59:35","modified_gmt":"2024-11-04T01:59:35","slug":"lenovo-thinkbook-plus-gen-5-hybrid-una-potente-estacion-de-trabajo","status":"publish","type":"post","link":"https:\/\/www.eldiario.net\/portal\/2024\/11\/04\/lenovo-thinkbook-plus-gen-5-hybrid-una-potente-estacion-de-trabajo\/","title":{"rendered":"Lenovo ThinkBook Plus Gen 5 Hybrid: una potente estaci\u00f3n de trabajo"},"content":{"rendered":"<p>La inform\u00e1tica m\u00f3vil est\u00e1 viviendo una revoluci\u00f3n significativa, impulsada por nuevas arquitecturas y formatos que transforman el dise\u00f1o de los dispositivos. Aunque los equipos 2 en 1 no son una novedad, Lenovo ha elevado esta categor\u00eda con el ThinkBook Plus Gen 5 Hybrid, presentado a principios de este a\u00f1o en el CES de Las Vegas. Este port\u00e1til redefine la versatilidad al funcionar tanto como una tableta de 14 pulgadas como un port\u00e1til convencional. A diferencia de las t\u00edpicas bisagras plegables o teclados removibles, este dispositivo se separa en dos partes, ofreciendo una experiencia \u00fanica.<\/p>\n<p><strong>Dos dispositivos en uno<\/strong><\/p>\n<p>La verdadera innovaci\u00f3n del ThinkBook Plus Gen 5 Hybrid radica en su capacidad para transformarse en una tableta Android al desconectarse y convertirse nuevamente en un port\u00e1til con Windows al unir ambas partes. Lenovo ha logrado fusionar las funcionalidades de ambos mundos en un dise\u00f1o atractivo y pr\u00e1ctico.<\/p>\n<p>El mayor atractivo del ThinkBook Plus Gen 5 Hybrid es su capacidad de desconectar la pantalla y utilizarla como tableta. La pantalla OLED de 14 pulgadas con resoluci\u00f3n 2.8K ofrece una calidad de imagen excepcional para ambos usos, cifras que raramente se encuentran en tabletas de gamas m\u00e1s asequibles.<\/p>\n<p>Este dispositivo funciona con Windows 11, adaptado al modo tableta desarrollado por Microsoft. Con un grosor de solo 9.4 mm y un peso aproximado de 970 gramos, es lo suficientemente ligero para llevarlo a cualquier lugar sin incomodidad. Adem\u00e1s, incluye un teclado retroiluminado y un trackpad amplio y preciso, junto con una tecla de acceso r\u00e1pido a Copilot para funciones de asistencia en la nube.<\/p>\n<p><strong>Audio de alta calidad<\/strong><\/p>\n<p>El audio tambi\u00e9n cumple con las expectativas: dos altavoces de 2 W firmados por Harman Kardon ofrecen un sonido envolvente y n\u00edtido. Los micr\u00f3fonos de matriz dual aseguran que tu voz se escuche claramente durante videollamadas o grabaciones.<\/p>\n<p>En cuanto a rendimiento, Lenovo ha incorporado procesadores Intel Core Ultra y gr\u00e1ficos Intel Arc, apostando por lo \u00faltimo de la tecnolog\u00eda. Tambi\u00e9n existe una versi\u00f3n con procesador Qualcomm, aunque las configuraciones espec\u00edficas para Espa\u00f1a a\u00fan no han sido confirmadas. Incluye conectividad Wi-Fi 6E y Bluetooth 5.2, ideales para trabajo remoto o en redes avanzadas.<\/p>\n<p><strong>Conectividad s\u00f3lida<\/strong><\/p>\n<p>El ThinkBook Plus Gen 5 Hybrid no escatima en conectividad f\u00edsica. Dispone de dos puertos USB tipo C compatibles con Thunderbolt 4, permitiendo transferencias de datos de hasta 40 Gbps y conexi\u00f3n a dispositivos externos como monitores o estaciones de acoplamiento. Tambi\u00e9n cuenta con una toma combinada para micr\u00f3fono y auriculares, que sigue siendo \u00fatil hoy en d\u00eda.<\/p>\n<p><strong>Bater\u00eda y carga r\u00e1pida<\/strong><\/p>\n<p>El dispositivo incorpora una bater\u00eda de 75 Whr, suficiente para un d\u00eda completo de trabajo. Su funci\u00f3n de carga r\u00e1pida permite alcanzar el 80% de capacidad en solo una hora con un cargador de 65 W o superior, gracias a la tecnolog\u00eda Rapid Charge.<\/p>\n<p>Lenovo ThinkBook Plus Gen 5 Hybrid es una opci\u00f3n excepcional para profesionales que buscan versatilidad y rendimiento en un solo dispositivo.<\/p>\n","protected":false},"excerpt":{"rendered":"<p>La inform\u00e1tica m\u00f3vil est\u00e1 viviendo una revoluci\u00f3n significativa, impulsada por nuevas arquitecturas y formatos que transforman el dise\u00f1o de los dispositivos. Aunque los equipos 2 en 1 no son una novedad, Lenovo ha elevado esta categor\u00eda con el ThinkBook Plus Gen 5 Hybrid, presentado a principios de este a\u00f1o en el CES de Las Vegas. [&hellip;]<\/p>\n","protected":false},"author":1,"featured_media":258573,"comment_status":"closed","ping_status":"open","sticky":false,"template":"","format":"standard","meta":{"_acf_changed":false,"footnotes":""},"categories":[46],"tags":[],"class_list":["post-258572","post","type-post","status-publish","format-standard","has-post-thumbnail","category-ciencia-computacion"],"acf":{"antetitulo":""},"yoast_head":"<!-- This site is optimized with the Yoast SEO plugin v28.3 - https:\/\/yoast.com\/product\/yoast-seo-wordpress\/ -->\n<title>Lenovo ThinkBook Plus Gen 5 Hybrid: una potente estaci\u00f3n de trabajo - El Diario - Bolivia<\/title>\n<meta name=\"robots\" content=\"index, follow, max-snippet:-1, max-image-preview:large, max-video-preview:-1\" \/>\n<link rel=\"canonical\" href=\"https:\/\/www.eldiario.net\/portal\/2024\/11\/04\/lenovo-thinkbook-plus-gen-5-hybrid-una-potente-estacion-de-trabajo\/\" \/>\n<meta property=\"og:locale\" content=\"es_ES\" \/>\n<meta property=\"og:type\" content=\"article\" \/>\n<meta property=\"og:title\" content=\"Lenovo ThinkBook Plus Gen 5 Hybrid: una potente estaci\u00f3n de trabajo - El Diario - Bolivia\" \/>\n<meta property=\"og:description\" content=\"La inform\u00e1tica m\u00f3vil est\u00e1 viviendo una revoluci\u00f3n significativa, impulsada por nuevas arquitecturas y formatos que transforman el dise\u00f1o de los dispositivos. Aunque los equipos 2 en 1 no son una novedad, Lenovo ha elevado esta categor\u00eda con el ThinkBook Plus Gen 5 Hybrid, presentado a principios de este a\u00f1o en el CES de Las Vegas. [&hellip;]\" \/>\n<meta property=\"og:url\" content=\"https:\/\/www.eldiario.net\/portal\/2024\/11\/04\/lenovo-thinkbook-plus-gen-5-hybrid-una-potente-estacion-de-trabajo\/\" \/>\n<meta property=\"og:site_name\" content=\"El Diario - Bolivia\" \/>\n<meta property=\"article:publisher\" content=\"https:\/\/www.facebook.com\/eldiario.bolivia\/\" \/>\n<meta property=\"article:published_time\" content=\"2024-11-04T04:59:06+00:00\" \/>\n<meta property=\"og:image\" content=\"https:\/\/www.eldiario.net\/portal\/wp-content\/uploads\/2024\/11\/2-B.jpg\" \/>\n\t<meta property=\"og:image:width\" content=\"800\" \/>\n\t<meta property=\"og:image:height\" content=\"414\" \/>\n\t<meta property=\"og:image:type\" content=\"image\/jpeg\" \/>\n<meta name=\"author\" content=\"Jeanette\" \/>\n<meta name=\"twitter:card\" content=\"summary_large_image\" \/>\n<meta name=\"twitter:creator\" content=\"@eldiario_net\" \/>\n<meta name=\"twitter:site\" content=\"@eldiario_net\" \/>\n<meta name=\"twitter:label1\" content=\"Escrito por\" \/>\n\t<meta name=\"twitter:data1\" content=\"Jeanette\" \/>\n\t<meta name=\"twitter:label2\" content=\"Tiempo de lectura\" \/>\n\t<meta name=\"twitter:data2\" content=\"3 minutos\" \/>\n<script type=\"application\/ld+json\" class=\"yoast-schema-graph\">{\"@context\":\"https:\\\/\\\/schema.org\",\"@graph\":[{\"@type\":\"Article\",\"@id\":\"https:\\\/\\\/www.eldiario.net\\\/portal\\\/2024\\\/11\\\/04\\\/lenovo-thinkbook-plus-gen-5-hybrid-una-potente-estacion-de-trabajo\\\/#article\",\"isPartOf\":{\"@id\":\"https:\\\/\\\/www.eldiario.net\\\/portal\\\/2024\\\/11\\\/04\\\/lenovo-thinkbook-plus-gen-5-hybrid-una-potente-estacion-de-trabajo\\\/\"},\"author\":{\"name\":\"Jeanette\",\"@id\":\"https:\\\/\\\/www.eldiario.net\\\/portal\\\/#\\\/schema\\\/person\\\/f46445640444750d7d753ccd04ae01b7\"},\"headline\":\"Lenovo ThinkBook Plus Gen 5 Hybrid: una potente estaci\u00f3n de trabajo\",\"datePublished\":\"2024-11-04T04:59:06+00:00\",\"mainEntityOfPage\":{\"@id\":\"https:\\\/\\\/www.eldiario.net\\\/portal\\\/2024\\\/11\\\/04\\\/lenovo-thinkbook-plus-gen-5-hybrid-una-potente-estacion-de-trabajo\\\/\"},\"wordCount\":519,\"publisher\":{\"@id\":\"https:\\\/\\\/www.eldiario.net\\\/portal\\\/#organization\"},\"image\":{\"@id\":\"https:\\\/\\\/www.eldiario.net\\\/portal\\\/2024\\\/11\\\/04\\\/lenovo-thinkbook-plus-gen-5-hybrid-una-potente-estacion-de-trabajo\\\/#primaryimage\"},\"thumbnailUrl\":\"https:\\\/\\\/www.eldiario.net\\\/portal\\\/wp-content\\\/uploads\\\/2024\\\/11\\\/2-B.jpg\",\"articleSection\":[\"Ciencia y Computaci\u00f3n\"],\"inLanguage\":\"es\"},{\"@type\":\"WebPage\",\"@id\":\"https:\\\/\\\/www.eldiario.net\\\/portal\\\/2024\\\/11\\\/04\\\/lenovo-thinkbook-plus-gen-5-hybrid-una-potente-estacion-de-trabajo\\\/\",\"url\":\"https:\\\/\\\/www.eldiario.net\\\/portal\\\/2024\\\/11\\\/04\\\/lenovo-thinkbook-plus-gen-5-hybrid-una-potente-estacion-de-trabajo\\\/\",\"name\":\"Lenovo ThinkBook Plus Gen 5 Hybrid: una potente estaci\u00f3n de trabajo - El Diario - Bolivia\",\"isPartOf\":{\"@id\":\"https:\\\/\\\/www.eldiario.net\\\/portal\\\/#website\"},\"primaryImageOfPage\":{\"@id\":\"https:\\\/\\\/www.eldiario.net\\\/portal\\\/2024\\\/11\\\/04\\\/lenovo-thinkbook-plus-gen-5-hybrid-una-potente-estacion-de-trabajo\\\/#primaryimage\"},\"image\":{\"@id\":\"https:\\\/\\\/www.eldiario.net\\\/portal\\\/2024\\\/11\\\/04\\\/lenovo-thinkbook-plus-gen-5-hybrid-una-potente-estacion-de-trabajo\\\/#primaryimage\"},\"thumbnailUrl\":\"https:\\\/\\\/www.eldiario.net\\\/portal\\\/wp-content\\\/uploads\\\/2024\\\/11\\\/2-B.jpg\",\"datePublished\":\"2024-11-04T04:59:06+00:00\",\"breadcrumb\":{\"@id\":\"https:\\\/\\\/www.eldiario.net\\\/portal\\\/2024\\\/11\\\/04\\\/lenovo-thinkbook-plus-gen-5-hybrid-una-potente-estacion-de-trabajo\\\/#breadcrumb\"},\"inLanguage\":\"es\",\"potentialAction\":[{\"@type\":\"ReadAction\",\"target\":[\"https:\\\/\\\/www.eldiario.net\\\/portal\\\/2024\\\/11\\\/04\\\/lenovo-thinkbook-plus-gen-5-hybrid-una-potente-estacion-de-trabajo\\\/\"]}]},{\"@type\":\"ImageObject\",\"inLanguage\":\"es\",\"@id\":\"https:\\\/\\\/www.eldiario.net\\\/portal\\\/2024\\\/11\\\/04\\\/lenovo-thinkbook-plus-gen-5-hybrid-una-potente-estacion-de-trabajo\\\/#primaryimage\",\"url\":\"https:\\\/\\\/www.eldiario.net\\\/portal\\\/wp-content\\\/uploads\\\/2024\\\/11\\\/2-B.jpg\",\"contentUrl\":\"https:\\\/\\\/www.eldiario.net\\\/portal\\\/wp-content\\\/uploads\\\/2024\\\/11\\\/2-B.jpg\",\"width\":800,\"height\":414},{\"@type\":\"BreadcrumbList\",\"@id\":\"https:\\\/\\\/www.eldiario.net\\\/portal\\\/2024\\\/11\\\/04\\\/lenovo-thinkbook-plus-gen-5-hybrid-una-potente-estacion-de-trabajo\\\/#breadcrumb\",\"itemListElement\":[{\"@type\":\"ListItem\",\"position\":1,\"name\":\"Portada\",\"item\":\"https:\\\/\\\/www.eldiario.net\\\/portal\\\/\"},{\"@type\":\"ListItem\",\"position\":2,\"name\":\"Lenovo ThinkBook Plus Gen 5 Hybrid: una potente estaci\u00f3n de trabajo\"}]},{\"@type\":\"WebSite\",\"@id\":\"https:\\\/\\\/www.eldiario.net\\\/portal\\\/#website\",\"url\":\"https:\\\/\\\/www.eldiario.net\\\/portal\\\/\",\"name\":\"El Diario - Decano de la prensa nacional\",\"description\":\"El Diario - Decano de la prensa nacional\",\"publisher\":{\"@id\":\"https:\\\/\\\/www.eldiario.net\\\/portal\\\/#organization\"},\"potentialAction\":[{\"@type\":\"SearchAction\",\"target\":{\"@type\":\"EntryPoint\",\"urlTemplate\":\"https:\\\/\\\/www.eldiario.net\\\/portal\\\/?s={search_term_string}\"},\"query-input\":{\"@type\":\"PropertyValueSpecification\",\"valueRequired\":true,\"valueName\":\"search_term_string\"}}],\"inLanguage\":\"es\"},{\"@type\":\"Organization\",\"@id\":\"https:\\\/\\\/www.eldiario.net\\\/portal\\\/#organization\",\"name\":\"El Diario - Decano de la prensa nacional\",\"url\":\"https:\\\/\\\/www.eldiario.net\\\/portal\\\/\",\"logo\":{\"@type\":\"ImageObject\",\"inLanguage\":\"es\",\"@id\":\"https:\\\/\\\/www.eldiario.net\\\/portal\\\/#\\\/schema\\\/logo\\\/image\\\/\",\"url\":\"https:\\\/\\\/www.eldiario.net\\\/portal\\\/wp-content\\\/uploads\\\/2023\\\/07\\\/logo_ED.jpg\",\"contentUrl\":\"https:\\\/\\\/www.eldiario.net\\\/portal\\\/wp-content\\\/uploads\\\/2023\\\/07\\\/logo_ED.jpg\",\"width\":272,\"height\":52,\"caption\":\"El Diario - Decano de la prensa nacional\"},\"image\":{\"@id\":\"https:\\\/\\\/www.eldiario.net\\\/portal\\\/#\\\/schema\\\/logo\\\/image\\\/\"},\"sameAs\":[\"https:\\\/\\\/www.facebook.com\\\/eldiario.bolivia\\\/\",\"https:\\\/\\\/x.com\\\/eldiario_net\"]},{\"@type\":\"Person\",\"@id\":\"https:\\\/\\\/www.eldiario.net\\\/portal\\\/#\\\/schema\\\/person\\\/f46445640444750d7d753ccd04ae01b7\",\"name\":\"Jeanette\",\"image\":{\"@type\":\"ImageObject\",\"inLanguage\":\"es\",\"@id\":\"https:\\\/\\\/secure.gravatar.com\\\/avatar\\\/3ea2118a5f7dad2b7138b1187a6b7ee55f160b9968b66013c3a3ef39dd7e5798?s=96&d=mm&r=g\",\"url\":\"https:\\\/\\\/secure.gravatar.com\\\/avatar\\\/3ea2118a5f7dad2b7138b1187a6b7ee55f160b9968b66013c3a3ef39dd7e5798?s=96&d=mm&r=g\",\"contentUrl\":\"https:\\\/\\\/secure.gravatar.com\\\/avatar\\\/3ea2118a5f7dad2b7138b1187a6b7ee55f160b9968b66013c3a3ef39dd7e5798?s=96&d=mm&r=g\",\"caption\":\"Jeanette\"},\"sameAs\":[\"https:\\\/\\\/www.eldiario.net\\\/portal\"],\"url\":\"https:\\\/\\\/www.eldiario.net\\\/portal\\\/author\\\/jeanette\\\/\"}]}<\/script>\n<!-- \/ Yoast SEO plugin. -->","yoast_head_json":{"title":"Lenovo ThinkBook Plus Gen 5 Hybrid: una potente estaci\u00f3n de trabajo - El Diario - Bolivia","robots":{"index":"index","follow":"follow","max-snippet":"max-snippet:-1","max-image-preview":"max-image-preview:large","max-video-preview":"max-video-preview:-1"},"canonical":"https:\/\/www.eldiario.net\/portal\/2024\/11\/04\/lenovo-thinkbook-plus-gen-5-hybrid-una-potente-estacion-de-trabajo\/","og_locale":"es_ES","og_type":"article","og_title":"Lenovo ThinkBook Plus Gen 5 Hybrid: una potente estaci\u00f3n de trabajo - El Diario - Bolivia","og_description":"La inform\u00e1tica m\u00f3vil est\u00e1 viviendo una revoluci\u00f3n significativa, impulsada por nuevas arquitecturas y formatos que transforman el dise\u00f1o de los dispositivos. Aunque los equipos 2 en 1 no son una novedad, Lenovo ha elevado esta categor\u00eda con el ThinkBook Plus Gen 5 Hybrid, presentado a principios de este a\u00f1o en el CES de Las Vegas. [&hellip;]","og_url":"https:\/\/www.eldiario.net\/portal\/2024\/11\/04\/lenovo-thinkbook-plus-gen-5-hybrid-una-potente-estacion-de-trabajo\/","og_site_name":"El Diario - Bolivia","article_publisher":"https:\/\/www.facebook.com\/eldiario.bolivia\/","article_published_time":"2024-11-04T04:59:06+00:00","og_image":[{"width":800,"height":414,"url":"https:\/\/www.eldiario.net\/portal\/wp-content\/uploads\/2024\/11\/2-B.jpg","type":"image\/jpeg"}],"author":"Jeanette","twitter_card":"summary_large_image","twitter_creator":"@eldiario_net","twitter_site":"@eldiario_net","twitter_misc":{"Escrito por":"Jeanette","Tiempo de lectura":"3 minutos"},"schema":{"@context":"https:\/\/schema.org","@graph":[{"@type":"Article","@id":"https:\/\/www.eldiario.net\/portal\/2024\/11\/04\/lenovo-thinkbook-plus-gen-5-hybrid-una-potente-estacion-de-trabajo\/#article","isPartOf":{"@id":"https:\/\/www.eldiario.net\/portal\/2024\/11\/04\/lenovo-thinkbook-plus-gen-5-hybrid-una-potente-estacion-de-trabajo\/"},"author":{"name":"Jeanette","@id":"https:\/\/www.eldiario.net\/portal\/#\/schema\/person\/f46445640444750d7d753ccd04ae01b7"},"headline":"Lenovo ThinkBook Plus Gen 5 Hybrid: una potente estaci\u00f3n de trabajo","datePublished":"2024-11-04T04:59:06+00:00","mainEntityOfPage":{"@id":"https:\/\/www.eldiario.net\/portal\/2024\/11\/04\/lenovo-thinkbook-plus-gen-5-hybrid-una-potente-estacion-de-trabajo\/"},"wordCount":519,"publisher":{"@id":"https:\/\/www.eldiario.net\/portal\/#organization"},"image":{"@id":"https:\/\/www.eldiario.net\/portal\/2024\/11\/04\/lenovo-thinkbook-plus-gen-5-hybrid-una-potente-estacion-de-trabajo\/#primaryimage"},"thumbnailUrl":"https:\/\/www.eldiario.net\/portal\/wp-content\/uploads\/2024\/11\/2-B.jpg","articleSection":["Ciencia y Computaci\u00f3n"],"inLanguage":"es"},{"@type":"WebPage","@id":"https:\/\/www.eldiario.net\/portal\/2024\/11\/04\/lenovo-thinkbook-plus-gen-5-hybrid-una-potente-estacion-de-trabajo\/","url":"https:\/\/www.eldiario.net\/portal\/2024\/11\/04\/lenovo-thinkbook-plus-gen-5-hybrid-una-potente-estacion-de-trabajo\/","name":"Lenovo ThinkBook Plus Gen 5 Hybrid: una potente estaci\u00f3n de trabajo - El Diario - Bolivia","isPartOf":{"@id":"https:\/\/www.eldiario.net\/portal\/#website"},"primaryImageOfPage":{"@id":"https:\/\/www.eldiario.net\/portal\/2024\/11\/04\/lenovo-thinkbook-plus-gen-5-hybrid-una-potente-estacion-de-trabajo\/#primaryimage"},"image":{"@id":"https:\/\/www.eldiario.net\/portal\/2024\/11\/04\/lenovo-thinkbook-plus-gen-5-hybrid-una-potente-estacion-de-trabajo\/#primaryimage"},"thumbnailUrl":"https:\/\/www.eldiario.net\/portal\/wp-content\/uploads\/2024\/11\/2-B.jpg","datePublished":"2024-11-04T04:59:06+00:00","breadcrumb":{"@id":"https:\/\/www.eldiario.net\/portal\/2024\/11\/04\/lenovo-thinkbook-plus-gen-5-hybrid-una-potente-estacion-de-trabajo\/#breadcrumb"},"inLanguage":"es","potentialAction":[{"@type":"ReadAction","target":["https:\/\/www.eldiario.net\/portal\/2024\/11\/04\/lenovo-thinkbook-plus-gen-5-hybrid-una-potente-estacion-de-trabajo\/"]}]},{"@type":"ImageObject","inLanguage":"es","@id":"https:\/\/www.eldiario.net\/portal\/2024\/11\/04\/lenovo-thinkbook-plus-gen-5-hybrid-una-potente-estacion-de-trabajo\/#primaryimage","url":"https:\/\/www.eldiario.net\/portal\/wp-content\/uploads\/2024\/11\/2-B.jpg","contentUrl":"https:\/\/www.eldiario.net\/portal\/wp-content\/uploads\/2024\/11\/2-B.jpg","width":800,"height":414},{"@type":"BreadcrumbList","@id":"https:\/\/www.eldiario.net\/portal\/2024\/11\/04\/lenovo-thinkbook-plus-gen-5-hybrid-una-potente-estacion-de-trabajo\/#breadcrumb","itemListElement":[{"@type":"ListItem","position":1,"name":"Portada","item":"https:\/\/www.eldiario.net\/portal\/"},{"@type":"ListItem","position":2,"name":"Lenovo ThinkBook Plus Gen 5 Hybrid: una potente estaci\u00f3n de trabajo"}]},{"@type":"WebSite","@id":"https:\/\/www.eldiario.net\/portal\/#website","url":"https:\/\/www.eldiario.net\/portal\/","name":"El Diario - Decano de la prensa nacional","description":"El Diario - Decano de la prensa nacional","publisher":{"@id":"https:\/\/www.eldiario.net\/portal\/#organization"},"potentialAction":[{"@type":"SearchAction","target":{"@type":"EntryPoint","urlTemplate":"https:\/\/www.eldiario.net\/portal\/?s={search_term_string}"},"query-input":{"@type":"PropertyValueSpecification","valueRequired":true,"valueName":"search_term_string"}}],"inLanguage":"es"},{"@type":"Organization","@id":"https:\/\/www.eldiario.net\/portal\/#organization","name":"El Diario - Decano de la prensa nacional","url":"https:\/\/www.eldiario.net\/portal\/","logo":{"@type":"ImageObject","inLanguage":"es","@id":"https:\/\/www.eldiario.net\/portal\/#\/schema\/logo\/image\/","url":"https:\/\/www.eldiario.net\/portal\/wp-content\/uploads\/2023\/07\/logo_ED.jpg","contentUrl":"https:\/\/www.eldiario.net\/portal\/wp-content\/uploads\/2023\/07\/logo_ED.jpg","width":272,"height":52,"caption":"El Diario - Decano de la prensa nacional"},"image":{"@id":"https:\/\/www.eldiario.net\/portal\/#\/schema\/logo\/image\/"},"sameAs":["https:\/\/www.facebook.com\/eldiario.bolivia\/","https:\/\/x.com\/eldiario_net"]},{"@type":"Person","@id":"https:\/\/www.eldiario.net\/portal\/#\/schema\/person\/f46445640444750d7d753ccd04ae01b7","name":"Jeanette","image":{"@type":"ImageObject","inLanguage":"es","@id":"https:\/\/secure.gravatar.com\/avatar\/3ea2118a5f7dad2b7138b1187a6b7ee55f160b9968b66013c3a3ef39dd7e5798?s=96&d=mm&r=g","url":"https:\/\/secure.gravatar.com\/avatar\/3ea2118a5f7dad2b7138b1187a6b7ee55f160b9968b66013c3a3ef39dd7e5798?s=96&d=mm&r=g","contentUrl":"https:\/\/secure.gravatar.com\/avatar\/3ea2118a5f7dad2b7138b1187a6b7ee55f160b9968b66013c3a3ef39dd7e5798?s=96&d=mm&r=g","caption":"Jeanette"},"sameAs":["https:\/\/www.eldiario.net\/portal"],"url":"https:\/\/www.eldiario.net\/portal\/author\/jeanette\/"}]}},"_links":{"self":[{"href":"https:\/\/www.eldiario.net\/portal\/wp-json\/wp\/v2\/posts\/258572","targetHints":{"allow":["GET"]}}],"collection":[{"href":"https:\/\/www.eldiario.net\/portal\/wp-json\/wp\/v2\/posts"}],"about":[{"href":"https:\/\/www.eldiario.net\/portal\/wp-json\/wp\/v2\/types\/post"}],"author":[{"embeddable":true,"href":"https:\/\/www.eldiario.net\/portal\/wp-json\/wp\/v2\/users\/1"}],"replies":[{"embeddable":true,"href":"https:\/\/www.eldiario.net\/portal\/wp-json\/wp\/v2\/comments?post=258572"}],"version-history":[{"count":1,"href":"https:\/\/www.eldiario.net\/portal\/wp-json\/wp\/v2\/posts\/258572\/revisions"}],"predecessor-version":[{"id":258574,"href":"https:\/\/www.eldiario.net\/portal\/wp-json\/wp\/v2\/posts\/258572\/revisions\/258574"}],"wp:featuredmedia":[{"embeddable":true,"href":"https:\/\/www.eldiario.net\/portal\/wp-json\/wp\/v2\/media\/258573"}],"wp:attachment":[{"href":"https:\/\/www.eldiario.net\/portal\/wp-json\/wp\/v2\/media?parent=258572"}],"wp:term":[{"taxonomy":"category","embeddable":true,"href":"https:\/\/www.eldiario.net\/portal\/wp-json\/wp\/v2\/categories?post=258572"},{"taxonomy":"post_tag","embeddable":true,"href":"https:\/\/www.eldiario.net\/portal\/wp-json\/wp\/v2\/tags?post=258572"}],"curies":[{"name":"wp","href":"https:\/\/api.w.org\/{rel}","templated":true}]}}