{"id":258566,"date":"2024-11-04T00:57:05","date_gmt":"2024-11-04T04:57:05","guid":{"rendered":"https:\/\/www.eldiario.net\/portal\/?p=258566"},"modified":"2024-11-03T21:57:53","modified_gmt":"2024-11-04T01:57:53","slug":"exynos-el-procesador-fabricado-por-samsung-para-brindar-un-mejor-rendimiento","status":"publish","type":"post","link":"https:\/\/www.eldiario.net\/portal\/2024\/11\/04\/exynos-el-procesador-fabricado-por-samsung-para-brindar-un-mejor-rendimiento\/","title":{"rendered":"Exynos, el procesador fabricado por Samsung para brindar un mejor rendimiento"},"content":{"rendered":"<p><strong>Octubre 2024.<\/strong> Samsung refuerza su liderazgo en innovaci\u00f3n tecnol\u00f3gica con la fabricaci\u00f3n de los procesadores Exynos, dise\u00f1ados para ofrecer un rendimiento superior en sus smartphones Galaxy. Estos procesadores est\u00e1n optimizados para maximizar la experiencia del usuario en videojuegos, conectividad, fotograf\u00eda y eficiencia energ\u00e9tica.<\/p>\n<p>\u201cEl procesador es fundamental para los fabricantes, ya que en un celular es el cerebro, responsable de su funcionamiento. Determina la velocidad y potencia para realizar tareas y ejecutar programas y aplicaciones\u201d, afirma Josu\u00e9 Vel\u00e1squez, Master Trainer MX (Mobile Xperience) de Samsung Bolivia.<\/p>\n<p>Adem\u00e1s, el ejecutivo agrega que \u201cel rendimiento del procesador influye en casi todo: en la fluidez del equipo, c\u00f3mo inician las aplicaciones y en la duraci\u00f3n de la bater\u00eda. Si el procesador es eficiente, la experiencia del usuario ser\u00e1 de alta calidad\u201d.<\/p>\n<p>Actualmente, el mercado cuenta con dos tipos de procesadores para dispositivos Android que son reconocidos por su tecnolog\u00eda y potencia. Aunque ambos comparten ciertas caracter\u00edsticas, existen diferencias clave. A la hora de analizar un procesador, es importante considerar aspectos como el tama\u00f1o en nan\u00f3metros, la cantidad de n\u00facleos, el GPU (procesador gr\u00e1fico) y el nivel de conectividad.<\/p>\n<p>Exynos se utiliza principalmente en dispositivos Samsung, aunque otras marcas tambi\u00e9n lo han integrado en sus celulares. Snapdragon, otro procesador muy popular en dispositivos Android, es utilizado por la mayor\u00eda de las marcas de la industria, incluyendo Samsung. Ambos procesadores se encuentran en dispositivos de gama alta y media.<\/p>\n<p>Adem\u00e1s, Exynos mejora la velocidad de procesamiento, permitiendo que los celulares realicen tareas complejas de manera r\u00e1pida y fluida. Desde la ejecuci\u00f3n de aplicaciones hasta la multitarea intensa, el rendimiento se mantiene.<\/p>\n<p><strong>Mayor rendimiento m\u00f3vil con menor consumo energ\u00e9tico<\/strong><\/p>\n<p>Equipados con una GPU personalizada de AMD y la tecnolog\u00eda AMIGO (Advanced Multi-IP Governor), los procesadores Exynos garantizan gr\u00e1ficos de alta calidad y una experiencia de juego sin interrupciones en dispositivos Galaxy. \u201cCon una capacidad comparable a las consolas, y ya compatibles con Ray Tracing, pueden disfrutar de juegos exigentes y experiencias de realidad mixta sin retrasos\u201d, destaca Vel\u00e1squez.<\/p>\n<p>Adem\u00e1s, su CPU multin\u00facleo garantiza un rendimiento excepcional tanto en aplicaciones de un solo n\u00facleo como en aquellas que demandan m\u00faltiples procesos simult\u00e1neos, proporcionando experiencias m\u00f3viles r\u00e1pidas y fluidas.<\/p>\n<p>\u201cUno de los mayores desaf\u00edos en la tecnolog\u00eda m\u00f3vil es equilibrar rendimiento y eficiencia energ\u00e9tica, y con Exynos logramos ese equilibrio. Su arquitectura optimizada prolonga la duraci\u00f3n de la bater\u00eda\u201d, a\u00f1ade el ejecutivo de Samsung.<\/p>\n<p><strong>Conectividad 5G e inteligencia artificial avanzada<\/strong><\/p>\n<p>Los procesadores est\u00e1n equipados con tecnolog\u00eda de agregaci\u00f3n de portadora, que permite velocidades de descarga de hasta 7,34 Gbps, maximizando el potencial de la conectividad 5G. Esto permite transmisiones ininterrumpidas de video y un rendimiento superior en juegos en l\u00ednea.<\/p>\n<p>Gracias a sus avanzadas unidades de procesamiento neuronal (NPU), Exynos potencia las capacidades de inteligencia artificial (Galaxy AI) en los dispositivos Samsung, siendo pioneros en incluir estas funciones de forma nativa en un smartphone. Esto incluye caracter\u00edsticas avanzadas de c\u00e1mara, como el reconocimiento facial y la mejora autom\u00e1tica de fotos y videos.<\/p>\n<p>\u201cLa inteligencia artificial integrada en Exynos no solo mejora el rendimiento del dispositivo, sino tambi\u00e9n las experiencias de los usuarios, especialmente en fotograf\u00eda y video\u201d, detalla el Master Trainer de Samsung.<\/p>\n<p>Con esta generaci\u00f3n de procesadores, Samsung reafirma su liderazgo en la innovaci\u00f3n tecnol\u00f3gica, entregando a los usuarios una combinaci\u00f3n de potencia, eficiencia y conectividad avanzada, ideal para las demandas del futuro m\u00f3vil.<\/p>\n","protected":false},"excerpt":{"rendered":"<p>Octubre 2024. Samsung refuerza su liderazgo en innovaci\u00f3n tecnol\u00f3gica con la fabricaci\u00f3n de los procesadores Exynos, dise\u00f1ados para ofrecer un rendimiento superior en sus smartphones Galaxy. Estos procesadores est\u00e1n optimizados para maximizar la experiencia del usuario en videojuegos, conectividad, fotograf\u00eda y eficiencia energ\u00e9tica. \u201cEl procesador es fundamental para los fabricantes, ya que en un celular [&hellip;]<\/p>\n","protected":false},"author":1,"featured_media":258567,"comment_status":"closed","ping_status":"open","sticky":false,"template":"","format":"standard","meta":{"_acf_changed":false,"footnotes":""},"categories":[46],"tags":[],"class_list":["post-258566","post","type-post","status-publish","format-standard","has-post-thumbnail","category-ciencia-computacion"],"acf":{"antetitulo":""},"yoast_head":"<!-- This site is optimized with the Yoast SEO plugin v28.3 - https:\/\/yoast.com\/product\/yoast-seo-wordpress\/ -->\n<title>Exynos, el procesador fabricado por Samsung para brindar un mejor rendimiento - El Diario - Bolivia<\/title>\n<meta name=\"robots\" content=\"index, follow, max-snippet:-1, max-image-preview:large, max-video-preview:-1\" \/>\n<link rel=\"canonical\" href=\"https:\/\/www.eldiario.net\/portal\/2024\/11\/04\/exynos-el-procesador-fabricado-por-samsung-para-brindar-un-mejor-rendimiento\/\" \/>\n<meta property=\"og:locale\" content=\"es_ES\" \/>\n<meta property=\"og:type\" content=\"article\" \/>\n<meta property=\"og:title\" content=\"Exynos, el procesador fabricado por Samsung para brindar un mejor rendimiento - El Diario - Bolivia\" \/>\n<meta property=\"og:description\" content=\"Octubre 2024. Samsung refuerza su liderazgo en innovaci\u00f3n tecnol\u00f3gica con la fabricaci\u00f3n de los procesadores Exynos, dise\u00f1ados para ofrecer un rendimiento superior en sus smartphones Galaxy. Estos procesadores est\u00e1n optimizados para maximizar la experiencia del usuario en videojuegos, conectividad, fotograf\u00eda y eficiencia energ\u00e9tica. \u201cEl procesador es fundamental para los fabricantes, ya que en un celular [&hellip;]\" \/>\n<meta property=\"og:url\" content=\"https:\/\/www.eldiario.net\/portal\/2024\/11\/04\/exynos-el-procesador-fabricado-por-samsung-para-brindar-un-mejor-rendimiento\/\" \/>\n<meta property=\"og:site_name\" content=\"El Diario - Bolivia\" \/>\n<meta property=\"article:publisher\" content=\"https:\/\/www.facebook.com\/eldiario.bolivia\/\" \/>\n<meta property=\"article:published_time\" content=\"2024-11-04T04:57:05+00:00\" \/>\n<meta property=\"og:image\" content=\"https:\/\/www.eldiario.net\/portal\/wp-content\/uploads\/2024\/11\/3-A.jpg\" \/>\n\t<meta property=\"og:image:width\" content=\"1200\" \/>\n\t<meta property=\"og:image:height\" content=\"726\" \/>\n\t<meta property=\"og:image:type\" content=\"image\/jpeg\" \/>\n<meta name=\"author\" content=\"Jeanette\" \/>\n<meta name=\"twitter:card\" content=\"summary_large_image\" \/>\n<meta name=\"twitter:creator\" content=\"@eldiario_net\" \/>\n<meta name=\"twitter:site\" content=\"@eldiario_net\" \/>\n<meta name=\"twitter:label1\" content=\"Escrito por\" \/>\n\t<meta name=\"twitter:data1\" content=\"Jeanette\" \/>\n\t<meta name=\"twitter:label2\" content=\"Tiempo de lectura\" \/>\n\t<meta name=\"twitter:data2\" content=\"3 minutos\" \/>\n<script type=\"application\/ld+json\" class=\"yoast-schema-graph\">{\"@context\":\"https:\\\/\\\/schema.org\",\"@graph\":[{\"@type\":\"Article\",\"@id\":\"https:\\\/\\\/www.eldiario.net\\\/portal\\\/2024\\\/11\\\/04\\\/exynos-el-procesador-fabricado-por-samsung-para-brindar-un-mejor-rendimiento\\\/#article\",\"isPartOf\":{\"@id\":\"https:\\\/\\\/www.eldiario.net\\\/portal\\\/2024\\\/11\\\/04\\\/exynos-el-procesador-fabricado-por-samsung-para-brindar-un-mejor-rendimiento\\\/\"},\"author\":{\"name\":\"Jeanette\",\"@id\":\"https:\\\/\\\/www.eldiario.net\\\/portal\\\/#\\\/schema\\\/person\\\/f46445640444750d7d753ccd04ae01b7\"},\"headline\":\"Exynos, el procesador fabricado por Samsung para brindar un mejor rendimiento\",\"datePublished\":\"2024-11-04T04:57:05+00:00\",\"mainEntityOfPage\":{\"@id\":\"https:\\\/\\\/www.eldiario.net\\\/portal\\\/2024\\\/11\\\/04\\\/exynos-el-procesador-fabricado-por-samsung-para-brindar-un-mejor-rendimiento\\\/\"},\"wordCount\":622,\"publisher\":{\"@id\":\"https:\\\/\\\/www.eldiario.net\\\/portal\\\/#organization\"},\"image\":{\"@id\":\"https:\\\/\\\/www.eldiario.net\\\/portal\\\/2024\\\/11\\\/04\\\/exynos-el-procesador-fabricado-por-samsung-para-brindar-un-mejor-rendimiento\\\/#primaryimage\"},\"thumbnailUrl\":\"https:\\\/\\\/www.eldiario.net\\\/portal\\\/wp-content\\\/uploads\\\/2024\\\/11\\\/3-A.jpg\",\"articleSection\":[\"Ciencia y Computaci\u00f3n\"],\"inLanguage\":\"es\"},{\"@type\":\"WebPage\",\"@id\":\"https:\\\/\\\/www.eldiario.net\\\/portal\\\/2024\\\/11\\\/04\\\/exynos-el-procesador-fabricado-por-samsung-para-brindar-un-mejor-rendimiento\\\/\",\"url\":\"https:\\\/\\\/www.eldiario.net\\\/portal\\\/2024\\\/11\\\/04\\\/exynos-el-procesador-fabricado-por-samsung-para-brindar-un-mejor-rendimiento\\\/\",\"name\":\"Exynos, el procesador fabricado por Samsung para brindar un mejor rendimiento - El Diario - Bolivia\",\"isPartOf\":{\"@id\":\"https:\\\/\\\/www.eldiario.net\\\/portal\\\/#website\"},\"primaryImageOfPage\":{\"@id\":\"https:\\\/\\\/www.eldiario.net\\\/portal\\\/2024\\\/11\\\/04\\\/exynos-el-procesador-fabricado-por-samsung-para-brindar-un-mejor-rendimiento\\\/#primaryimage\"},\"image\":{\"@id\":\"https:\\\/\\\/www.eldiario.net\\\/portal\\\/2024\\\/11\\\/04\\\/exynos-el-procesador-fabricado-por-samsung-para-brindar-un-mejor-rendimiento\\\/#primaryimage\"},\"thumbnailUrl\":\"https:\\\/\\\/www.eldiario.net\\\/portal\\\/wp-content\\\/uploads\\\/2024\\\/11\\\/3-A.jpg\",\"datePublished\":\"2024-11-04T04:57:05+00:00\",\"breadcrumb\":{\"@id\":\"https:\\\/\\\/www.eldiario.net\\\/portal\\\/2024\\\/11\\\/04\\\/exynos-el-procesador-fabricado-por-samsung-para-brindar-un-mejor-rendimiento\\\/#breadcrumb\"},\"inLanguage\":\"es\",\"potentialAction\":[{\"@type\":\"ReadAction\",\"target\":[\"https:\\\/\\\/www.eldiario.net\\\/portal\\\/2024\\\/11\\\/04\\\/exynos-el-procesador-fabricado-por-samsung-para-brindar-un-mejor-rendimiento\\\/\"]}]},{\"@type\":\"ImageObject\",\"inLanguage\":\"es\",\"@id\":\"https:\\\/\\\/www.eldiario.net\\\/portal\\\/2024\\\/11\\\/04\\\/exynos-el-procesador-fabricado-por-samsung-para-brindar-un-mejor-rendimiento\\\/#primaryimage\",\"url\":\"https:\\\/\\\/www.eldiario.net\\\/portal\\\/wp-content\\\/uploads\\\/2024\\\/11\\\/3-A.jpg\",\"contentUrl\":\"https:\\\/\\\/www.eldiario.net\\\/portal\\\/wp-content\\\/uploads\\\/2024\\\/11\\\/3-A.jpg\",\"width\":1200,\"height\":726},{\"@type\":\"BreadcrumbList\",\"@id\":\"https:\\\/\\\/www.eldiario.net\\\/portal\\\/2024\\\/11\\\/04\\\/exynos-el-procesador-fabricado-por-samsung-para-brindar-un-mejor-rendimiento\\\/#breadcrumb\",\"itemListElement\":[{\"@type\":\"ListItem\",\"position\":1,\"name\":\"Portada\",\"item\":\"https:\\\/\\\/www.eldiario.net\\\/portal\\\/\"},{\"@type\":\"ListItem\",\"position\":2,\"name\":\"Exynos, el procesador fabricado por Samsung para brindar un mejor rendimiento\"}]},{\"@type\":\"WebSite\",\"@id\":\"https:\\\/\\\/www.eldiario.net\\\/portal\\\/#website\",\"url\":\"https:\\\/\\\/www.eldiario.net\\\/portal\\\/\",\"name\":\"El Diario - Decano de la prensa nacional\",\"description\":\"El Diario - Decano de la prensa nacional\",\"publisher\":{\"@id\":\"https:\\\/\\\/www.eldiario.net\\\/portal\\\/#organization\"},\"potentialAction\":[{\"@type\":\"SearchAction\",\"target\":{\"@type\":\"EntryPoint\",\"urlTemplate\":\"https:\\\/\\\/www.eldiario.net\\\/portal\\\/?s={search_term_string}\"},\"query-input\":{\"@type\":\"PropertyValueSpecification\",\"valueRequired\":true,\"valueName\":\"search_term_string\"}}],\"inLanguage\":\"es\"},{\"@type\":\"Organization\",\"@id\":\"https:\\\/\\\/www.eldiario.net\\\/portal\\\/#organization\",\"name\":\"El Diario - Decano de la prensa nacional\",\"url\":\"https:\\\/\\\/www.eldiario.net\\\/portal\\\/\",\"logo\":{\"@type\":\"ImageObject\",\"inLanguage\":\"es\",\"@id\":\"https:\\\/\\\/www.eldiario.net\\\/portal\\\/#\\\/schema\\\/logo\\\/image\\\/\",\"url\":\"https:\\\/\\\/www.eldiario.net\\\/portal\\\/wp-content\\\/uploads\\\/2023\\\/07\\\/logo_ED.jpg\",\"contentUrl\":\"https:\\\/\\\/www.eldiario.net\\\/portal\\\/wp-content\\\/uploads\\\/2023\\\/07\\\/logo_ED.jpg\",\"width\":272,\"height\":52,\"caption\":\"El Diario - Decano de la prensa nacional\"},\"image\":{\"@id\":\"https:\\\/\\\/www.eldiario.net\\\/portal\\\/#\\\/schema\\\/logo\\\/image\\\/\"},\"sameAs\":[\"https:\\\/\\\/www.facebook.com\\\/eldiario.bolivia\\\/\",\"https:\\\/\\\/x.com\\\/eldiario_net\"]},{\"@type\":\"Person\",\"@id\":\"https:\\\/\\\/www.eldiario.net\\\/portal\\\/#\\\/schema\\\/person\\\/f46445640444750d7d753ccd04ae01b7\",\"name\":\"Jeanette\",\"image\":{\"@type\":\"ImageObject\",\"inLanguage\":\"es\",\"@id\":\"https:\\\/\\\/secure.gravatar.com\\\/avatar\\\/3ea2118a5f7dad2b7138b1187a6b7ee55f160b9968b66013c3a3ef39dd7e5798?s=96&d=mm&r=g\",\"url\":\"https:\\\/\\\/secure.gravatar.com\\\/avatar\\\/3ea2118a5f7dad2b7138b1187a6b7ee55f160b9968b66013c3a3ef39dd7e5798?s=96&d=mm&r=g\",\"contentUrl\":\"https:\\\/\\\/secure.gravatar.com\\\/avatar\\\/3ea2118a5f7dad2b7138b1187a6b7ee55f160b9968b66013c3a3ef39dd7e5798?s=96&d=mm&r=g\",\"caption\":\"Jeanette\"},\"sameAs\":[\"https:\\\/\\\/www.eldiario.net\\\/portal\"],\"url\":\"https:\\\/\\\/www.eldiario.net\\\/portal\\\/author\\\/jeanette\\\/\"}]}<\/script>\n<!-- \/ Yoast SEO plugin. -->","yoast_head_json":{"title":"Exynos, el procesador fabricado por Samsung para brindar un mejor rendimiento - El Diario - Bolivia","robots":{"index":"index","follow":"follow","max-snippet":"max-snippet:-1","max-image-preview":"max-image-preview:large","max-video-preview":"max-video-preview:-1"},"canonical":"https:\/\/www.eldiario.net\/portal\/2024\/11\/04\/exynos-el-procesador-fabricado-por-samsung-para-brindar-un-mejor-rendimiento\/","og_locale":"es_ES","og_type":"article","og_title":"Exynos, el procesador fabricado por Samsung para brindar un mejor rendimiento - El Diario - Bolivia","og_description":"Octubre 2024. Samsung refuerza su liderazgo en innovaci\u00f3n tecnol\u00f3gica con la fabricaci\u00f3n de los procesadores Exynos, dise\u00f1ados para ofrecer un rendimiento superior en sus smartphones Galaxy. Estos procesadores est\u00e1n optimizados para maximizar la experiencia del usuario en videojuegos, conectividad, fotograf\u00eda y eficiencia energ\u00e9tica. \u201cEl procesador es fundamental para los fabricantes, ya que en un celular [&hellip;]","og_url":"https:\/\/www.eldiario.net\/portal\/2024\/11\/04\/exynos-el-procesador-fabricado-por-samsung-para-brindar-un-mejor-rendimiento\/","og_site_name":"El Diario - Bolivia","article_publisher":"https:\/\/www.facebook.com\/eldiario.bolivia\/","article_published_time":"2024-11-04T04:57:05+00:00","og_image":[{"width":1200,"height":726,"url":"https:\/\/www.eldiario.net\/portal\/wp-content\/uploads\/2024\/11\/3-A.jpg","type":"image\/jpeg"}],"author":"Jeanette","twitter_card":"summary_large_image","twitter_creator":"@eldiario_net","twitter_site":"@eldiario_net","twitter_misc":{"Escrito por":"Jeanette","Tiempo de lectura":"3 minutos"},"schema":{"@context":"https:\/\/schema.org","@graph":[{"@type":"Article","@id":"https:\/\/www.eldiario.net\/portal\/2024\/11\/04\/exynos-el-procesador-fabricado-por-samsung-para-brindar-un-mejor-rendimiento\/#article","isPartOf":{"@id":"https:\/\/www.eldiario.net\/portal\/2024\/11\/04\/exynos-el-procesador-fabricado-por-samsung-para-brindar-un-mejor-rendimiento\/"},"author":{"name":"Jeanette","@id":"https:\/\/www.eldiario.net\/portal\/#\/schema\/person\/f46445640444750d7d753ccd04ae01b7"},"headline":"Exynos, el procesador fabricado por Samsung para brindar un mejor rendimiento","datePublished":"2024-11-04T04:57:05+00:00","mainEntityOfPage":{"@id":"https:\/\/www.eldiario.net\/portal\/2024\/11\/04\/exynos-el-procesador-fabricado-por-samsung-para-brindar-un-mejor-rendimiento\/"},"wordCount":622,"publisher":{"@id":"https:\/\/www.eldiario.net\/portal\/#organization"},"image":{"@id":"https:\/\/www.eldiario.net\/portal\/2024\/11\/04\/exynos-el-procesador-fabricado-por-samsung-para-brindar-un-mejor-rendimiento\/#primaryimage"},"thumbnailUrl":"https:\/\/www.eldiario.net\/portal\/wp-content\/uploads\/2024\/11\/3-A.jpg","articleSection":["Ciencia y Computaci\u00f3n"],"inLanguage":"es"},{"@type":"WebPage","@id":"https:\/\/www.eldiario.net\/portal\/2024\/11\/04\/exynos-el-procesador-fabricado-por-samsung-para-brindar-un-mejor-rendimiento\/","url":"https:\/\/www.eldiario.net\/portal\/2024\/11\/04\/exynos-el-procesador-fabricado-por-samsung-para-brindar-un-mejor-rendimiento\/","name":"Exynos, el procesador fabricado por Samsung para brindar un mejor rendimiento - El Diario - Bolivia","isPartOf":{"@id":"https:\/\/www.eldiario.net\/portal\/#website"},"primaryImageOfPage":{"@id":"https:\/\/www.eldiario.net\/portal\/2024\/11\/04\/exynos-el-procesador-fabricado-por-samsung-para-brindar-un-mejor-rendimiento\/#primaryimage"},"image":{"@id":"https:\/\/www.eldiario.net\/portal\/2024\/11\/04\/exynos-el-procesador-fabricado-por-samsung-para-brindar-un-mejor-rendimiento\/#primaryimage"},"thumbnailUrl":"https:\/\/www.eldiario.net\/portal\/wp-content\/uploads\/2024\/11\/3-A.jpg","datePublished":"2024-11-04T04:57:05+00:00","breadcrumb":{"@id":"https:\/\/www.eldiario.net\/portal\/2024\/11\/04\/exynos-el-procesador-fabricado-por-samsung-para-brindar-un-mejor-rendimiento\/#breadcrumb"},"inLanguage":"es","potentialAction":[{"@type":"ReadAction","target":["https:\/\/www.eldiario.net\/portal\/2024\/11\/04\/exynos-el-procesador-fabricado-por-samsung-para-brindar-un-mejor-rendimiento\/"]}]},{"@type":"ImageObject","inLanguage":"es","@id":"https:\/\/www.eldiario.net\/portal\/2024\/11\/04\/exynos-el-procesador-fabricado-por-samsung-para-brindar-un-mejor-rendimiento\/#primaryimage","url":"https:\/\/www.eldiario.net\/portal\/wp-content\/uploads\/2024\/11\/3-A.jpg","contentUrl":"https:\/\/www.eldiario.net\/portal\/wp-content\/uploads\/2024\/11\/3-A.jpg","width":1200,"height":726},{"@type":"BreadcrumbList","@id":"https:\/\/www.eldiario.net\/portal\/2024\/11\/04\/exynos-el-procesador-fabricado-por-samsung-para-brindar-un-mejor-rendimiento\/#breadcrumb","itemListElement":[{"@type":"ListItem","position":1,"name":"Portada","item":"https:\/\/www.eldiario.net\/portal\/"},{"@type":"ListItem","position":2,"name":"Exynos, el procesador fabricado por Samsung para brindar un mejor rendimiento"}]},{"@type":"WebSite","@id":"https:\/\/www.eldiario.net\/portal\/#website","url":"https:\/\/www.eldiario.net\/portal\/","name":"El Diario - Decano de la prensa nacional","description":"El Diario - Decano de la prensa nacional","publisher":{"@id":"https:\/\/www.eldiario.net\/portal\/#organization"},"potentialAction":[{"@type":"SearchAction","target":{"@type":"EntryPoint","urlTemplate":"https:\/\/www.eldiario.net\/portal\/?s={search_term_string}"},"query-input":{"@type":"PropertyValueSpecification","valueRequired":true,"valueName":"search_term_string"}}],"inLanguage":"es"},{"@type":"Organization","@id":"https:\/\/www.eldiario.net\/portal\/#organization","name":"El Diario - Decano de la prensa nacional","url":"https:\/\/www.eldiario.net\/portal\/","logo":{"@type":"ImageObject","inLanguage":"es","@id":"https:\/\/www.eldiario.net\/portal\/#\/schema\/logo\/image\/","url":"https:\/\/www.eldiario.net\/portal\/wp-content\/uploads\/2023\/07\/logo_ED.jpg","contentUrl":"https:\/\/www.eldiario.net\/portal\/wp-content\/uploads\/2023\/07\/logo_ED.jpg","width":272,"height":52,"caption":"El Diario - Decano de la prensa nacional"},"image":{"@id":"https:\/\/www.eldiario.net\/portal\/#\/schema\/logo\/image\/"},"sameAs":["https:\/\/www.facebook.com\/eldiario.bolivia\/","https:\/\/x.com\/eldiario_net"]},{"@type":"Person","@id":"https:\/\/www.eldiario.net\/portal\/#\/schema\/person\/f46445640444750d7d753ccd04ae01b7","name":"Jeanette","image":{"@type":"ImageObject","inLanguage":"es","@id":"https:\/\/secure.gravatar.com\/avatar\/3ea2118a5f7dad2b7138b1187a6b7ee55f160b9968b66013c3a3ef39dd7e5798?s=96&d=mm&r=g","url":"https:\/\/secure.gravatar.com\/avatar\/3ea2118a5f7dad2b7138b1187a6b7ee55f160b9968b66013c3a3ef39dd7e5798?s=96&d=mm&r=g","contentUrl":"https:\/\/secure.gravatar.com\/avatar\/3ea2118a5f7dad2b7138b1187a6b7ee55f160b9968b66013c3a3ef39dd7e5798?s=96&d=mm&r=g","caption":"Jeanette"},"sameAs":["https:\/\/www.eldiario.net\/portal"],"url":"https:\/\/www.eldiario.net\/portal\/author\/jeanette\/"}]}},"_links":{"self":[{"href":"https:\/\/www.eldiario.net\/portal\/wp-json\/wp\/v2\/posts\/258566","targetHints":{"allow":["GET"]}}],"collection":[{"href":"https:\/\/www.eldiario.net\/portal\/wp-json\/wp\/v2\/posts"}],"about":[{"href":"https:\/\/www.eldiario.net\/portal\/wp-json\/wp\/v2\/types\/post"}],"author":[{"embeddable":true,"href":"https:\/\/www.eldiario.net\/portal\/wp-json\/wp\/v2\/users\/1"}],"replies":[{"embeddable":true,"href":"https:\/\/www.eldiario.net\/portal\/wp-json\/wp\/v2\/comments?post=258566"}],"version-history":[{"count":1,"href":"https:\/\/www.eldiario.net\/portal\/wp-json\/wp\/v2\/posts\/258566\/revisions"}],"predecessor-version":[{"id":258568,"href":"https:\/\/www.eldiario.net\/portal\/wp-json\/wp\/v2\/posts\/258566\/revisions\/258568"}],"wp:featuredmedia":[{"embeddable":true,"href":"https:\/\/www.eldiario.net\/portal\/wp-json\/wp\/v2\/media\/258567"}],"wp:attachment":[{"href":"https:\/\/www.eldiario.net\/portal\/wp-json\/wp\/v2\/media?parent=258566"}],"wp:term":[{"taxonomy":"category","embeddable":true,"href":"https:\/\/www.eldiario.net\/portal\/wp-json\/wp\/v2\/categories?post=258566"},{"taxonomy":"post_tag","embeddable":true,"href":"https:\/\/www.eldiario.net\/portal\/wp-json\/wp\/v2\/tags?post=258566"}],"curies":[{"name":"wp","href":"https:\/\/api.w.org\/{rel}","templated":true}]}}