{"id":258563,"date":"2024-11-04T00:56:23","date_gmt":"2024-11-04T04:56:23","guid":{"rendered":"https:\/\/www.eldiario.net\/portal\/?p=258563"},"modified":"2024-11-03T21:56:53","modified_gmt":"2024-11-04T01:56:53","slug":"apple-intelligence-la-ia-para-iphone-16-ya-disponible-con-ios-18-1-en-ee-uu","status":"publish","type":"post","link":"https:\/\/www.eldiario.net\/portal\/2024\/11\/04\/apple-intelligence-la-ia-para-iphone-16-ya-disponible-con-ios-18-1-en-ee-uu\/","title":{"rendered":"Apple Intelligence: la IA para iPhone 16 ya disponible con iOS 18.1 en EE.UU."},"content":{"rendered":"<p>Los smartphones han experimentado una notable evoluci\u00f3n en m\u00e1s de una d\u00e9cada. Comparar los dispositivos lanzados en 2007 y 2008 con los actuales revela cambios significativos. Tomemos como ejemplo la transici\u00f3n de un iPhone de primera generaci\u00f3n a un iPhone 16; el primero parece casi un juguete en comparaci\u00f3n. La diferencia es evidente en el dise\u00f1o, con pantallas mucho m\u00e1s grandes, bordes reducidos y, por supuesto, en el hardware y software. Finalmente, las funciones de inteligencia artificial prometidas para el iPhone 16 han llegado a EE.UU. con el lanzamiento de iOS 18.1, cumpliendo as\u00ed con las expectativas de Apple.<\/p>\n<p>Apple present\u00f3 los iPhone 16 en septiembre y, poco despu\u00e9s, comenzaron a aparecer rese\u00f1as y an\u00e1lisis en l\u00ednea sobre los nuevos modelos. Al observar estos resultados, notamos que los iPhone 16 son muy similares a los iPhone 15, aunque cuentan con el nuevo SoC A18, mejores temperaturas y, lo m\u00e1s destacado, capacidades de IA que no estaban disponibles en el lanzamiento. Hemos tenido que esperar aproximadamente un mes para disfrutar de las funciones de Apple Intelligence.<\/p>\n<p><strong>Novedades de Apple Intelligence con iOS 18.1<\/strong><\/p>\n<p>La compa\u00f1\u00eda de Cupertino ha anunciado oficialmente la llegada de Apple Intelligence a los iPhone 16 a trav\u00e9s de iOS 18.1. Tambi\u00e9n se lanzar\u00e1n actualizaciones para iPadOS 18.1 y macOS Sequoia 15.1, que incorporan funciones de IA en MacBook e iPad. Los modelos que m\u00e1s nos interesan son el iPhone 15 Pro\/Pro Max y el iPhone 16, ya que marcan el inicio de una nueva era de smartphones con IA que competir\u00e1n con Samsung y Google. Sin embargo, es importante tener en cuenta que estas son solo las primeras funciones de IA; se espera que lleguen m\u00e1s en los pr\u00f3ximos meses.<\/p>\n<p>Entre las nuevas funcionalidades de Apple Intelligence para iPhone, iPad y MacBook, destaca la capacidad de corregir y resumir textos en aplicaciones como Mensajes y Mail. Con la funci\u00f3n Rewrite, podr\u00e1s elegir entre diferentes versiones y correcciones del texto, adaptadas a un tono profesional o casual seg\u00fan el destinatario. Proofread revisar\u00e1 tus escritos y corregir\u00e1 errores ortogr\u00e1ficos, mientras que Summarize generar\u00e1 res\u00famenes del texto seleccionado.<\/p>\n<p>Otra funci\u00f3n destacada de Apple Intelligence es la evoluci\u00f3n de Siri. Ahora ofrece respuestas m\u00e1s naturales y completas, adem\u00e1s de un nuevo dise\u00f1o con un borde luminoso cuando est\u00e1 activa. La conversaci\u00f3n se mantendr\u00e1 durante toda la sesi\u00f3n, permiti\u00e9ndote interactuar sin interrupciones. Siri tambi\u00e9n ha mejorado su capacidad de comprensi\u00f3n, permiti\u00e9ndole entender errores o confusiones en tus preguntas, e incluso podr\u00e1s consultarle sobre las funciones de IA disponibles.<\/p>\n<p>Pasamos a la siguiente mejora con IA y esta vez es para la app de\u00a0Fotos.\u00a0Esta nos permitir\u00e1 buscar im\u00e1genes describi\u00e9ndolas a la IA y tendremos la funci\u00f3n de\u00a0Clean Up\u00a0para eliminar distracciones de las fotos y Memory para poder crear pel\u00edculas escribiendo que es lo que queremos. La IA se encargar\u00e1 de resumir notificaciones y reducirlas, para poder mantenernos m\u00e1s atentos. Con\u00a0Smart Reply en Mail y Mensajes\u00a0podremos escribir r\u00e1pidamente con respuestas ya definidas y se priorizar\u00e1n aquellos mensajes m\u00e1s importantes.<\/p>\n<p>Tambi\u00e9n se usar\u00e1 la IA para grabar llamadas y transcribirlas en la app de Notas. Todo esto ha llegado con iOS 18.1 a usuarios de EE.UU. y a\u00fan quedan novedades que llegar\u00e1n en diciembre y meses posteriores. Ahora bien todo esto ser\u00e1 para los estadounidenses, pues en la\u00a0UE no vamos a tener estas funciones de IA en iPhone y iPad hasta abril, lo cual nos permite descartar ese rumor de que podr\u00edan no llegar debido a las leyes. Ahora bien si no quieres esperar hasta ese momento, puedes empezar con algunas de ellas que si est\u00e1n disponibles en macOS Sequoia 15.1.<\/p>\n<p>&nbsp;<\/p>\n","protected":false},"excerpt":{"rendered":"<p>Los smartphones han experimentado una notable evoluci\u00f3n en m\u00e1s de una d\u00e9cada. Comparar los dispositivos lanzados en 2007 y 2008 con los actuales revela cambios significativos. Tomemos como ejemplo la transici\u00f3n de un iPhone de primera generaci\u00f3n a un iPhone 16; el primero parece casi un juguete en comparaci\u00f3n. La diferencia es evidente en el [&hellip;]<\/p>\n","protected":false},"author":1,"featured_media":258564,"comment_status":"closed","ping_status":"open","sticky":false,"template":"","format":"standard","meta":{"_acf_changed":false,"footnotes":""},"categories":[46],"tags":[],"class_list":["post-258563","post","type-post","status-publish","format-standard","has-post-thumbnail","category-ciencia-computacion"],"acf":{"antetitulo":""},"yoast_head":"<!-- This site is optimized with the Yoast SEO plugin v28.3 - https:\/\/yoast.com\/product\/yoast-seo-wordpress\/ -->\n<title>Apple Intelligence: la IA para iPhone 16 ya disponible con iOS 18.1 en EE.UU. - El Diario - Bolivia<\/title>\n<meta name=\"robots\" content=\"index, follow, max-snippet:-1, max-image-preview:large, max-video-preview:-1\" \/>\n<link rel=\"canonical\" href=\"https:\/\/www.eldiario.net\/portal\/2024\/11\/04\/apple-intelligence-la-ia-para-iphone-16-ya-disponible-con-ios-18-1-en-ee-uu\/\" \/>\n<meta property=\"og:locale\" content=\"es_ES\" \/>\n<meta property=\"og:type\" content=\"article\" \/>\n<meta property=\"og:title\" content=\"Apple Intelligence: la IA para iPhone 16 ya disponible con iOS 18.1 en EE.UU. - El Diario - Bolivia\" \/>\n<meta property=\"og:description\" content=\"Los smartphones han experimentado una notable evoluci\u00f3n en m\u00e1s de una d\u00e9cada. Comparar los dispositivos lanzados en 2007 y 2008 con los actuales revela cambios significativos. Tomemos como ejemplo la transici\u00f3n de un iPhone de primera generaci\u00f3n a un iPhone 16; el primero parece casi un juguete en comparaci\u00f3n. La diferencia es evidente en el [&hellip;]\" \/>\n<meta property=\"og:url\" content=\"https:\/\/www.eldiario.net\/portal\/2024\/11\/04\/apple-intelligence-la-ia-para-iphone-16-ya-disponible-con-ios-18-1-en-ee-uu\/\" \/>\n<meta property=\"og:site_name\" content=\"El Diario - Bolivia\" \/>\n<meta property=\"article:publisher\" content=\"https:\/\/www.facebook.com\/eldiario.bolivia\/\" \/>\n<meta property=\"article:published_time\" content=\"2024-11-04T04:56:23+00:00\" \/>\n<meta property=\"og:image\" content=\"https:\/\/www.eldiario.net\/portal\/wp-content\/uploads\/2024\/11\/3-B.jpg\" \/>\n\t<meta property=\"og:image:width\" content=\"1041\" \/>\n\t<meta property=\"og:image:height\" content=\"595\" \/>\n\t<meta property=\"og:image:type\" content=\"image\/jpeg\" \/>\n<meta name=\"author\" content=\"Jeanette\" \/>\n<meta name=\"twitter:card\" content=\"summary_large_image\" \/>\n<meta name=\"twitter:creator\" content=\"@eldiario_net\" \/>\n<meta name=\"twitter:site\" content=\"@eldiario_net\" \/>\n<meta name=\"twitter:label1\" content=\"Escrito por\" \/>\n\t<meta name=\"twitter:data1\" content=\"Jeanette\" \/>\n\t<meta name=\"twitter:label2\" content=\"Tiempo de lectura\" \/>\n\t<meta name=\"twitter:data2\" content=\"3 minutos\" \/>\n<script type=\"application\/ld+json\" class=\"yoast-schema-graph\">{\"@context\":\"https:\\\/\\\/schema.org\",\"@graph\":[{\"@type\":\"Article\",\"@id\":\"https:\\\/\\\/www.eldiario.net\\\/portal\\\/2024\\\/11\\\/04\\\/apple-intelligence-la-ia-para-iphone-16-ya-disponible-con-ios-18-1-en-ee-uu\\\/#article\",\"isPartOf\":{\"@id\":\"https:\\\/\\\/www.eldiario.net\\\/portal\\\/2024\\\/11\\\/04\\\/apple-intelligence-la-ia-para-iphone-16-ya-disponible-con-ios-18-1-en-ee-uu\\\/\"},\"author\":{\"name\":\"Jeanette\",\"@id\":\"https:\\\/\\\/www.eldiario.net\\\/portal\\\/#\\\/schema\\\/person\\\/f46445640444750d7d753ccd04ae01b7\"},\"headline\":\"Apple Intelligence: la IA para iPhone 16 ya disponible con iOS 18.1 en EE.UU.\",\"datePublished\":\"2024-11-04T04:56:23+00:00\",\"mainEntityOfPage\":{\"@id\":\"https:\\\/\\\/www.eldiario.net\\\/portal\\\/2024\\\/11\\\/04\\\/apple-intelligence-la-ia-para-iphone-16-ya-disponible-con-ios-18-1-en-ee-uu\\\/\"},\"wordCount\":654,\"publisher\":{\"@id\":\"https:\\\/\\\/www.eldiario.net\\\/portal\\\/#organization\"},\"image\":{\"@id\":\"https:\\\/\\\/www.eldiario.net\\\/portal\\\/2024\\\/11\\\/04\\\/apple-intelligence-la-ia-para-iphone-16-ya-disponible-con-ios-18-1-en-ee-uu\\\/#primaryimage\"},\"thumbnailUrl\":\"https:\\\/\\\/www.eldiario.net\\\/portal\\\/wp-content\\\/uploads\\\/2024\\\/11\\\/3-B.jpg\",\"articleSection\":[\"Ciencia y Computaci\u00f3n\"],\"inLanguage\":\"es\"},{\"@type\":\"WebPage\",\"@id\":\"https:\\\/\\\/www.eldiario.net\\\/portal\\\/2024\\\/11\\\/04\\\/apple-intelligence-la-ia-para-iphone-16-ya-disponible-con-ios-18-1-en-ee-uu\\\/\",\"url\":\"https:\\\/\\\/www.eldiario.net\\\/portal\\\/2024\\\/11\\\/04\\\/apple-intelligence-la-ia-para-iphone-16-ya-disponible-con-ios-18-1-en-ee-uu\\\/\",\"name\":\"Apple Intelligence: la IA para iPhone 16 ya disponible con iOS 18.1 en EE.UU. - El Diario - Bolivia\",\"isPartOf\":{\"@id\":\"https:\\\/\\\/www.eldiario.net\\\/portal\\\/#website\"},\"primaryImageOfPage\":{\"@id\":\"https:\\\/\\\/www.eldiario.net\\\/portal\\\/2024\\\/11\\\/04\\\/apple-intelligence-la-ia-para-iphone-16-ya-disponible-con-ios-18-1-en-ee-uu\\\/#primaryimage\"},\"image\":{\"@id\":\"https:\\\/\\\/www.eldiario.net\\\/portal\\\/2024\\\/11\\\/04\\\/apple-intelligence-la-ia-para-iphone-16-ya-disponible-con-ios-18-1-en-ee-uu\\\/#primaryimage\"},\"thumbnailUrl\":\"https:\\\/\\\/www.eldiario.net\\\/portal\\\/wp-content\\\/uploads\\\/2024\\\/11\\\/3-B.jpg\",\"datePublished\":\"2024-11-04T04:56:23+00:00\",\"breadcrumb\":{\"@id\":\"https:\\\/\\\/www.eldiario.net\\\/portal\\\/2024\\\/11\\\/04\\\/apple-intelligence-la-ia-para-iphone-16-ya-disponible-con-ios-18-1-en-ee-uu\\\/#breadcrumb\"},\"inLanguage\":\"es\",\"potentialAction\":[{\"@type\":\"ReadAction\",\"target\":[\"https:\\\/\\\/www.eldiario.net\\\/portal\\\/2024\\\/11\\\/04\\\/apple-intelligence-la-ia-para-iphone-16-ya-disponible-con-ios-18-1-en-ee-uu\\\/\"]}]},{\"@type\":\"ImageObject\",\"inLanguage\":\"es\",\"@id\":\"https:\\\/\\\/www.eldiario.net\\\/portal\\\/2024\\\/11\\\/04\\\/apple-intelligence-la-ia-para-iphone-16-ya-disponible-con-ios-18-1-en-ee-uu\\\/#primaryimage\",\"url\":\"https:\\\/\\\/www.eldiario.net\\\/portal\\\/wp-content\\\/uploads\\\/2024\\\/11\\\/3-B.jpg\",\"contentUrl\":\"https:\\\/\\\/www.eldiario.net\\\/portal\\\/wp-content\\\/uploads\\\/2024\\\/11\\\/3-B.jpg\",\"width\":1041,\"height\":595},{\"@type\":\"BreadcrumbList\",\"@id\":\"https:\\\/\\\/www.eldiario.net\\\/portal\\\/2024\\\/11\\\/04\\\/apple-intelligence-la-ia-para-iphone-16-ya-disponible-con-ios-18-1-en-ee-uu\\\/#breadcrumb\",\"itemListElement\":[{\"@type\":\"ListItem\",\"position\":1,\"name\":\"Portada\",\"item\":\"https:\\\/\\\/www.eldiario.net\\\/portal\\\/\"},{\"@type\":\"ListItem\",\"position\":2,\"name\":\"Apple Intelligence: la IA para iPhone 16 ya disponible con iOS 18.1 en EE.UU.\"}]},{\"@type\":\"WebSite\",\"@id\":\"https:\\\/\\\/www.eldiario.net\\\/portal\\\/#website\",\"url\":\"https:\\\/\\\/www.eldiario.net\\\/portal\\\/\",\"name\":\"El Diario - Decano de la prensa nacional\",\"description\":\"El Diario - Decano de la prensa nacional\",\"publisher\":{\"@id\":\"https:\\\/\\\/www.eldiario.net\\\/portal\\\/#organization\"},\"potentialAction\":[{\"@type\":\"SearchAction\",\"target\":{\"@type\":\"EntryPoint\",\"urlTemplate\":\"https:\\\/\\\/www.eldiario.net\\\/portal\\\/?s={search_term_string}\"},\"query-input\":{\"@type\":\"PropertyValueSpecification\",\"valueRequired\":true,\"valueName\":\"search_term_string\"}}],\"inLanguage\":\"es\"},{\"@type\":\"Organization\",\"@id\":\"https:\\\/\\\/www.eldiario.net\\\/portal\\\/#organization\",\"name\":\"El Diario - Decano de la prensa nacional\",\"url\":\"https:\\\/\\\/www.eldiario.net\\\/portal\\\/\",\"logo\":{\"@type\":\"ImageObject\",\"inLanguage\":\"es\",\"@id\":\"https:\\\/\\\/www.eldiario.net\\\/portal\\\/#\\\/schema\\\/logo\\\/image\\\/\",\"url\":\"https:\\\/\\\/www.eldiario.net\\\/portal\\\/wp-content\\\/uploads\\\/2023\\\/07\\\/logo_ED.jpg\",\"contentUrl\":\"https:\\\/\\\/www.eldiario.net\\\/portal\\\/wp-content\\\/uploads\\\/2023\\\/07\\\/logo_ED.jpg\",\"width\":272,\"height\":52,\"caption\":\"El Diario - Decano de la prensa nacional\"},\"image\":{\"@id\":\"https:\\\/\\\/www.eldiario.net\\\/portal\\\/#\\\/schema\\\/logo\\\/image\\\/\"},\"sameAs\":[\"https:\\\/\\\/www.facebook.com\\\/eldiario.bolivia\\\/\",\"https:\\\/\\\/x.com\\\/eldiario_net\"]},{\"@type\":\"Person\",\"@id\":\"https:\\\/\\\/www.eldiario.net\\\/portal\\\/#\\\/schema\\\/person\\\/f46445640444750d7d753ccd04ae01b7\",\"name\":\"Jeanette\",\"image\":{\"@type\":\"ImageObject\",\"inLanguage\":\"es\",\"@id\":\"https:\\\/\\\/secure.gravatar.com\\\/avatar\\\/3ea2118a5f7dad2b7138b1187a6b7ee55f160b9968b66013c3a3ef39dd7e5798?s=96&d=mm&r=g\",\"url\":\"https:\\\/\\\/secure.gravatar.com\\\/avatar\\\/3ea2118a5f7dad2b7138b1187a6b7ee55f160b9968b66013c3a3ef39dd7e5798?s=96&d=mm&r=g\",\"contentUrl\":\"https:\\\/\\\/secure.gravatar.com\\\/avatar\\\/3ea2118a5f7dad2b7138b1187a6b7ee55f160b9968b66013c3a3ef39dd7e5798?s=96&d=mm&r=g\",\"caption\":\"Jeanette\"},\"sameAs\":[\"https:\\\/\\\/www.eldiario.net\\\/portal\"],\"url\":\"https:\\\/\\\/www.eldiario.net\\\/portal\\\/author\\\/jeanette\\\/\"}]}<\/script>\n<!-- \/ Yoast SEO plugin. -->","yoast_head_json":{"title":"Apple Intelligence: la IA para iPhone 16 ya disponible con iOS 18.1 en EE.UU. - El Diario - Bolivia","robots":{"index":"index","follow":"follow","max-snippet":"max-snippet:-1","max-image-preview":"max-image-preview:large","max-video-preview":"max-video-preview:-1"},"canonical":"https:\/\/www.eldiario.net\/portal\/2024\/11\/04\/apple-intelligence-la-ia-para-iphone-16-ya-disponible-con-ios-18-1-en-ee-uu\/","og_locale":"es_ES","og_type":"article","og_title":"Apple Intelligence: la IA para iPhone 16 ya disponible con iOS 18.1 en EE.UU. - El Diario - Bolivia","og_description":"Los smartphones han experimentado una notable evoluci\u00f3n en m\u00e1s de una d\u00e9cada. Comparar los dispositivos lanzados en 2007 y 2008 con los actuales revela cambios significativos. Tomemos como ejemplo la transici\u00f3n de un iPhone de primera generaci\u00f3n a un iPhone 16; el primero parece casi un juguete en comparaci\u00f3n. La diferencia es evidente en el [&hellip;]","og_url":"https:\/\/www.eldiario.net\/portal\/2024\/11\/04\/apple-intelligence-la-ia-para-iphone-16-ya-disponible-con-ios-18-1-en-ee-uu\/","og_site_name":"El Diario - Bolivia","article_publisher":"https:\/\/www.facebook.com\/eldiario.bolivia\/","article_published_time":"2024-11-04T04:56:23+00:00","og_image":[{"width":1041,"height":595,"url":"https:\/\/www.eldiario.net\/portal\/wp-content\/uploads\/2024\/11\/3-B.jpg","type":"image\/jpeg"}],"author":"Jeanette","twitter_card":"summary_large_image","twitter_creator":"@eldiario_net","twitter_site":"@eldiario_net","twitter_misc":{"Escrito por":"Jeanette","Tiempo de lectura":"3 minutos"},"schema":{"@context":"https:\/\/schema.org","@graph":[{"@type":"Article","@id":"https:\/\/www.eldiario.net\/portal\/2024\/11\/04\/apple-intelligence-la-ia-para-iphone-16-ya-disponible-con-ios-18-1-en-ee-uu\/#article","isPartOf":{"@id":"https:\/\/www.eldiario.net\/portal\/2024\/11\/04\/apple-intelligence-la-ia-para-iphone-16-ya-disponible-con-ios-18-1-en-ee-uu\/"},"author":{"name":"Jeanette","@id":"https:\/\/www.eldiario.net\/portal\/#\/schema\/person\/f46445640444750d7d753ccd04ae01b7"},"headline":"Apple Intelligence: la IA para iPhone 16 ya disponible con iOS 18.1 en EE.UU.","datePublished":"2024-11-04T04:56:23+00:00","mainEntityOfPage":{"@id":"https:\/\/www.eldiario.net\/portal\/2024\/11\/04\/apple-intelligence-la-ia-para-iphone-16-ya-disponible-con-ios-18-1-en-ee-uu\/"},"wordCount":654,"publisher":{"@id":"https:\/\/www.eldiario.net\/portal\/#organization"},"image":{"@id":"https:\/\/www.eldiario.net\/portal\/2024\/11\/04\/apple-intelligence-la-ia-para-iphone-16-ya-disponible-con-ios-18-1-en-ee-uu\/#primaryimage"},"thumbnailUrl":"https:\/\/www.eldiario.net\/portal\/wp-content\/uploads\/2024\/11\/3-B.jpg","articleSection":["Ciencia y Computaci\u00f3n"],"inLanguage":"es"},{"@type":"WebPage","@id":"https:\/\/www.eldiario.net\/portal\/2024\/11\/04\/apple-intelligence-la-ia-para-iphone-16-ya-disponible-con-ios-18-1-en-ee-uu\/","url":"https:\/\/www.eldiario.net\/portal\/2024\/11\/04\/apple-intelligence-la-ia-para-iphone-16-ya-disponible-con-ios-18-1-en-ee-uu\/","name":"Apple Intelligence: la IA para iPhone 16 ya disponible con iOS 18.1 en EE.UU. - El Diario - Bolivia","isPartOf":{"@id":"https:\/\/www.eldiario.net\/portal\/#website"},"primaryImageOfPage":{"@id":"https:\/\/www.eldiario.net\/portal\/2024\/11\/04\/apple-intelligence-la-ia-para-iphone-16-ya-disponible-con-ios-18-1-en-ee-uu\/#primaryimage"},"image":{"@id":"https:\/\/www.eldiario.net\/portal\/2024\/11\/04\/apple-intelligence-la-ia-para-iphone-16-ya-disponible-con-ios-18-1-en-ee-uu\/#primaryimage"},"thumbnailUrl":"https:\/\/www.eldiario.net\/portal\/wp-content\/uploads\/2024\/11\/3-B.jpg","datePublished":"2024-11-04T04:56:23+00:00","breadcrumb":{"@id":"https:\/\/www.eldiario.net\/portal\/2024\/11\/04\/apple-intelligence-la-ia-para-iphone-16-ya-disponible-con-ios-18-1-en-ee-uu\/#breadcrumb"},"inLanguage":"es","potentialAction":[{"@type":"ReadAction","target":["https:\/\/www.eldiario.net\/portal\/2024\/11\/04\/apple-intelligence-la-ia-para-iphone-16-ya-disponible-con-ios-18-1-en-ee-uu\/"]}]},{"@type":"ImageObject","inLanguage":"es","@id":"https:\/\/www.eldiario.net\/portal\/2024\/11\/04\/apple-intelligence-la-ia-para-iphone-16-ya-disponible-con-ios-18-1-en-ee-uu\/#primaryimage","url":"https:\/\/www.eldiario.net\/portal\/wp-content\/uploads\/2024\/11\/3-B.jpg","contentUrl":"https:\/\/www.eldiario.net\/portal\/wp-content\/uploads\/2024\/11\/3-B.jpg","width":1041,"height":595},{"@type":"BreadcrumbList","@id":"https:\/\/www.eldiario.net\/portal\/2024\/11\/04\/apple-intelligence-la-ia-para-iphone-16-ya-disponible-con-ios-18-1-en-ee-uu\/#breadcrumb","itemListElement":[{"@type":"ListItem","position":1,"name":"Portada","item":"https:\/\/www.eldiario.net\/portal\/"},{"@type":"ListItem","position":2,"name":"Apple Intelligence: la IA para iPhone 16 ya disponible con iOS 18.1 en EE.UU."}]},{"@type":"WebSite","@id":"https:\/\/www.eldiario.net\/portal\/#website","url":"https:\/\/www.eldiario.net\/portal\/","name":"El Diario - Decano de la prensa nacional","description":"El Diario - Decano de la prensa nacional","publisher":{"@id":"https:\/\/www.eldiario.net\/portal\/#organization"},"potentialAction":[{"@type":"SearchAction","target":{"@type":"EntryPoint","urlTemplate":"https:\/\/www.eldiario.net\/portal\/?s={search_term_string}"},"query-input":{"@type":"PropertyValueSpecification","valueRequired":true,"valueName":"search_term_string"}}],"inLanguage":"es"},{"@type":"Organization","@id":"https:\/\/www.eldiario.net\/portal\/#organization","name":"El Diario - Decano de la prensa nacional","url":"https:\/\/www.eldiario.net\/portal\/","logo":{"@type":"ImageObject","inLanguage":"es","@id":"https:\/\/www.eldiario.net\/portal\/#\/schema\/logo\/image\/","url":"https:\/\/www.eldiario.net\/portal\/wp-content\/uploads\/2023\/07\/logo_ED.jpg","contentUrl":"https:\/\/www.eldiario.net\/portal\/wp-content\/uploads\/2023\/07\/logo_ED.jpg","width":272,"height":52,"caption":"El Diario - Decano de la prensa nacional"},"image":{"@id":"https:\/\/www.eldiario.net\/portal\/#\/schema\/logo\/image\/"},"sameAs":["https:\/\/www.facebook.com\/eldiario.bolivia\/","https:\/\/x.com\/eldiario_net"]},{"@type":"Person","@id":"https:\/\/www.eldiario.net\/portal\/#\/schema\/person\/f46445640444750d7d753ccd04ae01b7","name":"Jeanette","image":{"@type":"ImageObject","inLanguage":"es","@id":"https:\/\/secure.gravatar.com\/avatar\/3ea2118a5f7dad2b7138b1187a6b7ee55f160b9968b66013c3a3ef39dd7e5798?s=96&d=mm&r=g","url":"https:\/\/secure.gravatar.com\/avatar\/3ea2118a5f7dad2b7138b1187a6b7ee55f160b9968b66013c3a3ef39dd7e5798?s=96&d=mm&r=g","contentUrl":"https:\/\/secure.gravatar.com\/avatar\/3ea2118a5f7dad2b7138b1187a6b7ee55f160b9968b66013c3a3ef39dd7e5798?s=96&d=mm&r=g","caption":"Jeanette"},"sameAs":["https:\/\/www.eldiario.net\/portal"],"url":"https:\/\/www.eldiario.net\/portal\/author\/jeanette\/"}]}},"_links":{"self":[{"href":"https:\/\/www.eldiario.net\/portal\/wp-json\/wp\/v2\/posts\/258563","targetHints":{"allow":["GET"]}}],"collection":[{"href":"https:\/\/www.eldiario.net\/portal\/wp-json\/wp\/v2\/posts"}],"about":[{"href":"https:\/\/www.eldiario.net\/portal\/wp-json\/wp\/v2\/types\/post"}],"author":[{"embeddable":true,"href":"https:\/\/www.eldiario.net\/portal\/wp-json\/wp\/v2\/users\/1"}],"replies":[{"embeddable":true,"href":"https:\/\/www.eldiario.net\/portal\/wp-json\/wp\/v2\/comments?post=258563"}],"version-history":[{"count":1,"href":"https:\/\/www.eldiario.net\/portal\/wp-json\/wp\/v2\/posts\/258563\/revisions"}],"predecessor-version":[{"id":258565,"href":"https:\/\/www.eldiario.net\/portal\/wp-json\/wp\/v2\/posts\/258563\/revisions\/258565"}],"wp:featuredmedia":[{"embeddable":true,"href":"https:\/\/www.eldiario.net\/portal\/wp-json\/wp\/v2\/media\/258564"}],"wp:attachment":[{"href":"https:\/\/www.eldiario.net\/portal\/wp-json\/wp\/v2\/media?parent=258563"}],"wp:term":[{"taxonomy":"category","embeddable":true,"href":"https:\/\/www.eldiario.net\/portal\/wp-json\/wp\/v2\/categories?post=258563"},{"taxonomy":"post_tag","embeddable":true,"href":"https:\/\/www.eldiario.net\/portal\/wp-json\/wp\/v2\/tags?post=258563"}],"curies":[{"name":"wp","href":"https:\/\/api.w.org\/{rel}","templated":true}]}}