{"id":258260,"date":"2024-11-02T06:49:58","date_gmt":"2024-11-02T10:49:58","guid":{"rendered":"https:\/\/www.eldiario.net\/portal\/?p=258260"},"modified":"2024-11-02T06:49:58","modified_gmt":"2024-11-02T10:49:58","slug":"fiestas-panamenas-con-nutrida-agenda-cultural","status":"publish","type":"post","link":"https:\/\/www.eldiario.net\/portal\/2024\/11\/02\/fiestas-panamenas-con-nutrida-agenda-cultural\/","title":{"rendered":"Fiestas paname\u00f1as con nutrida agenda cultural"},"content":{"rendered":"<p>La Embajada de Panam\u00e1 en Bolivia ha organizado una serie de actividades culturales con el fin de compartir y festejar con los paname\u00f1os residentes y el p\u00fablico boliviano los 121 a\u00f1os de vida republicana.<br \/>\nLas actividades organizadas cuentan con el apoyo del sector p\u00fablico y privado de Bolivia, lo cual demuestra la s\u00f3lida relaci\u00f3n existente entre Panam\u00e1 y Bolivia.<br \/>\nLas actividades iniciar\u00e1n este 3 de noviembre con la iluminaci\u00f3n de las ciudades de La Paz y Santa Cruz de la Sierra, donde el PH Green Tower, puente Trillizos, teatro municipal Alberto Saavedra P\u00e9rez, as\u00ed como la sede de la Misi\u00f3n Diplom\u00e1tica lucir\u00e1n los colores rojo, blanco y azul de la ense\u00f1a paname\u00f1a.<br \/>\nEl 5 de noviembre, d\u00eda que se conmemora la consolidaci\u00f3n de la separaci\u00f3n de Panam\u00e1 de Colombia, en 1903, se inaugurar\u00e1 la Muestra de Cine Paname\u00f1o 2.0, en los Martes de Cine del Centro Cultural de Espa\u00f1a en La Paz. La muestra cinematogr\u00e1fica gratuita contar\u00e1 con proyecciones todos los martes de noviembre (5, 12, 19 y 26) con pel\u00edculas que contribuir\u00e1n a conocer y comprender mejor la cultura paname\u00f1a entre deporte, arte, reivindicaciones sociales por la consolidaci\u00f3n de la democracia y m\u00fasica.<br \/>\nComo si fuera poco, el 21 de noviembre, los pace\u00f1os tendr\u00e1n la oportunidad de disfrutar de los \u201cSabores Paname\u00f1os\u201d en La Cr\u00eaperie, localizado en la zona sur. Durante la actividad, los comensales podr\u00e1n disfrutar algunas recetas seleccionadas de la gastronom\u00eda canalera. La Embajada recomienda realizar reservaciones al tel\u00e9fono 76786686.<br \/>\nLa agenda cultural culminar\u00e1 el 28 de noviembre en plaza Murillo, donde se realizar\u00e1 la entrega de una ofrenda floral ante el monumento de Pedro Domingo Murillo, como homenaje que reconoce la lucha de todos los revolucionarios que hicieron frente durante las revoluciones hispanoamericanas. En esta fecha, se celebrar\u00e1 los 203 a\u00f1os de la Independencia de Panam\u00e1 de Espa\u00f1a, fecha que puso fin a los tres siglos de vida colonial.<br \/>\nPara conocer la agenda completa de actividades o consultas, podr\u00e1n seguir las redes sociales de la Embajada de Panam\u00e1 en Bolivia o comunicar a trav\u00e9s del correo: embpanamabolivia@mire.gob.pa y tel\u00e9fono 2-797290.<\/p>\n","protected":false},"excerpt":{"rendered":"<p>La Embajada de Panam\u00e1 en Bolivia ha organizado una serie de actividades culturales con el fin de compartir y festejar con los paname\u00f1os residentes y el p\u00fablico boliviano los 121 a\u00f1os de vida republicana. Las actividades organizadas cuentan con el apoyo del sector p\u00fablico y privado de Bolivia, lo cual demuestra la s\u00f3lida relaci\u00f3n existente [&hellip;]<\/p>\n","protected":false},"author":1,"featured_media":258261,"comment_status":"closed","ping_status":"open","sticky":false,"template":"","format":"standard","meta":{"_acf_changed":false,"footnotes":""},"categories":[8],"tags":[],"class_list":["post-258260","post","type-post","status-publish","format-standard","has-post-thumbnail","category-cultural"],"acf":{"antetitulo":"121 a\u00f1os de vida republicana"},"yoast_head":"<!-- This site is optimized with the Yoast SEO plugin v28.3 - https:\/\/yoast.com\/product\/yoast-seo-wordpress\/ -->\n<title>Fiestas paname\u00f1as con nutrida agenda cultural - El Diario - Bolivia<\/title>\n<meta name=\"robots\" content=\"index, follow, max-snippet:-1, max-image-preview:large, max-video-preview:-1\" \/>\n<link rel=\"canonical\" href=\"https:\/\/www.eldiario.net\/portal\/2024\/11\/02\/fiestas-panamenas-con-nutrida-agenda-cultural\/\" \/>\n<meta property=\"og:locale\" content=\"es_ES\" \/>\n<meta property=\"og:type\" content=\"article\" \/>\n<meta property=\"og:title\" content=\"Fiestas paname\u00f1as con nutrida agenda cultural - El Diario - Bolivia\" \/>\n<meta property=\"og:description\" content=\"La Embajada de Panam\u00e1 en Bolivia ha organizado una serie de actividades culturales con el fin de compartir y festejar con los paname\u00f1os residentes y el p\u00fablico boliviano los 121 a\u00f1os de vida republicana. Las actividades organizadas cuentan con el apoyo del sector p\u00fablico y privado de Bolivia, lo cual demuestra la s\u00f3lida relaci\u00f3n existente [&hellip;]\" \/>\n<meta property=\"og:url\" content=\"https:\/\/www.eldiario.net\/portal\/2024\/11\/02\/fiestas-panamenas-con-nutrida-agenda-cultural\/\" \/>\n<meta property=\"og:site_name\" content=\"El Diario - Bolivia\" \/>\n<meta property=\"article:publisher\" content=\"https:\/\/www.facebook.com\/eldiario.bolivia\/\" \/>\n<meta property=\"article:published_time\" content=\"2024-11-02T10:49:58+00:00\" \/>\n<meta property=\"og:image\" content=\"https:\/\/www.eldiario.net\/portal\/wp-content\/uploads\/2024\/11\/CINE.jpg\" \/>\n\t<meta property=\"og:image:width\" content=\"896\" \/>\n\t<meta property=\"og:image:height\" content=\"780\" \/>\n\t<meta property=\"og:image:type\" content=\"image\/jpeg\" \/>\n<meta name=\"author\" content=\"Jeanette\" \/>\n<meta name=\"twitter:card\" content=\"summary_large_image\" \/>\n<meta name=\"twitter:creator\" content=\"@eldiario_net\" \/>\n<meta name=\"twitter:site\" content=\"@eldiario_net\" \/>\n<meta name=\"twitter:label1\" content=\"Escrito por\" \/>\n\t<meta name=\"twitter:data1\" content=\"Jeanette\" \/>\n\t<meta name=\"twitter:label2\" content=\"Tiempo de lectura\" \/>\n\t<meta name=\"twitter:data2\" content=\"2 minutos\" \/>\n<script type=\"application\/ld+json\" class=\"yoast-schema-graph\">{\"@context\":\"https:\\\/\\\/schema.org\",\"@graph\":[{\"@type\":\"Article\",\"@id\":\"https:\\\/\\\/www.eldiario.net\\\/portal\\\/2024\\\/11\\\/02\\\/fiestas-panamenas-con-nutrida-agenda-cultural\\\/#article\",\"isPartOf\":{\"@id\":\"https:\\\/\\\/www.eldiario.net\\\/portal\\\/2024\\\/11\\\/02\\\/fiestas-panamenas-con-nutrida-agenda-cultural\\\/\"},\"author\":{\"name\":\"Jeanette\",\"@id\":\"https:\\\/\\\/www.eldiario.net\\\/portal\\\/#\\\/schema\\\/person\\\/f46445640444750d7d753ccd04ae01b7\"},\"headline\":\"Fiestas paname\u00f1as con nutrida agenda cultural\",\"datePublished\":\"2024-11-02T10:49:58+00:00\",\"mainEntityOfPage\":{\"@id\":\"https:\\\/\\\/www.eldiario.net\\\/portal\\\/2024\\\/11\\\/02\\\/fiestas-panamenas-con-nutrida-agenda-cultural\\\/\"},\"wordCount\":378,\"publisher\":{\"@id\":\"https:\\\/\\\/www.eldiario.net\\\/portal\\\/#organization\"},\"image\":{\"@id\":\"https:\\\/\\\/www.eldiario.net\\\/portal\\\/2024\\\/11\\\/02\\\/fiestas-panamenas-con-nutrida-agenda-cultural\\\/#primaryimage\"},\"thumbnailUrl\":\"https:\\\/\\\/www.eldiario.net\\\/portal\\\/wp-content\\\/uploads\\\/2024\\\/11\\\/CINE.jpg\",\"articleSection\":[\"Cultural\"],\"inLanguage\":\"es\"},{\"@type\":\"WebPage\",\"@id\":\"https:\\\/\\\/www.eldiario.net\\\/portal\\\/2024\\\/11\\\/02\\\/fiestas-panamenas-con-nutrida-agenda-cultural\\\/\",\"url\":\"https:\\\/\\\/www.eldiario.net\\\/portal\\\/2024\\\/11\\\/02\\\/fiestas-panamenas-con-nutrida-agenda-cultural\\\/\",\"name\":\"Fiestas paname\u00f1as con nutrida agenda cultural - El Diario - Bolivia\",\"isPartOf\":{\"@id\":\"https:\\\/\\\/www.eldiario.net\\\/portal\\\/#website\"},\"primaryImageOfPage\":{\"@id\":\"https:\\\/\\\/www.eldiario.net\\\/portal\\\/2024\\\/11\\\/02\\\/fiestas-panamenas-con-nutrida-agenda-cultural\\\/#primaryimage\"},\"image\":{\"@id\":\"https:\\\/\\\/www.eldiario.net\\\/portal\\\/2024\\\/11\\\/02\\\/fiestas-panamenas-con-nutrida-agenda-cultural\\\/#primaryimage\"},\"thumbnailUrl\":\"https:\\\/\\\/www.eldiario.net\\\/portal\\\/wp-content\\\/uploads\\\/2024\\\/11\\\/CINE.jpg\",\"datePublished\":\"2024-11-02T10:49:58+00:00\",\"breadcrumb\":{\"@id\":\"https:\\\/\\\/www.eldiario.net\\\/portal\\\/2024\\\/11\\\/02\\\/fiestas-panamenas-con-nutrida-agenda-cultural\\\/#breadcrumb\"},\"inLanguage\":\"es\",\"potentialAction\":[{\"@type\":\"ReadAction\",\"target\":[\"https:\\\/\\\/www.eldiario.net\\\/portal\\\/2024\\\/11\\\/02\\\/fiestas-panamenas-con-nutrida-agenda-cultural\\\/\"]}]},{\"@type\":\"ImageObject\",\"inLanguage\":\"es\",\"@id\":\"https:\\\/\\\/www.eldiario.net\\\/portal\\\/2024\\\/11\\\/02\\\/fiestas-panamenas-con-nutrida-agenda-cultural\\\/#primaryimage\",\"url\":\"https:\\\/\\\/www.eldiario.net\\\/portal\\\/wp-content\\\/uploads\\\/2024\\\/11\\\/CINE.jpg\",\"contentUrl\":\"https:\\\/\\\/www.eldiario.net\\\/portal\\\/wp-content\\\/uploads\\\/2024\\\/11\\\/CINE.jpg\",\"width\":896,\"height\":780,\"caption\":\"UN ASPECTO DE LA PRESENTACI\u00d3N DE \u201cDOCUARTE PANAM\u00c1\u201d QUE ABRIR\u00c1 LA MUESTRA DE CINE PANAME\u00d1O.\"},{\"@type\":\"BreadcrumbList\",\"@id\":\"https:\\\/\\\/www.eldiario.net\\\/portal\\\/2024\\\/11\\\/02\\\/fiestas-panamenas-con-nutrida-agenda-cultural\\\/#breadcrumb\",\"itemListElement\":[{\"@type\":\"ListItem\",\"position\":1,\"name\":\"Portada\",\"item\":\"https:\\\/\\\/www.eldiario.net\\\/portal\\\/\"},{\"@type\":\"ListItem\",\"position\":2,\"name\":\"Fiestas paname\u00f1as con nutrida agenda cultural\"}]},{\"@type\":\"WebSite\",\"@id\":\"https:\\\/\\\/www.eldiario.net\\\/portal\\\/#website\",\"url\":\"https:\\\/\\\/www.eldiario.net\\\/portal\\\/\",\"name\":\"El Diario - Decano de la prensa nacional\",\"description\":\"El Diario - Decano de la prensa nacional\",\"publisher\":{\"@id\":\"https:\\\/\\\/www.eldiario.net\\\/portal\\\/#organization\"},\"potentialAction\":[{\"@type\":\"SearchAction\",\"target\":{\"@type\":\"EntryPoint\",\"urlTemplate\":\"https:\\\/\\\/www.eldiario.net\\\/portal\\\/?s={search_term_string}\"},\"query-input\":{\"@type\":\"PropertyValueSpecification\",\"valueRequired\":true,\"valueName\":\"search_term_string\"}}],\"inLanguage\":\"es\"},{\"@type\":\"Organization\",\"@id\":\"https:\\\/\\\/www.eldiario.net\\\/portal\\\/#organization\",\"name\":\"El Diario - Decano de la prensa nacional\",\"url\":\"https:\\\/\\\/www.eldiario.net\\\/portal\\\/\",\"logo\":{\"@type\":\"ImageObject\",\"inLanguage\":\"es\",\"@id\":\"https:\\\/\\\/www.eldiario.net\\\/portal\\\/#\\\/schema\\\/logo\\\/image\\\/\",\"url\":\"https:\\\/\\\/www.eldiario.net\\\/portal\\\/wp-content\\\/uploads\\\/2023\\\/07\\\/logo_ED.jpg\",\"contentUrl\":\"https:\\\/\\\/www.eldiario.net\\\/portal\\\/wp-content\\\/uploads\\\/2023\\\/07\\\/logo_ED.jpg\",\"width\":272,\"height\":52,\"caption\":\"El Diario - Decano de la prensa nacional\"},\"image\":{\"@id\":\"https:\\\/\\\/www.eldiario.net\\\/portal\\\/#\\\/schema\\\/logo\\\/image\\\/\"},\"sameAs\":[\"https:\\\/\\\/www.facebook.com\\\/eldiario.bolivia\\\/\",\"https:\\\/\\\/x.com\\\/eldiario_net\"]},{\"@type\":\"Person\",\"@id\":\"https:\\\/\\\/www.eldiario.net\\\/portal\\\/#\\\/schema\\\/person\\\/f46445640444750d7d753ccd04ae01b7\",\"name\":\"Jeanette\",\"image\":{\"@type\":\"ImageObject\",\"inLanguage\":\"es\",\"@id\":\"https:\\\/\\\/secure.gravatar.com\\\/avatar\\\/3ea2118a5f7dad2b7138b1187a6b7ee55f160b9968b66013c3a3ef39dd7e5798?s=96&d=mm&r=g\",\"url\":\"https:\\\/\\\/secure.gravatar.com\\\/avatar\\\/3ea2118a5f7dad2b7138b1187a6b7ee55f160b9968b66013c3a3ef39dd7e5798?s=96&d=mm&r=g\",\"contentUrl\":\"https:\\\/\\\/secure.gravatar.com\\\/avatar\\\/3ea2118a5f7dad2b7138b1187a6b7ee55f160b9968b66013c3a3ef39dd7e5798?s=96&d=mm&r=g\",\"caption\":\"Jeanette\"},\"sameAs\":[\"https:\\\/\\\/www.eldiario.net\\\/portal\"],\"url\":\"https:\\\/\\\/www.eldiario.net\\\/portal\\\/author\\\/jeanette\\\/\"}]}<\/script>\n<!-- \/ Yoast SEO plugin. -->","yoast_head_json":{"title":"Fiestas paname\u00f1as con nutrida agenda cultural - El Diario - Bolivia","robots":{"index":"index","follow":"follow","max-snippet":"max-snippet:-1","max-image-preview":"max-image-preview:large","max-video-preview":"max-video-preview:-1"},"canonical":"https:\/\/www.eldiario.net\/portal\/2024\/11\/02\/fiestas-panamenas-con-nutrida-agenda-cultural\/","og_locale":"es_ES","og_type":"article","og_title":"Fiestas paname\u00f1as con nutrida agenda cultural - El Diario - Bolivia","og_description":"La Embajada de Panam\u00e1 en Bolivia ha organizado una serie de actividades culturales con el fin de compartir y festejar con los paname\u00f1os residentes y el p\u00fablico boliviano los 121 a\u00f1os de vida republicana. Las actividades organizadas cuentan con el apoyo del sector p\u00fablico y privado de Bolivia, lo cual demuestra la s\u00f3lida relaci\u00f3n existente [&hellip;]","og_url":"https:\/\/www.eldiario.net\/portal\/2024\/11\/02\/fiestas-panamenas-con-nutrida-agenda-cultural\/","og_site_name":"El Diario - Bolivia","article_publisher":"https:\/\/www.facebook.com\/eldiario.bolivia\/","article_published_time":"2024-11-02T10:49:58+00:00","og_image":[{"width":896,"height":780,"url":"https:\/\/www.eldiario.net\/portal\/wp-content\/uploads\/2024\/11\/CINE.jpg","type":"image\/jpeg"}],"author":"Jeanette","twitter_card":"summary_large_image","twitter_creator":"@eldiario_net","twitter_site":"@eldiario_net","twitter_misc":{"Escrito por":"Jeanette","Tiempo de lectura":"2 minutos"},"schema":{"@context":"https:\/\/schema.org","@graph":[{"@type":"Article","@id":"https:\/\/www.eldiario.net\/portal\/2024\/11\/02\/fiestas-panamenas-con-nutrida-agenda-cultural\/#article","isPartOf":{"@id":"https:\/\/www.eldiario.net\/portal\/2024\/11\/02\/fiestas-panamenas-con-nutrida-agenda-cultural\/"},"author":{"name":"Jeanette","@id":"https:\/\/www.eldiario.net\/portal\/#\/schema\/person\/f46445640444750d7d753ccd04ae01b7"},"headline":"Fiestas paname\u00f1as con nutrida agenda cultural","datePublished":"2024-11-02T10:49:58+00:00","mainEntityOfPage":{"@id":"https:\/\/www.eldiario.net\/portal\/2024\/11\/02\/fiestas-panamenas-con-nutrida-agenda-cultural\/"},"wordCount":378,"publisher":{"@id":"https:\/\/www.eldiario.net\/portal\/#organization"},"image":{"@id":"https:\/\/www.eldiario.net\/portal\/2024\/11\/02\/fiestas-panamenas-con-nutrida-agenda-cultural\/#primaryimage"},"thumbnailUrl":"https:\/\/www.eldiario.net\/portal\/wp-content\/uploads\/2024\/11\/CINE.jpg","articleSection":["Cultural"],"inLanguage":"es"},{"@type":"WebPage","@id":"https:\/\/www.eldiario.net\/portal\/2024\/11\/02\/fiestas-panamenas-con-nutrida-agenda-cultural\/","url":"https:\/\/www.eldiario.net\/portal\/2024\/11\/02\/fiestas-panamenas-con-nutrida-agenda-cultural\/","name":"Fiestas paname\u00f1as con nutrida agenda cultural - El Diario - Bolivia","isPartOf":{"@id":"https:\/\/www.eldiario.net\/portal\/#website"},"primaryImageOfPage":{"@id":"https:\/\/www.eldiario.net\/portal\/2024\/11\/02\/fiestas-panamenas-con-nutrida-agenda-cultural\/#primaryimage"},"image":{"@id":"https:\/\/www.eldiario.net\/portal\/2024\/11\/02\/fiestas-panamenas-con-nutrida-agenda-cultural\/#primaryimage"},"thumbnailUrl":"https:\/\/www.eldiario.net\/portal\/wp-content\/uploads\/2024\/11\/CINE.jpg","datePublished":"2024-11-02T10:49:58+00:00","breadcrumb":{"@id":"https:\/\/www.eldiario.net\/portal\/2024\/11\/02\/fiestas-panamenas-con-nutrida-agenda-cultural\/#breadcrumb"},"inLanguage":"es","potentialAction":[{"@type":"ReadAction","target":["https:\/\/www.eldiario.net\/portal\/2024\/11\/02\/fiestas-panamenas-con-nutrida-agenda-cultural\/"]}]},{"@type":"ImageObject","inLanguage":"es","@id":"https:\/\/www.eldiario.net\/portal\/2024\/11\/02\/fiestas-panamenas-con-nutrida-agenda-cultural\/#primaryimage","url":"https:\/\/www.eldiario.net\/portal\/wp-content\/uploads\/2024\/11\/CINE.jpg","contentUrl":"https:\/\/www.eldiario.net\/portal\/wp-content\/uploads\/2024\/11\/CINE.jpg","width":896,"height":780,"caption":"UN ASPECTO DE LA PRESENTACI\u00d3N DE \u201cDOCUARTE PANAM\u00c1\u201d QUE ABRIR\u00c1 LA MUESTRA DE CINE PANAME\u00d1O."},{"@type":"BreadcrumbList","@id":"https:\/\/www.eldiario.net\/portal\/2024\/11\/02\/fiestas-panamenas-con-nutrida-agenda-cultural\/#breadcrumb","itemListElement":[{"@type":"ListItem","position":1,"name":"Portada","item":"https:\/\/www.eldiario.net\/portal\/"},{"@type":"ListItem","position":2,"name":"Fiestas paname\u00f1as con nutrida agenda cultural"}]},{"@type":"WebSite","@id":"https:\/\/www.eldiario.net\/portal\/#website","url":"https:\/\/www.eldiario.net\/portal\/","name":"El Diario - Decano de la prensa nacional","description":"El Diario - Decano de la prensa nacional","publisher":{"@id":"https:\/\/www.eldiario.net\/portal\/#organization"},"potentialAction":[{"@type":"SearchAction","target":{"@type":"EntryPoint","urlTemplate":"https:\/\/www.eldiario.net\/portal\/?s={search_term_string}"},"query-input":{"@type":"PropertyValueSpecification","valueRequired":true,"valueName":"search_term_string"}}],"inLanguage":"es"},{"@type":"Organization","@id":"https:\/\/www.eldiario.net\/portal\/#organization","name":"El Diario - Decano de la prensa nacional","url":"https:\/\/www.eldiario.net\/portal\/","logo":{"@type":"ImageObject","inLanguage":"es","@id":"https:\/\/www.eldiario.net\/portal\/#\/schema\/logo\/image\/","url":"https:\/\/www.eldiario.net\/portal\/wp-content\/uploads\/2023\/07\/logo_ED.jpg","contentUrl":"https:\/\/www.eldiario.net\/portal\/wp-content\/uploads\/2023\/07\/logo_ED.jpg","width":272,"height":52,"caption":"El Diario - Decano de la prensa nacional"},"image":{"@id":"https:\/\/www.eldiario.net\/portal\/#\/schema\/logo\/image\/"},"sameAs":["https:\/\/www.facebook.com\/eldiario.bolivia\/","https:\/\/x.com\/eldiario_net"]},{"@type":"Person","@id":"https:\/\/www.eldiario.net\/portal\/#\/schema\/person\/f46445640444750d7d753ccd04ae01b7","name":"Jeanette","image":{"@type":"ImageObject","inLanguage":"es","@id":"https:\/\/secure.gravatar.com\/avatar\/3ea2118a5f7dad2b7138b1187a6b7ee55f160b9968b66013c3a3ef39dd7e5798?s=96&d=mm&r=g","url":"https:\/\/secure.gravatar.com\/avatar\/3ea2118a5f7dad2b7138b1187a6b7ee55f160b9968b66013c3a3ef39dd7e5798?s=96&d=mm&r=g","contentUrl":"https:\/\/secure.gravatar.com\/avatar\/3ea2118a5f7dad2b7138b1187a6b7ee55f160b9968b66013c3a3ef39dd7e5798?s=96&d=mm&r=g","caption":"Jeanette"},"sameAs":["https:\/\/www.eldiario.net\/portal"],"url":"https:\/\/www.eldiario.net\/portal\/author\/jeanette\/"}]}},"_links":{"self":[{"href":"https:\/\/www.eldiario.net\/portal\/wp-json\/wp\/v2\/posts\/258260","targetHints":{"allow":["GET"]}}],"collection":[{"href":"https:\/\/www.eldiario.net\/portal\/wp-json\/wp\/v2\/posts"}],"about":[{"href":"https:\/\/www.eldiario.net\/portal\/wp-json\/wp\/v2\/types\/post"}],"author":[{"embeddable":true,"href":"https:\/\/www.eldiario.net\/portal\/wp-json\/wp\/v2\/users\/1"}],"replies":[{"embeddable":true,"href":"https:\/\/www.eldiario.net\/portal\/wp-json\/wp\/v2\/comments?post=258260"}],"version-history":[{"count":1,"href":"https:\/\/www.eldiario.net\/portal\/wp-json\/wp\/v2\/posts\/258260\/revisions"}],"predecessor-version":[{"id":258262,"href":"https:\/\/www.eldiario.net\/portal\/wp-json\/wp\/v2\/posts\/258260\/revisions\/258262"}],"wp:featuredmedia":[{"embeddable":true,"href":"https:\/\/www.eldiario.net\/portal\/wp-json\/wp\/v2\/media\/258261"}],"wp:attachment":[{"href":"https:\/\/www.eldiario.net\/portal\/wp-json\/wp\/v2\/media?parent=258260"}],"wp:term":[{"taxonomy":"category","embeddable":true,"href":"https:\/\/www.eldiario.net\/portal\/wp-json\/wp\/v2\/categories?post=258260"},{"taxonomy":"post_tag","embeddable":true,"href":"https:\/\/www.eldiario.net\/portal\/wp-json\/wp\/v2\/tags?post=258260"}],"curies":[{"name":"wp","href":"https:\/\/api.w.org\/{rel}","templated":true}]}}