{"id":25783,"date":"2021-08-26T04:30:55","date_gmt":"2021-08-26T08:30:55","guid":{"rendered":"https:\/\/www.eldiario.net\/portal\/?p=25783"},"modified":"2021-08-26T04:30:55","modified_gmt":"2021-08-26T08:30:55","slug":"adultos-mayores-maltratados-por-su-mismo-entorno-familiar","status":"publish","type":"post","link":"https:\/\/www.eldiario.net\/portal\/2021\/08\/26\/adultos-mayores-maltratados-por-su-mismo-entorno-familiar\/","title":{"rendered":"Adultos mayores maltratados  por su mismo entorno familiar"},"content":{"rendered":"<p>De 800 denuncias recibidas en la Unidad del Adulto Mayor del municipio de la ciudad de El Alto, el 40 % son por maltrato f\u00edsico, psicol\u00f3gico, abandono y despojo de bienes, generados por familiares de las v\u00edctimas, seg\u00fan la responsable del sector Narda Mantilla.<\/p>\n<p>De acuerdo con la funcionaria municipal, las quejas por los propios afectados y en otros casos de amistades, son realizadas a diario en esa instancia, logr\u00e1ndose establecer que estas agresiones son hechas en la mayor\u00eda de los casos por el propio entorno familia y con m\u00e1s frecuencia por los hijos.<\/p>\n<p>\u201cLo que nosotros pretendemos hacer es restituir los derechos de estas personas de la tercera edad, tanto en varones y mujeres, porque a diario recibimos quejas de todo tipo de maltratos y los m\u00e1s frecuentes son aquellas agresiones hechas por sus propios hijos y en otros por terceras personas del mismo entorno familiar, hermanos entre otros\u201d, explic\u00f3 Mantilla.<\/p>\n<p>Los maltratos a los adultos mayores, seg\u00fan sus propias denuncias, son a causa de los problemas que generan en sus hogares debido a su avanzada edad, donde a falta de la poca consideraci\u00f3n que tienen sus hijos son maltratados psicol\u00f3gica y hasta f\u00edsicamente, actitud que son relatadas por las v\u00edctimas.<\/p>\n<p>Mientras que en el tema del abandono y despojo de bienes, tambi\u00e9n por el mismo entorno familiar, son efectuadas, cuando se cree que un adulto mayor dentro de un hogar ya es un estorbo, por los cuidados que debe recibir, donde por lo \u00fanico que optan es por abandonarlos en las calles o en su caso son internados en un hogar de ancianos, donde nadie los visita.<\/p>\n<p>En cuanto al despojo de bienes, muchos de los hijos, por intereses creados, debido a la casa o un monto de dinero con que cuentan sus padres, por lo \u00fanico que optan es el despojo, para el cual en muchos de los casos utilizan la falsificaci\u00f3n de documentos para que una casa o un bien econ\u00f3mico, pueda pasar a nombre de ellos.<\/p>\n<p>EXTRAVIADOS<\/p>\n<p>Todos estos casos conocidos por esta instancia municipal, fueron registrados en tres meses de junio a agosto, donde entre los 800 casos denunciados, tambi\u00e9n existen personas extraviadas, que por la edad avanzada que tienen, al salir de sus hogares con la finalidad del cobro del beneficio de su renta, ya no pueden retornar a sus hogares.<\/p>\n<p>\u201cLa mayor\u00eda de estos casos de p\u00e9rdidas son a causa de alguna diligencia que tienen que hacer, pero en estos casos nosotros los tenemos en nuestros albergues, hasta que ellos puedan reaccionar o cuando cuentan con un documento de identidad, de acuerdo al mismos los restituimos a sus hogares, pero en otros casos estas personas no llevan sus documentos personales y eso se hace m\u00e1s dif\u00edcil\u201d, manifest\u00f3 Mantilla.<\/p>\n","protected":false},"excerpt":{"rendered":"<p>De 800 denuncias recibidas en la Unidad del Adulto Mayor del municipio de la ciudad de El Alto, el 40 % son por maltrato f\u00edsico, psicol\u00f3gico, abandono y despojo de bienes, generados por familiares de las v\u00edctimas, seg\u00fan la responsable del sector Narda Mantilla. De acuerdo con la funcionaria municipal, las quejas por los propios [&hellip;]<\/p>\n","protected":false},"author":1,"featured_media":25784,"comment_status":"closed","ping_status":"closed","sticky":false,"template":"","format":"standard","meta":{"_acf_changed":false,"footnotes":""},"categories":[12],"tags":[],"class_list":["post-25783","post","type-post","status-publish","format-standard","has-post-thumbnail","category-nacional"],"acf":{"antetitulo":""},"yoast_head":"<!-- This site is optimized with the Yoast SEO plugin v28.4 - https:\/\/yoast.com\/product\/yoast-seo-wordpress\/ -->\n<title>Adultos mayores maltratados por su mismo entorno familiar - El Diario - Bolivia<\/title>\n<meta name=\"robots\" content=\"index, follow, max-snippet:-1, max-image-preview:large, max-video-preview:-1\" \/>\n<link rel=\"canonical\" href=\"https:\/\/www.eldiario.net\/portal\/2021\/08\/26\/adultos-mayores-maltratados-por-su-mismo-entorno-familiar\/\" \/>\n<meta property=\"og:locale\" content=\"es_ES\" \/>\n<meta property=\"og:type\" content=\"article\" \/>\n<meta property=\"og:title\" content=\"Adultos mayores maltratados por su mismo entorno familiar - El Diario - Bolivia\" \/>\n<meta property=\"og:description\" content=\"De 800 denuncias recibidas en la Unidad del Adulto Mayor del municipio de la ciudad de El Alto, el 40 % son por maltrato f\u00edsico, psicol\u00f3gico, abandono y despojo de bienes, generados por familiares de las v\u00edctimas, seg\u00fan la responsable del sector Narda Mantilla. De acuerdo con la funcionaria municipal, las quejas por los propios [&hellip;]\" \/>\n<meta property=\"og:url\" content=\"https:\/\/www.eldiario.net\/portal\/2021\/08\/26\/adultos-mayores-maltratados-por-su-mismo-entorno-familiar\/\" \/>\n<meta property=\"og:site_name\" content=\"El Diario - Bolivia\" \/>\n<meta property=\"article:publisher\" content=\"https:\/\/www.facebook.com\/eldiario.bolivia\/\" \/>\n<meta property=\"article:published_time\" content=\"2021-08-26T08:30:55+00:00\" \/>\n<meta name=\"author\" content=\"Jeanette\" \/>\n<meta name=\"twitter:card\" content=\"summary_large_image\" \/>\n<meta name=\"twitter:creator\" content=\"@eldiario_net\" \/>\n<meta name=\"twitter:site\" content=\"@eldiario_net\" \/>\n<meta name=\"twitter:label1\" content=\"Escrito por\" \/>\n\t<meta name=\"twitter:data1\" content=\"Jeanette\" \/>\n\t<meta name=\"twitter:label2\" content=\"Tiempo de lectura\" \/>\n\t<meta name=\"twitter:data2\" content=\"2 minutos\" \/>\n<script type=\"application\/ld+json\" class=\"yoast-schema-graph\">{\"@context\":\"https:\\\/\\\/schema.org\",\"@graph\":[{\"@type\":\"Article\",\"@id\":\"https:\\\/\\\/www.eldiario.net\\\/portal\\\/2021\\\/08\\\/26\\\/adultos-mayores-maltratados-por-su-mismo-entorno-familiar\\\/#article\",\"isPartOf\":{\"@id\":\"https:\\\/\\\/www.eldiario.net\\\/portal\\\/2021\\\/08\\\/26\\\/adultos-mayores-maltratados-por-su-mismo-entorno-familiar\\\/\"},\"author\":{\"name\":\"Jeanette\",\"@id\":\"https:\\\/\\\/www.eldiario.net\\\/portal\\\/#\\\/schema\\\/person\\\/f46445640444750d7d753ccd04ae01b7\"},\"headline\":\"Adultos mayores maltratados por su mismo entorno familiar\",\"datePublished\":\"2021-08-26T08:30:55+00:00\",\"mainEntityOfPage\":{\"@id\":\"https:\\\/\\\/www.eldiario.net\\\/portal\\\/2021\\\/08\\\/26\\\/adultos-mayores-maltratados-por-su-mismo-entorno-familiar\\\/\"},\"wordCount\":481,\"publisher\":{\"@id\":\"https:\\\/\\\/www.eldiario.net\\\/portal\\\/#organization\"},\"image\":{\"@id\":\"https:\\\/\\\/www.eldiario.net\\\/portal\\\/2021\\\/08\\\/26\\\/adultos-mayores-maltratados-por-su-mismo-entorno-familiar\\\/#primaryimage\"},\"thumbnailUrl\":\"\",\"articleSection\":[\"Nacional\"],\"inLanguage\":\"es\"},{\"@type\":\"WebPage\",\"@id\":\"https:\\\/\\\/www.eldiario.net\\\/portal\\\/2021\\\/08\\\/26\\\/adultos-mayores-maltratados-por-su-mismo-entorno-familiar\\\/\",\"url\":\"https:\\\/\\\/www.eldiario.net\\\/portal\\\/2021\\\/08\\\/26\\\/adultos-mayores-maltratados-por-su-mismo-entorno-familiar\\\/\",\"name\":\"Adultos mayores maltratados por su mismo entorno familiar - El Diario - Bolivia\",\"isPartOf\":{\"@id\":\"https:\\\/\\\/www.eldiario.net\\\/portal\\\/#website\"},\"primaryImageOfPage\":{\"@id\":\"https:\\\/\\\/www.eldiario.net\\\/portal\\\/2021\\\/08\\\/26\\\/adultos-mayores-maltratados-por-su-mismo-entorno-familiar\\\/#primaryimage\"},\"image\":{\"@id\":\"https:\\\/\\\/www.eldiario.net\\\/portal\\\/2021\\\/08\\\/26\\\/adultos-mayores-maltratados-por-su-mismo-entorno-familiar\\\/#primaryimage\"},\"thumbnailUrl\":\"\",\"datePublished\":\"2021-08-26T08:30:55+00:00\",\"breadcrumb\":{\"@id\":\"https:\\\/\\\/www.eldiario.net\\\/portal\\\/2021\\\/08\\\/26\\\/adultos-mayores-maltratados-por-su-mismo-entorno-familiar\\\/#breadcrumb\"},\"inLanguage\":\"es\",\"potentialAction\":[{\"@type\":\"ReadAction\",\"target\":[\"https:\\\/\\\/www.eldiario.net\\\/portal\\\/2021\\\/08\\\/26\\\/adultos-mayores-maltratados-por-su-mismo-entorno-familiar\\\/\"]}]},{\"@type\":\"ImageObject\",\"inLanguage\":\"es\",\"@id\":\"https:\\\/\\\/www.eldiario.net\\\/portal\\\/2021\\\/08\\\/26\\\/adultos-mayores-maltratados-por-su-mismo-entorno-familiar\\\/#primaryimage\",\"url\":\"\",\"contentUrl\":\"\"},{\"@type\":\"BreadcrumbList\",\"@id\":\"https:\\\/\\\/www.eldiario.net\\\/portal\\\/2021\\\/08\\\/26\\\/adultos-mayores-maltratados-por-su-mismo-entorno-familiar\\\/#breadcrumb\",\"itemListElement\":[{\"@type\":\"ListItem\",\"position\":1,\"name\":\"Portada\",\"item\":\"https:\\\/\\\/www.eldiario.net\\\/portal\\\/\"},{\"@type\":\"ListItem\",\"position\":2,\"name\":\"Adultos mayores maltratados por su mismo entorno familiar\"}]},{\"@type\":\"WebSite\",\"@id\":\"https:\\\/\\\/www.eldiario.net\\\/portal\\\/#website\",\"url\":\"https:\\\/\\\/www.eldiario.net\\\/portal\\\/\",\"name\":\"El Diario - Decano de la prensa nacional\",\"description\":\"El Diario - Decano de la prensa nacional\",\"publisher\":{\"@id\":\"https:\\\/\\\/www.eldiario.net\\\/portal\\\/#organization\"},\"potentialAction\":[{\"@type\":\"SearchAction\",\"target\":{\"@type\":\"EntryPoint\",\"urlTemplate\":\"https:\\\/\\\/www.eldiario.net\\\/portal\\\/?s={search_term_string}\"},\"query-input\":{\"@type\":\"PropertyValueSpecification\",\"valueRequired\":true,\"valueName\":\"search_term_string\"}}],\"inLanguage\":\"es\"},{\"@type\":\"Organization\",\"@id\":\"https:\\\/\\\/www.eldiario.net\\\/portal\\\/#organization\",\"name\":\"El Diario - Decano de la prensa nacional\",\"url\":\"https:\\\/\\\/www.eldiario.net\\\/portal\\\/\",\"logo\":{\"@type\":\"ImageObject\",\"inLanguage\":\"es\",\"@id\":\"https:\\\/\\\/www.eldiario.net\\\/portal\\\/#\\\/schema\\\/logo\\\/image\\\/\",\"url\":\"https:\\\/\\\/www.eldiario.net\\\/portal\\\/wp-content\\\/uploads\\\/2023\\\/07\\\/logo_ED.jpg\",\"contentUrl\":\"https:\\\/\\\/www.eldiario.net\\\/portal\\\/wp-content\\\/uploads\\\/2023\\\/07\\\/logo_ED.jpg\",\"width\":272,\"height\":52,\"caption\":\"El Diario - Decano de la prensa nacional\"},\"image\":{\"@id\":\"https:\\\/\\\/www.eldiario.net\\\/portal\\\/#\\\/schema\\\/logo\\\/image\\\/\"},\"sameAs\":[\"https:\\\/\\\/www.facebook.com\\\/eldiario.bolivia\\\/\",\"https:\\\/\\\/x.com\\\/eldiario_net\"]},{\"@type\":\"Person\",\"@id\":\"https:\\\/\\\/www.eldiario.net\\\/portal\\\/#\\\/schema\\\/person\\\/f46445640444750d7d753ccd04ae01b7\",\"name\":\"Jeanette\",\"image\":{\"@type\":\"ImageObject\",\"inLanguage\":\"es\",\"@id\":\"https:\\\/\\\/secure.gravatar.com\\\/avatar\\\/3ea2118a5f7dad2b7138b1187a6b7ee55f160b9968b66013c3a3ef39dd7e5798?s=96&d=mm&r=g\",\"url\":\"https:\\\/\\\/secure.gravatar.com\\\/avatar\\\/3ea2118a5f7dad2b7138b1187a6b7ee55f160b9968b66013c3a3ef39dd7e5798?s=96&d=mm&r=g\",\"contentUrl\":\"https:\\\/\\\/secure.gravatar.com\\\/avatar\\\/3ea2118a5f7dad2b7138b1187a6b7ee55f160b9968b66013c3a3ef39dd7e5798?s=96&d=mm&r=g\",\"caption\":\"Jeanette\"},\"sameAs\":[\"https:\\\/\\\/www.eldiario.net\\\/portal\"],\"url\":\"https:\\\/\\\/www.eldiario.net\\\/portal\\\/author\\\/jeanette\\\/\"}]}<\/script>\n<!-- \/ Yoast SEO plugin. -->","yoast_head_json":{"title":"Adultos mayores maltratados por su mismo entorno familiar - El Diario - Bolivia","robots":{"index":"index","follow":"follow","max-snippet":"max-snippet:-1","max-image-preview":"max-image-preview:large","max-video-preview":"max-video-preview:-1"},"canonical":"https:\/\/www.eldiario.net\/portal\/2021\/08\/26\/adultos-mayores-maltratados-por-su-mismo-entorno-familiar\/","og_locale":"es_ES","og_type":"article","og_title":"Adultos mayores maltratados por su mismo entorno familiar - El Diario - Bolivia","og_description":"De 800 denuncias recibidas en la Unidad del Adulto Mayor del municipio de la ciudad de El Alto, el 40 % son por maltrato f\u00edsico, psicol\u00f3gico, abandono y despojo de bienes, generados por familiares de las v\u00edctimas, seg\u00fan la responsable del sector Narda Mantilla. De acuerdo con la funcionaria municipal, las quejas por los propios [&hellip;]","og_url":"https:\/\/www.eldiario.net\/portal\/2021\/08\/26\/adultos-mayores-maltratados-por-su-mismo-entorno-familiar\/","og_site_name":"El Diario - Bolivia","article_publisher":"https:\/\/www.facebook.com\/eldiario.bolivia\/","article_published_time":"2021-08-26T08:30:55+00:00","author":"Jeanette","twitter_card":"summary_large_image","twitter_creator":"@eldiario_net","twitter_site":"@eldiario_net","twitter_misc":{"Escrito por":"Jeanette","Tiempo de lectura":"2 minutos"},"schema":{"@context":"https:\/\/schema.org","@graph":[{"@type":"Article","@id":"https:\/\/www.eldiario.net\/portal\/2021\/08\/26\/adultos-mayores-maltratados-por-su-mismo-entorno-familiar\/#article","isPartOf":{"@id":"https:\/\/www.eldiario.net\/portal\/2021\/08\/26\/adultos-mayores-maltratados-por-su-mismo-entorno-familiar\/"},"author":{"name":"Jeanette","@id":"https:\/\/www.eldiario.net\/portal\/#\/schema\/person\/f46445640444750d7d753ccd04ae01b7"},"headline":"Adultos mayores maltratados por su mismo entorno familiar","datePublished":"2021-08-26T08:30:55+00:00","mainEntityOfPage":{"@id":"https:\/\/www.eldiario.net\/portal\/2021\/08\/26\/adultos-mayores-maltratados-por-su-mismo-entorno-familiar\/"},"wordCount":481,"publisher":{"@id":"https:\/\/www.eldiario.net\/portal\/#organization"},"image":{"@id":"https:\/\/www.eldiario.net\/portal\/2021\/08\/26\/adultos-mayores-maltratados-por-su-mismo-entorno-familiar\/#primaryimage"},"thumbnailUrl":"","articleSection":["Nacional"],"inLanguage":"es"},{"@type":"WebPage","@id":"https:\/\/www.eldiario.net\/portal\/2021\/08\/26\/adultos-mayores-maltratados-por-su-mismo-entorno-familiar\/","url":"https:\/\/www.eldiario.net\/portal\/2021\/08\/26\/adultos-mayores-maltratados-por-su-mismo-entorno-familiar\/","name":"Adultos mayores maltratados por su mismo entorno familiar - El Diario - Bolivia","isPartOf":{"@id":"https:\/\/www.eldiario.net\/portal\/#website"},"primaryImageOfPage":{"@id":"https:\/\/www.eldiario.net\/portal\/2021\/08\/26\/adultos-mayores-maltratados-por-su-mismo-entorno-familiar\/#primaryimage"},"image":{"@id":"https:\/\/www.eldiario.net\/portal\/2021\/08\/26\/adultos-mayores-maltratados-por-su-mismo-entorno-familiar\/#primaryimage"},"thumbnailUrl":"","datePublished":"2021-08-26T08:30:55+00:00","breadcrumb":{"@id":"https:\/\/www.eldiario.net\/portal\/2021\/08\/26\/adultos-mayores-maltratados-por-su-mismo-entorno-familiar\/#breadcrumb"},"inLanguage":"es","potentialAction":[{"@type":"ReadAction","target":["https:\/\/www.eldiario.net\/portal\/2021\/08\/26\/adultos-mayores-maltratados-por-su-mismo-entorno-familiar\/"]}]},{"@type":"ImageObject","inLanguage":"es","@id":"https:\/\/www.eldiario.net\/portal\/2021\/08\/26\/adultos-mayores-maltratados-por-su-mismo-entorno-familiar\/#primaryimage","url":"","contentUrl":""},{"@type":"BreadcrumbList","@id":"https:\/\/www.eldiario.net\/portal\/2021\/08\/26\/adultos-mayores-maltratados-por-su-mismo-entorno-familiar\/#breadcrumb","itemListElement":[{"@type":"ListItem","position":1,"name":"Portada","item":"https:\/\/www.eldiario.net\/portal\/"},{"@type":"ListItem","position":2,"name":"Adultos mayores maltratados por su mismo entorno familiar"}]},{"@type":"WebSite","@id":"https:\/\/www.eldiario.net\/portal\/#website","url":"https:\/\/www.eldiario.net\/portal\/","name":"El Diario - Decano de la prensa nacional","description":"El Diario - Decano de la prensa nacional","publisher":{"@id":"https:\/\/www.eldiario.net\/portal\/#organization"},"potentialAction":[{"@type":"SearchAction","target":{"@type":"EntryPoint","urlTemplate":"https:\/\/www.eldiario.net\/portal\/?s={search_term_string}"},"query-input":{"@type":"PropertyValueSpecification","valueRequired":true,"valueName":"search_term_string"}}],"inLanguage":"es"},{"@type":"Organization","@id":"https:\/\/www.eldiario.net\/portal\/#organization","name":"El Diario - Decano de la prensa nacional","url":"https:\/\/www.eldiario.net\/portal\/","logo":{"@type":"ImageObject","inLanguage":"es","@id":"https:\/\/www.eldiario.net\/portal\/#\/schema\/logo\/image\/","url":"https:\/\/www.eldiario.net\/portal\/wp-content\/uploads\/2023\/07\/logo_ED.jpg","contentUrl":"https:\/\/www.eldiario.net\/portal\/wp-content\/uploads\/2023\/07\/logo_ED.jpg","width":272,"height":52,"caption":"El Diario - Decano de la prensa nacional"},"image":{"@id":"https:\/\/www.eldiario.net\/portal\/#\/schema\/logo\/image\/"},"sameAs":["https:\/\/www.facebook.com\/eldiario.bolivia\/","https:\/\/x.com\/eldiario_net"]},{"@type":"Person","@id":"https:\/\/www.eldiario.net\/portal\/#\/schema\/person\/f46445640444750d7d753ccd04ae01b7","name":"Jeanette","image":{"@type":"ImageObject","inLanguage":"es","@id":"https:\/\/secure.gravatar.com\/avatar\/3ea2118a5f7dad2b7138b1187a6b7ee55f160b9968b66013c3a3ef39dd7e5798?s=96&d=mm&r=g","url":"https:\/\/secure.gravatar.com\/avatar\/3ea2118a5f7dad2b7138b1187a6b7ee55f160b9968b66013c3a3ef39dd7e5798?s=96&d=mm&r=g","contentUrl":"https:\/\/secure.gravatar.com\/avatar\/3ea2118a5f7dad2b7138b1187a6b7ee55f160b9968b66013c3a3ef39dd7e5798?s=96&d=mm&r=g","caption":"Jeanette"},"sameAs":["https:\/\/www.eldiario.net\/portal"],"url":"https:\/\/www.eldiario.net\/portal\/author\/jeanette\/"}]}},"_links":{"self":[{"href":"https:\/\/www.eldiario.net\/portal\/wp-json\/wp\/v2\/posts\/25783","targetHints":{"allow":["GET"]}}],"collection":[{"href":"https:\/\/www.eldiario.net\/portal\/wp-json\/wp\/v2\/posts"}],"about":[{"href":"https:\/\/www.eldiario.net\/portal\/wp-json\/wp\/v2\/types\/post"}],"author":[{"embeddable":true,"href":"https:\/\/www.eldiario.net\/portal\/wp-json\/wp\/v2\/users\/1"}],"replies":[{"embeddable":true,"href":"https:\/\/www.eldiario.net\/portal\/wp-json\/wp\/v2\/comments?post=25783"}],"version-history":[{"count":0,"href":"https:\/\/www.eldiario.net\/portal\/wp-json\/wp\/v2\/posts\/25783\/revisions"}],"wp:attachment":[{"href":"https:\/\/www.eldiario.net\/portal\/wp-json\/wp\/v2\/media?parent=25783"}],"wp:term":[{"taxonomy":"category","embeddable":true,"href":"https:\/\/www.eldiario.net\/portal\/wp-json\/wp\/v2\/categories?post=25783"},{"taxonomy":"post_tag","embeddable":true,"href":"https:\/\/www.eldiario.net\/portal\/wp-json\/wp\/v2\/tags?post=25783"}],"curies":[{"name":"wp","href":"https:\/\/api.w.org\/{rel}","templated":true}]}}