{"id":257809,"date":"2024-10-31T06:19:00","date_gmt":"2024-10-31T10:19:00","guid":{"rendered":"https:\/\/www.eldiario.net\/portal\/?p=257809"},"modified":"2024-10-31T06:19:00","modified_gmt":"2024-10-31T10:19:00","slug":"sexo-y-cocaina","status":"publish","type":"post","link":"https:\/\/www.eldiario.net\/portal\/2024\/10\/31\/sexo-y-cocaina\/","title":{"rendered":"Sexo y coca\u00edna"},"content":{"rendered":"<p>No va a existir una \u201cguerra del fin del mundo\u201d en el Chapare, porque Evo Morales no es un h\u00e9roe m\u00edstico y religioso como Antonio Conselheiro, ni los chapare\u00f1os y sus amigos tampoco son los abnegados y devotos \u201csertanejos\u201d del \u00e1rido y ardiente sert\u00f3n brasile\u00f1o. Adem\u00e1s, porque no hay un ej\u00e9rcito que se anime a doblegar a los chapare\u00f1os, como los militares brasile\u00f1os hicieron con los habitantes de Canudos en una guerra de exterminio ante toda otra posibilidad. Euclides da Cunha hace m\u00e1s de un siglo y Mario Vargas Llosa, cien a\u00f1os despu\u00e9s, escribieron sobre una impresionante epopeya de fervoroso fanatismo y de hero\u00edsmo que muy poco tiene que ver con la historia que alguien escribir\u00e1, alg\u00fan d\u00eda, sobre la rep\u00fablica de la coca\u00edna en Bolivia.<\/p>\n<p>El Chapare nunca ser\u00e1 Canudos ni Evo Morales ser\u00e1 Antonio Conselheiro. La primera es una de las regiones donde manda Morales y donde el negocio del narcotr\u00e1fico abunda, adem\u00e1s de otros vicios sucios. Canudos, por ser \u201cel para\u00edso en la tierra\u201d, era la ciudad de la fe, de la libertad, del trabajo y la igualdad, dispuesta a morir sacrificada por los principios sagrados que mandaba el buen Jes\u00fas. El Chapare tierra de perversi\u00f3n, Canudos santa. \u00c9sta guiada por un sant\u00f3n adorado por el pueblo dispuesto a dar por \u00e9l hasta su \u00faltimo aliento; la otra agraviada por un violador serial, inescrupuloso, falso, protector de las drogas, enloquecido por una irrefrenable ambici\u00f3n de poder. Las ant\u00edpodas entre una situaci\u00f3n y otra, entre un personaje y otro.<\/p>\n<p>Llevamos cerca de 20 d\u00edas de bloqueo de las principales carreteras nacionales, con p\u00e9rdidas inmensas y paralizaci\u00f3n de la econom\u00eda, porque Morales no quiere declarar ante la justicia por las acusaciones de violaci\u00f3n de menores y trata de personas que pesan sobre \u00e9l. Simplemente se niega a declarar, haciendo caso omiso de la ley. Pero, adem\u00e1s, de forma gansteril, se resiste a la autoridad a tiros (lo afirma y lo desmiente) y arma un show inveros\u00edmil que nos retrotrae a los enfrentamientos y fugas que ten\u00edan con los polic\u00edas, personajes tan legendarios como el colombiano Escobar, el mexicano Chapo Guzm\u00e1n y hasta el mismo Al Capone.<\/p>\n<p>Para verg\u00fcenza de los bolivianos, Evo Morales ha sido presidente de durante tres per\u00edodos, y, luego de descubr\u00edrsele un descarado fraude, se evit\u00f3 que reasumiera el mando por cuarta vez consecutiva. Ese su af\u00e1n de enquistarse en el poder ha dejado el pa\u00eds d\u00edscolo que tenemos hoy, pero, adem\u00e1s, lo ha dejado pobre. Todo ha sido mentira, todo falso, desde la nacionalizaci\u00f3n de los hidrocarburos, que no fue sino una \u201cnegociaci\u00f3n\u201d del gas con las empresas extranjeras, que tuvo su larga fiesta con cohetes y champ\u00e1n, al extremo de que el fest\u00edn no gust\u00f3 a la inversi\u00f3n extranjera, que no volvi\u00f3 a invertir ni un solo d\u00f3lar en Bolivia. El resultado es que no tenemos gas, por lo tanto, tampoco hay d\u00f3lares, y sin divisas no podemos comprar ni la gasolina ni el di\u00e9sel, lo que est\u00e1 arruinando, m\u00e1s todav\u00eda, nuestra fr\u00e1gil econom\u00eda. Morales dec\u00eda que Bolivia ser\u00eda el \u201ccentro energ\u00e9tico del continente\u201d, y hoy tenemos parte de nuestros oleoductos produciendo eco, secos y oscuros, como guarida de chulupis.<\/p>\n<p>Adem\u00e1s, fuera del esc\u00e1ndalo con la se\u00f1ora Zapata, no sab\u00edamos de las m\u00faltiples andanzas er\u00f3ticas del expresidente. Como todo en Evo Morales, sus habilidades no eran las de un seductor, las de un hombre con encanto, sino las de un abusivo estuprador. Ni\u00f1as que asomaban a la pubertad, ninfas inocentes, eran observadas torvamente en las manifestaciones, sin pesta\u00f1ear, por el Jefazo. Les entregaba un regalo o proced\u00eda a un trato infame con sus padres. Las cr\u00edas despertaban hechas mujeres en el lecho del temido patriarca, que no se preocupaba por los riesgos y se marchaba.<\/p>\n<p>Morales ha hecho un cerco en el Chapare, pero tambi\u00e9n se ha cercado \u00e9l. Si no viene, como en el 2019, un avi\u00f3n del extranjero para rescatarlo o huye en una avioneta narco, no tendr\u00e1 escape. Claro, siempre que este in\u00fatil gobierno no siga enviando polic\u00edas desarmados, para que los dinamiten, los acribillen o los quemen. Muchos pensamos que ha llegado la hora de que el Ej\u00e9rcito haga respetar la Constituci\u00f3n.<\/p>\n","protected":false},"excerpt":{"rendered":"<p>No va a existir una \u201cguerra del fin del mundo\u201d en el Chapare, porque Evo Morales no es un h\u00e9roe m\u00edstico y religioso como Antonio Conselheiro, ni los chapare\u00f1os y sus amigos tampoco son los abnegados y devotos \u201csertanejos\u201d del \u00e1rido y ardiente sert\u00f3n brasile\u00f1o. Adem\u00e1s, porque no hay un ej\u00e9rcito que se anime a [&hellip;]<\/p>\n","protected":false},"author":1,"featured_media":157472,"comment_status":"closed","ping_status":"open","sticky":false,"template":"","format":"standard","meta":{"_acf_changed":false,"footnotes":""},"categories":[9],"tags":[],"class_list":["post-257809","post","type-post","status-publish","format-standard","has-post-thumbnail","category-opinion"],"acf":{"antetitulo":""},"yoast_head":"<!-- This site is optimized with the Yoast SEO plugin v28.3 - https:\/\/yoast.com\/product\/yoast-seo-wordpress\/ -->\n<title>Sexo y coca\u00edna - El Diario - Bolivia<\/title>\n<meta name=\"robots\" content=\"index, follow, max-snippet:-1, max-image-preview:large, max-video-preview:-1\" \/>\n<link rel=\"canonical\" href=\"https:\/\/www.eldiario.net\/portal\/2024\/10\/31\/sexo-y-cocaina\/\" \/>\n<meta property=\"og:locale\" content=\"es_ES\" \/>\n<meta property=\"og:type\" content=\"article\" \/>\n<meta property=\"og:title\" content=\"Sexo y coca\u00edna - El Diario - Bolivia\" \/>\n<meta property=\"og:description\" content=\"No va a existir una \u201cguerra del fin del mundo\u201d en el Chapare, porque Evo Morales no es un h\u00e9roe m\u00edstico y religioso como Antonio Conselheiro, ni los chapare\u00f1os y sus amigos tampoco son los abnegados y devotos \u201csertanejos\u201d del \u00e1rido y ardiente sert\u00f3n brasile\u00f1o. Adem\u00e1s, porque no hay un ej\u00e9rcito que se anime a [&hellip;]\" \/>\n<meta property=\"og:url\" content=\"https:\/\/www.eldiario.net\/portal\/2024\/10\/31\/sexo-y-cocaina\/\" \/>\n<meta property=\"og:site_name\" content=\"El Diario - Bolivia\" \/>\n<meta property=\"article:publisher\" content=\"https:\/\/www.facebook.com\/eldiario.bolivia\/\" \/>\n<meta property=\"article:published_time\" content=\"2024-10-31T10:19:00+00:00\" \/>\n<meta property=\"og:image\" content=\"https:\/\/www.eldiario.net\/portal\/wp-content\/uploads\/2023\/06\/Manfredo-Kempff-Suarez.jpg\" \/>\n\t<meta property=\"og:image:width\" content=\"1200\" \/>\n\t<meta property=\"og:image:height\" content=\"628\" \/>\n\t<meta property=\"og:image:type\" content=\"image\/jpeg\" \/>\n<meta name=\"author\" content=\"Jeanette\" \/>\n<meta name=\"twitter:card\" content=\"summary_large_image\" \/>\n<meta name=\"twitter:creator\" content=\"@eldiario_net\" \/>\n<meta name=\"twitter:site\" content=\"@eldiario_net\" \/>\n<meta name=\"twitter:label1\" content=\"Escrito por\" \/>\n\t<meta name=\"twitter:data1\" content=\"Jeanette\" \/>\n\t<meta name=\"twitter:label2\" content=\"Tiempo de lectura\" \/>\n\t<meta name=\"twitter:data2\" content=\"4 minutos\" \/>\n<script type=\"application\/ld+json\" class=\"yoast-schema-graph\">{\"@context\":\"https:\\\/\\\/schema.org\",\"@graph\":[{\"@type\":\"Article\",\"@id\":\"https:\\\/\\\/www.eldiario.net\\\/portal\\\/2024\\\/10\\\/31\\\/sexo-y-cocaina\\\/#article\",\"isPartOf\":{\"@id\":\"https:\\\/\\\/www.eldiario.net\\\/portal\\\/2024\\\/10\\\/31\\\/sexo-y-cocaina\\\/\"},\"author\":{\"name\":\"Jeanette\",\"@id\":\"https:\\\/\\\/www.eldiario.net\\\/portal\\\/#\\\/schema\\\/person\\\/f46445640444750d7d753ccd04ae01b7\"},\"headline\":\"Sexo y coca\u00edna\",\"datePublished\":\"2024-10-31T10:19:00+00:00\",\"mainEntityOfPage\":{\"@id\":\"https:\\\/\\\/www.eldiario.net\\\/portal\\\/2024\\\/10\\\/31\\\/sexo-y-cocaina\\\/\"},\"wordCount\":768,\"publisher\":{\"@id\":\"https:\\\/\\\/www.eldiario.net\\\/portal\\\/#organization\"},\"image\":{\"@id\":\"https:\\\/\\\/www.eldiario.net\\\/portal\\\/2024\\\/10\\\/31\\\/sexo-y-cocaina\\\/#primaryimage\"},\"thumbnailUrl\":\"https:\\\/\\\/www.eldiario.net\\\/portal\\\/wp-content\\\/uploads\\\/2023\\\/06\\\/Manfredo-Kempff-Suarez.jpg\",\"articleSection\":[\"Opini\u00f3n\"],\"inLanguage\":\"es\"},{\"@type\":\"WebPage\",\"@id\":\"https:\\\/\\\/www.eldiario.net\\\/portal\\\/2024\\\/10\\\/31\\\/sexo-y-cocaina\\\/\",\"url\":\"https:\\\/\\\/www.eldiario.net\\\/portal\\\/2024\\\/10\\\/31\\\/sexo-y-cocaina\\\/\",\"name\":\"Sexo y coca\u00edna - El Diario - Bolivia\",\"isPartOf\":{\"@id\":\"https:\\\/\\\/www.eldiario.net\\\/portal\\\/#website\"},\"primaryImageOfPage\":{\"@id\":\"https:\\\/\\\/www.eldiario.net\\\/portal\\\/2024\\\/10\\\/31\\\/sexo-y-cocaina\\\/#primaryimage\"},\"image\":{\"@id\":\"https:\\\/\\\/www.eldiario.net\\\/portal\\\/2024\\\/10\\\/31\\\/sexo-y-cocaina\\\/#primaryimage\"},\"thumbnailUrl\":\"https:\\\/\\\/www.eldiario.net\\\/portal\\\/wp-content\\\/uploads\\\/2023\\\/06\\\/Manfredo-Kempff-Suarez.jpg\",\"datePublished\":\"2024-10-31T10:19:00+00:00\",\"breadcrumb\":{\"@id\":\"https:\\\/\\\/www.eldiario.net\\\/portal\\\/2024\\\/10\\\/31\\\/sexo-y-cocaina\\\/#breadcrumb\"},\"inLanguage\":\"es\",\"potentialAction\":[{\"@type\":\"ReadAction\",\"target\":[\"https:\\\/\\\/www.eldiario.net\\\/portal\\\/2024\\\/10\\\/31\\\/sexo-y-cocaina\\\/\"]}]},{\"@type\":\"ImageObject\",\"inLanguage\":\"es\",\"@id\":\"https:\\\/\\\/www.eldiario.net\\\/portal\\\/2024\\\/10\\\/31\\\/sexo-y-cocaina\\\/#primaryimage\",\"url\":\"https:\\\/\\\/www.eldiario.net\\\/portal\\\/wp-content\\\/uploads\\\/2023\\\/06\\\/Manfredo-Kempff-Suarez.jpg\",\"contentUrl\":\"https:\\\/\\\/www.eldiario.net\\\/portal\\\/wp-content\\\/uploads\\\/2023\\\/06\\\/Manfredo-Kempff-Suarez.jpg\",\"width\":1200,\"height\":628},{\"@type\":\"BreadcrumbList\",\"@id\":\"https:\\\/\\\/www.eldiario.net\\\/portal\\\/2024\\\/10\\\/31\\\/sexo-y-cocaina\\\/#breadcrumb\",\"itemListElement\":[{\"@type\":\"ListItem\",\"position\":1,\"name\":\"Portada\",\"item\":\"https:\\\/\\\/www.eldiario.net\\\/portal\\\/\"},{\"@type\":\"ListItem\",\"position\":2,\"name\":\"Sexo y coca\u00edna\"}]},{\"@type\":\"WebSite\",\"@id\":\"https:\\\/\\\/www.eldiario.net\\\/portal\\\/#website\",\"url\":\"https:\\\/\\\/www.eldiario.net\\\/portal\\\/\",\"name\":\"El Diario - Decano de la prensa nacional\",\"description\":\"El Diario - Decano de la prensa nacional\",\"publisher\":{\"@id\":\"https:\\\/\\\/www.eldiario.net\\\/portal\\\/#organization\"},\"potentialAction\":[{\"@type\":\"SearchAction\",\"target\":{\"@type\":\"EntryPoint\",\"urlTemplate\":\"https:\\\/\\\/www.eldiario.net\\\/portal\\\/?s={search_term_string}\"},\"query-input\":{\"@type\":\"PropertyValueSpecification\",\"valueRequired\":true,\"valueName\":\"search_term_string\"}}],\"inLanguage\":\"es\"},{\"@type\":\"Organization\",\"@id\":\"https:\\\/\\\/www.eldiario.net\\\/portal\\\/#organization\",\"name\":\"El Diario - Decano de la prensa nacional\",\"url\":\"https:\\\/\\\/www.eldiario.net\\\/portal\\\/\",\"logo\":{\"@type\":\"ImageObject\",\"inLanguage\":\"es\",\"@id\":\"https:\\\/\\\/www.eldiario.net\\\/portal\\\/#\\\/schema\\\/logo\\\/image\\\/\",\"url\":\"https:\\\/\\\/www.eldiario.net\\\/portal\\\/wp-content\\\/uploads\\\/2023\\\/07\\\/logo_ED.jpg\",\"contentUrl\":\"https:\\\/\\\/www.eldiario.net\\\/portal\\\/wp-content\\\/uploads\\\/2023\\\/07\\\/logo_ED.jpg\",\"width\":272,\"height\":52,\"caption\":\"El Diario - Decano de la prensa nacional\"},\"image\":{\"@id\":\"https:\\\/\\\/www.eldiario.net\\\/portal\\\/#\\\/schema\\\/logo\\\/image\\\/\"},\"sameAs\":[\"https:\\\/\\\/www.facebook.com\\\/eldiario.bolivia\\\/\",\"https:\\\/\\\/x.com\\\/eldiario_net\"]},{\"@type\":\"Person\",\"@id\":\"https:\\\/\\\/www.eldiario.net\\\/portal\\\/#\\\/schema\\\/person\\\/f46445640444750d7d753ccd04ae01b7\",\"name\":\"Jeanette\",\"image\":{\"@type\":\"ImageObject\",\"inLanguage\":\"es\",\"@id\":\"https:\\\/\\\/secure.gravatar.com\\\/avatar\\\/3ea2118a5f7dad2b7138b1187a6b7ee55f160b9968b66013c3a3ef39dd7e5798?s=96&d=mm&r=g\",\"url\":\"https:\\\/\\\/secure.gravatar.com\\\/avatar\\\/3ea2118a5f7dad2b7138b1187a6b7ee55f160b9968b66013c3a3ef39dd7e5798?s=96&d=mm&r=g\",\"contentUrl\":\"https:\\\/\\\/secure.gravatar.com\\\/avatar\\\/3ea2118a5f7dad2b7138b1187a6b7ee55f160b9968b66013c3a3ef39dd7e5798?s=96&d=mm&r=g\",\"caption\":\"Jeanette\"},\"sameAs\":[\"https:\\\/\\\/www.eldiario.net\\\/portal\"],\"url\":\"https:\\\/\\\/www.eldiario.net\\\/portal\\\/author\\\/jeanette\\\/\"}]}<\/script>\n<!-- \/ Yoast SEO plugin. -->","yoast_head_json":{"title":"Sexo y coca\u00edna - El Diario - Bolivia","robots":{"index":"index","follow":"follow","max-snippet":"max-snippet:-1","max-image-preview":"max-image-preview:large","max-video-preview":"max-video-preview:-1"},"canonical":"https:\/\/www.eldiario.net\/portal\/2024\/10\/31\/sexo-y-cocaina\/","og_locale":"es_ES","og_type":"article","og_title":"Sexo y coca\u00edna - El Diario - Bolivia","og_description":"No va a existir una \u201cguerra del fin del mundo\u201d en el Chapare, porque Evo Morales no es un h\u00e9roe m\u00edstico y religioso como Antonio Conselheiro, ni los chapare\u00f1os y sus amigos tampoco son los abnegados y devotos \u201csertanejos\u201d del \u00e1rido y ardiente sert\u00f3n brasile\u00f1o. Adem\u00e1s, porque no hay un ej\u00e9rcito que se anime a [&hellip;]","og_url":"https:\/\/www.eldiario.net\/portal\/2024\/10\/31\/sexo-y-cocaina\/","og_site_name":"El Diario - Bolivia","article_publisher":"https:\/\/www.facebook.com\/eldiario.bolivia\/","article_published_time":"2024-10-31T10:19:00+00:00","og_image":[{"width":1200,"height":628,"url":"https:\/\/www.eldiario.net\/portal\/wp-content\/uploads\/2023\/06\/Manfredo-Kempff-Suarez.jpg","type":"image\/jpeg"}],"author":"Jeanette","twitter_card":"summary_large_image","twitter_creator":"@eldiario_net","twitter_site":"@eldiario_net","twitter_misc":{"Escrito por":"Jeanette","Tiempo de lectura":"4 minutos"},"schema":{"@context":"https:\/\/schema.org","@graph":[{"@type":"Article","@id":"https:\/\/www.eldiario.net\/portal\/2024\/10\/31\/sexo-y-cocaina\/#article","isPartOf":{"@id":"https:\/\/www.eldiario.net\/portal\/2024\/10\/31\/sexo-y-cocaina\/"},"author":{"name":"Jeanette","@id":"https:\/\/www.eldiario.net\/portal\/#\/schema\/person\/f46445640444750d7d753ccd04ae01b7"},"headline":"Sexo y coca\u00edna","datePublished":"2024-10-31T10:19:00+00:00","mainEntityOfPage":{"@id":"https:\/\/www.eldiario.net\/portal\/2024\/10\/31\/sexo-y-cocaina\/"},"wordCount":768,"publisher":{"@id":"https:\/\/www.eldiario.net\/portal\/#organization"},"image":{"@id":"https:\/\/www.eldiario.net\/portal\/2024\/10\/31\/sexo-y-cocaina\/#primaryimage"},"thumbnailUrl":"https:\/\/www.eldiario.net\/portal\/wp-content\/uploads\/2023\/06\/Manfredo-Kempff-Suarez.jpg","articleSection":["Opini\u00f3n"],"inLanguage":"es"},{"@type":"WebPage","@id":"https:\/\/www.eldiario.net\/portal\/2024\/10\/31\/sexo-y-cocaina\/","url":"https:\/\/www.eldiario.net\/portal\/2024\/10\/31\/sexo-y-cocaina\/","name":"Sexo y coca\u00edna - El Diario - Bolivia","isPartOf":{"@id":"https:\/\/www.eldiario.net\/portal\/#website"},"primaryImageOfPage":{"@id":"https:\/\/www.eldiario.net\/portal\/2024\/10\/31\/sexo-y-cocaina\/#primaryimage"},"image":{"@id":"https:\/\/www.eldiario.net\/portal\/2024\/10\/31\/sexo-y-cocaina\/#primaryimage"},"thumbnailUrl":"https:\/\/www.eldiario.net\/portal\/wp-content\/uploads\/2023\/06\/Manfredo-Kempff-Suarez.jpg","datePublished":"2024-10-31T10:19:00+00:00","breadcrumb":{"@id":"https:\/\/www.eldiario.net\/portal\/2024\/10\/31\/sexo-y-cocaina\/#breadcrumb"},"inLanguage":"es","potentialAction":[{"@type":"ReadAction","target":["https:\/\/www.eldiario.net\/portal\/2024\/10\/31\/sexo-y-cocaina\/"]}]},{"@type":"ImageObject","inLanguage":"es","@id":"https:\/\/www.eldiario.net\/portal\/2024\/10\/31\/sexo-y-cocaina\/#primaryimage","url":"https:\/\/www.eldiario.net\/portal\/wp-content\/uploads\/2023\/06\/Manfredo-Kempff-Suarez.jpg","contentUrl":"https:\/\/www.eldiario.net\/portal\/wp-content\/uploads\/2023\/06\/Manfredo-Kempff-Suarez.jpg","width":1200,"height":628},{"@type":"BreadcrumbList","@id":"https:\/\/www.eldiario.net\/portal\/2024\/10\/31\/sexo-y-cocaina\/#breadcrumb","itemListElement":[{"@type":"ListItem","position":1,"name":"Portada","item":"https:\/\/www.eldiario.net\/portal\/"},{"@type":"ListItem","position":2,"name":"Sexo y coca\u00edna"}]},{"@type":"WebSite","@id":"https:\/\/www.eldiario.net\/portal\/#website","url":"https:\/\/www.eldiario.net\/portal\/","name":"El Diario - Decano de la prensa nacional","description":"El Diario - Decano de la prensa nacional","publisher":{"@id":"https:\/\/www.eldiario.net\/portal\/#organization"},"potentialAction":[{"@type":"SearchAction","target":{"@type":"EntryPoint","urlTemplate":"https:\/\/www.eldiario.net\/portal\/?s={search_term_string}"},"query-input":{"@type":"PropertyValueSpecification","valueRequired":true,"valueName":"search_term_string"}}],"inLanguage":"es"},{"@type":"Organization","@id":"https:\/\/www.eldiario.net\/portal\/#organization","name":"El Diario - Decano de la prensa nacional","url":"https:\/\/www.eldiario.net\/portal\/","logo":{"@type":"ImageObject","inLanguage":"es","@id":"https:\/\/www.eldiario.net\/portal\/#\/schema\/logo\/image\/","url":"https:\/\/www.eldiario.net\/portal\/wp-content\/uploads\/2023\/07\/logo_ED.jpg","contentUrl":"https:\/\/www.eldiario.net\/portal\/wp-content\/uploads\/2023\/07\/logo_ED.jpg","width":272,"height":52,"caption":"El Diario - Decano de la prensa nacional"},"image":{"@id":"https:\/\/www.eldiario.net\/portal\/#\/schema\/logo\/image\/"},"sameAs":["https:\/\/www.facebook.com\/eldiario.bolivia\/","https:\/\/x.com\/eldiario_net"]},{"@type":"Person","@id":"https:\/\/www.eldiario.net\/portal\/#\/schema\/person\/f46445640444750d7d753ccd04ae01b7","name":"Jeanette","image":{"@type":"ImageObject","inLanguage":"es","@id":"https:\/\/secure.gravatar.com\/avatar\/3ea2118a5f7dad2b7138b1187a6b7ee55f160b9968b66013c3a3ef39dd7e5798?s=96&d=mm&r=g","url":"https:\/\/secure.gravatar.com\/avatar\/3ea2118a5f7dad2b7138b1187a6b7ee55f160b9968b66013c3a3ef39dd7e5798?s=96&d=mm&r=g","contentUrl":"https:\/\/secure.gravatar.com\/avatar\/3ea2118a5f7dad2b7138b1187a6b7ee55f160b9968b66013c3a3ef39dd7e5798?s=96&d=mm&r=g","caption":"Jeanette"},"sameAs":["https:\/\/www.eldiario.net\/portal"],"url":"https:\/\/www.eldiario.net\/portal\/author\/jeanette\/"}]}},"_links":{"self":[{"href":"https:\/\/www.eldiario.net\/portal\/wp-json\/wp\/v2\/posts\/257809","targetHints":{"allow":["GET"]}}],"collection":[{"href":"https:\/\/www.eldiario.net\/portal\/wp-json\/wp\/v2\/posts"}],"about":[{"href":"https:\/\/www.eldiario.net\/portal\/wp-json\/wp\/v2\/types\/post"}],"author":[{"embeddable":true,"href":"https:\/\/www.eldiario.net\/portal\/wp-json\/wp\/v2\/users\/1"}],"replies":[{"embeddable":true,"href":"https:\/\/www.eldiario.net\/portal\/wp-json\/wp\/v2\/comments?post=257809"}],"version-history":[{"count":1,"href":"https:\/\/www.eldiario.net\/portal\/wp-json\/wp\/v2\/posts\/257809\/revisions"}],"predecessor-version":[{"id":257810,"href":"https:\/\/www.eldiario.net\/portal\/wp-json\/wp\/v2\/posts\/257809\/revisions\/257810"}],"wp:featuredmedia":[{"embeddable":true,"href":"https:\/\/www.eldiario.net\/portal\/wp-json\/wp\/v2\/media\/157472"}],"wp:attachment":[{"href":"https:\/\/www.eldiario.net\/portal\/wp-json\/wp\/v2\/media?parent=257809"}],"wp:term":[{"taxonomy":"category","embeddable":true,"href":"https:\/\/www.eldiario.net\/portal\/wp-json\/wp\/v2\/categories?post=257809"},{"taxonomy":"post_tag","embeddable":true,"href":"https:\/\/www.eldiario.net\/portal\/wp-json\/wp\/v2\/tags?post=257809"}],"curies":[{"name":"wp","href":"https:\/\/api.w.org\/{rel}","templated":true}]}}