{"id":257807,"date":"2024-10-31T06:18:28","date_gmt":"2024-10-31T10:18:28","guid":{"rendered":"https:\/\/www.eldiario.net\/portal\/?p=257807"},"modified":"2024-10-31T06:18:28","modified_gmt":"2024-10-31T10:18:28","slug":"ahora-si-guerra-civil","status":"publish","type":"post","link":"https:\/\/www.eldiario.net\/portal\/2024\/10\/31\/ahora-si-guerra-civil\/","title":{"rendered":"Ahora s\u00ed, guerra civil"},"content":{"rendered":"<p>Al son de esta est\u00fapida letan\u00eda, una jaur\u00eda de desadaptados, m\u00e1s parecida a una manada de simios primarios que a humanoides, armada con machetes, piedras, palos y uno que otro fusil, se desplazaba por la carretera que une Cochabamba con la ciudad de Santa Cruz de la Sierra, vociferando con fiebre homicida su deseo de deflagrar una cruenta guerra civil entre \u201chermanos bolivianos\u201d, como les gusta llamarnos.<\/p>\n<p>M\u00e1s que temor, sentimos una inmensa pena por nuestra madre patria y la suerte que le cupo sortear con estos \u00e9mulos de Ca\u00edn, que ya llevan en la conciencia la muerte de hermanas y hermanos que, por causa de sus fat\u00eddicos bloqueos, los privaron hasta del ox\u00edgeno, cuando yac\u00edan moribundos en alg\u00fan hospital.<\/p>\n<p>Es m\u00e1s, la incomprensible actitud de la manada, que en un principio\u00a0 alguien nos hizo creer que obedec\u00eda \u00fanicamente a una supuesta defensa de su macho Alfa, por evitar que lo enjuicien por acciones criminales comprobadas, como: la pedofilia, el estupro, la violaci\u00f3n, el asesinato y un largo etc\u00e9tera, pronto cay\u00f3 en actitudes de un sainete tragic\u00f3mico, donde el actor abandona el libreto y se viste como Clint Eastwood, con sombrero tejano, lentes Rayban y poncho agringado, para dar rienda suelta a su psicopat\u00eda, disparando desde un motorizado\u00a0 que es de propiedad de un ejecutivo de la estatal petrolera venezolana PDVSA en Bolivia.\u00a0 con lo que, a la larga lista de delitos, ahora se involucra a los venezolanos.<\/p>\n<p>Despu\u00e9s de hacer caso omiso a la orden de aprehensi\u00f3n que se le dict\u00f3 a trav\u00e9s del Poder Judicial, \u00e9l protagoniz\u00f3 un rid\u00edculo conato de atentado que deriv\u00f3 en una obra teatral jocosa, donde se estableci\u00f3, mediante estudios de pericia criminal, que los disparos fueron realizados de adentro hacia fuera del veh\u00edculo en el que \u00e9l transitaba y, supuestamente, la bala que seg\u00fan Evo ingres\u00f3 por el vidrio trasero y toc\u00f3 la nuca del conductor, era tan falsa como el rid\u00edculo autoatentado y tan espurio, como el chorro de sangre que manaba de la nuca de acero del conductor.<\/p>\n<p>Finalmente, ante tama\u00f1as y delirantes bravuconer\u00edas del cocalero y su jaur\u00eda, este pasado domingo, sus secuaces anunciaron que tomar\u00e1n unidades castrenses si los militares no abandonaban la zona. Lugare\u00f1os de Villa Tunari iniciaron en la tarde una vigilia en las afueras de la Novena Divisi\u00f3n del Ej\u00e9rcito, debido a que, aseguran, los militares ayudaron a los polic\u00edas que habr\u00edan participado en el operativo denunciado por Morales.<\/p>\n<p>A su vez, el supuesto atentado a Evo Morales fue tajantemente desmentido en un comunicado difundido, hace pocas horas por el Comando en Jefe de las Fuerzas Armadas (FFAA), donde se afirma: \u201cSon rotundamente falsas las acusaciones relacionadas con el supuesto atentado al expresidente Evo Morales Ayma\u201d.<\/p>\n<p>Sin embargo, las consecuencias de su criminal actitud les vale nada, pues ya vienen de haber incendiado su h\u00e1bitat selv\u00e1tico y estar\u00edan dispuestos a quemarlo todo, comenzando por el ingreso de ellos mismos hacia la civilizaci\u00f3n. De ah\u00ed que su retah\u00edla mal\u00e9fica y cansina s\u00f3lo quedar\u00e1 en su rid\u00edcula frase: \u201c\u00a1Ahora s\u00ed, guerra civil!\u201d.<\/p>\n","protected":false},"excerpt":{"rendered":"<p>Al son de esta est\u00fapida letan\u00eda, una jaur\u00eda de desadaptados, m\u00e1s parecida a una manada de simios primarios que a humanoides, armada con machetes, piedras, palos y uno que otro fusil, se desplazaba por la carretera que une Cochabamba con la ciudad de Santa Cruz de la Sierra, vociferando con fiebre homicida su deseo de [&hellip;]<\/p>\n","protected":false},"author":1,"featured_media":157469,"comment_status":"closed","ping_status":"open","sticky":false,"template":"","format":"standard","meta":{"_acf_changed":false,"footnotes":""},"categories":[9],"tags":[],"class_list":["post-257807","post","type-post","status-publish","format-standard","has-post-thumbnail","category-opinion"],"acf":{"antetitulo":"Clepsidra"},"yoast_head":"<!-- This site is optimized with the Yoast SEO plugin v28.3 - https:\/\/yoast.com\/product\/yoast-seo-wordpress\/ -->\n<title>Ahora s\u00ed, guerra civil - El Diario - Bolivia<\/title>\n<meta name=\"robots\" content=\"index, follow, max-snippet:-1, max-image-preview:large, max-video-preview:-1\" \/>\n<link rel=\"canonical\" href=\"https:\/\/www.eldiario.net\/portal\/2024\/10\/31\/ahora-si-guerra-civil\/\" \/>\n<meta property=\"og:locale\" content=\"es_ES\" \/>\n<meta property=\"og:type\" content=\"article\" \/>\n<meta property=\"og:title\" content=\"Ahora s\u00ed, guerra civil - El Diario - Bolivia\" \/>\n<meta property=\"og:description\" content=\"Al son de esta est\u00fapida letan\u00eda, una jaur\u00eda de desadaptados, m\u00e1s parecida a una manada de simios primarios que a humanoides, armada con machetes, piedras, palos y uno que otro fusil, se desplazaba por la carretera que une Cochabamba con la ciudad de Santa Cruz de la Sierra, vociferando con fiebre homicida su deseo de [&hellip;]\" \/>\n<meta property=\"og:url\" content=\"https:\/\/www.eldiario.net\/portal\/2024\/10\/31\/ahora-si-guerra-civil\/\" \/>\n<meta property=\"og:site_name\" content=\"El Diario - Bolivia\" \/>\n<meta property=\"article:publisher\" content=\"https:\/\/www.facebook.com\/eldiario.bolivia\/\" \/>\n<meta property=\"article:published_time\" content=\"2024-10-31T10:18:28+00:00\" \/>\n<meta property=\"og:image\" content=\"https:\/\/www.eldiario.net\/portal\/wp-content\/uploads\/2023\/06\/Alvaro-Riveros-Tejada.jpg\" \/>\n\t<meta property=\"og:image:width\" content=\"1200\" \/>\n\t<meta property=\"og:image:height\" content=\"628\" \/>\n\t<meta property=\"og:image:type\" content=\"image\/jpeg\" \/>\n<meta name=\"author\" content=\"Jeanette\" \/>\n<meta name=\"twitter:card\" content=\"summary_large_image\" \/>\n<meta name=\"twitter:creator\" content=\"@eldiario_net\" \/>\n<meta name=\"twitter:site\" content=\"@eldiario_net\" \/>\n<meta name=\"twitter:label1\" content=\"Escrito por\" \/>\n\t<meta name=\"twitter:data1\" content=\"Jeanette\" \/>\n\t<meta name=\"twitter:label2\" content=\"Tiempo de lectura\" \/>\n\t<meta name=\"twitter:data2\" content=\"3 minutos\" \/>\n<script type=\"application\/ld+json\" class=\"yoast-schema-graph\">{\"@context\":\"https:\\\/\\\/schema.org\",\"@graph\":[{\"@type\":\"Article\",\"@id\":\"https:\\\/\\\/www.eldiario.net\\\/portal\\\/2024\\\/10\\\/31\\\/ahora-si-guerra-civil\\\/#article\",\"isPartOf\":{\"@id\":\"https:\\\/\\\/www.eldiario.net\\\/portal\\\/2024\\\/10\\\/31\\\/ahora-si-guerra-civil\\\/\"},\"author\":{\"name\":\"Jeanette\",\"@id\":\"https:\\\/\\\/www.eldiario.net\\\/portal\\\/#\\\/schema\\\/person\\\/f46445640444750d7d753ccd04ae01b7\"},\"headline\":\"Ahora s\u00ed, guerra civil\",\"datePublished\":\"2024-10-31T10:18:28+00:00\",\"mainEntityOfPage\":{\"@id\":\"https:\\\/\\\/www.eldiario.net\\\/portal\\\/2024\\\/10\\\/31\\\/ahora-si-guerra-civil\\\/\"},\"wordCount\":548,\"publisher\":{\"@id\":\"https:\\\/\\\/www.eldiario.net\\\/portal\\\/#organization\"},\"image\":{\"@id\":\"https:\\\/\\\/www.eldiario.net\\\/portal\\\/2024\\\/10\\\/31\\\/ahora-si-guerra-civil\\\/#primaryimage\"},\"thumbnailUrl\":\"https:\\\/\\\/www.eldiario.net\\\/portal\\\/wp-content\\\/uploads\\\/2023\\\/06\\\/Alvaro-Riveros-Tejada.jpg\",\"articleSection\":[\"Opini\u00f3n\"],\"inLanguage\":\"es\"},{\"@type\":\"WebPage\",\"@id\":\"https:\\\/\\\/www.eldiario.net\\\/portal\\\/2024\\\/10\\\/31\\\/ahora-si-guerra-civil\\\/\",\"url\":\"https:\\\/\\\/www.eldiario.net\\\/portal\\\/2024\\\/10\\\/31\\\/ahora-si-guerra-civil\\\/\",\"name\":\"Ahora s\u00ed, guerra civil - El Diario - Bolivia\",\"isPartOf\":{\"@id\":\"https:\\\/\\\/www.eldiario.net\\\/portal\\\/#website\"},\"primaryImageOfPage\":{\"@id\":\"https:\\\/\\\/www.eldiario.net\\\/portal\\\/2024\\\/10\\\/31\\\/ahora-si-guerra-civil\\\/#primaryimage\"},\"image\":{\"@id\":\"https:\\\/\\\/www.eldiario.net\\\/portal\\\/2024\\\/10\\\/31\\\/ahora-si-guerra-civil\\\/#primaryimage\"},\"thumbnailUrl\":\"https:\\\/\\\/www.eldiario.net\\\/portal\\\/wp-content\\\/uploads\\\/2023\\\/06\\\/Alvaro-Riveros-Tejada.jpg\",\"datePublished\":\"2024-10-31T10:18:28+00:00\",\"breadcrumb\":{\"@id\":\"https:\\\/\\\/www.eldiario.net\\\/portal\\\/2024\\\/10\\\/31\\\/ahora-si-guerra-civil\\\/#breadcrumb\"},\"inLanguage\":\"es\",\"potentialAction\":[{\"@type\":\"ReadAction\",\"target\":[\"https:\\\/\\\/www.eldiario.net\\\/portal\\\/2024\\\/10\\\/31\\\/ahora-si-guerra-civil\\\/\"]}]},{\"@type\":\"ImageObject\",\"inLanguage\":\"es\",\"@id\":\"https:\\\/\\\/www.eldiario.net\\\/portal\\\/2024\\\/10\\\/31\\\/ahora-si-guerra-civil\\\/#primaryimage\",\"url\":\"https:\\\/\\\/www.eldiario.net\\\/portal\\\/wp-content\\\/uploads\\\/2023\\\/06\\\/Alvaro-Riveros-Tejada.jpg\",\"contentUrl\":\"https:\\\/\\\/www.eldiario.net\\\/portal\\\/wp-content\\\/uploads\\\/2023\\\/06\\\/Alvaro-Riveros-Tejada.jpg\",\"width\":1200,\"height\":628},{\"@type\":\"BreadcrumbList\",\"@id\":\"https:\\\/\\\/www.eldiario.net\\\/portal\\\/2024\\\/10\\\/31\\\/ahora-si-guerra-civil\\\/#breadcrumb\",\"itemListElement\":[{\"@type\":\"ListItem\",\"position\":1,\"name\":\"Portada\",\"item\":\"https:\\\/\\\/www.eldiario.net\\\/portal\\\/\"},{\"@type\":\"ListItem\",\"position\":2,\"name\":\"Ahora s\u00ed, guerra civil\"}]},{\"@type\":\"WebSite\",\"@id\":\"https:\\\/\\\/www.eldiario.net\\\/portal\\\/#website\",\"url\":\"https:\\\/\\\/www.eldiario.net\\\/portal\\\/\",\"name\":\"El Diario - Decano de la prensa nacional\",\"description\":\"El Diario - Decano de la prensa nacional\",\"publisher\":{\"@id\":\"https:\\\/\\\/www.eldiario.net\\\/portal\\\/#organization\"},\"potentialAction\":[{\"@type\":\"SearchAction\",\"target\":{\"@type\":\"EntryPoint\",\"urlTemplate\":\"https:\\\/\\\/www.eldiario.net\\\/portal\\\/?s={search_term_string}\"},\"query-input\":{\"@type\":\"PropertyValueSpecification\",\"valueRequired\":true,\"valueName\":\"search_term_string\"}}],\"inLanguage\":\"es\"},{\"@type\":\"Organization\",\"@id\":\"https:\\\/\\\/www.eldiario.net\\\/portal\\\/#organization\",\"name\":\"El Diario - Decano de la prensa nacional\",\"url\":\"https:\\\/\\\/www.eldiario.net\\\/portal\\\/\",\"logo\":{\"@type\":\"ImageObject\",\"inLanguage\":\"es\",\"@id\":\"https:\\\/\\\/www.eldiario.net\\\/portal\\\/#\\\/schema\\\/logo\\\/image\\\/\",\"url\":\"https:\\\/\\\/www.eldiario.net\\\/portal\\\/wp-content\\\/uploads\\\/2023\\\/07\\\/logo_ED.jpg\",\"contentUrl\":\"https:\\\/\\\/www.eldiario.net\\\/portal\\\/wp-content\\\/uploads\\\/2023\\\/07\\\/logo_ED.jpg\",\"width\":272,\"height\":52,\"caption\":\"El Diario - Decano de la prensa nacional\"},\"image\":{\"@id\":\"https:\\\/\\\/www.eldiario.net\\\/portal\\\/#\\\/schema\\\/logo\\\/image\\\/\"},\"sameAs\":[\"https:\\\/\\\/www.facebook.com\\\/eldiario.bolivia\\\/\",\"https:\\\/\\\/x.com\\\/eldiario_net\"]},{\"@type\":\"Person\",\"@id\":\"https:\\\/\\\/www.eldiario.net\\\/portal\\\/#\\\/schema\\\/person\\\/f46445640444750d7d753ccd04ae01b7\",\"name\":\"Jeanette\",\"image\":{\"@type\":\"ImageObject\",\"inLanguage\":\"es\",\"@id\":\"https:\\\/\\\/secure.gravatar.com\\\/avatar\\\/3ea2118a5f7dad2b7138b1187a6b7ee55f160b9968b66013c3a3ef39dd7e5798?s=96&d=mm&r=g\",\"url\":\"https:\\\/\\\/secure.gravatar.com\\\/avatar\\\/3ea2118a5f7dad2b7138b1187a6b7ee55f160b9968b66013c3a3ef39dd7e5798?s=96&d=mm&r=g\",\"contentUrl\":\"https:\\\/\\\/secure.gravatar.com\\\/avatar\\\/3ea2118a5f7dad2b7138b1187a6b7ee55f160b9968b66013c3a3ef39dd7e5798?s=96&d=mm&r=g\",\"caption\":\"Jeanette\"},\"sameAs\":[\"https:\\\/\\\/www.eldiario.net\\\/portal\"],\"url\":\"https:\\\/\\\/www.eldiario.net\\\/portal\\\/author\\\/jeanette\\\/\"}]}<\/script>\n<!-- \/ Yoast SEO plugin. -->","yoast_head_json":{"title":"Ahora s\u00ed, guerra civil - El Diario - Bolivia","robots":{"index":"index","follow":"follow","max-snippet":"max-snippet:-1","max-image-preview":"max-image-preview:large","max-video-preview":"max-video-preview:-1"},"canonical":"https:\/\/www.eldiario.net\/portal\/2024\/10\/31\/ahora-si-guerra-civil\/","og_locale":"es_ES","og_type":"article","og_title":"Ahora s\u00ed, guerra civil - El Diario - Bolivia","og_description":"Al son de esta est\u00fapida letan\u00eda, una jaur\u00eda de desadaptados, m\u00e1s parecida a una manada de simios primarios que a humanoides, armada con machetes, piedras, palos y uno que otro fusil, se desplazaba por la carretera que une Cochabamba con la ciudad de Santa Cruz de la Sierra, vociferando con fiebre homicida su deseo de [&hellip;]","og_url":"https:\/\/www.eldiario.net\/portal\/2024\/10\/31\/ahora-si-guerra-civil\/","og_site_name":"El Diario - Bolivia","article_publisher":"https:\/\/www.facebook.com\/eldiario.bolivia\/","article_published_time":"2024-10-31T10:18:28+00:00","og_image":[{"width":1200,"height":628,"url":"https:\/\/www.eldiario.net\/portal\/wp-content\/uploads\/2023\/06\/Alvaro-Riveros-Tejada.jpg","type":"image\/jpeg"}],"author":"Jeanette","twitter_card":"summary_large_image","twitter_creator":"@eldiario_net","twitter_site":"@eldiario_net","twitter_misc":{"Escrito por":"Jeanette","Tiempo de lectura":"3 minutos"},"schema":{"@context":"https:\/\/schema.org","@graph":[{"@type":"Article","@id":"https:\/\/www.eldiario.net\/portal\/2024\/10\/31\/ahora-si-guerra-civil\/#article","isPartOf":{"@id":"https:\/\/www.eldiario.net\/portal\/2024\/10\/31\/ahora-si-guerra-civil\/"},"author":{"name":"Jeanette","@id":"https:\/\/www.eldiario.net\/portal\/#\/schema\/person\/f46445640444750d7d753ccd04ae01b7"},"headline":"Ahora s\u00ed, guerra civil","datePublished":"2024-10-31T10:18:28+00:00","mainEntityOfPage":{"@id":"https:\/\/www.eldiario.net\/portal\/2024\/10\/31\/ahora-si-guerra-civil\/"},"wordCount":548,"publisher":{"@id":"https:\/\/www.eldiario.net\/portal\/#organization"},"image":{"@id":"https:\/\/www.eldiario.net\/portal\/2024\/10\/31\/ahora-si-guerra-civil\/#primaryimage"},"thumbnailUrl":"https:\/\/www.eldiario.net\/portal\/wp-content\/uploads\/2023\/06\/Alvaro-Riveros-Tejada.jpg","articleSection":["Opini\u00f3n"],"inLanguage":"es"},{"@type":"WebPage","@id":"https:\/\/www.eldiario.net\/portal\/2024\/10\/31\/ahora-si-guerra-civil\/","url":"https:\/\/www.eldiario.net\/portal\/2024\/10\/31\/ahora-si-guerra-civil\/","name":"Ahora s\u00ed, guerra civil - El Diario - Bolivia","isPartOf":{"@id":"https:\/\/www.eldiario.net\/portal\/#website"},"primaryImageOfPage":{"@id":"https:\/\/www.eldiario.net\/portal\/2024\/10\/31\/ahora-si-guerra-civil\/#primaryimage"},"image":{"@id":"https:\/\/www.eldiario.net\/portal\/2024\/10\/31\/ahora-si-guerra-civil\/#primaryimage"},"thumbnailUrl":"https:\/\/www.eldiario.net\/portal\/wp-content\/uploads\/2023\/06\/Alvaro-Riveros-Tejada.jpg","datePublished":"2024-10-31T10:18:28+00:00","breadcrumb":{"@id":"https:\/\/www.eldiario.net\/portal\/2024\/10\/31\/ahora-si-guerra-civil\/#breadcrumb"},"inLanguage":"es","potentialAction":[{"@type":"ReadAction","target":["https:\/\/www.eldiario.net\/portal\/2024\/10\/31\/ahora-si-guerra-civil\/"]}]},{"@type":"ImageObject","inLanguage":"es","@id":"https:\/\/www.eldiario.net\/portal\/2024\/10\/31\/ahora-si-guerra-civil\/#primaryimage","url":"https:\/\/www.eldiario.net\/portal\/wp-content\/uploads\/2023\/06\/Alvaro-Riveros-Tejada.jpg","contentUrl":"https:\/\/www.eldiario.net\/portal\/wp-content\/uploads\/2023\/06\/Alvaro-Riveros-Tejada.jpg","width":1200,"height":628},{"@type":"BreadcrumbList","@id":"https:\/\/www.eldiario.net\/portal\/2024\/10\/31\/ahora-si-guerra-civil\/#breadcrumb","itemListElement":[{"@type":"ListItem","position":1,"name":"Portada","item":"https:\/\/www.eldiario.net\/portal\/"},{"@type":"ListItem","position":2,"name":"Ahora s\u00ed, guerra civil"}]},{"@type":"WebSite","@id":"https:\/\/www.eldiario.net\/portal\/#website","url":"https:\/\/www.eldiario.net\/portal\/","name":"El Diario - Decano de la prensa nacional","description":"El Diario - Decano de la prensa nacional","publisher":{"@id":"https:\/\/www.eldiario.net\/portal\/#organization"},"potentialAction":[{"@type":"SearchAction","target":{"@type":"EntryPoint","urlTemplate":"https:\/\/www.eldiario.net\/portal\/?s={search_term_string}"},"query-input":{"@type":"PropertyValueSpecification","valueRequired":true,"valueName":"search_term_string"}}],"inLanguage":"es"},{"@type":"Organization","@id":"https:\/\/www.eldiario.net\/portal\/#organization","name":"El Diario - Decano de la prensa nacional","url":"https:\/\/www.eldiario.net\/portal\/","logo":{"@type":"ImageObject","inLanguage":"es","@id":"https:\/\/www.eldiario.net\/portal\/#\/schema\/logo\/image\/","url":"https:\/\/www.eldiario.net\/portal\/wp-content\/uploads\/2023\/07\/logo_ED.jpg","contentUrl":"https:\/\/www.eldiario.net\/portal\/wp-content\/uploads\/2023\/07\/logo_ED.jpg","width":272,"height":52,"caption":"El Diario - Decano de la prensa nacional"},"image":{"@id":"https:\/\/www.eldiario.net\/portal\/#\/schema\/logo\/image\/"},"sameAs":["https:\/\/www.facebook.com\/eldiario.bolivia\/","https:\/\/x.com\/eldiario_net"]},{"@type":"Person","@id":"https:\/\/www.eldiario.net\/portal\/#\/schema\/person\/f46445640444750d7d753ccd04ae01b7","name":"Jeanette","image":{"@type":"ImageObject","inLanguage":"es","@id":"https:\/\/secure.gravatar.com\/avatar\/3ea2118a5f7dad2b7138b1187a6b7ee55f160b9968b66013c3a3ef39dd7e5798?s=96&d=mm&r=g","url":"https:\/\/secure.gravatar.com\/avatar\/3ea2118a5f7dad2b7138b1187a6b7ee55f160b9968b66013c3a3ef39dd7e5798?s=96&d=mm&r=g","contentUrl":"https:\/\/secure.gravatar.com\/avatar\/3ea2118a5f7dad2b7138b1187a6b7ee55f160b9968b66013c3a3ef39dd7e5798?s=96&d=mm&r=g","caption":"Jeanette"},"sameAs":["https:\/\/www.eldiario.net\/portal"],"url":"https:\/\/www.eldiario.net\/portal\/author\/jeanette\/"}]}},"_links":{"self":[{"href":"https:\/\/www.eldiario.net\/portal\/wp-json\/wp\/v2\/posts\/257807","targetHints":{"allow":["GET"]}}],"collection":[{"href":"https:\/\/www.eldiario.net\/portal\/wp-json\/wp\/v2\/posts"}],"about":[{"href":"https:\/\/www.eldiario.net\/portal\/wp-json\/wp\/v2\/types\/post"}],"author":[{"embeddable":true,"href":"https:\/\/www.eldiario.net\/portal\/wp-json\/wp\/v2\/users\/1"}],"replies":[{"embeddable":true,"href":"https:\/\/www.eldiario.net\/portal\/wp-json\/wp\/v2\/comments?post=257807"}],"version-history":[{"count":1,"href":"https:\/\/www.eldiario.net\/portal\/wp-json\/wp\/v2\/posts\/257807\/revisions"}],"predecessor-version":[{"id":257808,"href":"https:\/\/www.eldiario.net\/portal\/wp-json\/wp\/v2\/posts\/257807\/revisions\/257808"}],"wp:featuredmedia":[{"embeddable":true,"href":"https:\/\/www.eldiario.net\/portal\/wp-json\/wp\/v2\/media\/157469"}],"wp:attachment":[{"href":"https:\/\/www.eldiario.net\/portal\/wp-json\/wp\/v2\/media?parent=257807"}],"wp:term":[{"taxonomy":"category","embeddable":true,"href":"https:\/\/www.eldiario.net\/portal\/wp-json\/wp\/v2\/categories?post=257807"},{"taxonomy":"post_tag","embeddable":true,"href":"https:\/\/www.eldiario.net\/portal\/wp-json\/wp\/v2\/tags?post=257807"}],"curies":[{"name":"wp","href":"https:\/\/api.w.org\/{rel}","templated":true}]}}