{"id":257805,"date":"2024-10-31T06:17:59","date_gmt":"2024-10-31T10:17:59","guid":{"rendered":"https:\/\/www.eldiario.net\/portal\/?p=257805"},"modified":"2024-10-31T06:17:59","modified_gmt":"2024-10-31T10:17:59","slug":"cualquiera-sea-el-motivo-y-cualquiera-sea-el-bloqueador","status":"publish","type":"post","link":"https:\/\/www.eldiario.net\/portal\/2024\/10\/31\/cualquiera-sea-el-motivo-y-cualquiera-sea-el-bloqueador\/","title":{"rendered":"Cualquiera sea el motivo y cualquiera sea el bloqueador\u2026"},"content":{"rendered":"<p>\u00bfEst\u00e1 Ud. de acuerdo con que en una familia los hermanos hablen de sus aspiraciones y discutan sus diferencias, pero que no se agredan para solucionar un conflicto o imponer una pretensi\u00f3n, pues ello consagrar\u00eda la \u201cley del m\u00e1s fuerte\u201d? \u00bfQui\u00e9nes deben evitar que se produzca tal exceso? Naturalmente, los padres, en especial, el padre de familia, cumpliendo y haciendo cumplir ciertas normas de conducta a fin de vivir en paz. Exactamente igual debe ser a nivel de un pa\u00eds.<\/p>\n<p>El derecho a protestar no deber\u00eda equivaler a bloquear, aunque no se lo entiende as\u00ed. Se puede reclamar, ning\u00fan problema con ello, pero este acto debe ser pac\u00edfico y respetuoso de las normas de conducta social establecidas para garantizar la pac\u00edfica convivencia entre ricos y pobres, blancos y cobrizos, moros y cristianos, citadinos y campesinos, etc., ya que ante la ley todos somos iguales, y, cuando la ley es pareja, nadie se queja.<\/p>\n<p>El derecho a la protesta tiene que ver con la libre expresi\u00f3n, cuyo ejercicio est\u00e1 estipulado en la Constituci\u00f3n Pol\u00edtica del Estado (CPE) en sus Arts. 21 y 106; pero, la Carta Magna garantiza tambi\u00e9n otros derechos ciudadanos, como la libre circulaci\u00f3n, en su Art. 21, y el derecho al trabajo, en el Art. 46, de ah\u00ed que, si de la protesta no se pasa a la propuesta, sino m\u00e1s bien a acciones que implican violencia, como el bloquear, se incumple tal requisito.<\/p>\n<p>Imposible hablar de un \u201cbloqueo pac\u00edfico\u201d cuando se impide el libre tr\u00e1nsito y, al valerse de piedras, ramas, tierra y otros, para cortar una calle, un camino, una carretera, etc., se provoca toda clase de p\u00e9rdidas, violentando as\u00ed el derecho inalienable de los ciudadanos a vivir en paz, a circular con seguridad y a trabajar para poder ganarse el pan de cada d\u00eda.<\/p>\n<p>\u00bfSe imagina que en una familia un hermano bloquee \u201cpac\u00edficamente\u201d la salida del dormitorio de su hermano, impidi\u00e9ndole ir a estudiar o trabajar? \u00bfQue una hermana decida bloquear el refrigerador, provocando que sus hermanos sufran de hambre? Peor a\u00fan\u2026 \u00bfQu\u00e9 si un hermano cierra con llave la puerta de entrada para que los dem\u00e1s no puedan ingresar y deban estar a la intemperie d\u00eda y noche? \u00bfQu\u00e9 pasar\u00eda, si una hermana decide apoderarse del botiqu\u00edn para que sus hermanos no puedan tomar sus medicinas? \u00bfNo romper\u00edan tales actitudes las normas familiares y provocar\u00edan duras reacciones de los afectados? Si los padres no imponen el orden a tiempo, el enfrentamiento entre hermanos ser\u00e1 inevitable, e incluso los propios padres podr\u00edan ser afrentados por los infractores.<\/p>\n<p>Lo mismo pasa en un pa\u00eds donde unos pocos bloqueadores perjudican a much\u00edsima gente.<\/p>\n<p>\u00bfCu\u00e1ntos bloqueadores hay en los puntos de conflicto? Que yo sepa, no son millones, ni cientos de miles quienes participan, no llegan a decenas de miles, ni siquiera son cientos o decenas los bloqueadores en un solo punto; en realidad, no pasan de unos cuantos que en muchos casos son obligados y en otros pagados; que, por consigna o por estar alcoholizados, sus c\u00f3digos de conducta no condicen con el del ciudadano de a pie, por lo que, en su ignorancia o temeridad, son aviesos y violentos en su accionar, frente a la pac\u00edfica poblaci\u00f3n que lo \u00fanico que desea es vivir en paz, trabajar y progresar.<\/p>\n<p>El problema es que &#8211;ante la permisividad o inefectividad de quienes solemnemente juraron cumplir y hacer cumplir las leyes, al asumir las altas responsabilidades de administrar el Estado y velar por el cumplimiento de las garant\u00edas constitucionales&#8211; de prolongarse los bloqueos, ante la profundizaci\u00f3n de los da\u00f1os, los conflictos puedan degenerar, como ocurre en una familia donde los afectados se defienden ante una agresi\u00f3n, y se haga justicia por mano propia, y sobrevenga el caos.<\/p>\n<p>El C\u00f3digo Penal boliviano prev\u00e9 c\u00e1rcel de dos a ocho a\u00f1os para quien impidiere, perturbare o pusiere en peligro la seguridad o la regularidad de los transportes p\u00fablicos, eso dice la norma para la pac\u00edfica convivencia, pero cuando la autoridad no act\u00faa, la permisividad promueve una indeseada \u201ccultura del bloqueo\u201d, donde prima la \u201cley del m\u00e1s fuerte\u201d.<\/p>\n<p><strong>Los productores agropecuarios, madereros, industriales, exportadores, importadores, transportistas, comerciantes, prestadores de servicios, entre otros, lo \u00fanico que demandan es seguridad jur\u00eddica y paz social para invertir, producir, comerciar, exportar, importar, recibir turistas, prestar servicios, para con ello generar empleos e ingresos para las familias, y divisas e impuestos para el Estado. \u00bfSer\u00e1 que eso es pedir demasiado?<\/strong><\/p>\n<p><strong>En una reciente conferencia de prensa, el Instituto Boliviano de Comercio Exterior (IBCE) reiter\u00f3 su p\u00fablica posici\u00f3n de que <em>\u201ctodo bloqueo, cualquiera sea el motivo y cualquiera sea el bloqueador, literalmente, bloquea la posibilidad de un mayor desarrollo del pa\u00eds\u201d<\/em> y quien sufre las consecuencias es el ciudadano de a pie, por la imposibilidad de parar una crisis en curso; la afectaci\u00f3n a una mayor recuperaci\u00f3n econ\u00f3mica, y el deterioro de la imagen-pa\u00eds, al mostrar\u00a0 que aqu\u00ed se impone la raz\u00f3n de la fuerza, en vez de la fuerza de la raz\u00f3n.<\/strong><\/p>\n<p><strong>\u00a0<\/strong><\/p>\n<p><em>El autor es <\/em><em>Economista y Mag\u00edster en Comercio Internacional.<\/em><\/p>\n","protected":false},"excerpt":{"rendered":"<p>\u00bfEst\u00e1 Ud. de acuerdo con que en una familia los hermanos hablen de sus aspiraciones y discutan sus diferencias, pero que no se agredan para solucionar un conflicto o imponer una pretensi\u00f3n, pues ello consagrar\u00eda la \u201cley del m\u00e1s fuerte\u201d? \u00bfQui\u00e9nes deben evitar que se produzca tal exceso? Naturalmente, los padres, en especial, el padre [&hellip;]<\/p>\n","protected":false},"author":1,"featured_media":157466,"comment_status":"closed","ping_status":"open","sticky":false,"template":"","format":"standard","meta":{"_acf_changed":false,"footnotes":""},"categories":[9],"tags":[],"class_list":["post-257805","post","type-post","status-publish","format-standard","has-post-thumbnail","category-opinion"],"acf":{"antetitulo":"Buscando la verdad "},"yoast_head":"<!-- This site is optimized with the Yoast SEO plugin v28.3 - https:\/\/yoast.com\/product\/yoast-seo-wordpress\/ -->\n<title>Cualquiera sea el motivo y cualquiera sea el bloqueador\u2026 - El Diario - Bolivia<\/title>\n<meta name=\"robots\" content=\"index, follow, max-snippet:-1, max-image-preview:large, max-video-preview:-1\" \/>\n<link rel=\"canonical\" href=\"https:\/\/www.eldiario.net\/portal\/2024\/10\/31\/cualquiera-sea-el-motivo-y-cualquiera-sea-el-bloqueador\/\" \/>\n<meta property=\"og:locale\" content=\"es_ES\" \/>\n<meta property=\"og:type\" content=\"article\" \/>\n<meta property=\"og:title\" content=\"Cualquiera sea el motivo y cualquiera sea el bloqueador\u2026 - El Diario - Bolivia\" \/>\n<meta property=\"og:description\" content=\"\u00bfEst\u00e1 Ud. de acuerdo con que en una familia los hermanos hablen de sus aspiraciones y discutan sus diferencias, pero que no se agredan para solucionar un conflicto o imponer una pretensi\u00f3n, pues ello consagrar\u00eda la \u201cley del m\u00e1s fuerte\u201d? \u00bfQui\u00e9nes deben evitar que se produzca tal exceso? Naturalmente, los padres, en especial, el padre [&hellip;]\" \/>\n<meta property=\"og:url\" content=\"https:\/\/www.eldiario.net\/portal\/2024\/10\/31\/cualquiera-sea-el-motivo-y-cualquiera-sea-el-bloqueador\/\" \/>\n<meta property=\"og:site_name\" content=\"El Diario - Bolivia\" \/>\n<meta property=\"article:publisher\" content=\"https:\/\/www.facebook.com\/eldiario.bolivia\/\" \/>\n<meta property=\"article:published_time\" content=\"2024-10-31T10:17:59+00:00\" \/>\n<meta property=\"og:image\" content=\"https:\/\/www.eldiario.net\/portal\/wp-content\/uploads\/2023\/06\/Gary-Antonio-Rodriguez-Alvarez.jpg\" \/>\n\t<meta property=\"og:image:width\" content=\"1200\" \/>\n\t<meta property=\"og:image:height\" content=\"628\" \/>\n\t<meta property=\"og:image:type\" content=\"image\/jpeg\" \/>\n<meta name=\"author\" content=\"Jeanette\" \/>\n<meta name=\"twitter:card\" content=\"summary_large_image\" \/>\n<meta name=\"twitter:creator\" content=\"@eldiario_net\" \/>\n<meta name=\"twitter:site\" content=\"@eldiario_net\" \/>\n<meta name=\"twitter:label1\" content=\"Escrito por\" \/>\n\t<meta name=\"twitter:data1\" content=\"Jeanette\" \/>\n\t<meta name=\"twitter:label2\" content=\"Tiempo de lectura\" \/>\n\t<meta name=\"twitter:data2\" content=\"5 minutos\" \/>\n<script type=\"application\/ld+json\" class=\"yoast-schema-graph\">{\"@context\":\"https:\\\/\\\/schema.org\",\"@graph\":[{\"@type\":\"Article\",\"@id\":\"https:\\\/\\\/www.eldiario.net\\\/portal\\\/2024\\\/10\\\/31\\\/cualquiera-sea-el-motivo-y-cualquiera-sea-el-bloqueador\\\/#article\",\"isPartOf\":{\"@id\":\"https:\\\/\\\/www.eldiario.net\\\/portal\\\/2024\\\/10\\\/31\\\/cualquiera-sea-el-motivo-y-cualquiera-sea-el-bloqueador\\\/\"},\"author\":{\"name\":\"Jeanette\",\"@id\":\"https:\\\/\\\/www.eldiario.net\\\/portal\\\/#\\\/schema\\\/person\\\/f46445640444750d7d753ccd04ae01b7\"},\"headline\":\"Cualquiera sea el motivo y cualquiera sea el bloqueador\u2026\",\"datePublished\":\"2024-10-31T10:17:59+00:00\",\"mainEntityOfPage\":{\"@id\":\"https:\\\/\\\/www.eldiario.net\\\/portal\\\/2024\\\/10\\\/31\\\/cualquiera-sea-el-motivo-y-cualquiera-sea-el-bloqueador\\\/\"},\"wordCount\":896,\"publisher\":{\"@id\":\"https:\\\/\\\/www.eldiario.net\\\/portal\\\/#organization\"},\"image\":{\"@id\":\"https:\\\/\\\/www.eldiario.net\\\/portal\\\/2024\\\/10\\\/31\\\/cualquiera-sea-el-motivo-y-cualquiera-sea-el-bloqueador\\\/#primaryimage\"},\"thumbnailUrl\":\"https:\\\/\\\/www.eldiario.net\\\/portal\\\/wp-content\\\/uploads\\\/2023\\\/06\\\/Gary-Antonio-Rodriguez-Alvarez.jpg\",\"articleSection\":[\"Opini\u00f3n\"],\"inLanguage\":\"es\"},{\"@type\":\"WebPage\",\"@id\":\"https:\\\/\\\/www.eldiario.net\\\/portal\\\/2024\\\/10\\\/31\\\/cualquiera-sea-el-motivo-y-cualquiera-sea-el-bloqueador\\\/\",\"url\":\"https:\\\/\\\/www.eldiario.net\\\/portal\\\/2024\\\/10\\\/31\\\/cualquiera-sea-el-motivo-y-cualquiera-sea-el-bloqueador\\\/\",\"name\":\"Cualquiera sea el motivo y cualquiera sea el bloqueador\u2026 - El Diario - Bolivia\",\"isPartOf\":{\"@id\":\"https:\\\/\\\/www.eldiario.net\\\/portal\\\/#website\"},\"primaryImageOfPage\":{\"@id\":\"https:\\\/\\\/www.eldiario.net\\\/portal\\\/2024\\\/10\\\/31\\\/cualquiera-sea-el-motivo-y-cualquiera-sea-el-bloqueador\\\/#primaryimage\"},\"image\":{\"@id\":\"https:\\\/\\\/www.eldiario.net\\\/portal\\\/2024\\\/10\\\/31\\\/cualquiera-sea-el-motivo-y-cualquiera-sea-el-bloqueador\\\/#primaryimage\"},\"thumbnailUrl\":\"https:\\\/\\\/www.eldiario.net\\\/portal\\\/wp-content\\\/uploads\\\/2023\\\/06\\\/Gary-Antonio-Rodriguez-Alvarez.jpg\",\"datePublished\":\"2024-10-31T10:17:59+00:00\",\"breadcrumb\":{\"@id\":\"https:\\\/\\\/www.eldiario.net\\\/portal\\\/2024\\\/10\\\/31\\\/cualquiera-sea-el-motivo-y-cualquiera-sea-el-bloqueador\\\/#breadcrumb\"},\"inLanguage\":\"es\",\"potentialAction\":[{\"@type\":\"ReadAction\",\"target\":[\"https:\\\/\\\/www.eldiario.net\\\/portal\\\/2024\\\/10\\\/31\\\/cualquiera-sea-el-motivo-y-cualquiera-sea-el-bloqueador\\\/\"]}]},{\"@type\":\"ImageObject\",\"inLanguage\":\"es\",\"@id\":\"https:\\\/\\\/www.eldiario.net\\\/portal\\\/2024\\\/10\\\/31\\\/cualquiera-sea-el-motivo-y-cualquiera-sea-el-bloqueador\\\/#primaryimage\",\"url\":\"https:\\\/\\\/www.eldiario.net\\\/portal\\\/wp-content\\\/uploads\\\/2023\\\/06\\\/Gary-Antonio-Rodriguez-Alvarez.jpg\",\"contentUrl\":\"https:\\\/\\\/www.eldiario.net\\\/portal\\\/wp-content\\\/uploads\\\/2023\\\/06\\\/Gary-Antonio-Rodriguez-Alvarez.jpg\",\"width\":1200,\"height\":628},{\"@type\":\"BreadcrumbList\",\"@id\":\"https:\\\/\\\/www.eldiario.net\\\/portal\\\/2024\\\/10\\\/31\\\/cualquiera-sea-el-motivo-y-cualquiera-sea-el-bloqueador\\\/#breadcrumb\",\"itemListElement\":[{\"@type\":\"ListItem\",\"position\":1,\"name\":\"Portada\",\"item\":\"https:\\\/\\\/www.eldiario.net\\\/portal\\\/\"},{\"@type\":\"ListItem\",\"position\":2,\"name\":\"Cualquiera sea el motivo y cualquiera sea el bloqueador\u2026\"}]},{\"@type\":\"WebSite\",\"@id\":\"https:\\\/\\\/www.eldiario.net\\\/portal\\\/#website\",\"url\":\"https:\\\/\\\/www.eldiario.net\\\/portal\\\/\",\"name\":\"El Diario - Decano de la prensa nacional\",\"description\":\"El Diario - Decano de la prensa nacional\",\"publisher\":{\"@id\":\"https:\\\/\\\/www.eldiario.net\\\/portal\\\/#organization\"},\"potentialAction\":[{\"@type\":\"SearchAction\",\"target\":{\"@type\":\"EntryPoint\",\"urlTemplate\":\"https:\\\/\\\/www.eldiario.net\\\/portal\\\/?s={search_term_string}\"},\"query-input\":{\"@type\":\"PropertyValueSpecification\",\"valueRequired\":true,\"valueName\":\"search_term_string\"}}],\"inLanguage\":\"es\"},{\"@type\":\"Organization\",\"@id\":\"https:\\\/\\\/www.eldiario.net\\\/portal\\\/#organization\",\"name\":\"El Diario - Decano de la prensa nacional\",\"url\":\"https:\\\/\\\/www.eldiario.net\\\/portal\\\/\",\"logo\":{\"@type\":\"ImageObject\",\"inLanguage\":\"es\",\"@id\":\"https:\\\/\\\/www.eldiario.net\\\/portal\\\/#\\\/schema\\\/logo\\\/image\\\/\",\"url\":\"https:\\\/\\\/www.eldiario.net\\\/portal\\\/wp-content\\\/uploads\\\/2023\\\/07\\\/logo_ED.jpg\",\"contentUrl\":\"https:\\\/\\\/www.eldiario.net\\\/portal\\\/wp-content\\\/uploads\\\/2023\\\/07\\\/logo_ED.jpg\",\"width\":272,\"height\":52,\"caption\":\"El Diario - Decano de la prensa nacional\"},\"image\":{\"@id\":\"https:\\\/\\\/www.eldiario.net\\\/portal\\\/#\\\/schema\\\/logo\\\/image\\\/\"},\"sameAs\":[\"https:\\\/\\\/www.facebook.com\\\/eldiario.bolivia\\\/\",\"https:\\\/\\\/x.com\\\/eldiario_net\"]},{\"@type\":\"Person\",\"@id\":\"https:\\\/\\\/www.eldiario.net\\\/portal\\\/#\\\/schema\\\/person\\\/f46445640444750d7d753ccd04ae01b7\",\"name\":\"Jeanette\",\"image\":{\"@type\":\"ImageObject\",\"inLanguage\":\"es\",\"@id\":\"https:\\\/\\\/secure.gravatar.com\\\/avatar\\\/3ea2118a5f7dad2b7138b1187a6b7ee55f160b9968b66013c3a3ef39dd7e5798?s=96&d=mm&r=g\",\"url\":\"https:\\\/\\\/secure.gravatar.com\\\/avatar\\\/3ea2118a5f7dad2b7138b1187a6b7ee55f160b9968b66013c3a3ef39dd7e5798?s=96&d=mm&r=g\",\"contentUrl\":\"https:\\\/\\\/secure.gravatar.com\\\/avatar\\\/3ea2118a5f7dad2b7138b1187a6b7ee55f160b9968b66013c3a3ef39dd7e5798?s=96&d=mm&r=g\",\"caption\":\"Jeanette\"},\"sameAs\":[\"https:\\\/\\\/www.eldiario.net\\\/portal\"],\"url\":\"https:\\\/\\\/www.eldiario.net\\\/portal\\\/author\\\/jeanette\\\/\"}]}<\/script>\n<!-- \/ Yoast SEO plugin. -->","yoast_head_json":{"title":"Cualquiera sea el motivo y cualquiera sea el bloqueador\u2026 - El Diario - Bolivia","robots":{"index":"index","follow":"follow","max-snippet":"max-snippet:-1","max-image-preview":"max-image-preview:large","max-video-preview":"max-video-preview:-1"},"canonical":"https:\/\/www.eldiario.net\/portal\/2024\/10\/31\/cualquiera-sea-el-motivo-y-cualquiera-sea-el-bloqueador\/","og_locale":"es_ES","og_type":"article","og_title":"Cualquiera sea el motivo y cualquiera sea el bloqueador\u2026 - El Diario - Bolivia","og_description":"\u00bfEst\u00e1 Ud. de acuerdo con que en una familia los hermanos hablen de sus aspiraciones y discutan sus diferencias, pero que no se agredan para solucionar un conflicto o imponer una pretensi\u00f3n, pues ello consagrar\u00eda la \u201cley del m\u00e1s fuerte\u201d? \u00bfQui\u00e9nes deben evitar que se produzca tal exceso? Naturalmente, los padres, en especial, el padre [&hellip;]","og_url":"https:\/\/www.eldiario.net\/portal\/2024\/10\/31\/cualquiera-sea-el-motivo-y-cualquiera-sea-el-bloqueador\/","og_site_name":"El Diario - Bolivia","article_publisher":"https:\/\/www.facebook.com\/eldiario.bolivia\/","article_published_time":"2024-10-31T10:17:59+00:00","og_image":[{"width":1200,"height":628,"url":"https:\/\/www.eldiario.net\/portal\/wp-content\/uploads\/2023\/06\/Gary-Antonio-Rodriguez-Alvarez.jpg","type":"image\/jpeg"}],"author":"Jeanette","twitter_card":"summary_large_image","twitter_creator":"@eldiario_net","twitter_site":"@eldiario_net","twitter_misc":{"Escrito por":"Jeanette","Tiempo de lectura":"5 minutos"},"schema":{"@context":"https:\/\/schema.org","@graph":[{"@type":"Article","@id":"https:\/\/www.eldiario.net\/portal\/2024\/10\/31\/cualquiera-sea-el-motivo-y-cualquiera-sea-el-bloqueador\/#article","isPartOf":{"@id":"https:\/\/www.eldiario.net\/portal\/2024\/10\/31\/cualquiera-sea-el-motivo-y-cualquiera-sea-el-bloqueador\/"},"author":{"name":"Jeanette","@id":"https:\/\/www.eldiario.net\/portal\/#\/schema\/person\/f46445640444750d7d753ccd04ae01b7"},"headline":"Cualquiera sea el motivo y cualquiera sea el bloqueador\u2026","datePublished":"2024-10-31T10:17:59+00:00","mainEntityOfPage":{"@id":"https:\/\/www.eldiario.net\/portal\/2024\/10\/31\/cualquiera-sea-el-motivo-y-cualquiera-sea-el-bloqueador\/"},"wordCount":896,"publisher":{"@id":"https:\/\/www.eldiario.net\/portal\/#organization"},"image":{"@id":"https:\/\/www.eldiario.net\/portal\/2024\/10\/31\/cualquiera-sea-el-motivo-y-cualquiera-sea-el-bloqueador\/#primaryimage"},"thumbnailUrl":"https:\/\/www.eldiario.net\/portal\/wp-content\/uploads\/2023\/06\/Gary-Antonio-Rodriguez-Alvarez.jpg","articleSection":["Opini\u00f3n"],"inLanguage":"es"},{"@type":"WebPage","@id":"https:\/\/www.eldiario.net\/portal\/2024\/10\/31\/cualquiera-sea-el-motivo-y-cualquiera-sea-el-bloqueador\/","url":"https:\/\/www.eldiario.net\/portal\/2024\/10\/31\/cualquiera-sea-el-motivo-y-cualquiera-sea-el-bloqueador\/","name":"Cualquiera sea el motivo y cualquiera sea el bloqueador\u2026 - El Diario - Bolivia","isPartOf":{"@id":"https:\/\/www.eldiario.net\/portal\/#website"},"primaryImageOfPage":{"@id":"https:\/\/www.eldiario.net\/portal\/2024\/10\/31\/cualquiera-sea-el-motivo-y-cualquiera-sea-el-bloqueador\/#primaryimage"},"image":{"@id":"https:\/\/www.eldiario.net\/portal\/2024\/10\/31\/cualquiera-sea-el-motivo-y-cualquiera-sea-el-bloqueador\/#primaryimage"},"thumbnailUrl":"https:\/\/www.eldiario.net\/portal\/wp-content\/uploads\/2023\/06\/Gary-Antonio-Rodriguez-Alvarez.jpg","datePublished":"2024-10-31T10:17:59+00:00","breadcrumb":{"@id":"https:\/\/www.eldiario.net\/portal\/2024\/10\/31\/cualquiera-sea-el-motivo-y-cualquiera-sea-el-bloqueador\/#breadcrumb"},"inLanguage":"es","potentialAction":[{"@type":"ReadAction","target":["https:\/\/www.eldiario.net\/portal\/2024\/10\/31\/cualquiera-sea-el-motivo-y-cualquiera-sea-el-bloqueador\/"]}]},{"@type":"ImageObject","inLanguage":"es","@id":"https:\/\/www.eldiario.net\/portal\/2024\/10\/31\/cualquiera-sea-el-motivo-y-cualquiera-sea-el-bloqueador\/#primaryimage","url":"https:\/\/www.eldiario.net\/portal\/wp-content\/uploads\/2023\/06\/Gary-Antonio-Rodriguez-Alvarez.jpg","contentUrl":"https:\/\/www.eldiario.net\/portal\/wp-content\/uploads\/2023\/06\/Gary-Antonio-Rodriguez-Alvarez.jpg","width":1200,"height":628},{"@type":"BreadcrumbList","@id":"https:\/\/www.eldiario.net\/portal\/2024\/10\/31\/cualquiera-sea-el-motivo-y-cualquiera-sea-el-bloqueador\/#breadcrumb","itemListElement":[{"@type":"ListItem","position":1,"name":"Portada","item":"https:\/\/www.eldiario.net\/portal\/"},{"@type":"ListItem","position":2,"name":"Cualquiera sea el motivo y cualquiera sea el bloqueador\u2026"}]},{"@type":"WebSite","@id":"https:\/\/www.eldiario.net\/portal\/#website","url":"https:\/\/www.eldiario.net\/portal\/","name":"El Diario - Decano de la prensa nacional","description":"El Diario - Decano de la prensa nacional","publisher":{"@id":"https:\/\/www.eldiario.net\/portal\/#organization"},"potentialAction":[{"@type":"SearchAction","target":{"@type":"EntryPoint","urlTemplate":"https:\/\/www.eldiario.net\/portal\/?s={search_term_string}"},"query-input":{"@type":"PropertyValueSpecification","valueRequired":true,"valueName":"search_term_string"}}],"inLanguage":"es"},{"@type":"Organization","@id":"https:\/\/www.eldiario.net\/portal\/#organization","name":"El Diario - Decano de la prensa nacional","url":"https:\/\/www.eldiario.net\/portal\/","logo":{"@type":"ImageObject","inLanguage":"es","@id":"https:\/\/www.eldiario.net\/portal\/#\/schema\/logo\/image\/","url":"https:\/\/www.eldiario.net\/portal\/wp-content\/uploads\/2023\/07\/logo_ED.jpg","contentUrl":"https:\/\/www.eldiario.net\/portal\/wp-content\/uploads\/2023\/07\/logo_ED.jpg","width":272,"height":52,"caption":"El Diario - Decano de la prensa nacional"},"image":{"@id":"https:\/\/www.eldiario.net\/portal\/#\/schema\/logo\/image\/"},"sameAs":["https:\/\/www.facebook.com\/eldiario.bolivia\/","https:\/\/x.com\/eldiario_net"]},{"@type":"Person","@id":"https:\/\/www.eldiario.net\/portal\/#\/schema\/person\/f46445640444750d7d753ccd04ae01b7","name":"Jeanette","image":{"@type":"ImageObject","inLanguage":"es","@id":"https:\/\/secure.gravatar.com\/avatar\/3ea2118a5f7dad2b7138b1187a6b7ee55f160b9968b66013c3a3ef39dd7e5798?s=96&d=mm&r=g","url":"https:\/\/secure.gravatar.com\/avatar\/3ea2118a5f7dad2b7138b1187a6b7ee55f160b9968b66013c3a3ef39dd7e5798?s=96&d=mm&r=g","contentUrl":"https:\/\/secure.gravatar.com\/avatar\/3ea2118a5f7dad2b7138b1187a6b7ee55f160b9968b66013c3a3ef39dd7e5798?s=96&d=mm&r=g","caption":"Jeanette"},"sameAs":["https:\/\/www.eldiario.net\/portal"],"url":"https:\/\/www.eldiario.net\/portal\/author\/jeanette\/"}]}},"_links":{"self":[{"href":"https:\/\/www.eldiario.net\/portal\/wp-json\/wp\/v2\/posts\/257805","targetHints":{"allow":["GET"]}}],"collection":[{"href":"https:\/\/www.eldiario.net\/portal\/wp-json\/wp\/v2\/posts"}],"about":[{"href":"https:\/\/www.eldiario.net\/portal\/wp-json\/wp\/v2\/types\/post"}],"author":[{"embeddable":true,"href":"https:\/\/www.eldiario.net\/portal\/wp-json\/wp\/v2\/users\/1"}],"replies":[{"embeddable":true,"href":"https:\/\/www.eldiario.net\/portal\/wp-json\/wp\/v2\/comments?post=257805"}],"version-history":[{"count":1,"href":"https:\/\/www.eldiario.net\/portal\/wp-json\/wp\/v2\/posts\/257805\/revisions"}],"predecessor-version":[{"id":257806,"href":"https:\/\/www.eldiario.net\/portal\/wp-json\/wp\/v2\/posts\/257805\/revisions\/257806"}],"wp:featuredmedia":[{"embeddable":true,"href":"https:\/\/www.eldiario.net\/portal\/wp-json\/wp\/v2\/media\/157466"}],"wp:attachment":[{"href":"https:\/\/www.eldiario.net\/portal\/wp-json\/wp\/v2\/media?parent=257805"}],"wp:term":[{"taxonomy":"category","embeddable":true,"href":"https:\/\/www.eldiario.net\/portal\/wp-json\/wp\/v2\/categories?post=257805"},{"taxonomy":"post_tag","embeddable":true,"href":"https:\/\/www.eldiario.net\/portal\/wp-json\/wp\/v2\/tags?post=257805"}],"curies":[{"name":"wp","href":"https:\/\/api.w.org\/{rel}","templated":true}]}}