{"id":25780,"date":"2021-08-26T04:28:16","date_gmt":"2021-08-26T08:28:16","guid":{"rendered":"https:\/\/www.eldiario.net\/portal\/?p=25780"},"modified":"2021-08-26T04:28:16","modified_gmt":"2021-08-26T08:28:16","slug":"municipio-estudia-cambio-de-embovedado-en-alpacoma","status":"publish","type":"post","link":"https:\/\/www.eldiario.net\/portal\/2021\/08\/26\/municipio-estudia-cambio-de-embovedado-en-alpacoma\/","title":{"rendered":"Municipio estudia cambio de  embovedado en Alpacoma"},"content":{"rendered":"<p>La secretar\u00eda Municipal de Agua y Saneamiento de la ciudad de El Alto, Neyza Veizaga, estudia sustituir el embovedado del drenaje pluvial de Tejada Alpacoma del Distrito1, debido a los da\u00f1os que se registraron en los \u00faltimos d\u00edas.<\/p>\n<p>La decisi\u00f3n fue tomada despu\u00e9s de una inspecci\u00f3n que se realiz\u00f3 en el lugar, junto a la Unidad de Riesgos, debido a los hundimientos que presenta a causa de los a\u00f1os de uso que tiene el drenaje pluvial de dicho embovedado.<\/p>\n<p>Otro de los problemas que est\u00e1 causando este deterioro son las conexiones clandestinas de servicios sanitarios, que fueron conectados a este drenaje pluvial, por parte de algunos due\u00f1os de casa, tema que ser\u00e1 analizado con el grupo de t\u00e9cnicos que analizar\u00e1n su retiro.<\/p>\n<p>\u201cSe ha hecho una primera inspecci\u00f3n, lo que dio lugar a que no solamente estos hundimientos, son a causa del desgaste del embovedado por el tiempo que tiene la construcci\u00f3n, sino lamentamos se\u00f1alar que muchos due\u00f1os de casa hicieron conexiones clandestinas de sus servicio sanitarios a este lugar, lo que tambi\u00e9n est\u00e1 afectando la infraestructura\u201d, explic\u00f3 Veizaga.<\/p>\n<p>Seg\u00fan el municipio, la intervenci\u00f3n en este lugar se ha iniciado desde el mes de mayo de este a\u00f1o, en coordinaci\u00f3n con los vecinos, y como una primera medida se efectuar\u00e1 el cambio del alcantarillado de la calle Diego de Oca\u00f1a, trabajos que comenzar\u00e1n desde el mes de septiembre.<\/p>\n<p>Este proyecto de intervenci\u00f3n que realizar\u00e1 el municipio de El Alto, beneficiar\u00e1 a m\u00e1s de 700\u00a0 vecinos de la urbanizaci\u00f3n Tejada Alpacoma, adem\u00e1s de las zonas colindantes\u00a0 como San Miguel de Alpacoma, Central Alpacoma, Bajo Alpacoma, Exaltaci\u00f3n Chacarismal y parte de Ciudad Sat\u00e9lite.<\/p>\n<p>DIRIGENTE<\/p>\n<p>La presidenta de este barrio, Jaqueline Aguilera, se\u00f1al\u00f3 que este problema no es reciente, ya que en a\u00f1os pasados en \u00e9poca de lluvias sucedi\u00f3 lo mismo; pero a pesar que las autoridades municipales de ese entonces conoc\u00edan del tema, no se hizo nada para solucionar el problema.<\/p>\n<p>\u201cLamentablemente hubo mucha negligencia, ninguna autoridad del municipio le dio importancia a este problema, a pesar de varias notas\u00a0 que hemos enviado, pero ahora gracias a las actuales autoridades, tenemos el compromiso de que este problema ser\u00e1 solucionado y ojal\u00e1 en el menor tiempo posible\u201d, dijo la dirigente.<\/p>\n<p>Aguilera, se\u00f1al\u00f3 que este problema del alcantarillado sanitario, no es solo preocupaci\u00f3n de su barrio, muchos otros como Ciudad Sat\u00e9lite, tambi\u00e9n presentan desgasta de las tuber\u00edas de sus servicios sanitarios.<\/p>\n","protected":false},"excerpt":{"rendered":"<p>La secretar\u00eda Municipal de Agua y Saneamiento de la ciudad de El Alto, Neyza Veizaga, estudia sustituir el embovedado del drenaje pluvial de Tejada Alpacoma del Distrito1, debido a los da\u00f1os que se registraron en los \u00faltimos d\u00edas. La decisi\u00f3n fue tomada despu\u00e9s de una inspecci\u00f3n que se realiz\u00f3 en el lugar, junto a la [&hellip;]<\/p>\n","protected":false},"author":1,"featured_media":25781,"comment_status":"closed","ping_status":"closed","sticky":false,"template":"","format":"standard","meta":{"_acf_changed":false,"footnotes":""},"categories":[12],"tags":[],"class_list":["post-25780","post","type-post","status-publish","format-standard","has-post-thumbnail","category-nacional"],"acf":{"antetitulo":""},"yoast_head":"<!-- This site is optimized with the Yoast SEO plugin v28.4 - https:\/\/yoast.com\/product\/yoast-seo-wordpress\/ -->\n<title>Municipio estudia cambio de embovedado en Alpacoma - El Diario - Bolivia<\/title>\n<meta name=\"robots\" content=\"index, follow, max-snippet:-1, max-image-preview:large, max-video-preview:-1\" \/>\n<link rel=\"canonical\" href=\"https:\/\/www.eldiario.net\/portal\/2021\/08\/26\/municipio-estudia-cambio-de-embovedado-en-alpacoma\/\" \/>\n<meta property=\"og:locale\" content=\"es_ES\" \/>\n<meta property=\"og:type\" content=\"article\" \/>\n<meta property=\"og:title\" content=\"Municipio estudia cambio de embovedado en Alpacoma - El Diario - Bolivia\" \/>\n<meta property=\"og:description\" content=\"La secretar\u00eda Municipal de Agua y Saneamiento de la ciudad de El Alto, Neyza Veizaga, estudia sustituir el embovedado del drenaje pluvial de Tejada Alpacoma del Distrito1, debido a los da\u00f1os que se registraron en los \u00faltimos d\u00edas. La decisi\u00f3n fue tomada despu\u00e9s de una inspecci\u00f3n que se realiz\u00f3 en el lugar, junto a la [&hellip;]\" \/>\n<meta property=\"og:url\" content=\"https:\/\/www.eldiario.net\/portal\/2021\/08\/26\/municipio-estudia-cambio-de-embovedado-en-alpacoma\/\" \/>\n<meta property=\"og:site_name\" content=\"El Diario - Bolivia\" \/>\n<meta property=\"article:publisher\" content=\"https:\/\/www.facebook.com\/eldiario.bolivia\/\" \/>\n<meta property=\"article:published_time\" content=\"2021-08-26T08:28:16+00:00\" \/>\n<meta name=\"author\" content=\"Jeanette\" \/>\n<meta name=\"twitter:card\" content=\"summary_large_image\" \/>\n<meta name=\"twitter:creator\" content=\"@eldiario_net\" \/>\n<meta name=\"twitter:site\" content=\"@eldiario_net\" \/>\n<meta name=\"twitter:label1\" content=\"Escrito por\" \/>\n\t<meta name=\"twitter:data1\" content=\"Jeanette\" \/>\n\t<meta name=\"twitter:label2\" content=\"Tiempo de lectura\" \/>\n\t<meta name=\"twitter:data2\" content=\"2 minutos\" \/>\n<script type=\"application\/ld+json\" class=\"yoast-schema-graph\">{\"@context\":\"https:\\\/\\\/schema.org\",\"@graph\":[{\"@type\":\"Article\",\"@id\":\"https:\\\/\\\/www.eldiario.net\\\/portal\\\/2021\\\/08\\\/26\\\/municipio-estudia-cambio-de-embovedado-en-alpacoma\\\/#article\",\"isPartOf\":{\"@id\":\"https:\\\/\\\/www.eldiario.net\\\/portal\\\/2021\\\/08\\\/26\\\/municipio-estudia-cambio-de-embovedado-en-alpacoma\\\/\"},\"author\":{\"name\":\"Jeanette\",\"@id\":\"https:\\\/\\\/www.eldiario.net\\\/portal\\\/#\\\/schema\\\/person\\\/f46445640444750d7d753ccd04ae01b7\"},\"headline\":\"Municipio estudia cambio de embovedado en Alpacoma\",\"datePublished\":\"2021-08-26T08:28:16+00:00\",\"mainEntityOfPage\":{\"@id\":\"https:\\\/\\\/www.eldiario.net\\\/portal\\\/2021\\\/08\\\/26\\\/municipio-estudia-cambio-de-embovedado-en-alpacoma\\\/\"},\"wordCount\":438,\"publisher\":{\"@id\":\"https:\\\/\\\/www.eldiario.net\\\/portal\\\/#organization\"},\"image\":{\"@id\":\"https:\\\/\\\/www.eldiario.net\\\/portal\\\/2021\\\/08\\\/26\\\/municipio-estudia-cambio-de-embovedado-en-alpacoma\\\/#primaryimage\"},\"thumbnailUrl\":\"\",\"articleSection\":[\"Nacional\"],\"inLanguage\":\"es\"},{\"@type\":\"WebPage\",\"@id\":\"https:\\\/\\\/www.eldiario.net\\\/portal\\\/2021\\\/08\\\/26\\\/municipio-estudia-cambio-de-embovedado-en-alpacoma\\\/\",\"url\":\"https:\\\/\\\/www.eldiario.net\\\/portal\\\/2021\\\/08\\\/26\\\/municipio-estudia-cambio-de-embovedado-en-alpacoma\\\/\",\"name\":\"Municipio estudia cambio de embovedado en Alpacoma - El Diario - Bolivia\",\"isPartOf\":{\"@id\":\"https:\\\/\\\/www.eldiario.net\\\/portal\\\/#website\"},\"primaryImageOfPage\":{\"@id\":\"https:\\\/\\\/www.eldiario.net\\\/portal\\\/2021\\\/08\\\/26\\\/municipio-estudia-cambio-de-embovedado-en-alpacoma\\\/#primaryimage\"},\"image\":{\"@id\":\"https:\\\/\\\/www.eldiario.net\\\/portal\\\/2021\\\/08\\\/26\\\/municipio-estudia-cambio-de-embovedado-en-alpacoma\\\/#primaryimage\"},\"thumbnailUrl\":\"\",\"datePublished\":\"2021-08-26T08:28:16+00:00\",\"breadcrumb\":{\"@id\":\"https:\\\/\\\/www.eldiario.net\\\/portal\\\/2021\\\/08\\\/26\\\/municipio-estudia-cambio-de-embovedado-en-alpacoma\\\/#breadcrumb\"},\"inLanguage\":\"es\",\"potentialAction\":[{\"@type\":\"ReadAction\",\"target\":[\"https:\\\/\\\/www.eldiario.net\\\/portal\\\/2021\\\/08\\\/26\\\/municipio-estudia-cambio-de-embovedado-en-alpacoma\\\/\"]}]},{\"@type\":\"ImageObject\",\"inLanguage\":\"es\",\"@id\":\"https:\\\/\\\/www.eldiario.net\\\/portal\\\/2021\\\/08\\\/26\\\/municipio-estudia-cambio-de-embovedado-en-alpacoma\\\/#primaryimage\",\"url\":\"\",\"contentUrl\":\"\"},{\"@type\":\"BreadcrumbList\",\"@id\":\"https:\\\/\\\/www.eldiario.net\\\/portal\\\/2021\\\/08\\\/26\\\/municipio-estudia-cambio-de-embovedado-en-alpacoma\\\/#breadcrumb\",\"itemListElement\":[{\"@type\":\"ListItem\",\"position\":1,\"name\":\"Portada\",\"item\":\"https:\\\/\\\/www.eldiario.net\\\/portal\\\/\"},{\"@type\":\"ListItem\",\"position\":2,\"name\":\"Municipio estudia cambio de embovedado en Alpacoma\"}]},{\"@type\":\"WebSite\",\"@id\":\"https:\\\/\\\/www.eldiario.net\\\/portal\\\/#website\",\"url\":\"https:\\\/\\\/www.eldiario.net\\\/portal\\\/\",\"name\":\"El Diario - Decano de la prensa nacional\",\"description\":\"El Diario - Decano de la prensa nacional\",\"publisher\":{\"@id\":\"https:\\\/\\\/www.eldiario.net\\\/portal\\\/#organization\"},\"potentialAction\":[{\"@type\":\"SearchAction\",\"target\":{\"@type\":\"EntryPoint\",\"urlTemplate\":\"https:\\\/\\\/www.eldiario.net\\\/portal\\\/?s={search_term_string}\"},\"query-input\":{\"@type\":\"PropertyValueSpecification\",\"valueRequired\":true,\"valueName\":\"search_term_string\"}}],\"inLanguage\":\"es\"},{\"@type\":\"Organization\",\"@id\":\"https:\\\/\\\/www.eldiario.net\\\/portal\\\/#organization\",\"name\":\"El Diario - Decano de la prensa nacional\",\"url\":\"https:\\\/\\\/www.eldiario.net\\\/portal\\\/\",\"logo\":{\"@type\":\"ImageObject\",\"inLanguage\":\"es\",\"@id\":\"https:\\\/\\\/www.eldiario.net\\\/portal\\\/#\\\/schema\\\/logo\\\/image\\\/\",\"url\":\"https:\\\/\\\/www.eldiario.net\\\/portal\\\/wp-content\\\/uploads\\\/2023\\\/07\\\/logo_ED.jpg\",\"contentUrl\":\"https:\\\/\\\/www.eldiario.net\\\/portal\\\/wp-content\\\/uploads\\\/2023\\\/07\\\/logo_ED.jpg\",\"width\":272,\"height\":52,\"caption\":\"El Diario - Decano de la prensa nacional\"},\"image\":{\"@id\":\"https:\\\/\\\/www.eldiario.net\\\/portal\\\/#\\\/schema\\\/logo\\\/image\\\/\"},\"sameAs\":[\"https:\\\/\\\/www.facebook.com\\\/eldiario.bolivia\\\/\",\"https:\\\/\\\/x.com\\\/eldiario_net\"]},{\"@type\":\"Person\",\"@id\":\"https:\\\/\\\/www.eldiario.net\\\/portal\\\/#\\\/schema\\\/person\\\/f46445640444750d7d753ccd04ae01b7\",\"name\":\"Jeanette\",\"image\":{\"@type\":\"ImageObject\",\"inLanguage\":\"es\",\"@id\":\"https:\\\/\\\/secure.gravatar.com\\\/avatar\\\/3ea2118a5f7dad2b7138b1187a6b7ee55f160b9968b66013c3a3ef39dd7e5798?s=96&d=mm&r=g\",\"url\":\"https:\\\/\\\/secure.gravatar.com\\\/avatar\\\/3ea2118a5f7dad2b7138b1187a6b7ee55f160b9968b66013c3a3ef39dd7e5798?s=96&d=mm&r=g\",\"contentUrl\":\"https:\\\/\\\/secure.gravatar.com\\\/avatar\\\/3ea2118a5f7dad2b7138b1187a6b7ee55f160b9968b66013c3a3ef39dd7e5798?s=96&d=mm&r=g\",\"caption\":\"Jeanette\"},\"sameAs\":[\"https:\\\/\\\/www.eldiario.net\\\/portal\"],\"url\":\"https:\\\/\\\/www.eldiario.net\\\/portal\\\/author\\\/jeanette\\\/\"}]}<\/script>\n<!-- \/ Yoast SEO plugin. -->","yoast_head_json":{"title":"Municipio estudia cambio de embovedado en Alpacoma - El Diario - Bolivia","robots":{"index":"index","follow":"follow","max-snippet":"max-snippet:-1","max-image-preview":"max-image-preview:large","max-video-preview":"max-video-preview:-1"},"canonical":"https:\/\/www.eldiario.net\/portal\/2021\/08\/26\/municipio-estudia-cambio-de-embovedado-en-alpacoma\/","og_locale":"es_ES","og_type":"article","og_title":"Municipio estudia cambio de embovedado en Alpacoma - El Diario - Bolivia","og_description":"La secretar\u00eda Municipal de Agua y Saneamiento de la ciudad de El Alto, Neyza Veizaga, estudia sustituir el embovedado del drenaje pluvial de Tejada Alpacoma del Distrito1, debido a los da\u00f1os que se registraron en los \u00faltimos d\u00edas. La decisi\u00f3n fue tomada despu\u00e9s de una inspecci\u00f3n que se realiz\u00f3 en el lugar, junto a la [&hellip;]","og_url":"https:\/\/www.eldiario.net\/portal\/2021\/08\/26\/municipio-estudia-cambio-de-embovedado-en-alpacoma\/","og_site_name":"El Diario - Bolivia","article_publisher":"https:\/\/www.facebook.com\/eldiario.bolivia\/","article_published_time":"2021-08-26T08:28:16+00:00","author":"Jeanette","twitter_card":"summary_large_image","twitter_creator":"@eldiario_net","twitter_site":"@eldiario_net","twitter_misc":{"Escrito por":"Jeanette","Tiempo de lectura":"2 minutos"},"schema":{"@context":"https:\/\/schema.org","@graph":[{"@type":"Article","@id":"https:\/\/www.eldiario.net\/portal\/2021\/08\/26\/municipio-estudia-cambio-de-embovedado-en-alpacoma\/#article","isPartOf":{"@id":"https:\/\/www.eldiario.net\/portal\/2021\/08\/26\/municipio-estudia-cambio-de-embovedado-en-alpacoma\/"},"author":{"name":"Jeanette","@id":"https:\/\/www.eldiario.net\/portal\/#\/schema\/person\/f46445640444750d7d753ccd04ae01b7"},"headline":"Municipio estudia cambio de embovedado en Alpacoma","datePublished":"2021-08-26T08:28:16+00:00","mainEntityOfPage":{"@id":"https:\/\/www.eldiario.net\/portal\/2021\/08\/26\/municipio-estudia-cambio-de-embovedado-en-alpacoma\/"},"wordCount":438,"publisher":{"@id":"https:\/\/www.eldiario.net\/portal\/#organization"},"image":{"@id":"https:\/\/www.eldiario.net\/portal\/2021\/08\/26\/municipio-estudia-cambio-de-embovedado-en-alpacoma\/#primaryimage"},"thumbnailUrl":"","articleSection":["Nacional"],"inLanguage":"es"},{"@type":"WebPage","@id":"https:\/\/www.eldiario.net\/portal\/2021\/08\/26\/municipio-estudia-cambio-de-embovedado-en-alpacoma\/","url":"https:\/\/www.eldiario.net\/portal\/2021\/08\/26\/municipio-estudia-cambio-de-embovedado-en-alpacoma\/","name":"Municipio estudia cambio de embovedado en Alpacoma - El Diario - Bolivia","isPartOf":{"@id":"https:\/\/www.eldiario.net\/portal\/#website"},"primaryImageOfPage":{"@id":"https:\/\/www.eldiario.net\/portal\/2021\/08\/26\/municipio-estudia-cambio-de-embovedado-en-alpacoma\/#primaryimage"},"image":{"@id":"https:\/\/www.eldiario.net\/portal\/2021\/08\/26\/municipio-estudia-cambio-de-embovedado-en-alpacoma\/#primaryimage"},"thumbnailUrl":"","datePublished":"2021-08-26T08:28:16+00:00","breadcrumb":{"@id":"https:\/\/www.eldiario.net\/portal\/2021\/08\/26\/municipio-estudia-cambio-de-embovedado-en-alpacoma\/#breadcrumb"},"inLanguage":"es","potentialAction":[{"@type":"ReadAction","target":["https:\/\/www.eldiario.net\/portal\/2021\/08\/26\/municipio-estudia-cambio-de-embovedado-en-alpacoma\/"]}]},{"@type":"ImageObject","inLanguage":"es","@id":"https:\/\/www.eldiario.net\/portal\/2021\/08\/26\/municipio-estudia-cambio-de-embovedado-en-alpacoma\/#primaryimage","url":"","contentUrl":""},{"@type":"BreadcrumbList","@id":"https:\/\/www.eldiario.net\/portal\/2021\/08\/26\/municipio-estudia-cambio-de-embovedado-en-alpacoma\/#breadcrumb","itemListElement":[{"@type":"ListItem","position":1,"name":"Portada","item":"https:\/\/www.eldiario.net\/portal\/"},{"@type":"ListItem","position":2,"name":"Municipio estudia cambio de embovedado en Alpacoma"}]},{"@type":"WebSite","@id":"https:\/\/www.eldiario.net\/portal\/#website","url":"https:\/\/www.eldiario.net\/portal\/","name":"El Diario - Decano de la prensa nacional","description":"El Diario - Decano de la prensa nacional","publisher":{"@id":"https:\/\/www.eldiario.net\/portal\/#organization"},"potentialAction":[{"@type":"SearchAction","target":{"@type":"EntryPoint","urlTemplate":"https:\/\/www.eldiario.net\/portal\/?s={search_term_string}"},"query-input":{"@type":"PropertyValueSpecification","valueRequired":true,"valueName":"search_term_string"}}],"inLanguage":"es"},{"@type":"Organization","@id":"https:\/\/www.eldiario.net\/portal\/#organization","name":"El Diario - Decano de la prensa nacional","url":"https:\/\/www.eldiario.net\/portal\/","logo":{"@type":"ImageObject","inLanguage":"es","@id":"https:\/\/www.eldiario.net\/portal\/#\/schema\/logo\/image\/","url":"https:\/\/www.eldiario.net\/portal\/wp-content\/uploads\/2023\/07\/logo_ED.jpg","contentUrl":"https:\/\/www.eldiario.net\/portal\/wp-content\/uploads\/2023\/07\/logo_ED.jpg","width":272,"height":52,"caption":"El Diario - Decano de la prensa nacional"},"image":{"@id":"https:\/\/www.eldiario.net\/portal\/#\/schema\/logo\/image\/"},"sameAs":["https:\/\/www.facebook.com\/eldiario.bolivia\/","https:\/\/x.com\/eldiario_net"]},{"@type":"Person","@id":"https:\/\/www.eldiario.net\/portal\/#\/schema\/person\/f46445640444750d7d753ccd04ae01b7","name":"Jeanette","image":{"@type":"ImageObject","inLanguage":"es","@id":"https:\/\/secure.gravatar.com\/avatar\/3ea2118a5f7dad2b7138b1187a6b7ee55f160b9968b66013c3a3ef39dd7e5798?s=96&d=mm&r=g","url":"https:\/\/secure.gravatar.com\/avatar\/3ea2118a5f7dad2b7138b1187a6b7ee55f160b9968b66013c3a3ef39dd7e5798?s=96&d=mm&r=g","contentUrl":"https:\/\/secure.gravatar.com\/avatar\/3ea2118a5f7dad2b7138b1187a6b7ee55f160b9968b66013c3a3ef39dd7e5798?s=96&d=mm&r=g","caption":"Jeanette"},"sameAs":["https:\/\/www.eldiario.net\/portal"],"url":"https:\/\/www.eldiario.net\/portal\/author\/jeanette\/"}]}},"_links":{"self":[{"href":"https:\/\/www.eldiario.net\/portal\/wp-json\/wp\/v2\/posts\/25780","targetHints":{"allow":["GET"]}}],"collection":[{"href":"https:\/\/www.eldiario.net\/portal\/wp-json\/wp\/v2\/posts"}],"about":[{"href":"https:\/\/www.eldiario.net\/portal\/wp-json\/wp\/v2\/types\/post"}],"author":[{"embeddable":true,"href":"https:\/\/www.eldiario.net\/portal\/wp-json\/wp\/v2\/users\/1"}],"replies":[{"embeddable":true,"href":"https:\/\/www.eldiario.net\/portal\/wp-json\/wp\/v2\/comments?post=25780"}],"version-history":[{"count":0,"href":"https:\/\/www.eldiario.net\/portal\/wp-json\/wp\/v2\/posts\/25780\/revisions"}],"wp:attachment":[{"href":"https:\/\/www.eldiario.net\/portal\/wp-json\/wp\/v2\/media?parent=25780"}],"wp:term":[{"taxonomy":"category","embeddable":true,"href":"https:\/\/www.eldiario.net\/portal\/wp-json\/wp\/v2\/categories?post=25780"},{"taxonomy":"post_tag","embeddable":true,"href":"https:\/\/www.eldiario.net\/portal\/wp-json\/wp\/v2\/tags?post=25780"}],"curies":[{"name":"wp","href":"https:\/\/api.w.org\/{rel}","templated":true}]}}