{"id":257775,"date":"2024-10-31T06:08:54","date_gmt":"2024-10-31T10:08:54","guid":{"rendered":"https:\/\/www.eldiario.net\/portal\/?p=257775"},"modified":"2024-10-31T06:08:54","modified_gmt":"2024-10-31T10:08:54","slug":"asamblea-de-la-onu-en-su-mayoria-pide-finalizar-embargo-contra-cuba","status":"publish","type":"post","link":"https:\/\/www.eldiario.net\/portal\/2024\/10\/31\/asamblea-de-la-onu-en-su-mayoria-pide-finalizar-embargo-contra-cuba\/","title":{"rendered":"Asamblea de la ONU en su mayor\u00eda  pide finalizar embargo contra Cuba"},"content":{"rendered":"<p>La Asamblea General de Naciones Unidas aprob\u00f3 ayer, y por mayor\u00eda aplastante (187) votos a favor, dos en contra, EEUU e Israel y 1a abstenci\u00f3n, Moldavia, una resoluci\u00f3n sin efectos vinculantes contra las sanciones de Estados a Unidos a Cuba, que se prolongan ya por m\u00e1s de seis d\u00e9cadas y suponen un duro golpe a la econom\u00eda de la isla.<\/p>\n<p>Esta es la trig\u00e9sima segunda declaraci\u00f3n que las autoridades cubanas presentan desde 1992 a favor de la \u00abnecesidad de poner fin al bloqueo econ\u00f3mico, comercial y financiero impuesto por los Estados Unidos de Am\u00e9rica contra Cuba\u00bb. La resoluci\u00f3n \u00abinsta a los estados que tienen y siguen aplicando tales leyes y medidas a que adopten las medidas necesarias para derogarlas o invalidarlas lo antes posible\u00bb.<\/p>\n<p>\u00abEl presidente (de Estados Unidos) Joe Biden, con sorprendente mimetismo, dej\u00f3 intacto el r\u00e9gimen coercitivo de su predecesor (Donald Trump) y lo aplic\u00f3 consciente de sus consecuencias devastadoras\u00bb, afirm\u00f3 el ministro cubano de Exteriores, Bruno Rodr\u00edguez Parrilla, desde el estrado de Naciones Unidas justo antes de la votaci\u00f3n.<\/p>\n<p>&nbsp;<\/p>\n<p>DAVID Y GOLIAT<\/p>\n<p>En su discurso ante la asamblea, Rodr\u00edguez Parrilla, defini\u00f3 las sanciones como \u00abmedidas inhumanas\u00bb y \u00abpropias de una guerra econ\u00f3mica extrema\u00bb con las que EEUU busca lanzar una advertencia a \u00abtoda naci\u00f3n que se atreva a defender con firmeza su soberan\u00eda y construir su propio futuro\u00bb. \u00abLet Cuba live in peace, dejen a Cuba vivir en paz\u201d, sostuvo el representante de la isla, ante la mirada impert\u00e9rrita del \u00fanico representante de la delegaci\u00f3n estadounidense presente en la sala.<\/p>\n<p>Para las autoridades de la isla, el embargo es el principal obst\u00e1culo para su desarrollo y causa de la profunda crisis econ\u00f3mica que sufre y que se tradujo en un \u00e9xodo de la poblaci\u00f3n y el profundo descontento social. Hace diez d\u00edas, la isla sufri\u00f3 un apag\u00f3n generalizado de su obsoleto sistema el\u00e9ctrico debido a la \u00abcarencia de combustible que afect\u00f3 la generaci\u00f3n y provoc\u00f3 inestabilidad asociada al estado precario\u00bb de sus plantas, producto del bloqueo estadounidense, se\u00f1al\u00f3 Rodr\u00edguez Parrilla.<\/p>\n<p>\u00abEl peque\u00f1o David volvi\u00f3 a vencer al gigante Goliat\u00bb, reaccion\u00f3 el presidente cubano Miguel D\u00edaz-Canel en la red social X (Twitter). \u00abLa peque\u00f1a Cuba volvi\u00f3 a derrotar al imperio vecino que, seguramente, ignorar\u00e1 con prepotencia la demanda mundial, pero la dignidad de este pueblo y la solidaridad universal volvieron a derrotarlo\u00bb, agreg\u00f3 el mandatario. (Dw)<\/p>\n","protected":false},"excerpt":{"rendered":"<p>La Asamblea General de Naciones Unidas aprob\u00f3 ayer, y por mayor\u00eda aplastante (187) votos a favor, dos en contra, EEUU e Israel y 1a abstenci\u00f3n, Moldavia, una resoluci\u00f3n sin efectos vinculantes contra las sanciones de Estados a Unidos a Cuba, que se prolongan ya por m\u00e1s de seis d\u00e9cadas y suponen un duro golpe a [&hellip;]<\/p>\n","protected":false},"author":1,"featured_media":257776,"comment_status":"closed","ping_status":"open","sticky":false,"template":"","format":"standard","meta":{"_acf_changed":false,"footnotes":""},"categories":[3],"tags":[],"class_list":["post-257775","post","type-post","status-publish","format-standard","has-post-thumbnail","category-internacional"],"acf":{"antetitulo":""},"yoast_head":"<!-- This site is optimized with the Yoast SEO plugin v28.3 - https:\/\/yoast.com\/product\/yoast-seo-wordpress\/ -->\n<title>Asamblea de la ONU en su mayor\u00eda pide finalizar embargo contra Cuba - El Diario - Bolivia<\/title>\n<meta name=\"robots\" content=\"index, follow, max-snippet:-1, max-image-preview:large, max-video-preview:-1\" \/>\n<link rel=\"canonical\" href=\"https:\/\/www.eldiario.net\/portal\/2024\/10\/31\/asamblea-de-la-onu-en-su-mayoria-pide-finalizar-embargo-contra-cuba\/\" \/>\n<meta property=\"og:locale\" content=\"es_ES\" \/>\n<meta property=\"og:type\" content=\"article\" \/>\n<meta property=\"og:title\" content=\"Asamblea de la ONU en su mayor\u00eda pide finalizar embargo contra Cuba - El Diario - Bolivia\" \/>\n<meta property=\"og:description\" content=\"La Asamblea General de Naciones Unidas aprob\u00f3 ayer, y por mayor\u00eda aplastante (187) votos a favor, dos en contra, EEUU e Israel y 1a abstenci\u00f3n, Moldavia, una resoluci\u00f3n sin efectos vinculantes contra las sanciones de Estados a Unidos a Cuba, que se prolongan ya por m\u00e1s de seis d\u00e9cadas y suponen un duro golpe a [&hellip;]\" \/>\n<meta property=\"og:url\" content=\"https:\/\/www.eldiario.net\/portal\/2024\/10\/31\/asamblea-de-la-onu-en-su-mayoria-pide-finalizar-embargo-contra-cuba\/\" \/>\n<meta property=\"og:site_name\" content=\"El Diario - Bolivia\" \/>\n<meta property=\"article:publisher\" content=\"https:\/\/www.facebook.com\/eldiario.bolivia\/\" \/>\n<meta property=\"article:published_time\" content=\"2024-10-31T10:08:54+00:00\" \/>\n<meta property=\"og:image\" content=\"https:\/\/www.eldiario.net\/portal\/wp-content\/uploads\/2024\/10\/CUBA-FOTO-1.jpg\" \/>\n\t<meta property=\"og:image:width\" content=\"1178\" \/>\n\t<meta property=\"og:image:height\" content=\"530\" \/>\n\t<meta property=\"og:image:type\" content=\"image\/jpeg\" \/>\n<meta name=\"author\" content=\"Jeanette\" \/>\n<meta name=\"twitter:card\" content=\"summary_large_image\" \/>\n<meta name=\"twitter:creator\" content=\"@eldiario_net\" \/>\n<meta name=\"twitter:site\" content=\"@eldiario_net\" \/>\n<meta name=\"twitter:label1\" content=\"Escrito por\" \/>\n\t<meta name=\"twitter:data1\" content=\"Jeanette\" \/>\n\t<meta name=\"twitter:label2\" content=\"Tiempo de lectura\" \/>\n\t<meta name=\"twitter:data2\" content=\"2 minutos\" \/>\n<script type=\"application\/ld+json\" class=\"yoast-schema-graph\">{\"@context\":\"https:\\\/\\\/schema.org\",\"@graph\":[{\"@type\":\"Article\",\"@id\":\"https:\\\/\\\/www.eldiario.net\\\/portal\\\/2024\\\/10\\\/31\\\/asamblea-de-la-onu-en-su-mayoria-pide-finalizar-embargo-contra-cuba\\\/#article\",\"isPartOf\":{\"@id\":\"https:\\\/\\\/www.eldiario.net\\\/portal\\\/2024\\\/10\\\/31\\\/asamblea-de-la-onu-en-su-mayoria-pide-finalizar-embargo-contra-cuba\\\/\"},\"author\":{\"name\":\"Jeanette\",\"@id\":\"https:\\\/\\\/www.eldiario.net\\\/portal\\\/#\\\/schema\\\/person\\\/f46445640444750d7d753ccd04ae01b7\"},\"headline\":\"Asamblea de la ONU en su mayor\u00eda pide finalizar embargo contra Cuba\",\"datePublished\":\"2024-10-31T10:08:54+00:00\",\"mainEntityOfPage\":{\"@id\":\"https:\\\/\\\/www.eldiario.net\\\/portal\\\/2024\\\/10\\\/31\\\/asamblea-de-la-onu-en-su-mayoria-pide-finalizar-embargo-contra-cuba\\\/\"},\"wordCount\":432,\"publisher\":{\"@id\":\"https:\\\/\\\/www.eldiario.net\\\/portal\\\/#organization\"},\"image\":{\"@id\":\"https:\\\/\\\/www.eldiario.net\\\/portal\\\/2024\\\/10\\\/31\\\/asamblea-de-la-onu-en-su-mayoria-pide-finalizar-embargo-contra-cuba\\\/#primaryimage\"},\"thumbnailUrl\":\"https:\\\/\\\/www.eldiario.net\\\/portal\\\/wp-content\\\/uploads\\\/2024\\\/10\\\/CUBA-FOTO-1.jpg\",\"articleSection\":[\"Internacional\"],\"inLanguage\":\"es\"},{\"@type\":\"WebPage\",\"@id\":\"https:\\\/\\\/www.eldiario.net\\\/portal\\\/2024\\\/10\\\/31\\\/asamblea-de-la-onu-en-su-mayoria-pide-finalizar-embargo-contra-cuba\\\/\",\"url\":\"https:\\\/\\\/www.eldiario.net\\\/portal\\\/2024\\\/10\\\/31\\\/asamblea-de-la-onu-en-su-mayoria-pide-finalizar-embargo-contra-cuba\\\/\",\"name\":\"Asamblea de la ONU en su mayor\u00eda pide finalizar embargo contra Cuba - El Diario - Bolivia\",\"isPartOf\":{\"@id\":\"https:\\\/\\\/www.eldiario.net\\\/portal\\\/#website\"},\"primaryImageOfPage\":{\"@id\":\"https:\\\/\\\/www.eldiario.net\\\/portal\\\/2024\\\/10\\\/31\\\/asamblea-de-la-onu-en-su-mayoria-pide-finalizar-embargo-contra-cuba\\\/#primaryimage\"},\"image\":{\"@id\":\"https:\\\/\\\/www.eldiario.net\\\/portal\\\/2024\\\/10\\\/31\\\/asamblea-de-la-onu-en-su-mayoria-pide-finalizar-embargo-contra-cuba\\\/#primaryimage\"},\"thumbnailUrl\":\"https:\\\/\\\/www.eldiario.net\\\/portal\\\/wp-content\\\/uploads\\\/2024\\\/10\\\/CUBA-FOTO-1.jpg\",\"datePublished\":\"2024-10-31T10:08:54+00:00\",\"breadcrumb\":{\"@id\":\"https:\\\/\\\/www.eldiario.net\\\/portal\\\/2024\\\/10\\\/31\\\/asamblea-de-la-onu-en-su-mayoria-pide-finalizar-embargo-contra-cuba\\\/#breadcrumb\"},\"inLanguage\":\"es\",\"potentialAction\":[{\"@type\":\"ReadAction\",\"target\":[\"https:\\\/\\\/www.eldiario.net\\\/portal\\\/2024\\\/10\\\/31\\\/asamblea-de-la-onu-en-su-mayoria-pide-finalizar-embargo-contra-cuba\\\/\"]}]},{\"@type\":\"ImageObject\",\"inLanguage\":\"es\",\"@id\":\"https:\\\/\\\/www.eldiario.net\\\/portal\\\/2024\\\/10\\\/31\\\/asamblea-de-la-onu-en-su-mayoria-pide-finalizar-embargo-contra-cuba\\\/#primaryimage\",\"url\":\"https:\\\/\\\/www.eldiario.net\\\/portal\\\/wp-content\\\/uploads\\\/2024\\\/10\\\/CUBA-FOTO-1.jpg\",\"contentUrl\":\"https:\\\/\\\/www.eldiario.net\\\/portal\\\/wp-content\\\/uploads\\\/2024\\\/10\\\/CUBA-FOTO-1.jpg\",\"width\":1178,\"height\":530,\"caption\":\"Asamblea General de la ONU durante una sesi\u00f3n. CREDITO: UN News (archivo)\"},{\"@type\":\"BreadcrumbList\",\"@id\":\"https:\\\/\\\/www.eldiario.net\\\/portal\\\/2024\\\/10\\\/31\\\/asamblea-de-la-onu-en-su-mayoria-pide-finalizar-embargo-contra-cuba\\\/#breadcrumb\",\"itemListElement\":[{\"@type\":\"ListItem\",\"position\":1,\"name\":\"Portada\",\"item\":\"https:\\\/\\\/www.eldiario.net\\\/portal\\\/\"},{\"@type\":\"ListItem\",\"position\":2,\"name\":\"Asamblea de la ONU en su mayor\u00eda pide finalizar embargo contra Cuba\"}]},{\"@type\":\"WebSite\",\"@id\":\"https:\\\/\\\/www.eldiario.net\\\/portal\\\/#website\",\"url\":\"https:\\\/\\\/www.eldiario.net\\\/portal\\\/\",\"name\":\"El Diario - Decano de la prensa nacional\",\"description\":\"El Diario - Decano de la prensa nacional\",\"publisher\":{\"@id\":\"https:\\\/\\\/www.eldiario.net\\\/portal\\\/#organization\"},\"potentialAction\":[{\"@type\":\"SearchAction\",\"target\":{\"@type\":\"EntryPoint\",\"urlTemplate\":\"https:\\\/\\\/www.eldiario.net\\\/portal\\\/?s={search_term_string}\"},\"query-input\":{\"@type\":\"PropertyValueSpecification\",\"valueRequired\":true,\"valueName\":\"search_term_string\"}}],\"inLanguage\":\"es\"},{\"@type\":\"Organization\",\"@id\":\"https:\\\/\\\/www.eldiario.net\\\/portal\\\/#organization\",\"name\":\"El Diario - Decano de la prensa nacional\",\"url\":\"https:\\\/\\\/www.eldiario.net\\\/portal\\\/\",\"logo\":{\"@type\":\"ImageObject\",\"inLanguage\":\"es\",\"@id\":\"https:\\\/\\\/www.eldiario.net\\\/portal\\\/#\\\/schema\\\/logo\\\/image\\\/\",\"url\":\"https:\\\/\\\/www.eldiario.net\\\/portal\\\/wp-content\\\/uploads\\\/2023\\\/07\\\/logo_ED.jpg\",\"contentUrl\":\"https:\\\/\\\/www.eldiario.net\\\/portal\\\/wp-content\\\/uploads\\\/2023\\\/07\\\/logo_ED.jpg\",\"width\":272,\"height\":52,\"caption\":\"El Diario - Decano de la prensa nacional\"},\"image\":{\"@id\":\"https:\\\/\\\/www.eldiario.net\\\/portal\\\/#\\\/schema\\\/logo\\\/image\\\/\"},\"sameAs\":[\"https:\\\/\\\/www.facebook.com\\\/eldiario.bolivia\\\/\",\"https:\\\/\\\/x.com\\\/eldiario_net\"]},{\"@type\":\"Person\",\"@id\":\"https:\\\/\\\/www.eldiario.net\\\/portal\\\/#\\\/schema\\\/person\\\/f46445640444750d7d753ccd04ae01b7\",\"name\":\"Jeanette\",\"image\":{\"@type\":\"ImageObject\",\"inLanguage\":\"es\",\"@id\":\"https:\\\/\\\/secure.gravatar.com\\\/avatar\\\/3ea2118a5f7dad2b7138b1187a6b7ee55f160b9968b66013c3a3ef39dd7e5798?s=96&d=mm&r=g\",\"url\":\"https:\\\/\\\/secure.gravatar.com\\\/avatar\\\/3ea2118a5f7dad2b7138b1187a6b7ee55f160b9968b66013c3a3ef39dd7e5798?s=96&d=mm&r=g\",\"contentUrl\":\"https:\\\/\\\/secure.gravatar.com\\\/avatar\\\/3ea2118a5f7dad2b7138b1187a6b7ee55f160b9968b66013c3a3ef39dd7e5798?s=96&d=mm&r=g\",\"caption\":\"Jeanette\"},\"sameAs\":[\"https:\\\/\\\/www.eldiario.net\\\/portal\"],\"url\":\"https:\\\/\\\/www.eldiario.net\\\/portal\\\/author\\\/jeanette\\\/\"}]}<\/script>\n<!-- \/ Yoast SEO plugin. -->","yoast_head_json":{"title":"Asamblea de la ONU en su mayor\u00eda pide finalizar embargo contra Cuba - El Diario - Bolivia","robots":{"index":"index","follow":"follow","max-snippet":"max-snippet:-1","max-image-preview":"max-image-preview:large","max-video-preview":"max-video-preview:-1"},"canonical":"https:\/\/www.eldiario.net\/portal\/2024\/10\/31\/asamblea-de-la-onu-en-su-mayoria-pide-finalizar-embargo-contra-cuba\/","og_locale":"es_ES","og_type":"article","og_title":"Asamblea de la ONU en su mayor\u00eda pide finalizar embargo contra Cuba - El Diario - Bolivia","og_description":"La Asamblea General de Naciones Unidas aprob\u00f3 ayer, y por mayor\u00eda aplastante (187) votos a favor, dos en contra, EEUU e Israel y 1a abstenci\u00f3n, Moldavia, una resoluci\u00f3n sin efectos vinculantes contra las sanciones de Estados a Unidos a Cuba, que se prolongan ya por m\u00e1s de seis d\u00e9cadas y suponen un duro golpe a [&hellip;]","og_url":"https:\/\/www.eldiario.net\/portal\/2024\/10\/31\/asamblea-de-la-onu-en-su-mayoria-pide-finalizar-embargo-contra-cuba\/","og_site_name":"El Diario - Bolivia","article_publisher":"https:\/\/www.facebook.com\/eldiario.bolivia\/","article_published_time":"2024-10-31T10:08:54+00:00","og_image":[{"width":1178,"height":530,"url":"https:\/\/www.eldiario.net\/portal\/wp-content\/uploads\/2024\/10\/CUBA-FOTO-1.jpg","type":"image\/jpeg"}],"author":"Jeanette","twitter_card":"summary_large_image","twitter_creator":"@eldiario_net","twitter_site":"@eldiario_net","twitter_misc":{"Escrito por":"Jeanette","Tiempo de lectura":"2 minutos"},"schema":{"@context":"https:\/\/schema.org","@graph":[{"@type":"Article","@id":"https:\/\/www.eldiario.net\/portal\/2024\/10\/31\/asamblea-de-la-onu-en-su-mayoria-pide-finalizar-embargo-contra-cuba\/#article","isPartOf":{"@id":"https:\/\/www.eldiario.net\/portal\/2024\/10\/31\/asamblea-de-la-onu-en-su-mayoria-pide-finalizar-embargo-contra-cuba\/"},"author":{"name":"Jeanette","@id":"https:\/\/www.eldiario.net\/portal\/#\/schema\/person\/f46445640444750d7d753ccd04ae01b7"},"headline":"Asamblea de la ONU en su mayor\u00eda pide finalizar embargo contra Cuba","datePublished":"2024-10-31T10:08:54+00:00","mainEntityOfPage":{"@id":"https:\/\/www.eldiario.net\/portal\/2024\/10\/31\/asamblea-de-la-onu-en-su-mayoria-pide-finalizar-embargo-contra-cuba\/"},"wordCount":432,"publisher":{"@id":"https:\/\/www.eldiario.net\/portal\/#organization"},"image":{"@id":"https:\/\/www.eldiario.net\/portal\/2024\/10\/31\/asamblea-de-la-onu-en-su-mayoria-pide-finalizar-embargo-contra-cuba\/#primaryimage"},"thumbnailUrl":"https:\/\/www.eldiario.net\/portal\/wp-content\/uploads\/2024\/10\/CUBA-FOTO-1.jpg","articleSection":["Internacional"],"inLanguage":"es"},{"@type":"WebPage","@id":"https:\/\/www.eldiario.net\/portal\/2024\/10\/31\/asamblea-de-la-onu-en-su-mayoria-pide-finalizar-embargo-contra-cuba\/","url":"https:\/\/www.eldiario.net\/portal\/2024\/10\/31\/asamblea-de-la-onu-en-su-mayoria-pide-finalizar-embargo-contra-cuba\/","name":"Asamblea de la ONU en su mayor\u00eda pide finalizar embargo contra Cuba - El Diario - Bolivia","isPartOf":{"@id":"https:\/\/www.eldiario.net\/portal\/#website"},"primaryImageOfPage":{"@id":"https:\/\/www.eldiario.net\/portal\/2024\/10\/31\/asamblea-de-la-onu-en-su-mayoria-pide-finalizar-embargo-contra-cuba\/#primaryimage"},"image":{"@id":"https:\/\/www.eldiario.net\/portal\/2024\/10\/31\/asamblea-de-la-onu-en-su-mayoria-pide-finalizar-embargo-contra-cuba\/#primaryimage"},"thumbnailUrl":"https:\/\/www.eldiario.net\/portal\/wp-content\/uploads\/2024\/10\/CUBA-FOTO-1.jpg","datePublished":"2024-10-31T10:08:54+00:00","breadcrumb":{"@id":"https:\/\/www.eldiario.net\/portal\/2024\/10\/31\/asamblea-de-la-onu-en-su-mayoria-pide-finalizar-embargo-contra-cuba\/#breadcrumb"},"inLanguage":"es","potentialAction":[{"@type":"ReadAction","target":["https:\/\/www.eldiario.net\/portal\/2024\/10\/31\/asamblea-de-la-onu-en-su-mayoria-pide-finalizar-embargo-contra-cuba\/"]}]},{"@type":"ImageObject","inLanguage":"es","@id":"https:\/\/www.eldiario.net\/portal\/2024\/10\/31\/asamblea-de-la-onu-en-su-mayoria-pide-finalizar-embargo-contra-cuba\/#primaryimage","url":"https:\/\/www.eldiario.net\/portal\/wp-content\/uploads\/2024\/10\/CUBA-FOTO-1.jpg","contentUrl":"https:\/\/www.eldiario.net\/portal\/wp-content\/uploads\/2024\/10\/CUBA-FOTO-1.jpg","width":1178,"height":530,"caption":"Asamblea General de la ONU durante una sesi\u00f3n. CREDITO: UN News (archivo)"},{"@type":"BreadcrumbList","@id":"https:\/\/www.eldiario.net\/portal\/2024\/10\/31\/asamblea-de-la-onu-en-su-mayoria-pide-finalizar-embargo-contra-cuba\/#breadcrumb","itemListElement":[{"@type":"ListItem","position":1,"name":"Portada","item":"https:\/\/www.eldiario.net\/portal\/"},{"@type":"ListItem","position":2,"name":"Asamblea de la ONU en su mayor\u00eda pide finalizar embargo contra Cuba"}]},{"@type":"WebSite","@id":"https:\/\/www.eldiario.net\/portal\/#website","url":"https:\/\/www.eldiario.net\/portal\/","name":"El Diario - Decano de la prensa nacional","description":"El Diario - Decano de la prensa nacional","publisher":{"@id":"https:\/\/www.eldiario.net\/portal\/#organization"},"potentialAction":[{"@type":"SearchAction","target":{"@type":"EntryPoint","urlTemplate":"https:\/\/www.eldiario.net\/portal\/?s={search_term_string}"},"query-input":{"@type":"PropertyValueSpecification","valueRequired":true,"valueName":"search_term_string"}}],"inLanguage":"es"},{"@type":"Organization","@id":"https:\/\/www.eldiario.net\/portal\/#organization","name":"El Diario - Decano de la prensa nacional","url":"https:\/\/www.eldiario.net\/portal\/","logo":{"@type":"ImageObject","inLanguage":"es","@id":"https:\/\/www.eldiario.net\/portal\/#\/schema\/logo\/image\/","url":"https:\/\/www.eldiario.net\/portal\/wp-content\/uploads\/2023\/07\/logo_ED.jpg","contentUrl":"https:\/\/www.eldiario.net\/portal\/wp-content\/uploads\/2023\/07\/logo_ED.jpg","width":272,"height":52,"caption":"El Diario - Decano de la prensa nacional"},"image":{"@id":"https:\/\/www.eldiario.net\/portal\/#\/schema\/logo\/image\/"},"sameAs":["https:\/\/www.facebook.com\/eldiario.bolivia\/","https:\/\/x.com\/eldiario_net"]},{"@type":"Person","@id":"https:\/\/www.eldiario.net\/portal\/#\/schema\/person\/f46445640444750d7d753ccd04ae01b7","name":"Jeanette","image":{"@type":"ImageObject","inLanguage":"es","@id":"https:\/\/secure.gravatar.com\/avatar\/3ea2118a5f7dad2b7138b1187a6b7ee55f160b9968b66013c3a3ef39dd7e5798?s=96&d=mm&r=g","url":"https:\/\/secure.gravatar.com\/avatar\/3ea2118a5f7dad2b7138b1187a6b7ee55f160b9968b66013c3a3ef39dd7e5798?s=96&d=mm&r=g","contentUrl":"https:\/\/secure.gravatar.com\/avatar\/3ea2118a5f7dad2b7138b1187a6b7ee55f160b9968b66013c3a3ef39dd7e5798?s=96&d=mm&r=g","caption":"Jeanette"},"sameAs":["https:\/\/www.eldiario.net\/portal"],"url":"https:\/\/www.eldiario.net\/portal\/author\/jeanette\/"}]}},"_links":{"self":[{"href":"https:\/\/www.eldiario.net\/portal\/wp-json\/wp\/v2\/posts\/257775","targetHints":{"allow":["GET"]}}],"collection":[{"href":"https:\/\/www.eldiario.net\/portal\/wp-json\/wp\/v2\/posts"}],"about":[{"href":"https:\/\/www.eldiario.net\/portal\/wp-json\/wp\/v2\/types\/post"}],"author":[{"embeddable":true,"href":"https:\/\/www.eldiario.net\/portal\/wp-json\/wp\/v2\/users\/1"}],"replies":[{"embeddable":true,"href":"https:\/\/www.eldiario.net\/portal\/wp-json\/wp\/v2\/comments?post=257775"}],"version-history":[{"count":1,"href":"https:\/\/www.eldiario.net\/portal\/wp-json\/wp\/v2\/posts\/257775\/revisions"}],"predecessor-version":[{"id":257777,"href":"https:\/\/www.eldiario.net\/portal\/wp-json\/wp\/v2\/posts\/257775\/revisions\/257777"}],"wp:featuredmedia":[{"embeddable":true,"href":"https:\/\/www.eldiario.net\/portal\/wp-json\/wp\/v2\/media\/257776"}],"wp:attachment":[{"href":"https:\/\/www.eldiario.net\/portal\/wp-json\/wp\/v2\/media?parent=257775"}],"wp:term":[{"taxonomy":"category","embeddable":true,"href":"https:\/\/www.eldiario.net\/portal\/wp-json\/wp\/v2\/categories?post=257775"},{"taxonomy":"post_tag","embeddable":true,"href":"https:\/\/www.eldiario.net\/portal\/wp-json\/wp\/v2\/tags?post=257775"}],"curies":[{"name":"wp","href":"https:\/\/api.w.org\/{rel}","templated":true}]}}