{"id":25777,"date":"2021-08-26T04:26:36","date_gmt":"2021-08-26T08:26:36","guid":{"rendered":"https:\/\/www.eldiario.net\/portal\/?p=25777"},"modified":"2021-08-26T04:26:36","modified_gmt":"2021-08-26T08:26:36","slug":"incentivan-vacunacion-contra-el-covid-19-con-visitas-a-sitios-turisticos","status":"publish","type":"post","link":"https:\/\/www.eldiario.net\/portal\/2021\/08\/26\/incentivan-vacunacion-contra-el-covid-19-con-visitas-a-sitios-turisticos\/","title":{"rendered":"Incentivan vacunaci\u00f3n contra el  Covid-19 con visitas a sitios tur\u00edsticos"},"content":{"rendered":"<p>El municipio de la ciudad de El Alto, decidi\u00f3 incentivar con visitas a sitios tur\u00edsticos, a todas las personas que decidan vacunarse contra el Covid-19 y a las que recibieron la primera dosis, inform\u00f3 Hedilberto M\u00e1rquez, encargado del \u00e1rea.<\/p>\n<p>Esta modalidad se ha adoptado, seg\u00fan el funcionario, desde que se implement\u00f3 la vacunaci\u00f3n masiva en la urbe alte\u00f1a, donde en la primera oportunidad la alcaldesa, Eva Copa, entreg\u00f3 a todos los que se vacunaron v\u00edveres y otros productos.<\/p>\n<p>M\u00e1rquez asegur\u00f3 que la nueva etapa ser\u00e1 con este tipo de paseos gratuitos, bajo el slogan \u201cviaja seguro, turismo con altura\u201d, donde las personas que hayan recibido la segunda dosis tendr\u00e1n derecho a la visita de diferentes atractivos tur\u00edsticos con que cuenta esta ciudad.<\/p>\n<p>\u201cNosotros estamos trabajando en coordinaci\u00f3n con las primera autoridad de El Alto y es as\u00ed que se ha tomado esta decisi\u00f3n, adem\u00e1s ser\u00e1 una forma de hacer que la poblaci\u00f3n pueda conocer nuestros sitios tur\u00edsticos, que muchos no han visitado hasta la fecha, adem\u00e1s ser\u00e1 una forma de promocionarlos, para que tambi\u00e9n turistas extranjeros puedan llegar hasta estos lugares\u201d, explic\u00f3 el funcionario.<\/p>\n<p>Otro de los objetivos en el tema de la vacunaci\u00f3n contra el Covid-19, es el deseo de llegar por lo menos con estas \u00faltimas disposiciones de la implementaci\u00f3n de los 59 centros de salud para el efecto a un 80 %, de personas que reciban esta dosis.<\/p>\n<p>OFERTAS TURISTICAS<\/p>\n<p>De esta forma tambi\u00e9n la Direcci\u00f3n de Culturas del municipio de El Alto, ha elaborado cinco ofertas tur\u00edsticas, que abarcan las \u00e1reas urbanas y rural para toda la poblaci\u00f3n que se vacune, de esta manera consolidar el proyecto de incentivos y la visita a los sitios.<\/p>\n<p>M\u00e1rquez aclar\u00f3 que estos recorridos tur\u00edsticos van a ser lanzados de forma paulatina y cronol\u00f3gica. Tambi\u00e9n se trabaja en los protocolos de bioseguridad, con el objetivo de garantizar la salud de la poblaci\u00f3n participante y\u00a0 de los sitios receptores.<\/p>\n<p>Las rutas contemplan el Sur de El Alto, el Valle Ecotur\u00edstico de Caque Marca con sus distintos atractivos; en el Norte el nevado Huayna Potos\u00ed, Laguna de Colores, Mirador Jilarata; en el \u00e1rea urbana est\u00e1n los Cholets, monumentos y miradores hist\u00f3ricos de esta urbe.<\/p>\n<p>Finalmente, Marqu\u00e9z, se\u00f1al\u00f3 que para una coordinaci\u00f3n mejor con los visitantes se har\u00e1 conocer de manera oportuna los d\u00edas y horarios con las que se contar\u00e1, adem\u00e1s los lugares para que puedan abordar los buses municipales y de esta forma poder disfrutar\u00a0 de todos los atractivos tur\u00edsticos con que cuenta la urbe alte\u00f1a.<\/p>\n","protected":false},"excerpt":{"rendered":"<p>El municipio de la ciudad de El Alto, decidi\u00f3 incentivar con visitas a sitios tur\u00edsticos, a todas las personas que decidan vacunarse contra el Covid-19 y a las que recibieron la primera dosis, inform\u00f3 Hedilberto M\u00e1rquez, encargado del \u00e1rea. Esta modalidad se ha adoptado, seg\u00fan el funcionario, desde que se implement\u00f3 la vacunaci\u00f3n masiva en [&hellip;]<\/p>\n","protected":false},"author":1,"featured_media":25778,"comment_status":"closed","ping_status":"closed","sticky":false,"template":"","format":"standard","meta":{"_acf_changed":false,"footnotes":""},"categories":[12],"tags":[],"class_list":["post-25777","post","type-post","status-publish","format-standard","has-post-thumbnail","category-nacional"],"acf":{"antetitulo":""},"yoast_head":"<!-- This site is optimized with the Yoast SEO plugin v28.4 - https:\/\/yoast.com\/product\/yoast-seo-wordpress\/ -->\n<title>Incentivan vacunaci\u00f3n contra el Covid-19 con visitas a sitios tur\u00edsticos - El Diario - Bolivia<\/title>\n<meta name=\"robots\" content=\"index, follow, max-snippet:-1, max-image-preview:large, max-video-preview:-1\" \/>\n<link rel=\"canonical\" href=\"https:\/\/www.eldiario.net\/portal\/2021\/08\/26\/incentivan-vacunacion-contra-el-covid-19-con-visitas-a-sitios-turisticos\/\" \/>\n<meta property=\"og:locale\" content=\"es_ES\" \/>\n<meta property=\"og:type\" content=\"article\" \/>\n<meta property=\"og:title\" content=\"Incentivan vacunaci\u00f3n contra el Covid-19 con visitas a sitios tur\u00edsticos - El Diario - Bolivia\" \/>\n<meta property=\"og:description\" content=\"El municipio de la ciudad de El Alto, decidi\u00f3 incentivar con visitas a sitios tur\u00edsticos, a todas las personas que decidan vacunarse contra el Covid-19 y a las que recibieron la primera dosis, inform\u00f3 Hedilberto M\u00e1rquez, encargado del \u00e1rea. Esta modalidad se ha adoptado, seg\u00fan el funcionario, desde que se implement\u00f3 la vacunaci\u00f3n masiva en [&hellip;]\" \/>\n<meta property=\"og:url\" content=\"https:\/\/www.eldiario.net\/portal\/2021\/08\/26\/incentivan-vacunacion-contra-el-covid-19-con-visitas-a-sitios-turisticos\/\" \/>\n<meta property=\"og:site_name\" content=\"El Diario - Bolivia\" \/>\n<meta property=\"article:publisher\" content=\"https:\/\/www.facebook.com\/eldiario.bolivia\/\" \/>\n<meta property=\"article:published_time\" content=\"2021-08-26T08:26:36+00:00\" \/>\n<meta name=\"author\" content=\"Jeanette\" \/>\n<meta name=\"twitter:card\" content=\"summary_large_image\" \/>\n<meta name=\"twitter:creator\" content=\"@eldiario_net\" \/>\n<meta name=\"twitter:site\" content=\"@eldiario_net\" \/>\n<meta name=\"twitter:label1\" content=\"Escrito por\" \/>\n\t<meta name=\"twitter:data1\" content=\"Jeanette\" \/>\n\t<meta name=\"twitter:label2\" content=\"Tiempo de lectura\" \/>\n\t<meta name=\"twitter:data2\" content=\"2 minutos\" \/>\n<script type=\"application\/ld+json\" class=\"yoast-schema-graph\">{\"@context\":\"https:\\\/\\\/schema.org\",\"@graph\":[{\"@type\":\"Article\",\"@id\":\"https:\\\/\\\/www.eldiario.net\\\/portal\\\/2021\\\/08\\\/26\\\/incentivan-vacunacion-contra-el-covid-19-con-visitas-a-sitios-turisticos\\\/#article\",\"isPartOf\":{\"@id\":\"https:\\\/\\\/www.eldiario.net\\\/portal\\\/2021\\\/08\\\/26\\\/incentivan-vacunacion-contra-el-covid-19-con-visitas-a-sitios-turisticos\\\/\"},\"author\":{\"name\":\"Jeanette\",\"@id\":\"https:\\\/\\\/www.eldiario.net\\\/portal\\\/#\\\/schema\\\/person\\\/f46445640444750d7d753ccd04ae01b7\"},\"headline\":\"Incentivan vacunaci\u00f3n contra el Covid-19 con visitas a sitios tur\u00edsticos\",\"datePublished\":\"2021-08-26T08:26:36+00:00\",\"mainEntityOfPage\":{\"@id\":\"https:\\\/\\\/www.eldiario.net\\\/portal\\\/2021\\\/08\\\/26\\\/incentivan-vacunacion-contra-el-covid-19-con-visitas-a-sitios-turisticos\\\/\"},\"wordCount\":461,\"publisher\":{\"@id\":\"https:\\\/\\\/www.eldiario.net\\\/portal\\\/#organization\"},\"image\":{\"@id\":\"https:\\\/\\\/www.eldiario.net\\\/portal\\\/2021\\\/08\\\/26\\\/incentivan-vacunacion-contra-el-covid-19-con-visitas-a-sitios-turisticos\\\/#primaryimage\"},\"thumbnailUrl\":\"\",\"articleSection\":[\"Nacional\"],\"inLanguage\":\"es\"},{\"@type\":\"WebPage\",\"@id\":\"https:\\\/\\\/www.eldiario.net\\\/portal\\\/2021\\\/08\\\/26\\\/incentivan-vacunacion-contra-el-covid-19-con-visitas-a-sitios-turisticos\\\/\",\"url\":\"https:\\\/\\\/www.eldiario.net\\\/portal\\\/2021\\\/08\\\/26\\\/incentivan-vacunacion-contra-el-covid-19-con-visitas-a-sitios-turisticos\\\/\",\"name\":\"Incentivan vacunaci\u00f3n contra el Covid-19 con visitas a sitios tur\u00edsticos - El Diario - Bolivia\",\"isPartOf\":{\"@id\":\"https:\\\/\\\/www.eldiario.net\\\/portal\\\/#website\"},\"primaryImageOfPage\":{\"@id\":\"https:\\\/\\\/www.eldiario.net\\\/portal\\\/2021\\\/08\\\/26\\\/incentivan-vacunacion-contra-el-covid-19-con-visitas-a-sitios-turisticos\\\/#primaryimage\"},\"image\":{\"@id\":\"https:\\\/\\\/www.eldiario.net\\\/portal\\\/2021\\\/08\\\/26\\\/incentivan-vacunacion-contra-el-covid-19-con-visitas-a-sitios-turisticos\\\/#primaryimage\"},\"thumbnailUrl\":\"\",\"datePublished\":\"2021-08-26T08:26:36+00:00\",\"breadcrumb\":{\"@id\":\"https:\\\/\\\/www.eldiario.net\\\/portal\\\/2021\\\/08\\\/26\\\/incentivan-vacunacion-contra-el-covid-19-con-visitas-a-sitios-turisticos\\\/#breadcrumb\"},\"inLanguage\":\"es\",\"potentialAction\":[{\"@type\":\"ReadAction\",\"target\":[\"https:\\\/\\\/www.eldiario.net\\\/portal\\\/2021\\\/08\\\/26\\\/incentivan-vacunacion-contra-el-covid-19-con-visitas-a-sitios-turisticos\\\/\"]}]},{\"@type\":\"ImageObject\",\"inLanguage\":\"es\",\"@id\":\"https:\\\/\\\/www.eldiario.net\\\/portal\\\/2021\\\/08\\\/26\\\/incentivan-vacunacion-contra-el-covid-19-con-visitas-a-sitios-turisticos\\\/#primaryimage\",\"url\":\"\",\"contentUrl\":\"\"},{\"@type\":\"BreadcrumbList\",\"@id\":\"https:\\\/\\\/www.eldiario.net\\\/portal\\\/2021\\\/08\\\/26\\\/incentivan-vacunacion-contra-el-covid-19-con-visitas-a-sitios-turisticos\\\/#breadcrumb\",\"itemListElement\":[{\"@type\":\"ListItem\",\"position\":1,\"name\":\"Portada\",\"item\":\"https:\\\/\\\/www.eldiario.net\\\/portal\\\/\"},{\"@type\":\"ListItem\",\"position\":2,\"name\":\"Incentivan vacunaci\u00f3n contra el Covid-19 con visitas a sitios tur\u00edsticos\"}]},{\"@type\":\"WebSite\",\"@id\":\"https:\\\/\\\/www.eldiario.net\\\/portal\\\/#website\",\"url\":\"https:\\\/\\\/www.eldiario.net\\\/portal\\\/\",\"name\":\"El Diario - Decano de la prensa nacional\",\"description\":\"El Diario - Decano de la prensa nacional\",\"publisher\":{\"@id\":\"https:\\\/\\\/www.eldiario.net\\\/portal\\\/#organization\"},\"potentialAction\":[{\"@type\":\"SearchAction\",\"target\":{\"@type\":\"EntryPoint\",\"urlTemplate\":\"https:\\\/\\\/www.eldiario.net\\\/portal\\\/?s={search_term_string}\"},\"query-input\":{\"@type\":\"PropertyValueSpecification\",\"valueRequired\":true,\"valueName\":\"search_term_string\"}}],\"inLanguage\":\"es\"},{\"@type\":\"Organization\",\"@id\":\"https:\\\/\\\/www.eldiario.net\\\/portal\\\/#organization\",\"name\":\"El Diario - Decano de la prensa nacional\",\"url\":\"https:\\\/\\\/www.eldiario.net\\\/portal\\\/\",\"logo\":{\"@type\":\"ImageObject\",\"inLanguage\":\"es\",\"@id\":\"https:\\\/\\\/www.eldiario.net\\\/portal\\\/#\\\/schema\\\/logo\\\/image\\\/\",\"url\":\"https:\\\/\\\/www.eldiario.net\\\/portal\\\/wp-content\\\/uploads\\\/2023\\\/07\\\/logo_ED.jpg\",\"contentUrl\":\"https:\\\/\\\/www.eldiario.net\\\/portal\\\/wp-content\\\/uploads\\\/2023\\\/07\\\/logo_ED.jpg\",\"width\":272,\"height\":52,\"caption\":\"El Diario - Decano de la prensa nacional\"},\"image\":{\"@id\":\"https:\\\/\\\/www.eldiario.net\\\/portal\\\/#\\\/schema\\\/logo\\\/image\\\/\"},\"sameAs\":[\"https:\\\/\\\/www.facebook.com\\\/eldiario.bolivia\\\/\",\"https:\\\/\\\/x.com\\\/eldiario_net\"]},{\"@type\":\"Person\",\"@id\":\"https:\\\/\\\/www.eldiario.net\\\/portal\\\/#\\\/schema\\\/person\\\/f46445640444750d7d753ccd04ae01b7\",\"name\":\"Jeanette\",\"image\":{\"@type\":\"ImageObject\",\"inLanguage\":\"es\",\"@id\":\"https:\\\/\\\/secure.gravatar.com\\\/avatar\\\/3ea2118a5f7dad2b7138b1187a6b7ee55f160b9968b66013c3a3ef39dd7e5798?s=96&d=mm&r=g\",\"url\":\"https:\\\/\\\/secure.gravatar.com\\\/avatar\\\/3ea2118a5f7dad2b7138b1187a6b7ee55f160b9968b66013c3a3ef39dd7e5798?s=96&d=mm&r=g\",\"contentUrl\":\"https:\\\/\\\/secure.gravatar.com\\\/avatar\\\/3ea2118a5f7dad2b7138b1187a6b7ee55f160b9968b66013c3a3ef39dd7e5798?s=96&d=mm&r=g\",\"caption\":\"Jeanette\"},\"sameAs\":[\"https:\\\/\\\/www.eldiario.net\\\/portal\"],\"url\":\"https:\\\/\\\/www.eldiario.net\\\/portal\\\/author\\\/jeanette\\\/\"}]}<\/script>\n<!-- \/ Yoast SEO plugin. -->","yoast_head_json":{"title":"Incentivan vacunaci\u00f3n contra el Covid-19 con visitas a sitios tur\u00edsticos - El Diario - Bolivia","robots":{"index":"index","follow":"follow","max-snippet":"max-snippet:-1","max-image-preview":"max-image-preview:large","max-video-preview":"max-video-preview:-1"},"canonical":"https:\/\/www.eldiario.net\/portal\/2021\/08\/26\/incentivan-vacunacion-contra-el-covid-19-con-visitas-a-sitios-turisticos\/","og_locale":"es_ES","og_type":"article","og_title":"Incentivan vacunaci\u00f3n contra el Covid-19 con visitas a sitios tur\u00edsticos - El Diario - Bolivia","og_description":"El municipio de la ciudad de El Alto, decidi\u00f3 incentivar con visitas a sitios tur\u00edsticos, a todas las personas que decidan vacunarse contra el Covid-19 y a las que recibieron la primera dosis, inform\u00f3 Hedilberto M\u00e1rquez, encargado del \u00e1rea. Esta modalidad se ha adoptado, seg\u00fan el funcionario, desde que se implement\u00f3 la vacunaci\u00f3n masiva en [&hellip;]","og_url":"https:\/\/www.eldiario.net\/portal\/2021\/08\/26\/incentivan-vacunacion-contra-el-covid-19-con-visitas-a-sitios-turisticos\/","og_site_name":"El Diario - Bolivia","article_publisher":"https:\/\/www.facebook.com\/eldiario.bolivia\/","article_published_time":"2021-08-26T08:26:36+00:00","author":"Jeanette","twitter_card":"summary_large_image","twitter_creator":"@eldiario_net","twitter_site":"@eldiario_net","twitter_misc":{"Escrito por":"Jeanette","Tiempo de lectura":"2 minutos"},"schema":{"@context":"https:\/\/schema.org","@graph":[{"@type":"Article","@id":"https:\/\/www.eldiario.net\/portal\/2021\/08\/26\/incentivan-vacunacion-contra-el-covid-19-con-visitas-a-sitios-turisticos\/#article","isPartOf":{"@id":"https:\/\/www.eldiario.net\/portal\/2021\/08\/26\/incentivan-vacunacion-contra-el-covid-19-con-visitas-a-sitios-turisticos\/"},"author":{"name":"Jeanette","@id":"https:\/\/www.eldiario.net\/portal\/#\/schema\/person\/f46445640444750d7d753ccd04ae01b7"},"headline":"Incentivan vacunaci\u00f3n contra el Covid-19 con visitas a sitios tur\u00edsticos","datePublished":"2021-08-26T08:26:36+00:00","mainEntityOfPage":{"@id":"https:\/\/www.eldiario.net\/portal\/2021\/08\/26\/incentivan-vacunacion-contra-el-covid-19-con-visitas-a-sitios-turisticos\/"},"wordCount":461,"publisher":{"@id":"https:\/\/www.eldiario.net\/portal\/#organization"},"image":{"@id":"https:\/\/www.eldiario.net\/portal\/2021\/08\/26\/incentivan-vacunacion-contra-el-covid-19-con-visitas-a-sitios-turisticos\/#primaryimage"},"thumbnailUrl":"","articleSection":["Nacional"],"inLanguage":"es"},{"@type":"WebPage","@id":"https:\/\/www.eldiario.net\/portal\/2021\/08\/26\/incentivan-vacunacion-contra-el-covid-19-con-visitas-a-sitios-turisticos\/","url":"https:\/\/www.eldiario.net\/portal\/2021\/08\/26\/incentivan-vacunacion-contra-el-covid-19-con-visitas-a-sitios-turisticos\/","name":"Incentivan vacunaci\u00f3n contra el Covid-19 con visitas a sitios tur\u00edsticos - El Diario - Bolivia","isPartOf":{"@id":"https:\/\/www.eldiario.net\/portal\/#website"},"primaryImageOfPage":{"@id":"https:\/\/www.eldiario.net\/portal\/2021\/08\/26\/incentivan-vacunacion-contra-el-covid-19-con-visitas-a-sitios-turisticos\/#primaryimage"},"image":{"@id":"https:\/\/www.eldiario.net\/portal\/2021\/08\/26\/incentivan-vacunacion-contra-el-covid-19-con-visitas-a-sitios-turisticos\/#primaryimage"},"thumbnailUrl":"","datePublished":"2021-08-26T08:26:36+00:00","breadcrumb":{"@id":"https:\/\/www.eldiario.net\/portal\/2021\/08\/26\/incentivan-vacunacion-contra-el-covid-19-con-visitas-a-sitios-turisticos\/#breadcrumb"},"inLanguage":"es","potentialAction":[{"@type":"ReadAction","target":["https:\/\/www.eldiario.net\/portal\/2021\/08\/26\/incentivan-vacunacion-contra-el-covid-19-con-visitas-a-sitios-turisticos\/"]}]},{"@type":"ImageObject","inLanguage":"es","@id":"https:\/\/www.eldiario.net\/portal\/2021\/08\/26\/incentivan-vacunacion-contra-el-covid-19-con-visitas-a-sitios-turisticos\/#primaryimage","url":"","contentUrl":""},{"@type":"BreadcrumbList","@id":"https:\/\/www.eldiario.net\/portal\/2021\/08\/26\/incentivan-vacunacion-contra-el-covid-19-con-visitas-a-sitios-turisticos\/#breadcrumb","itemListElement":[{"@type":"ListItem","position":1,"name":"Portada","item":"https:\/\/www.eldiario.net\/portal\/"},{"@type":"ListItem","position":2,"name":"Incentivan vacunaci\u00f3n contra el Covid-19 con visitas a sitios tur\u00edsticos"}]},{"@type":"WebSite","@id":"https:\/\/www.eldiario.net\/portal\/#website","url":"https:\/\/www.eldiario.net\/portal\/","name":"El Diario - Decano de la prensa nacional","description":"El Diario - Decano de la prensa nacional","publisher":{"@id":"https:\/\/www.eldiario.net\/portal\/#organization"},"potentialAction":[{"@type":"SearchAction","target":{"@type":"EntryPoint","urlTemplate":"https:\/\/www.eldiario.net\/portal\/?s={search_term_string}"},"query-input":{"@type":"PropertyValueSpecification","valueRequired":true,"valueName":"search_term_string"}}],"inLanguage":"es"},{"@type":"Organization","@id":"https:\/\/www.eldiario.net\/portal\/#organization","name":"El Diario - Decano de la prensa nacional","url":"https:\/\/www.eldiario.net\/portal\/","logo":{"@type":"ImageObject","inLanguage":"es","@id":"https:\/\/www.eldiario.net\/portal\/#\/schema\/logo\/image\/","url":"https:\/\/www.eldiario.net\/portal\/wp-content\/uploads\/2023\/07\/logo_ED.jpg","contentUrl":"https:\/\/www.eldiario.net\/portal\/wp-content\/uploads\/2023\/07\/logo_ED.jpg","width":272,"height":52,"caption":"El Diario - Decano de la prensa nacional"},"image":{"@id":"https:\/\/www.eldiario.net\/portal\/#\/schema\/logo\/image\/"},"sameAs":["https:\/\/www.facebook.com\/eldiario.bolivia\/","https:\/\/x.com\/eldiario_net"]},{"@type":"Person","@id":"https:\/\/www.eldiario.net\/portal\/#\/schema\/person\/f46445640444750d7d753ccd04ae01b7","name":"Jeanette","image":{"@type":"ImageObject","inLanguage":"es","@id":"https:\/\/secure.gravatar.com\/avatar\/3ea2118a5f7dad2b7138b1187a6b7ee55f160b9968b66013c3a3ef39dd7e5798?s=96&d=mm&r=g","url":"https:\/\/secure.gravatar.com\/avatar\/3ea2118a5f7dad2b7138b1187a6b7ee55f160b9968b66013c3a3ef39dd7e5798?s=96&d=mm&r=g","contentUrl":"https:\/\/secure.gravatar.com\/avatar\/3ea2118a5f7dad2b7138b1187a6b7ee55f160b9968b66013c3a3ef39dd7e5798?s=96&d=mm&r=g","caption":"Jeanette"},"sameAs":["https:\/\/www.eldiario.net\/portal"],"url":"https:\/\/www.eldiario.net\/portal\/author\/jeanette\/"}]}},"_links":{"self":[{"href":"https:\/\/www.eldiario.net\/portal\/wp-json\/wp\/v2\/posts\/25777","targetHints":{"allow":["GET"]}}],"collection":[{"href":"https:\/\/www.eldiario.net\/portal\/wp-json\/wp\/v2\/posts"}],"about":[{"href":"https:\/\/www.eldiario.net\/portal\/wp-json\/wp\/v2\/types\/post"}],"author":[{"embeddable":true,"href":"https:\/\/www.eldiario.net\/portal\/wp-json\/wp\/v2\/users\/1"}],"replies":[{"embeddable":true,"href":"https:\/\/www.eldiario.net\/portal\/wp-json\/wp\/v2\/comments?post=25777"}],"version-history":[{"count":0,"href":"https:\/\/www.eldiario.net\/portal\/wp-json\/wp\/v2\/posts\/25777\/revisions"}],"wp:attachment":[{"href":"https:\/\/www.eldiario.net\/portal\/wp-json\/wp\/v2\/media?parent=25777"}],"wp:term":[{"taxonomy":"category","embeddable":true,"href":"https:\/\/www.eldiario.net\/portal\/wp-json\/wp\/v2\/categories?post=25777"},{"taxonomy":"post_tag","embeddable":true,"href":"https:\/\/www.eldiario.net\/portal\/wp-json\/wp\/v2\/tags?post=25777"}],"curies":[{"name":"wp","href":"https:\/\/api.w.org\/{rel}","templated":true}]}}