{"id":25771,"date":"2021-08-26T04:23:32","date_gmt":"2021-08-26T08:23:32","guid":{"rendered":"https:\/\/www.eldiario.net\/portal\/?p=25771"},"modified":"2021-08-26T04:23:32","modified_gmt":"2021-08-26T08:23:32","slug":"ong-pide-presion-internacional-para-cuba","status":"publish","type":"post","link":"https:\/\/www.eldiario.net\/portal\/2021\/08\/26\/ong-pide-presion-internacional-para-cuba\/","title":{"rendered":"ONG pide presi\u00f3n  internacional para Cuba"},"content":{"rendered":"<p>La Habana.- La ONG Human Rights Watch (HRW) pidi\u00f3 a los gobiernos de la Uni\u00f3n Europea, Estados Unidos y Am\u00e9rica Latina que alcen sus voces contra el decreto de telecomunicaciones aprobado por el Gobierno cubano y que, en opini\u00f3n de la organizaci\u00f3n, \u00abcercena la libertad de expresi\u00f3n\u00bb al limitar el contenido que puede difundirse en Internet.<\/p>\n<p>La reforma, impulsada a ra\u00edz de las protestas opositoras de julio, plantea<br \/>\nla interrupci\u00f3n del servicio de Internet cuando un usuario publique informaci\u00f3n \u00abfalsa\u00bb o que afecte la \u00abmoralidad p\u00fablica\u00bb y \u00abel respeto al orden p\u00fablico\u00bb, conceptos \u00abvagos\u00bb e \u00abimprecisos\u00bb que podr\u00edan derivar en medidas arbitrarias.<\/p>\n<p>HRW teme que el Decreto-Ley 35 termine convirti\u00e9ndose en una herramienta para violar los Derechos Humanos, bien a gran escala o contra personas cr\u00edticas con el Gobierno, al tiempo que ve en \u00e9l una amenaza para la privacidad, ya que el Ministerio de Comunicaciones tendr\u00e1 acceso a m\u00e1s informaci\u00f3n a trav\u00e9s de los proveedores de Internet.<\/p>\n<p>El investigador s\u00e9nior para las Am\u00e9ricas de HRW, Juan Pappier, ha subrayado que precisamente gracias a Internet los ciudadanos cubanos han podido comunicarse \u00abcon mayor libertad\u00bb, denunciar abusos y organizar protestas pac\u00edficas, \u00abalgo que era pr\u00e1cticamente imposible hace pocos a\u00f1os\u00bb.<\/p>\n<p>\u00abLas autoridades de Am\u00e9rica Latina, la Uni\u00f3n Europea y Estados Unidos no pueden quedarse en silencio mientras el Gobierno cubano restringe el acceso a Internet, una herramienta vital para que los cubanos ejerzan sus Derechos Humanos\u00bb, ha reclamado.<\/p>\n<p><strong><u>\u00a0<\/u><\/strong><\/p>\n<p><strong>CIBERSEGURIDAD<\/strong><\/p>\n<p>La organizaci\u00f3n tambi\u00e9n ha expresado su preocupaci\u00f3n por la resoluci\u00f3n sobre ciberseguridad publicada junto al decreto y que contendr\u00eda \u00abdisposiciones peligrosas, en particular por poner en el punto de mira la \u00abdivulgaci\u00f3n de noticias falsas\u00bb, la \u00abdifamaci\u00f3n con impacto en el prestigio del pa\u00eds\u00bb, los mensajes que \u00abinciten a movilizaciones\u00bb o \u00abpromuevan la indisciplina social\u00bb o que \u00abmenoscaben\u00bb la \u00abfama\u00bb de una persona o \u00absu propia estimaci\u00f3n\u00bb.<\/p>\n<p>El texto no especifica c\u00f3mo pueden \u00abdetectar\u00bb y \u00aberradicar\u00bb dichos \u00abincidentes de ciberseguridad\u00bb los ministerios de Comunicaciones, Interior y Fuerzas Armadas Revolucionarias, pero HRW ha dado por hecho que habr\u00e1 \u00abuna censura y vigilancia excesivamente amplia\u00bb, en la medida en que requerir\u00e1 de una labor \u00abgeneralizada\u00bb de vigilancia y filtro. (Europa Press)<\/p>\n<p>&nbsp;<\/p>\n","protected":false},"excerpt":{"rendered":"<p>La Habana.- La ONG Human Rights Watch (HRW) pidi\u00f3 a los gobiernos de la Uni\u00f3n Europea, Estados Unidos y Am\u00e9rica Latina que alcen sus voces contra el decreto de telecomunicaciones aprobado por el Gobierno cubano y que, en opini\u00f3n de la organizaci\u00f3n, \u00abcercena la libertad de expresi\u00f3n\u00bb al limitar el contenido que puede difundirse en [&hellip;]<\/p>\n","protected":false},"author":1,"featured_media":25772,"comment_status":"closed","ping_status":"closed","sticky":false,"template":"","format":"standard","meta":{"_acf_changed":false,"footnotes":""},"categories":[3],"tags":[],"class_list":["post-25771","post","type-post","status-publish","format-standard","has-post-thumbnail","category-internacional"],"acf":{"antetitulo":""},"yoast_head":"<!-- This site is optimized with the Yoast SEO plugin v28.4 - https:\/\/yoast.com\/product\/yoast-seo-wordpress\/ -->\n<title>ONG pide presi\u00f3n internacional para Cuba - El Diario - Bolivia<\/title>\n<meta name=\"robots\" content=\"index, follow, max-snippet:-1, max-image-preview:large, max-video-preview:-1\" \/>\n<link rel=\"canonical\" href=\"https:\/\/www.eldiario.net\/portal\/2021\/08\/26\/ong-pide-presion-internacional-para-cuba\/\" \/>\n<meta property=\"og:locale\" content=\"es_ES\" \/>\n<meta property=\"og:type\" content=\"article\" \/>\n<meta property=\"og:title\" content=\"ONG pide presi\u00f3n internacional para Cuba - El Diario - Bolivia\" \/>\n<meta property=\"og:description\" content=\"La Habana.- La ONG Human Rights Watch (HRW) pidi\u00f3 a los gobiernos de la Uni\u00f3n Europea, Estados Unidos y Am\u00e9rica Latina que alcen sus voces contra el decreto de telecomunicaciones aprobado por el Gobierno cubano y que, en opini\u00f3n de la organizaci\u00f3n, \u00abcercena la libertad de expresi\u00f3n\u00bb al limitar el contenido que puede difundirse en [&hellip;]\" \/>\n<meta property=\"og:url\" content=\"https:\/\/www.eldiario.net\/portal\/2021\/08\/26\/ong-pide-presion-internacional-para-cuba\/\" \/>\n<meta property=\"og:site_name\" content=\"El Diario - Bolivia\" \/>\n<meta property=\"article:publisher\" content=\"https:\/\/www.facebook.com\/eldiario.bolivia\/\" \/>\n<meta property=\"article:published_time\" content=\"2021-08-26T08:23:32+00:00\" \/>\n<meta property=\"og:image\" content=\"https:\/\/www.eldiario.net\/portal\/wp-content\/uploads\/2021\/08\/INTE-2-ONG-pide-presion.jpg\" \/>\n\t<meta property=\"og:image:width\" content=\"1200\" \/>\n\t<meta property=\"og:image:height\" content=\"800\" \/>\n\t<meta property=\"og:image:type\" content=\"image\/jpeg\" \/>\n<meta name=\"author\" content=\"Jeanette\" \/>\n<meta name=\"twitter:card\" content=\"summary_large_image\" \/>\n<meta name=\"twitter:creator\" content=\"@eldiario_net\" \/>\n<meta name=\"twitter:site\" content=\"@eldiario_net\" \/>\n<meta name=\"twitter:label1\" content=\"Escrito por\" \/>\n\t<meta name=\"twitter:data1\" content=\"Jeanette\" \/>\n\t<meta name=\"twitter:label2\" content=\"Tiempo de lectura\" \/>\n\t<meta name=\"twitter:data2\" content=\"2 minutos\" \/>\n<script type=\"application\/ld+json\" class=\"yoast-schema-graph\">{\"@context\":\"https:\\\/\\\/schema.org\",\"@graph\":[{\"@type\":\"Article\",\"@id\":\"https:\\\/\\\/www.eldiario.net\\\/portal\\\/2021\\\/08\\\/26\\\/ong-pide-presion-internacional-para-cuba\\\/#article\",\"isPartOf\":{\"@id\":\"https:\\\/\\\/www.eldiario.net\\\/portal\\\/2021\\\/08\\\/26\\\/ong-pide-presion-internacional-para-cuba\\\/\"},\"author\":{\"name\":\"Jeanette\",\"@id\":\"https:\\\/\\\/www.eldiario.net\\\/portal\\\/#\\\/schema\\\/person\\\/f46445640444750d7d753ccd04ae01b7\"},\"headline\":\"ONG pide presi\u00f3n internacional para Cuba\",\"datePublished\":\"2021-08-26T08:23:32+00:00\",\"mainEntityOfPage\":{\"@id\":\"https:\\\/\\\/www.eldiario.net\\\/portal\\\/2021\\\/08\\\/26\\\/ong-pide-presion-internacional-para-cuba\\\/\"},\"wordCount\":397,\"publisher\":{\"@id\":\"https:\\\/\\\/www.eldiario.net\\\/portal\\\/#organization\"},\"image\":{\"@id\":\"https:\\\/\\\/www.eldiario.net\\\/portal\\\/2021\\\/08\\\/26\\\/ong-pide-presion-internacional-para-cuba\\\/#primaryimage\"},\"thumbnailUrl\":\"https:\\\/\\\/www.eldiario.net\\\/portal\\\/wp-content\\\/uploads\\\/2021\\\/08\\\/INTE-2-ONG-pide-presion.jpg\",\"articleSection\":[\"Internacional\"],\"inLanguage\":\"es\"},{\"@type\":\"WebPage\",\"@id\":\"https:\\\/\\\/www.eldiario.net\\\/portal\\\/2021\\\/08\\\/26\\\/ong-pide-presion-internacional-para-cuba\\\/\",\"url\":\"https:\\\/\\\/www.eldiario.net\\\/portal\\\/2021\\\/08\\\/26\\\/ong-pide-presion-internacional-para-cuba\\\/\",\"name\":\"ONG pide presi\u00f3n internacional para Cuba - El Diario - Bolivia\",\"isPartOf\":{\"@id\":\"https:\\\/\\\/www.eldiario.net\\\/portal\\\/#website\"},\"primaryImageOfPage\":{\"@id\":\"https:\\\/\\\/www.eldiario.net\\\/portal\\\/2021\\\/08\\\/26\\\/ong-pide-presion-internacional-para-cuba\\\/#primaryimage\"},\"image\":{\"@id\":\"https:\\\/\\\/www.eldiario.net\\\/portal\\\/2021\\\/08\\\/26\\\/ong-pide-presion-internacional-para-cuba\\\/#primaryimage\"},\"thumbnailUrl\":\"https:\\\/\\\/www.eldiario.net\\\/portal\\\/wp-content\\\/uploads\\\/2021\\\/08\\\/INTE-2-ONG-pide-presion.jpg\",\"datePublished\":\"2021-08-26T08:23:32+00:00\",\"breadcrumb\":{\"@id\":\"https:\\\/\\\/www.eldiario.net\\\/portal\\\/2021\\\/08\\\/26\\\/ong-pide-presion-internacional-para-cuba\\\/#breadcrumb\"},\"inLanguage\":\"es\",\"potentialAction\":[{\"@type\":\"ReadAction\",\"target\":[\"https:\\\/\\\/www.eldiario.net\\\/portal\\\/2021\\\/08\\\/26\\\/ong-pide-presion-internacional-para-cuba\\\/\"]}]},{\"@type\":\"ImageObject\",\"inLanguage\":\"es\",\"@id\":\"https:\\\/\\\/www.eldiario.net\\\/portal\\\/2021\\\/08\\\/26\\\/ong-pide-presion-internacional-para-cuba\\\/#primaryimage\",\"url\":\"https:\\\/\\\/www.eldiario.net\\\/portal\\\/wp-content\\\/uploads\\\/2021\\\/08\\\/INTE-2-ONG-pide-presion.jpg\",\"contentUrl\":\"https:\\\/\\\/www.eldiario.net\\\/portal\\\/wp-content\\\/uploads\\\/2021\\\/08\\\/INTE-2-ONG-pide-presion.jpg\",\"width\":1200,\"height\":800,\"caption\":\"BANDERA DE CUBA EN UNA PROTESTA CONTRA EL GOBIERNO DE LA ISLA EN MIAMI, ESTADOS UNIDOS. EUROPA PRESS\"},{\"@type\":\"BreadcrumbList\",\"@id\":\"https:\\\/\\\/www.eldiario.net\\\/portal\\\/2021\\\/08\\\/26\\\/ong-pide-presion-internacional-para-cuba\\\/#breadcrumb\",\"itemListElement\":[{\"@type\":\"ListItem\",\"position\":1,\"name\":\"Portada\",\"item\":\"https:\\\/\\\/www.eldiario.net\\\/portal\\\/\"},{\"@type\":\"ListItem\",\"position\":2,\"name\":\"ONG pide presi\u00f3n internacional para Cuba\"}]},{\"@type\":\"WebSite\",\"@id\":\"https:\\\/\\\/www.eldiario.net\\\/portal\\\/#website\",\"url\":\"https:\\\/\\\/www.eldiario.net\\\/portal\\\/\",\"name\":\"El Diario - Decano de la prensa nacional\",\"description\":\"El Diario - Decano de la prensa nacional\",\"publisher\":{\"@id\":\"https:\\\/\\\/www.eldiario.net\\\/portal\\\/#organization\"},\"potentialAction\":[{\"@type\":\"SearchAction\",\"target\":{\"@type\":\"EntryPoint\",\"urlTemplate\":\"https:\\\/\\\/www.eldiario.net\\\/portal\\\/?s={search_term_string}\"},\"query-input\":{\"@type\":\"PropertyValueSpecification\",\"valueRequired\":true,\"valueName\":\"search_term_string\"}}],\"inLanguage\":\"es\"},{\"@type\":\"Organization\",\"@id\":\"https:\\\/\\\/www.eldiario.net\\\/portal\\\/#organization\",\"name\":\"El Diario - Decano de la prensa nacional\",\"url\":\"https:\\\/\\\/www.eldiario.net\\\/portal\\\/\",\"logo\":{\"@type\":\"ImageObject\",\"inLanguage\":\"es\",\"@id\":\"https:\\\/\\\/www.eldiario.net\\\/portal\\\/#\\\/schema\\\/logo\\\/image\\\/\",\"url\":\"https:\\\/\\\/www.eldiario.net\\\/portal\\\/wp-content\\\/uploads\\\/2023\\\/07\\\/logo_ED.jpg\",\"contentUrl\":\"https:\\\/\\\/www.eldiario.net\\\/portal\\\/wp-content\\\/uploads\\\/2023\\\/07\\\/logo_ED.jpg\",\"width\":272,\"height\":52,\"caption\":\"El Diario - Decano de la prensa nacional\"},\"image\":{\"@id\":\"https:\\\/\\\/www.eldiario.net\\\/portal\\\/#\\\/schema\\\/logo\\\/image\\\/\"},\"sameAs\":[\"https:\\\/\\\/www.facebook.com\\\/eldiario.bolivia\\\/\",\"https:\\\/\\\/x.com\\\/eldiario_net\"]},{\"@type\":\"Person\",\"@id\":\"https:\\\/\\\/www.eldiario.net\\\/portal\\\/#\\\/schema\\\/person\\\/f46445640444750d7d753ccd04ae01b7\",\"name\":\"Jeanette\",\"image\":{\"@type\":\"ImageObject\",\"inLanguage\":\"es\",\"@id\":\"https:\\\/\\\/secure.gravatar.com\\\/avatar\\\/3ea2118a5f7dad2b7138b1187a6b7ee55f160b9968b66013c3a3ef39dd7e5798?s=96&d=mm&r=g\",\"url\":\"https:\\\/\\\/secure.gravatar.com\\\/avatar\\\/3ea2118a5f7dad2b7138b1187a6b7ee55f160b9968b66013c3a3ef39dd7e5798?s=96&d=mm&r=g\",\"contentUrl\":\"https:\\\/\\\/secure.gravatar.com\\\/avatar\\\/3ea2118a5f7dad2b7138b1187a6b7ee55f160b9968b66013c3a3ef39dd7e5798?s=96&d=mm&r=g\",\"caption\":\"Jeanette\"},\"sameAs\":[\"https:\\\/\\\/www.eldiario.net\\\/portal\"],\"url\":\"https:\\\/\\\/www.eldiario.net\\\/portal\\\/author\\\/jeanette\\\/\"}]}<\/script>\n<!-- \/ Yoast SEO plugin. -->","yoast_head_json":{"title":"ONG pide presi\u00f3n internacional para Cuba - El Diario - Bolivia","robots":{"index":"index","follow":"follow","max-snippet":"max-snippet:-1","max-image-preview":"max-image-preview:large","max-video-preview":"max-video-preview:-1"},"canonical":"https:\/\/www.eldiario.net\/portal\/2021\/08\/26\/ong-pide-presion-internacional-para-cuba\/","og_locale":"es_ES","og_type":"article","og_title":"ONG pide presi\u00f3n internacional para Cuba - El Diario - Bolivia","og_description":"La Habana.- La ONG Human Rights Watch (HRW) pidi\u00f3 a los gobiernos de la Uni\u00f3n Europea, Estados Unidos y Am\u00e9rica Latina que alcen sus voces contra el decreto de telecomunicaciones aprobado por el Gobierno cubano y que, en opini\u00f3n de la organizaci\u00f3n, \u00abcercena la libertad de expresi\u00f3n\u00bb al limitar el contenido que puede difundirse en [&hellip;]","og_url":"https:\/\/www.eldiario.net\/portal\/2021\/08\/26\/ong-pide-presion-internacional-para-cuba\/","og_site_name":"El Diario - Bolivia","article_publisher":"https:\/\/www.facebook.com\/eldiario.bolivia\/","article_published_time":"2021-08-26T08:23:32+00:00","og_image":[{"width":1200,"height":800,"url":"https:\/\/www.eldiario.net\/portal\/wp-content\/uploads\/2021\/08\/INTE-2-ONG-pide-presion.jpg","type":"image\/jpeg"}],"author":"Jeanette","twitter_card":"summary_large_image","twitter_creator":"@eldiario_net","twitter_site":"@eldiario_net","twitter_misc":{"Escrito por":"Jeanette","Tiempo de lectura":"2 minutos"},"schema":{"@context":"https:\/\/schema.org","@graph":[{"@type":"Article","@id":"https:\/\/www.eldiario.net\/portal\/2021\/08\/26\/ong-pide-presion-internacional-para-cuba\/#article","isPartOf":{"@id":"https:\/\/www.eldiario.net\/portal\/2021\/08\/26\/ong-pide-presion-internacional-para-cuba\/"},"author":{"name":"Jeanette","@id":"https:\/\/www.eldiario.net\/portal\/#\/schema\/person\/f46445640444750d7d753ccd04ae01b7"},"headline":"ONG pide presi\u00f3n internacional para Cuba","datePublished":"2021-08-26T08:23:32+00:00","mainEntityOfPage":{"@id":"https:\/\/www.eldiario.net\/portal\/2021\/08\/26\/ong-pide-presion-internacional-para-cuba\/"},"wordCount":397,"publisher":{"@id":"https:\/\/www.eldiario.net\/portal\/#organization"},"image":{"@id":"https:\/\/www.eldiario.net\/portal\/2021\/08\/26\/ong-pide-presion-internacional-para-cuba\/#primaryimage"},"thumbnailUrl":"https:\/\/www.eldiario.net\/portal\/wp-content\/uploads\/2021\/08\/INTE-2-ONG-pide-presion.jpg","articleSection":["Internacional"],"inLanguage":"es"},{"@type":"WebPage","@id":"https:\/\/www.eldiario.net\/portal\/2021\/08\/26\/ong-pide-presion-internacional-para-cuba\/","url":"https:\/\/www.eldiario.net\/portal\/2021\/08\/26\/ong-pide-presion-internacional-para-cuba\/","name":"ONG pide presi\u00f3n internacional para Cuba - El Diario - Bolivia","isPartOf":{"@id":"https:\/\/www.eldiario.net\/portal\/#website"},"primaryImageOfPage":{"@id":"https:\/\/www.eldiario.net\/portal\/2021\/08\/26\/ong-pide-presion-internacional-para-cuba\/#primaryimage"},"image":{"@id":"https:\/\/www.eldiario.net\/portal\/2021\/08\/26\/ong-pide-presion-internacional-para-cuba\/#primaryimage"},"thumbnailUrl":"https:\/\/www.eldiario.net\/portal\/wp-content\/uploads\/2021\/08\/INTE-2-ONG-pide-presion.jpg","datePublished":"2021-08-26T08:23:32+00:00","breadcrumb":{"@id":"https:\/\/www.eldiario.net\/portal\/2021\/08\/26\/ong-pide-presion-internacional-para-cuba\/#breadcrumb"},"inLanguage":"es","potentialAction":[{"@type":"ReadAction","target":["https:\/\/www.eldiario.net\/portal\/2021\/08\/26\/ong-pide-presion-internacional-para-cuba\/"]}]},{"@type":"ImageObject","inLanguage":"es","@id":"https:\/\/www.eldiario.net\/portal\/2021\/08\/26\/ong-pide-presion-internacional-para-cuba\/#primaryimage","url":"https:\/\/www.eldiario.net\/portal\/wp-content\/uploads\/2021\/08\/INTE-2-ONG-pide-presion.jpg","contentUrl":"https:\/\/www.eldiario.net\/portal\/wp-content\/uploads\/2021\/08\/INTE-2-ONG-pide-presion.jpg","width":1200,"height":800,"caption":"BANDERA DE CUBA EN UNA PROTESTA CONTRA EL GOBIERNO DE LA ISLA EN MIAMI, ESTADOS UNIDOS. EUROPA PRESS"},{"@type":"BreadcrumbList","@id":"https:\/\/www.eldiario.net\/portal\/2021\/08\/26\/ong-pide-presion-internacional-para-cuba\/#breadcrumb","itemListElement":[{"@type":"ListItem","position":1,"name":"Portada","item":"https:\/\/www.eldiario.net\/portal\/"},{"@type":"ListItem","position":2,"name":"ONG pide presi\u00f3n internacional para Cuba"}]},{"@type":"WebSite","@id":"https:\/\/www.eldiario.net\/portal\/#website","url":"https:\/\/www.eldiario.net\/portal\/","name":"El Diario - Decano de la prensa nacional","description":"El Diario - Decano de la prensa nacional","publisher":{"@id":"https:\/\/www.eldiario.net\/portal\/#organization"},"potentialAction":[{"@type":"SearchAction","target":{"@type":"EntryPoint","urlTemplate":"https:\/\/www.eldiario.net\/portal\/?s={search_term_string}"},"query-input":{"@type":"PropertyValueSpecification","valueRequired":true,"valueName":"search_term_string"}}],"inLanguage":"es"},{"@type":"Organization","@id":"https:\/\/www.eldiario.net\/portal\/#organization","name":"El Diario - Decano de la prensa nacional","url":"https:\/\/www.eldiario.net\/portal\/","logo":{"@type":"ImageObject","inLanguage":"es","@id":"https:\/\/www.eldiario.net\/portal\/#\/schema\/logo\/image\/","url":"https:\/\/www.eldiario.net\/portal\/wp-content\/uploads\/2023\/07\/logo_ED.jpg","contentUrl":"https:\/\/www.eldiario.net\/portal\/wp-content\/uploads\/2023\/07\/logo_ED.jpg","width":272,"height":52,"caption":"El Diario - Decano de la prensa nacional"},"image":{"@id":"https:\/\/www.eldiario.net\/portal\/#\/schema\/logo\/image\/"},"sameAs":["https:\/\/www.facebook.com\/eldiario.bolivia\/","https:\/\/x.com\/eldiario_net"]},{"@type":"Person","@id":"https:\/\/www.eldiario.net\/portal\/#\/schema\/person\/f46445640444750d7d753ccd04ae01b7","name":"Jeanette","image":{"@type":"ImageObject","inLanguage":"es","@id":"https:\/\/secure.gravatar.com\/avatar\/3ea2118a5f7dad2b7138b1187a6b7ee55f160b9968b66013c3a3ef39dd7e5798?s=96&d=mm&r=g","url":"https:\/\/secure.gravatar.com\/avatar\/3ea2118a5f7dad2b7138b1187a6b7ee55f160b9968b66013c3a3ef39dd7e5798?s=96&d=mm&r=g","contentUrl":"https:\/\/secure.gravatar.com\/avatar\/3ea2118a5f7dad2b7138b1187a6b7ee55f160b9968b66013c3a3ef39dd7e5798?s=96&d=mm&r=g","caption":"Jeanette"},"sameAs":["https:\/\/www.eldiario.net\/portal"],"url":"https:\/\/www.eldiario.net\/portal\/author\/jeanette\/"}]}},"_links":{"self":[{"href":"https:\/\/www.eldiario.net\/portal\/wp-json\/wp\/v2\/posts\/25771","targetHints":{"allow":["GET"]}}],"collection":[{"href":"https:\/\/www.eldiario.net\/portal\/wp-json\/wp\/v2\/posts"}],"about":[{"href":"https:\/\/www.eldiario.net\/portal\/wp-json\/wp\/v2\/types\/post"}],"author":[{"embeddable":true,"href":"https:\/\/www.eldiario.net\/portal\/wp-json\/wp\/v2\/users\/1"}],"replies":[{"embeddable":true,"href":"https:\/\/www.eldiario.net\/portal\/wp-json\/wp\/v2\/comments?post=25771"}],"version-history":[{"count":0,"href":"https:\/\/www.eldiario.net\/portal\/wp-json\/wp\/v2\/posts\/25771\/revisions"}],"wp:featuredmedia":[{"embeddable":true,"href":"https:\/\/www.eldiario.net\/portal\/wp-json\/wp\/v2\/media\/25772"}],"wp:attachment":[{"href":"https:\/\/www.eldiario.net\/portal\/wp-json\/wp\/v2\/media?parent=25771"}],"wp:term":[{"taxonomy":"category","embeddable":true,"href":"https:\/\/www.eldiario.net\/portal\/wp-json\/wp\/v2\/categories?post=25771"},{"taxonomy":"post_tag","embeddable":true,"href":"https:\/\/www.eldiario.net\/portal\/wp-json\/wp\/v2\/tags?post=25771"}],"curies":[{"name":"wp","href":"https:\/\/api.w.org\/{rel}","templated":true}]}}