{"id":25768,"date":"2021-08-26T04:20:50","date_gmt":"2021-08-26T08:20:50","guid":{"rendered":"https:\/\/www.eldiario.net\/portal\/?p=25768"},"modified":"2021-08-26T04:20:50","modified_gmt":"2021-08-26T08:20:50","slug":"fiscalia-de-argentina-ultima-imputacion-de-presidente","status":"publish","type":"post","link":"https:\/\/www.eldiario.net\/portal\/2021\/08\/26\/fiscalia-de-argentina-ultima-imputacion-de-presidente\/","title":{"rendered":"Fiscal\u00eda de Argentina ultima  imputaci\u00f3n de presidente"},"content":{"rendered":"<p>Buenos Aires.- La Fiscal\u00eda argentina prepara un escrito para notificar formalmente al presidente, Alberto Fern\u00e1ndez, su imputaci\u00f3n por la violaci\u00f3n de las medidas de cuarentena que promovi\u00f3 su Gobierno para combatir la pandemia de Covid-19, tras la difusi\u00f3n de im\u00e1genes de una fiesta de cumplea\u00f1os en julio de 2020.<\/p>\n<p>La fiesta en cuesti\u00f3n fue organizada con motivo del cumplea\u00f1os de la esposa de Fern\u00e1ndez, Fabiola Y\u00e1\u00f1ez, y a ella asistieron m\u00e1s personas de las que se permit\u00eda entonces. Tambi\u00e9n era obligatorio el uso de mascarilla, pero nadie la lleva en la fotograf\u00eda que difundi\u00f3 inicialmente la cadena LN+ este mismo mes.<\/p>\n<p>El fiscal Ramiro Gonz\u00e1lez prepara el escrito de notificaci\u00f3n de la imputaci\u00f3n, u paso que la defensa de Fern\u00e1ndez ya daba por sentado. Su abogado, Gregorio Dalb\u00f3n, ha explicado al diario La Naci\u00f3n que, una vez se produzca el tr\u00e1mite, el mandatario plantear\u00e1 una conciliaci\u00f3n para renunciar a parte de su sueldo a cambio del archivo de la causa.<\/p>\n<p>Adem\u00e1s, el Gobierno, entretanto, ha cerrado filas en torno al presidente. \u00abNo hay ning\u00fan argentino que no haya cometido un error\u00bb durante la pandemia, ha alegado este mi\u00e9rcoles la ministra de Salud, Carla Vizzoti, durante una entrevista radiof\u00f3nica en la que ha subrayado el \u00abcompromiso\u00bb de Fern\u00e1ndez con la lucha frente a la pandemia.<\/p>\n<p>Al igual que otros miembros del Ejecutivo, Vizzoti ha apuntado a intereses pol\u00edticos detr\u00e1s de la publicaci\u00f3n de la fotograf\u00eda, sugiriendo que se trata de intento por desgastar al presidente de cara a futuras elecciones. (Europa Press)<\/p>\n<p>Imprimir<\/p>\n","protected":false},"excerpt":{"rendered":"<p>Buenos Aires.- La Fiscal\u00eda argentina prepara un escrito para notificar formalmente al presidente, Alberto Fern\u00e1ndez, su imputaci\u00f3n por la violaci\u00f3n de las medidas de cuarentena que promovi\u00f3 su Gobierno para combatir la pandemia de Covid-19, tras la difusi\u00f3n de im\u00e1genes de una fiesta de cumplea\u00f1os en julio de 2020. La fiesta en cuesti\u00f3n fue organizada [&hellip;]<\/p>\n","protected":false},"author":1,"featured_media":25769,"comment_status":"closed","ping_status":"closed","sticky":false,"template":"","format":"standard","meta":{"_acf_changed":false,"footnotes":""},"categories":[3],"tags":[],"class_list":["post-25768","post","type-post","status-publish","format-standard","has-post-thumbnail","category-internacional"],"acf":{"antetitulo":""},"yoast_head":"<!-- This site is optimized with the Yoast SEO plugin v28.4 - https:\/\/yoast.com\/product\/yoast-seo-wordpress\/ -->\n<title>Fiscal\u00eda de Argentina ultima imputaci\u00f3n de presidente - El Diario - Bolivia<\/title>\n<meta name=\"robots\" content=\"index, follow, max-snippet:-1, max-image-preview:large, max-video-preview:-1\" \/>\n<link rel=\"canonical\" href=\"https:\/\/www.eldiario.net\/portal\/2021\/08\/26\/fiscalia-de-argentina-ultima-imputacion-de-presidente\/\" \/>\n<meta property=\"og:locale\" content=\"es_ES\" \/>\n<meta property=\"og:type\" content=\"article\" \/>\n<meta property=\"og:title\" content=\"Fiscal\u00eda de Argentina ultima imputaci\u00f3n de presidente - El Diario - Bolivia\" \/>\n<meta property=\"og:description\" content=\"Buenos Aires.- La Fiscal\u00eda argentina prepara un escrito para notificar formalmente al presidente, Alberto Fern\u00e1ndez, su imputaci\u00f3n por la violaci\u00f3n de las medidas de cuarentena que promovi\u00f3 su Gobierno para combatir la pandemia de Covid-19, tras la difusi\u00f3n de im\u00e1genes de una fiesta de cumplea\u00f1os en julio de 2020. La fiesta en cuesti\u00f3n fue organizada [&hellip;]\" \/>\n<meta property=\"og:url\" content=\"https:\/\/www.eldiario.net\/portal\/2021\/08\/26\/fiscalia-de-argentina-ultima-imputacion-de-presidente\/\" \/>\n<meta property=\"og:site_name\" content=\"El Diario - Bolivia\" \/>\n<meta property=\"article:publisher\" content=\"https:\/\/www.facebook.com\/eldiario.bolivia\/\" \/>\n<meta property=\"article:published_time\" content=\"2021-08-26T08:20:50+00:00\" \/>\n<meta name=\"author\" content=\"Jeanette\" \/>\n<meta name=\"twitter:card\" content=\"summary_large_image\" \/>\n<meta name=\"twitter:creator\" content=\"@eldiario_net\" \/>\n<meta name=\"twitter:site\" content=\"@eldiario_net\" \/>\n<meta name=\"twitter:label1\" content=\"Escrito por\" \/>\n\t<meta name=\"twitter:data1\" content=\"Jeanette\" \/>\n\t<meta name=\"twitter:label2\" content=\"Tiempo de lectura\" \/>\n\t<meta name=\"twitter:data2\" content=\"2 minutos\" \/>\n<script type=\"application\/ld+json\" class=\"yoast-schema-graph\">{\"@context\":\"https:\\\/\\\/schema.org\",\"@graph\":[{\"@type\":\"Article\",\"@id\":\"https:\\\/\\\/www.eldiario.net\\\/portal\\\/2021\\\/08\\\/26\\\/fiscalia-de-argentina-ultima-imputacion-de-presidente\\\/#article\",\"isPartOf\":{\"@id\":\"https:\\\/\\\/www.eldiario.net\\\/portal\\\/2021\\\/08\\\/26\\\/fiscalia-de-argentina-ultima-imputacion-de-presidente\\\/\"},\"author\":{\"name\":\"Jeanette\",\"@id\":\"https:\\\/\\\/www.eldiario.net\\\/portal\\\/#\\\/schema\\\/person\\\/f46445640444750d7d753ccd04ae01b7\"},\"headline\":\"Fiscal\u00eda de Argentina ultima imputaci\u00f3n de presidente\",\"datePublished\":\"2021-08-26T08:20:50+00:00\",\"mainEntityOfPage\":{\"@id\":\"https:\\\/\\\/www.eldiario.net\\\/portal\\\/2021\\\/08\\\/26\\\/fiscalia-de-argentina-ultima-imputacion-de-presidente\\\/\"},\"wordCount\":293,\"publisher\":{\"@id\":\"https:\\\/\\\/www.eldiario.net\\\/portal\\\/#organization\"},\"image\":{\"@id\":\"https:\\\/\\\/www.eldiario.net\\\/portal\\\/2021\\\/08\\\/26\\\/fiscalia-de-argentina-ultima-imputacion-de-presidente\\\/#primaryimage\"},\"thumbnailUrl\":\"\",\"articleSection\":[\"Internacional\"],\"inLanguage\":\"es\"},{\"@type\":\"WebPage\",\"@id\":\"https:\\\/\\\/www.eldiario.net\\\/portal\\\/2021\\\/08\\\/26\\\/fiscalia-de-argentina-ultima-imputacion-de-presidente\\\/\",\"url\":\"https:\\\/\\\/www.eldiario.net\\\/portal\\\/2021\\\/08\\\/26\\\/fiscalia-de-argentina-ultima-imputacion-de-presidente\\\/\",\"name\":\"Fiscal\u00eda de Argentina ultima imputaci\u00f3n de presidente - El Diario - Bolivia\",\"isPartOf\":{\"@id\":\"https:\\\/\\\/www.eldiario.net\\\/portal\\\/#website\"},\"primaryImageOfPage\":{\"@id\":\"https:\\\/\\\/www.eldiario.net\\\/portal\\\/2021\\\/08\\\/26\\\/fiscalia-de-argentina-ultima-imputacion-de-presidente\\\/#primaryimage\"},\"image\":{\"@id\":\"https:\\\/\\\/www.eldiario.net\\\/portal\\\/2021\\\/08\\\/26\\\/fiscalia-de-argentina-ultima-imputacion-de-presidente\\\/#primaryimage\"},\"thumbnailUrl\":\"\",\"datePublished\":\"2021-08-26T08:20:50+00:00\",\"breadcrumb\":{\"@id\":\"https:\\\/\\\/www.eldiario.net\\\/portal\\\/2021\\\/08\\\/26\\\/fiscalia-de-argentina-ultima-imputacion-de-presidente\\\/#breadcrumb\"},\"inLanguage\":\"es\",\"potentialAction\":[{\"@type\":\"ReadAction\",\"target\":[\"https:\\\/\\\/www.eldiario.net\\\/portal\\\/2021\\\/08\\\/26\\\/fiscalia-de-argentina-ultima-imputacion-de-presidente\\\/\"]}]},{\"@type\":\"ImageObject\",\"inLanguage\":\"es\",\"@id\":\"https:\\\/\\\/www.eldiario.net\\\/portal\\\/2021\\\/08\\\/26\\\/fiscalia-de-argentina-ultima-imputacion-de-presidente\\\/#primaryimage\",\"url\":\"\",\"contentUrl\":\"\"},{\"@type\":\"BreadcrumbList\",\"@id\":\"https:\\\/\\\/www.eldiario.net\\\/portal\\\/2021\\\/08\\\/26\\\/fiscalia-de-argentina-ultima-imputacion-de-presidente\\\/#breadcrumb\",\"itemListElement\":[{\"@type\":\"ListItem\",\"position\":1,\"name\":\"Portada\",\"item\":\"https:\\\/\\\/www.eldiario.net\\\/portal\\\/\"},{\"@type\":\"ListItem\",\"position\":2,\"name\":\"Fiscal\u00eda de Argentina ultima imputaci\u00f3n de presidente\"}]},{\"@type\":\"WebSite\",\"@id\":\"https:\\\/\\\/www.eldiario.net\\\/portal\\\/#website\",\"url\":\"https:\\\/\\\/www.eldiario.net\\\/portal\\\/\",\"name\":\"El Diario - Decano de la prensa nacional\",\"description\":\"El Diario - Decano de la prensa nacional\",\"publisher\":{\"@id\":\"https:\\\/\\\/www.eldiario.net\\\/portal\\\/#organization\"},\"potentialAction\":[{\"@type\":\"SearchAction\",\"target\":{\"@type\":\"EntryPoint\",\"urlTemplate\":\"https:\\\/\\\/www.eldiario.net\\\/portal\\\/?s={search_term_string}\"},\"query-input\":{\"@type\":\"PropertyValueSpecification\",\"valueRequired\":true,\"valueName\":\"search_term_string\"}}],\"inLanguage\":\"es\"},{\"@type\":\"Organization\",\"@id\":\"https:\\\/\\\/www.eldiario.net\\\/portal\\\/#organization\",\"name\":\"El Diario - Decano de la prensa nacional\",\"url\":\"https:\\\/\\\/www.eldiario.net\\\/portal\\\/\",\"logo\":{\"@type\":\"ImageObject\",\"inLanguage\":\"es\",\"@id\":\"https:\\\/\\\/www.eldiario.net\\\/portal\\\/#\\\/schema\\\/logo\\\/image\\\/\",\"url\":\"https:\\\/\\\/www.eldiario.net\\\/portal\\\/wp-content\\\/uploads\\\/2023\\\/07\\\/logo_ED.jpg\",\"contentUrl\":\"https:\\\/\\\/www.eldiario.net\\\/portal\\\/wp-content\\\/uploads\\\/2023\\\/07\\\/logo_ED.jpg\",\"width\":272,\"height\":52,\"caption\":\"El Diario - Decano de la prensa nacional\"},\"image\":{\"@id\":\"https:\\\/\\\/www.eldiario.net\\\/portal\\\/#\\\/schema\\\/logo\\\/image\\\/\"},\"sameAs\":[\"https:\\\/\\\/www.facebook.com\\\/eldiario.bolivia\\\/\",\"https:\\\/\\\/x.com\\\/eldiario_net\"]},{\"@type\":\"Person\",\"@id\":\"https:\\\/\\\/www.eldiario.net\\\/portal\\\/#\\\/schema\\\/person\\\/f46445640444750d7d753ccd04ae01b7\",\"name\":\"Jeanette\",\"image\":{\"@type\":\"ImageObject\",\"inLanguage\":\"es\",\"@id\":\"https:\\\/\\\/secure.gravatar.com\\\/avatar\\\/3ea2118a5f7dad2b7138b1187a6b7ee55f160b9968b66013c3a3ef39dd7e5798?s=96&d=mm&r=g\",\"url\":\"https:\\\/\\\/secure.gravatar.com\\\/avatar\\\/3ea2118a5f7dad2b7138b1187a6b7ee55f160b9968b66013c3a3ef39dd7e5798?s=96&d=mm&r=g\",\"contentUrl\":\"https:\\\/\\\/secure.gravatar.com\\\/avatar\\\/3ea2118a5f7dad2b7138b1187a6b7ee55f160b9968b66013c3a3ef39dd7e5798?s=96&d=mm&r=g\",\"caption\":\"Jeanette\"},\"sameAs\":[\"https:\\\/\\\/www.eldiario.net\\\/portal\"],\"url\":\"https:\\\/\\\/www.eldiario.net\\\/portal\\\/author\\\/jeanette\\\/\"}]}<\/script>\n<!-- \/ Yoast SEO plugin. -->","yoast_head_json":{"title":"Fiscal\u00eda de Argentina ultima imputaci\u00f3n de presidente - El Diario - Bolivia","robots":{"index":"index","follow":"follow","max-snippet":"max-snippet:-1","max-image-preview":"max-image-preview:large","max-video-preview":"max-video-preview:-1"},"canonical":"https:\/\/www.eldiario.net\/portal\/2021\/08\/26\/fiscalia-de-argentina-ultima-imputacion-de-presidente\/","og_locale":"es_ES","og_type":"article","og_title":"Fiscal\u00eda de Argentina ultima imputaci\u00f3n de presidente - El Diario - Bolivia","og_description":"Buenos Aires.- La Fiscal\u00eda argentina prepara un escrito para notificar formalmente al presidente, Alberto Fern\u00e1ndez, su imputaci\u00f3n por la violaci\u00f3n de las medidas de cuarentena que promovi\u00f3 su Gobierno para combatir la pandemia de Covid-19, tras la difusi\u00f3n de im\u00e1genes de una fiesta de cumplea\u00f1os en julio de 2020. La fiesta en cuesti\u00f3n fue organizada [&hellip;]","og_url":"https:\/\/www.eldiario.net\/portal\/2021\/08\/26\/fiscalia-de-argentina-ultima-imputacion-de-presidente\/","og_site_name":"El Diario - Bolivia","article_publisher":"https:\/\/www.facebook.com\/eldiario.bolivia\/","article_published_time":"2021-08-26T08:20:50+00:00","author":"Jeanette","twitter_card":"summary_large_image","twitter_creator":"@eldiario_net","twitter_site":"@eldiario_net","twitter_misc":{"Escrito por":"Jeanette","Tiempo de lectura":"2 minutos"},"schema":{"@context":"https:\/\/schema.org","@graph":[{"@type":"Article","@id":"https:\/\/www.eldiario.net\/portal\/2021\/08\/26\/fiscalia-de-argentina-ultima-imputacion-de-presidente\/#article","isPartOf":{"@id":"https:\/\/www.eldiario.net\/portal\/2021\/08\/26\/fiscalia-de-argentina-ultima-imputacion-de-presidente\/"},"author":{"name":"Jeanette","@id":"https:\/\/www.eldiario.net\/portal\/#\/schema\/person\/f46445640444750d7d753ccd04ae01b7"},"headline":"Fiscal\u00eda de Argentina ultima imputaci\u00f3n de presidente","datePublished":"2021-08-26T08:20:50+00:00","mainEntityOfPage":{"@id":"https:\/\/www.eldiario.net\/portal\/2021\/08\/26\/fiscalia-de-argentina-ultima-imputacion-de-presidente\/"},"wordCount":293,"publisher":{"@id":"https:\/\/www.eldiario.net\/portal\/#organization"},"image":{"@id":"https:\/\/www.eldiario.net\/portal\/2021\/08\/26\/fiscalia-de-argentina-ultima-imputacion-de-presidente\/#primaryimage"},"thumbnailUrl":"","articleSection":["Internacional"],"inLanguage":"es"},{"@type":"WebPage","@id":"https:\/\/www.eldiario.net\/portal\/2021\/08\/26\/fiscalia-de-argentina-ultima-imputacion-de-presidente\/","url":"https:\/\/www.eldiario.net\/portal\/2021\/08\/26\/fiscalia-de-argentina-ultima-imputacion-de-presidente\/","name":"Fiscal\u00eda de Argentina ultima imputaci\u00f3n de presidente - El Diario - Bolivia","isPartOf":{"@id":"https:\/\/www.eldiario.net\/portal\/#website"},"primaryImageOfPage":{"@id":"https:\/\/www.eldiario.net\/portal\/2021\/08\/26\/fiscalia-de-argentina-ultima-imputacion-de-presidente\/#primaryimage"},"image":{"@id":"https:\/\/www.eldiario.net\/portal\/2021\/08\/26\/fiscalia-de-argentina-ultima-imputacion-de-presidente\/#primaryimage"},"thumbnailUrl":"","datePublished":"2021-08-26T08:20:50+00:00","breadcrumb":{"@id":"https:\/\/www.eldiario.net\/portal\/2021\/08\/26\/fiscalia-de-argentina-ultima-imputacion-de-presidente\/#breadcrumb"},"inLanguage":"es","potentialAction":[{"@type":"ReadAction","target":["https:\/\/www.eldiario.net\/portal\/2021\/08\/26\/fiscalia-de-argentina-ultima-imputacion-de-presidente\/"]}]},{"@type":"ImageObject","inLanguage":"es","@id":"https:\/\/www.eldiario.net\/portal\/2021\/08\/26\/fiscalia-de-argentina-ultima-imputacion-de-presidente\/#primaryimage","url":"","contentUrl":""},{"@type":"BreadcrumbList","@id":"https:\/\/www.eldiario.net\/portal\/2021\/08\/26\/fiscalia-de-argentina-ultima-imputacion-de-presidente\/#breadcrumb","itemListElement":[{"@type":"ListItem","position":1,"name":"Portada","item":"https:\/\/www.eldiario.net\/portal\/"},{"@type":"ListItem","position":2,"name":"Fiscal\u00eda de Argentina ultima imputaci\u00f3n de presidente"}]},{"@type":"WebSite","@id":"https:\/\/www.eldiario.net\/portal\/#website","url":"https:\/\/www.eldiario.net\/portal\/","name":"El Diario - Decano de la prensa nacional","description":"El Diario - Decano de la prensa nacional","publisher":{"@id":"https:\/\/www.eldiario.net\/portal\/#organization"},"potentialAction":[{"@type":"SearchAction","target":{"@type":"EntryPoint","urlTemplate":"https:\/\/www.eldiario.net\/portal\/?s={search_term_string}"},"query-input":{"@type":"PropertyValueSpecification","valueRequired":true,"valueName":"search_term_string"}}],"inLanguage":"es"},{"@type":"Organization","@id":"https:\/\/www.eldiario.net\/portal\/#organization","name":"El Diario - Decano de la prensa nacional","url":"https:\/\/www.eldiario.net\/portal\/","logo":{"@type":"ImageObject","inLanguage":"es","@id":"https:\/\/www.eldiario.net\/portal\/#\/schema\/logo\/image\/","url":"https:\/\/www.eldiario.net\/portal\/wp-content\/uploads\/2023\/07\/logo_ED.jpg","contentUrl":"https:\/\/www.eldiario.net\/portal\/wp-content\/uploads\/2023\/07\/logo_ED.jpg","width":272,"height":52,"caption":"El Diario - Decano de la prensa nacional"},"image":{"@id":"https:\/\/www.eldiario.net\/portal\/#\/schema\/logo\/image\/"},"sameAs":["https:\/\/www.facebook.com\/eldiario.bolivia\/","https:\/\/x.com\/eldiario_net"]},{"@type":"Person","@id":"https:\/\/www.eldiario.net\/portal\/#\/schema\/person\/f46445640444750d7d753ccd04ae01b7","name":"Jeanette","image":{"@type":"ImageObject","inLanguage":"es","@id":"https:\/\/secure.gravatar.com\/avatar\/3ea2118a5f7dad2b7138b1187a6b7ee55f160b9968b66013c3a3ef39dd7e5798?s=96&d=mm&r=g","url":"https:\/\/secure.gravatar.com\/avatar\/3ea2118a5f7dad2b7138b1187a6b7ee55f160b9968b66013c3a3ef39dd7e5798?s=96&d=mm&r=g","contentUrl":"https:\/\/secure.gravatar.com\/avatar\/3ea2118a5f7dad2b7138b1187a6b7ee55f160b9968b66013c3a3ef39dd7e5798?s=96&d=mm&r=g","caption":"Jeanette"},"sameAs":["https:\/\/www.eldiario.net\/portal"],"url":"https:\/\/www.eldiario.net\/portal\/author\/jeanette\/"}]}},"_links":{"self":[{"href":"https:\/\/www.eldiario.net\/portal\/wp-json\/wp\/v2\/posts\/25768","targetHints":{"allow":["GET"]}}],"collection":[{"href":"https:\/\/www.eldiario.net\/portal\/wp-json\/wp\/v2\/posts"}],"about":[{"href":"https:\/\/www.eldiario.net\/portal\/wp-json\/wp\/v2\/types\/post"}],"author":[{"embeddable":true,"href":"https:\/\/www.eldiario.net\/portal\/wp-json\/wp\/v2\/users\/1"}],"replies":[{"embeddable":true,"href":"https:\/\/www.eldiario.net\/portal\/wp-json\/wp\/v2\/comments?post=25768"}],"version-history":[{"count":0,"href":"https:\/\/www.eldiario.net\/portal\/wp-json\/wp\/v2\/posts\/25768\/revisions"}],"wp:attachment":[{"href":"https:\/\/www.eldiario.net\/portal\/wp-json\/wp\/v2\/media?parent=25768"}],"wp:term":[{"taxonomy":"category","embeddable":true,"href":"https:\/\/www.eldiario.net\/portal\/wp-json\/wp\/v2\/categories?post=25768"},{"taxonomy":"post_tag","embeddable":true,"href":"https:\/\/www.eldiario.net\/portal\/wp-json\/wp\/v2\/tags?post=25768"}],"curies":[{"name":"wp","href":"https:\/\/api.w.org\/{rel}","templated":true}]}}