{"id":25765,"date":"2021-08-26T04:11:16","date_gmt":"2021-08-26T08:11:16","guid":{"rendered":"https:\/\/www.eldiario.net\/portal\/?p=25765"},"modified":"2021-08-26T04:11:16","modified_gmt":"2021-08-26T08:11:16","slug":"brasil-administrara-vacunas-de-refuerzo-contra-covid-19","status":"publish","type":"post","link":"https:\/\/www.eldiario.net\/portal\/2021\/08\/26\/brasil-administrara-vacunas-de-refuerzo-contra-covid-19\/","title":{"rendered":"Brasil administrar\u00e1 vacunas  de refuerzo contra Covid-19"},"content":{"rendered":"<p>Sao Paulo.- Brasil administrar\u00e1 inyecciones de refuerzo de vacunas contra el Covid-19 a personas con sistemas inmunes comprometidos ya los que tienen m\u00e1s de 70 a\u00f1os a partir de mediados de septiembre, dijo el Ministerio de Salud.<\/p>\n<p>Las vacunas usadas como refuerzo ser\u00e1n de AstraZeneca, Johnson &amp; Johnson o Pfizer, indicaron el ministerio en un comunicado.<\/p>\n<p>La informaci\u00f3n difiere de las declaraciones efectuadas el martes por el ministro de Salud, Marcelo Queiroga, quien afirm\u00f3 que las personas vulnerables y los mayores de 80 a\u00f1os recibir\u00edan una dosis adicional de Pfizer.<\/p>\n<p>La r\u00e1pida propagaci\u00f3n de la variante Delta y nuevas investigaciones que sugieren una disminuci\u00f3n de la efectividad de las vacunas a lo largo del tiempo ha llevado a muchos pa\u00edses a proponer una dosis adicional para reforzar la protecci\u00f3n.<\/p>\n<p>Adem\u00e1s, la vacuna Coronavac de Sinovac, que fue usada para mucha gente mayor en Brasil porque fue la que estuvo disponible antes en grandes cantidades, no forma parte de los planes enviados para las dosis de refuerzo.<\/p>\n<p>Las inoculaciones extra ser\u00e1n administradas a los que tengan sistemas inmunes vulnerables 28 d\u00edas despu\u00e9s de su segunda dosis.\u00a0Para los que tengan 70 a\u00f1os o m\u00e1s, el ministerio estipul\u00f3 un intervalo de seis meses antes de inyectar el refuerzo.<\/p>\n<p>Tambi\u00e9n a partir del mes pr\u00f3ximo, la brecha entre la primera y la segunda dosis de las vacunas de Pfizer y AstraZeneca bajar\u00e1 de 12 a ocho semanas para todos los vacunados en el pa\u00eds.<\/p>\n<p>Brasil ha tenido m\u00e1s de 20,6 millones de casos confirmados de Covid-19 y m\u00e1s de 575.000 muertes relacionadas con \u00e9l.<\/p>\n<p>Seg\u00fan datos del Ministerio de Salud, 123,9 millones de personas han recibido al menos una dosis de la vacuna contra el Covid-19 en Brasil, o alrededor del 59% de la poblaci\u00f3n.\u00a0Unos 55,7 millones han sido inmunizados por completo, cerca del 26,5% de la poblaci\u00f3n, seg\u00fan los datos oficiales. (Reuters)<\/p>\n","protected":false},"excerpt":{"rendered":"<p>Sao Paulo.- Brasil administrar\u00e1 inyecciones de refuerzo de vacunas contra el Covid-19 a personas con sistemas inmunes comprometidos ya los que tienen m\u00e1s de 70 a\u00f1os a partir de mediados de septiembre, dijo el Ministerio de Salud. Las vacunas usadas como refuerzo ser\u00e1n de AstraZeneca, Johnson &amp; Johnson o Pfizer, indicaron el ministerio en un [&hellip;]<\/p>\n","protected":false},"author":1,"featured_media":25766,"comment_status":"closed","ping_status":"closed","sticky":false,"template":"","format":"standard","meta":{"_acf_changed":false,"footnotes":""},"categories":[3],"tags":[],"class_list":["post-25765","post","type-post","status-publish","format-standard","has-post-thumbnail","category-internacional"],"acf":{"antetitulo":""},"yoast_head":"<!-- This site is optimized with the Yoast SEO plugin v28.4 - https:\/\/yoast.com\/product\/yoast-seo-wordpress\/ -->\n<title>Brasil administrar\u00e1 vacunas de refuerzo contra Covid-19 - El Diario - Bolivia<\/title>\n<meta name=\"robots\" content=\"index, follow, max-snippet:-1, max-image-preview:large, max-video-preview:-1\" \/>\n<link rel=\"canonical\" href=\"https:\/\/www.eldiario.net\/portal\/2021\/08\/26\/brasil-administrara-vacunas-de-refuerzo-contra-covid-19\/\" \/>\n<meta property=\"og:locale\" content=\"es_ES\" \/>\n<meta property=\"og:type\" content=\"article\" \/>\n<meta property=\"og:title\" content=\"Brasil administrar\u00e1 vacunas de refuerzo contra Covid-19 - El Diario - Bolivia\" \/>\n<meta property=\"og:description\" content=\"Sao Paulo.- Brasil administrar\u00e1 inyecciones de refuerzo de vacunas contra el Covid-19 a personas con sistemas inmunes comprometidos ya los que tienen m\u00e1s de 70 a\u00f1os a partir de mediados de septiembre, dijo el Ministerio de Salud. Las vacunas usadas como refuerzo ser\u00e1n de AstraZeneca, Johnson &amp; Johnson o Pfizer, indicaron el ministerio en un [&hellip;]\" \/>\n<meta property=\"og:url\" content=\"https:\/\/www.eldiario.net\/portal\/2021\/08\/26\/brasil-administrara-vacunas-de-refuerzo-contra-covid-19\/\" \/>\n<meta property=\"og:site_name\" content=\"El Diario - Bolivia\" \/>\n<meta property=\"article:publisher\" content=\"https:\/\/www.facebook.com\/eldiario.bolivia\/\" \/>\n<meta property=\"article:published_time\" content=\"2021-08-26T08:11:16+00:00\" \/>\n<meta name=\"author\" content=\"Jeanette\" \/>\n<meta name=\"twitter:card\" content=\"summary_large_image\" \/>\n<meta name=\"twitter:creator\" content=\"@eldiario_net\" \/>\n<meta name=\"twitter:site\" content=\"@eldiario_net\" \/>\n<meta name=\"twitter:label1\" content=\"Escrito por\" \/>\n\t<meta name=\"twitter:data1\" content=\"Jeanette\" \/>\n\t<meta name=\"twitter:label2\" content=\"Tiempo de lectura\" \/>\n\t<meta name=\"twitter:data2\" content=\"2 minutos\" \/>\n<script type=\"application\/ld+json\" class=\"yoast-schema-graph\">{\"@context\":\"https:\\\/\\\/schema.org\",\"@graph\":[{\"@type\":\"Article\",\"@id\":\"https:\\\/\\\/www.eldiario.net\\\/portal\\\/2021\\\/08\\\/26\\\/brasil-administrara-vacunas-de-refuerzo-contra-covid-19\\\/#article\",\"isPartOf\":{\"@id\":\"https:\\\/\\\/www.eldiario.net\\\/portal\\\/2021\\\/08\\\/26\\\/brasil-administrara-vacunas-de-refuerzo-contra-covid-19\\\/\"},\"author\":{\"name\":\"Jeanette\",\"@id\":\"https:\\\/\\\/www.eldiario.net\\\/portal\\\/#\\\/schema\\\/person\\\/f46445640444750d7d753ccd04ae01b7\"},\"headline\":\"Brasil administrar\u00e1 vacunas de refuerzo contra Covid-19\",\"datePublished\":\"2021-08-26T08:11:16+00:00\",\"mainEntityOfPage\":{\"@id\":\"https:\\\/\\\/www.eldiario.net\\\/portal\\\/2021\\\/08\\\/26\\\/brasil-administrara-vacunas-de-refuerzo-contra-covid-19\\\/\"},\"wordCount\":334,\"publisher\":{\"@id\":\"https:\\\/\\\/www.eldiario.net\\\/portal\\\/#organization\"},\"image\":{\"@id\":\"https:\\\/\\\/www.eldiario.net\\\/portal\\\/2021\\\/08\\\/26\\\/brasil-administrara-vacunas-de-refuerzo-contra-covid-19\\\/#primaryimage\"},\"thumbnailUrl\":\"\",\"articleSection\":[\"Internacional\"],\"inLanguage\":\"es\"},{\"@type\":\"WebPage\",\"@id\":\"https:\\\/\\\/www.eldiario.net\\\/portal\\\/2021\\\/08\\\/26\\\/brasil-administrara-vacunas-de-refuerzo-contra-covid-19\\\/\",\"url\":\"https:\\\/\\\/www.eldiario.net\\\/portal\\\/2021\\\/08\\\/26\\\/brasil-administrara-vacunas-de-refuerzo-contra-covid-19\\\/\",\"name\":\"Brasil administrar\u00e1 vacunas de refuerzo contra Covid-19 - El Diario - Bolivia\",\"isPartOf\":{\"@id\":\"https:\\\/\\\/www.eldiario.net\\\/portal\\\/#website\"},\"primaryImageOfPage\":{\"@id\":\"https:\\\/\\\/www.eldiario.net\\\/portal\\\/2021\\\/08\\\/26\\\/brasil-administrara-vacunas-de-refuerzo-contra-covid-19\\\/#primaryimage\"},\"image\":{\"@id\":\"https:\\\/\\\/www.eldiario.net\\\/portal\\\/2021\\\/08\\\/26\\\/brasil-administrara-vacunas-de-refuerzo-contra-covid-19\\\/#primaryimage\"},\"thumbnailUrl\":\"\",\"datePublished\":\"2021-08-26T08:11:16+00:00\",\"breadcrumb\":{\"@id\":\"https:\\\/\\\/www.eldiario.net\\\/portal\\\/2021\\\/08\\\/26\\\/brasil-administrara-vacunas-de-refuerzo-contra-covid-19\\\/#breadcrumb\"},\"inLanguage\":\"es\",\"potentialAction\":[{\"@type\":\"ReadAction\",\"target\":[\"https:\\\/\\\/www.eldiario.net\\\/portal\\\/2021\\\/08\\\/26\\\/brasil-administrara-vacunas-de-refuerzo-contra-covid-19\\\/\"]}]},{\"@type\":\"ImageObject\",\"inLanguage\":\"es\",\"@id\":\"https:\\\/\\\/www.eldiario.net\\\/portal\\\/2021\\\/08\\\/26\\\/brasil-administrara-vacunas-de-refuerzo-contra-covid-19\\\/#primaryimage\",\"url\":\"\",\"contentUrl\":\"\"},{\"@type\":\"BreadcrumbList\",\"@id\":\"https:\\\/\\\/www.eldiario.net\\\/portal\\\/2021\\\/08\\\/26\\\/brasil-administrara-vacunas-de-refuerzo-contra-covid-19\\\/#breadcrumb\",\"itemListElement\":[{\"@type\":\"ListItem\",\"position\":1,\"name\":\"Portada\",\"item\":\"https:\\\/\\\/www.eldiario.net\\\/portal\\\/\"},{\"@type\":\"ListItem\",\"position\":2,\"name\":\"Brasil administrar\u00e1 vacunas de refuerzo contra Covid-19\"}]},{\"@type\":\"WebSite\",\"@id\":\"https:\\\/\\\/www.eldiario.net\\\/portal\\\/#website\",\"url\":\"https:\\\/\\\/www.eldiario.net\\\/portal\\\/\",\"name\":\"El Diario - Decano de la prensa nacional\",\"description\":\"El Diario - Decano de la prensa nacional\",\"publisher\":{\"@id\":\"https:\\\/\\\/www.eldiario.net\\\/portal\\\/#organization\"},\"potentialAction\":[{\"@type\":\"SearchAction\",\"target\":{\"@type\":\"EntryPoint\",\"urlTemplate\":\"https:\\\/\\\/www.eldiario.net\\\/portal\\\/?s={search_term_string}\"},\"query-input\":{\"@type\":\"PropertyValueSpecification\",\"valueRequired\":true,\"valueName\":\"search_term_string\"}}],\"inLanguage\":\"es\"},{\"@type\":\"Organization\",\"@id\":\"https:\\\/\\\/www.eldiario.net\\\/portal\\\/#organization\",\"name\":\"El Diario - Decano de la prensa nacional\",\"url\":\"https:\\\/\\\/www.eldiario.net\\\/portal\\\/\",\"logo\":{\"@type\":\"ImageObject\",\"inLanguage\":\"es\",\"@id\":\"https:\\\/\\\/www.eldiario.net\\\/portal\\\/#\\\/schema\\\/logo\\\/image\\\/\",\"url\":\"https:\\\/\\\/www.eldiario.net\\\/portal\\\/wp-content\\\/uploads\\\/2023\\\/07\\\/logo_ED.jpg\",\"contentUrl\":\"https:\\\/\\\/www.eldiario.net\\\/portal\\\/wp-content\\\/uploads\\\/2023\\\/07\\\/logo_ED.jpg\",\"width\":272,\"height\":52,\"caption\":\"El Diario - Decano de la prensa nacional\"},\"image\":{\"@id\":\"https:\\\/\\\/www.eldiario.net\\\/portal\\\/#\\\/schema\\\/logo\\\/image\\\/\"},\"sameAs\":[\"https:\\\/\\\/www.facebook.com\\\/eldiario.bolivia\\\/\",\"https:\\\/\\\/x.com\\\/eldiario_net\"]},{\"@type\":\"Person\",\"@id\":\"https:\\\/\\\/www.eldiario.net\\\/portal\\\/#\\\/schema\\\/person\\\/f46445640444750d7d753ccd04ae01b7\",\"name\":\"Jeanette\",\"image\":{\"@type\":\"ImageObject\",\"inLanguage\":\"es\",\"@id\":\"https:\\\/\\\/secure.gravatar.com\\\/avatar\\\/3ea2118a5f7dad2b7138b1187a6b7ee55f160b9968b66013c3a3ef39dd7e5798?s=96&d=mm&r=g\",\"url\":\"https:\\\/\\\/secure.gravatar.com\\\/avatar\\\/3ea2118a5f7dad2b7138b1187a6b7ee55f160b9968b66013c3a3ef39dd7e5798?s=96&d=mm&r=g\",\"contentUrl\":\"https:\\\/\\\/secure.gravatar.com\\\/avatar\\\/3ea2118a5f7dad2b7138b1187a6b7ee55f160b9968b66013c3a3ef39dd7e5798?s=96&d=mm&r=g\",\"caption\":\"Jeanette\"},\"sameAs\":[\"https:\\\/\\\/www.eldiario.net\\\/portal\"],\"url\":\"https:\\\/\\\/www.eldiario.net\\\/portal\\\/author\\\/jeanette\\\/\"}]}<\/script>\n<!-- \/ Yoast SEO plugin. -->","yoast_head_json":{"title":"Brasil administrar\u00e1 vacunas de refuerzo contra Covid-19 - El Diario - Bolivia","robots":{"index":"index","follow":"follow","max-snippet":"max-snippet:-1","max-image-preview":"max-image-preview:large","max-video-preview":"max-video-preview:-1"},"canonical":"https:\/\/www.eldiario.net\/portal\/2021\/08\/26\/brasil-administrara-vacunas-de-refuerzo-contra-covid-19\/","og_locale":"es_ES","og_type":"article","og_title":"Brasil administrar\u00e1 vacunas de refuerzo contra Covid-19 - El Diario - Bolivia","og_description":"Sao Paulo.- Brasil administrar\u00e1 inyecciones de refuerzo de vacunas contra el Covid-19 a personas con sistemas inmunes comprometidos ya los que tienen m\u00e1s de 70 a\u00f1os a partir de mediados de septiembre, dijo el Ministerio de Salud. Las vacunas usadas como refuerzo ser\u00e1n de AstraZeneca, Johnson &amp; Johnson o Pfizer, indicaron el ministerio en un [&hellip;]","og_url":"https:\/\/www.eldiario.net\/portal\/2021\/08\/26\/brasil-administrara-vacunas-de-refuerzo-contra-covid-19\/","og_site_name":"El Diario - Bolivia","article_publisher":"https:\/\/www.facebook.com\/eldiario.bolivia\/","article_published_time":"2021-08-26T08:11:16+00:00","author":"Jeanette","twitter_card":"summary_large_image","twitter_creator":"@eldiario_net","twitter_site":"@eldiario_net","twitter_misc":{"Escrito por":"Jeanette","Tiempo de lectura":"2 minutos"},"schema":{"@context":"https:\/\/schema.org","@graph":[{"@type":"Article","@id":"https:\/\/www.eldiario.net\/portal\/2021\/08\/26\/brasil-administrara-vacunas-de-refuerzo-contra-covid-19\/#article","isPartOf":{"@id":"https:\/\/www.eldiario.net\/portal\/2021\/08\/26\/brasil-administrara-vacunas-de-refuerzo-contra-covid-19\/"},"author":{"name":"Jeanette","@id":"https:\/\/www.eldiario.net\/portal\/#\/schema\/person\/f46445640444750d7d753ccd04ae01b7"},"headline":"Brasil administrar\u00e1 vacunas de refuerzo contra Covid-19","datePublished":"2021-08-26T08:11:16+00:00","mainEntityOfPage":{"@id":"https:\/\/www.eldiario.net\/portal\/2021\/08\/26\/brasil-administrara-vacunas-de-refuerzo-contra-covid-19\/"},"wordCount":334,"publisher":{"@id":"https:\/\/www.eldiario.net\/portal\/#organization"},"image":{"@id":"https:\/\/www.eldiario.net\/portal\/2021\/08\/26\/brasil-administrara-vacunas-de-refuerzo-contra-covid-19\/#primaryimage"},"thumbnailUrl":"","articleSection":["Internacional"],"inLanguage":"es"},{"@type":"WebPage","@id":"https:\/\/www.eldiario.net\/portal\/2021\/08\/26\/brasil-administrara-vacunas-de-refuerzo-contra-covid-19\/","url":"https:\/\/www.eldiario.net\/portal\/2021\/08\/26\/brasil-administrara-vacunas-de-refuerzo-contra-covid-19\/","name":"Brasil administrar\u00e1 vacunas de refuerzo contra Covid-19 - El Diario - Bolivia","isPartOf":{"@id":"https:\/\/www.eldiario.net\/portal\/#website"},"primaryImageOfPage":{"@id":"https:\/\/www.eldiario.net\/portal\/2021\/08\/26\/brasil-administrara-vacunas-de-refuerzo-contra-covid-19\/#primaryimage"},"image":{"@id":"https:\/\/www.eldiario.net\/portal\/2021\/08\/26\/brasil-administrara-vacunas-de-refuerzo-contra-covid-19\/#primaryimage"},"thumbnailUrl":"","datePublished":"2021-08-26T08:11:16+00:00","breadcrumb":{"@id":"https:\/\/www.eldiario.net\/portal\/2021\/08\/26\/brasil-administrara-vacunas-de-refuerzo-contra-covid-19\/#breadcrumb"},"inLanguage":"es","potentialAction":[{"@type":"ReadAction","target":["https:\/\/www.eldiario.net\/portal\/2021\/08\/26\/brasil-administrara-vacunas-de-refuerzo-contra-covid-19\/"]}]},{"@type":"ImageObject","inLanguage":"es","@id":"https:\/\/www.eldiario.net\/portal\/2021\/08\/26\/brasil-administrara-vacunas-de-refuerzo-contra-covid-19\/#primaryimage","url":"","contentUrl":""},{"@type":"BreadcrumbList","@id":"https:\/\/www.eldiario.net\/portal\/2021\/08\/26\/brasil-administrara-vacunas-de-refuerzo-contra-covid-19\/#breadcrumb","itemListElement":[{"@type":"ListItem","position":1,"name":"Portada","item":"https:\/\/www.eldiario.net\/portal\/"},{"@type":"ListItem","position":2,"name":"Brasil administrar\u00e1 vacunas de refuerzo contra Covid-19"}]},{"@type":"WebSite","@id":"https:\/\/www.eldiario.net\/portal\/#website","url":"https:\/\/www.eldiario.net\/portal\/","name":"El Diario - Decano de la prensa nacional","description":"El Diario - Decano de la prensa nacional","publisher":{"@id":"https:\/\/www.eldiario.net\/portal\/#organization"},"potentialAction":[{"@type":"SearchAction","target":{"@type":"EntryPoint","urlTemplate":"https:\/\/www.eldiario.net\/portal\/?s={search_term_string}"},"query-input":{"@type":"PropertyValueSpecification","valueRequired":true,"valueName":"search_term_string"}}],"inLanguage":"es"},{"@type":"Organization","@id":"https:\/\/www.eldiario.net\/portal\/#organization","name":"El Diario - Decano de la prensa nacional","url":"https:\/\/www.eldiario.net\/portal\/","logo":{"@type":"ImageObject","inLanguage":"es","@id":"https:\/\/www.eldiario.net\/portal\/#\/schema\/logo\/image\/","url":"https:\/\/www.eldiario.net\/portal\/wp-content\/uploads\/2023\/07\/logo_ED.jpg","contentUrl":"https:\/\/www.eldiario.net\/portal\/wp-content\/uploads\/2023\/07\/logo_ED.jpg","width":272,"height":52,"caption":"El Diario - Decano de la prensa nacional"},"image":{"@id":"https:\/\/www.eldiario.net\/portal\/#\/schema\/logo\/image\/"},"sameAs":["https:\/\/www.facebook.com\/eldiario.bolivia\/","https:\/\/x.com\/eldiario_net"]},{"@type":"Person","@id":"https:\/\/www.eldiario.net\/portal\/#\/schema\/person\/f46445640444750d7d753ccd04ae01b7","name":"Jeanette","image":{"@type":"ImageObject","inLanguage":"es","@id":"https:\/\/secure.gravatar.com\/avatar\/3ea2118a5f7dad2b7138b1187a6b7ee55f160b9968b66013c3a3ef39dd7e5798?s=96&d=mm&r=g","url":"https:\/\/secure.gravatar.com\/avatar\/3ea2118a5f7dad2b7138b1187a6b7ee55f160b9968b66013c3a3ef39dd7e5798?s=96&d=mm&r=g","contentUrl":"https:\/\/secure.gravatar.com\/avatar\/3ea2118a5f7dad2b7138b1187a6b7ee55f160b9968b66013c3a3ef39dd7e5798?s=96&d=mm&r=g","caption":"Jeanette"},"sameAs":["https:\/\/www.eldiario.net\/portal"],"url":"https:\/\/www.eldiario.net\/portal\/author\/jeanette\/"}]}},"_links":{"self":[{"href":"https:\/\/www.eldiario.net\/portal\/wp-json\/wp\/v2\/posts\/25765","targetHints":{"allow":["GET"]}}],"collection":[{"href":"https:\/\/www.eldiario.net\/portal\/wp-json\/wp\/v2\/posts"}],"about":[{"href":"https:\/\/www.eldiario.net\/portal\/wp-json\/wp\/v2\/types\/post"}],"author":[{"embeddable":true,"href":"https:\/\/www.eldiario.net\/portal\/wp-json\/wp\/v2\/users\/1"}],"replies":[{"embeddable":true,"href":"https:\/\/www.eldiario.net\/portal\/wp-json\/wp\/v2\/comments?post=25765"}],"version-history":[{"count":0,"href":"https:\/\/www.eldiario.net\/portal\/wp-json\/wp\/v2\/posts\/25765\/revisions"}],"wp:attachment":[{"href":"https:\/\/www.eldiario.net\/portal\/wp-json\/wp\/v2\/media?parent=25765"}],"wp:term":[{"taxonomy":"category","embeddable":true,"href":"https:\/\/www.eldiario.net\/portal\/wp-json\/wp\/v2\/categories?post=25765"},{"taxonomy":"post_tag","embeddable":true,"href":"https:\/\/www.eldiario.net\/portal\/wp-json\/wp\/v2\/tags?post=25765"}],"curies":[{"name":"wp","href":"https:\/\/api.w.org\/{rel}","templated":true}]}}