{"id":25762,"date":"2021-08-26T04:08:58","date_gmt":"2021-08-26T08:08:58","guid":{"rendered":"https:\/\/www.eldiario.net\/portal\/?p=25762"},"modified":"2021-08-26T04:08:58","modified_gmt":"2021-08-26T08:08:58","slug":"14-palestinos-heridos-durante-nuevas-protestas-contra-israel","status":"publish","type":"post","link":"https:\/\/www.eldiario.net\/portal\/2021\/08\/26\/14-palestinos-heridos-durante-nuevas-protestas-contra-israel\/","title":{"rendered":"14 palestinos heridos durante  nuevas protestas contra Israel"},"content":{"rendered":"<p>El movimiento islamista palestino Ham\u00e1s inform\u00f3 que 14 palestinos han resultado heridos durante nuevos enfrentamientos ocurridos durante las \u00faltimas horas contra el Ej\u00e9rcito israel\u00ed en la valla de separaci\u00f3n de la Franja de Gaza.<\/p>\n<p>El Ministerio de Salud de Ham\u00e1s precis\u00f3 que al menos cinco de los palestinos heridos han recibido disparos del ej\u00e9rcito israel\u00ed, otras dos personas resultaron heridas por balas de goma y siete sufrieron los efectos de los gases lacrim\u00f3genos, recogi\u00f3 \u201cThe Times of Israel\u201d.<\/p>\n<p>En las \u00faltimas horas tambi\u00e9n se ha conocido el fallecimiento de un palestino que result\u00f3 herido el s\u00e1bado por disparos israel\u00edes durante una protesta en la frontera de la Franja.<\/p>\n<p>M\u00e1s de 40 personas resultaron heridas en dichas movilizaciones, convocadas con motivo del aniversario del incendio en la mezquita de Al Aqsa y para denunciar el bloqueo que Israel impone sobre la Franja desde 2007, cuando Ham\u00e1s se hizo con el control del territorio costero.<\/p>\n<p>Uno de los heridos, identificado como Usama Jaled Daig, termin\u00f3 falleciendo como consecuencia de los da\u00f1os sufridos. Presentaba una herida de bala, seg\u00fan las fuentes consultadas por la agencia de noticias palestina WAFA.<\/p>\n<p>Tras los disturbios, en los que tambi\u00e9n sufri\u00f3 heridas graves un guardia fronterizo israel\u00edes, las Fuerzas de Defensa de Israel atacaron el pasado s\u00e1bado por la noche varios objetivos de Ham\u00e1s en Gaza. (Europa Press)<\/p>\n<p>&nbsp;<\/p>\n","protected":false},"excerpt":{"rendered":"<p>El movimiento islamista palestino Ham\u00e1s inform\u00f3 que 14 palestinos han resultado heridos durante nuevos enfrentamientos ocurridos durante las \u00faltimas horas contra el Ej\u00e9rcito israel\u00ed en la valla de separaci\u00f3n de la Franja de Gaza. El Ministerio de Salud de Ham\u00e1s precis\u00f3 que al menos cinco de los palestinos heridos han recibido disparos del ej\u00e9rcito israel\u00ed, [&hellip;]<\/p>\n","protected":false},"author":1,"featured_media":25763,"comment_status":"closed","ping_status":"closed","sticky":false,"template":"","format":"standard","meta":{"_acf_changed":false,"footnotes":""},"categories":[3],"tags":[],"class_list":["post-25762","post","type-post","status-publish","format-standard","has-post-thumbnail","category-internacional"],"acf":{"antetitulo":""},"yoast_head":"<!-- This site is optimized with the Yoast SEO plugin v28.4 - https:\/\/yoast.com\/product\/yoast-seo-wordpress\/ -->\n<title>14 palestinos heridos durante nuevas protestas contra Israel - El Diario - Bolivia<\/title>\n<meta name=\"robots\" content=\"index, follow, max-snippet:-1, max-image-preview:large, max-video-preview:-1\" \/>\n<link rel=\"canonical\" href=\"https:\/\/www.eldiario.net\/portal\/2021\/08\/26\/14-palestinos-heridos-durante-nuevas-protestas-contra-israel\/\" \/>\n<meta property=\"og:locale\" content=\"es_ES\" \/>\n<meta property=\"og:type\" content=\"article\" \/>\n<meta property=\"og:title\" content=\"14 palestinos heridos durante nuevas protestas contra Israel - El Diario - Bolivia\" \/>\n<meta property=\"og:description\" content=\"El movimiento islamista palestino Ham\u00e1s inform\u00f3 que 14 palestinos han resultado heridos durante nuevos enfrentamientos ocurridos durante las \u00faltimas horas contra el Ej\u00e9rcito israel\u00ed en la valla de separaci\u00f3n de la Franja de Gaza. El Ministerio de Salud de Ham\u00e1s precis\u00f3 que al menos cinco de los palestinos heridos han recibido disparos del ej\u00e9rcito israel\u00ed, [&hellip;]\" \/>\n<meta property=\"og:url\" content=\"https:\/\/www.eldiario.net\/portal\/2021\/08\/26\/14-palestinos-heridos-durante-nuevas-protestas-contra-israel\/\" \/>\n<meta property=\"og:site_name\" content=\"El Diario - Bolivia\" \/>\n<meta property=\"article:publisher\" content=\"https:\/\/www.facebook.com\/eldiario.bolivia\/\" \/>\n<meta property=\"article:published_time\" content=\"2021-08-26T08:08:58+00:00\" \/>\n<meta name=\"author\" content=\"Jeanette\" \/>\n<meta name=\"twitter:card\" content=\"summary_large_image\" \/>\n<meta name=\"twitter:creator\" content=\"@eldiario_net\" \/>\n<meta name=\"twitter:site\" content=\"@eldiario_net\" \/>\n<meta name=\"twitter:label1\" content=\"Escrito por\" \/>\n\t<meta name=\"twitter:data1\" content=\"Jeanette\" \/>\n\t<meta name=\"twitter:label2\" content=\"Tiempo de lectura\" \/>\n\t<meta name=\"twitter:data2\" content=\"1 minuto\" \/>\n<script type=\"application\/ld+json\" class=\"yoast-schema-graph\">{\"@context\":\"https:\\\/\\\/schema.org\",\"@graph\":[{\"@type\":\"Article\",\"@id\":\"https:\\\/\\\/www.eldiario.net\\\/portal\\\/2021\\\/08\\\/26\\\/14-palestinos-heridos-durante-nuevas-protestas-contra-israel\\\/#article\",\"isPartOf\":{\"@id\":\"https:\\\/\\\/www.eldiario.net\\\/portal\\\/2021\\\/08\\\/26\\\/14-palestinos-heridos-durante-nuevas-protestas-contra-israel\\\/\"},\"author\":{\"name\":\"Jeanette\",\"@id\":\"https:\\\/\\\/www.eldiario.net\\\/portal\\\/#\\\/schema\\\/person\\\/f46445640444750d7d753ccd04ae01b7\"},\"headline\":\"14 palestinos heridos durante nuevas protestas contra Israel\",\"datePublished\":\"2021-08-26T08:08:58+00:00\",\"mainEntityOfPage\":{\"@id\":\"https:\\\/\\\/www.eldiario.net\\\/portal\\\/2021\\\/08\\\/26\\\/14-palestinos-heridos-durante-nuevas-protestas-contra-israel\\\/\"},\"wordCount\":243,\"publisher\":{\"@id\":\"https:\\\/\\\/www.eldiario.net\\\/portal\\\/#organization\"},\"image\":{\"@id\":\"https:\\\/\\\/www.eldiario.net\\\/portal\\\/2021\\\/08\\\/26\\\/14-palestinos-heridos-durante-nuevas-protestas-contra-israel\\\/#primaryimage\"},\"thumbnailUrl\":\"\",\"articleSection\":[\"Internacional\"],\"inLanguage\":\"es\"},{\"@type\":\"WebPage\",\"@id\":\"https:\\\/\\\/www.eldiario.net\\\/portal\\\/2021\\\/08\\\/26\\\/14-palestinos-heridos-durante-nuevas-protestas-contra-israel\\\/\",\"url\":\"https:\\\/\\\/www.eldiario.net\\\/portal\\\/2021\\\/08\\\/26\\\/14-palestinos-heridos-durante-nuevas-protestas-contra-israel\\\/\",\"name\":\"14 palestinos heridos durante nuevas protestas contra Israel - El Diario - Bolivia\",\"isPartOf\":{\"@id\":\"https:\\\/\\\/www.eldiario.net\\\/portal\\\/#website\"},\"primaryImageOfPage\":{\"@id\":\"https:\\\/\\\/www.eldiario.net\\\/portal\\\/2021\\\/08\\\/26\\\/14-palestinos-heridos-durante-nuevas-protestas-contra-israel\\\/#primaryimage\"},\"image\":{\"@id\":\"https:\\\/\\\/www.eldiario.net\\\/portal\\\/2021\\\/08\\\/26\\\/14-palestinos-heridos-durante-nuevas-protestas-contra-israel\\\/#primaryimage\"},\"thumbnailUrl\":\"\",\"datePublished\":\"2021-08-26T08:08:58+00:00\",\"breadcrumb\":{\"@id\":\"https:\\\/\\\/www.eldiario.net\\\/portal\\\/2021\\\/08\\\/26\\\/14-palestinos-heridos-durante-nuevas-protestas-contra-israel\\\/#breadcrumb\"},\"inLanguage\":\"es\",\"potentialAction\":[{\"@type\":\"ReadAction\",\"target\":[\"https:\\\/\\\/www.eldiario.net\\\/portal\\\/2021\\\/08\\\/26\\\/14-palestinos-heridos-durante-nuevas-protestas-contra-israel\\\/\"]}]},{\"@type\":\"ImageObject\",\"inLanguage\":\"es\",\"@id\":\"https:\\\/\\\/www.eldiario.net\\\/portal\\\/2021\\\/08\\\/26\\\/14-palestinos-heridos-durante-nuevas-protestas-contra-israel\\\/#primaryimage\",\"url\":\"\",\"contentUrl\":\"\"},{\"@type\":\"BreadcrumbList\",\"@id\":\"https:\\\/\\\/www.eldiario.net\\\/portal\\\/2021\\\/08\\\/26\\\/14-palestinos-heridos-durante-nuevas-protestas-contra-israel\\\/#breadcrumb\",\"itemListElement\":[{\"@type\":\"ListItem\",\"position\":1,\"name\":\"Portada\",\"item\":\"https:\\\/\\\/www.eldiario.net\\\/portal\\\/\"},{\"@type\":\"ListItem\",\"position\":2,\"name\":\"14 palestinos heridos durante nuevas protestas contra Israel\"}]},{\"@type\":\"WebSite\",\"@id\":\"https:\\\/\\\/www.eldiario.net\\\/portal\\\/#website\",\"url\":\"https:\\\/\\\/www.eldiario.net\\\/portal\\\/\",\"name\":\"El Diario - Decano de la prensa nacional\",\"description\":\"El Diario - Decano de la prensa nacional\",\"publisher\":{\"@id\":\"https:\\\/\\\/www.eldiario.net\\\/portal\\\/#organization\"},\"potentialAction\":[{\"@type\":\"SearchAction\",\"target\":{\"@type\":\"EntryPoint\",\"urlTemplate\":\"https:\\\/\\\/www.eldiario.net\\\/portal\\\/?s={search_term_string}\"},\"query-input\":{\"@type\":\"PropertyValueSpecification\",\"valueRequired\":true,\"valueName\":\"search_term_string\"}}],\"inLanguage\":\"es\"},{\"@type\":\"Organization\",\"@id\":\"https:\\\/\\\/www.eldiario.net\\\/portal\\\/#organization\",\"name\":\"El Diario - Decano de la prensa nacional\",\"url\":\"https:\\\/\\\/www.eldiario.net\\\/portal\\\/\",\"logo\":{\"@type\":\"ImageObject\",\"inLanguage\":\"es\",\"@id\":\"https:\\\/\\\/www.eldiario.net\\\/portal\\\/#\\\/schema\\\/logo\\\/image\\\/\",\"url\":\"https:\\\/\\\/www.eldiario.net\\\/portal\\\/wp-content\\\/uploads\\\/2023\\\/07\\\/logo_ED.jpg\",\"contentUrl\":\"https:\\\/\\\/www.eldiario.net\\\/portal\\\/wp-content\\\/uploads\\\/2023\\\/07\\\/logo_ED.jpg\",\"width\":272,\"height\":52,\"caption\":\"El Diario - Decano de la prensa nacional\"},\"image\":{\"@id\":\"https:\\\/\\\/www.eldiario.net\\\/portal\\\/#\\\/schema\\\/logo\\\/image\\\/\"},\"sameAs\":[\"https:\\\/\\\/www.facebook.com\\\/eldiario.bolivia\\\/\",\"https:\\\/\\\/x.com\\\/eldiario_net\"]},{\"@type\":\"Person\",\"@id\":\"https:\\\/\\\/www.eldiario.net\\\/portal\\\/#\\\/schema\\\/person\\\/f46445640444750d7d753ccd04ae01b7\",\"name\":\"Jeanette\",\"image\":{\"@type\":\"ImageObject\",\"inLanguage\":\"es\",\"@id\":\"https:\\\/\\\/secure.gravatar.com\\\/avatar\\\/3ea2118a5f7dad2b7138b1187a6b7ee55f160b9968b66013c3a3ef39dd7e5798?s=96&d=mm&r=g\",\"url\":\"https:\\\/\\\/secure.gravatar.com\\\/avatar\\\/3ea2118a5f7dad2b7138b1187a6b7ee55f160b9968b66013c3a3ef39dd7e5798?s=96&d=mm&r=g\",\"contentUrl\":\"https:\\\/\\\/secure.gravatar.com\\\/avatar\\\/3ea2118a5f7dad2b7138b1187a6b7ee55f160b9968b66013c3a3ef39dd7e5798?s=96&d=mm&r=g\",\"caption\":\"Jeanette\"},\"sameAs\":[\"https:\\\/\\\/www.eldiario.net\\\/portal\"],\"url\":\"https:\\\/\\\/www.eldiario.net\\\/portal\\\/author\\\/jeanette\\\/\"}]}<\/script>\n<!-- \/ Yoast SEO plugin. -->","yoast_head_json":{"title":"14 palestinos heridos durante nuevas protestas contra Israel - El Diario - Bolivia","robots":{"index":"index","follow":"follow","max-snippet":"max-snippet:-1","max-image-preview":"max-image-preview:large","max-video-preview":"max-video-preview:-1"},"canonical":"https:\/\/www.eldiario.net\/portal\/2021\/08\/26\/14-palestinos-heridos-durante-nuevas-protestas-contra-israel\/","og_locale":"es_ES","og_type":"article","og_title":"14 palestinos heridos durante nuevas protestas contra Israel - El Diario - Bolivia","og_description":"El movimiento islamista palestino Ham\u00e1s inform\u00f3 que 14 palestinos han resultado heridos durante nuevos enfrentamientos ocurridos durante las \u00faltimas horas contra el Ej\u00e9rcito israel\u00ed en la valla de separaci\u00f3n de la Franja de Gaza. El Ministerio de Salud de Ham\u00e1s precis\u00f3 que al menos cinco de los palestinos heridos han recibido disparos del ej\u00e9rcito israel\u00ed, [&hellip;]","og_url":"https:\/\/www.eldiario.net\/portal\/2021\/08\/26\/14-palestinos-heridos-durante-nuevas-protestas-contra-israel\/","og_site_name":"El Diario - Bolivia","article_publisher":"https:\/\/www.facebook.com\/eldiario.bolivia\/","article_published_time":"2021-08-26T08:08:58+00:00","author":"Jeanette","twitter_card":"summary_large_image","twitter_creator":"@eldiario_net","twitter_site":"@eldiario_net","twitter_misc":{"Escrito por":"Jeanette","Tiempo de lectura":"1 minuto"},"schema":{"@context":"https:\/\/schema.org","@graph":[{"@type":"Article","@id":"https:\/\/www.eldiario.net\/portal\/2021\/08\/26\/14-palestinos-heridos-durante-nuevas-protestas-contra-israel\/#article","isPartOf":{"@id":"https:\/\/www.eldiario.net\/portal\/2021\/08\/26\/14-palestinos-heridos-durante-nuevas-protestas-contra-israel\/"},"author":{"name":"Jeanette","@id":"https:\/\/www.eldiario.net\/portal\/#\/schema\/person\/f46445640444750d7d753ccd04ae01b7"},"headline":"14 palestinos heridos durante nuevas protestas contra Israel","datePublished":"2021-08-26T08:08:58+00:00","mainEntityOfPage":{"@id":"https:\/\/www.eldiario.net\/portal\/2021\/08\/26\/14-palestinos-heridos-durante-nuevas-protestas-contra-israel\/"},"wordCount":243,"publisher":{"@id":"https:\/\/www.eldiario.net\/portal\/#organization"},"image":{"@id":"https:\/\/www.eldiario.net\/portal\/2021\/08\/26\/14-palestinos-heridos-durante-nuevas-protestas-contra-israel\/#primaryimage"},"thumbnailUrl":"","articleSection":["Internacional"],"inLanguage":"es"},{"@type":"WebPage","@id":"https:\/\/www.eldiario.net\/portal\/2021\/08\/26\/14-palestinos-heridos-durante-nuevas-protestas-contra-israel\/","url":"https:\/\/www.eldiario.net\/portal\/2021\/08\/26\/14-palestinos-heridos-durante-nuevas-protestas-contra-israel\/","name":"14 palestinos heridos durante nuevas protestas contra Israel - El Diario - Bolivia","isPartOf":{"@id":"https:\/\/www.eldiario.net\/portal\/#website"},"primaryImageOfPage":{"@id":"https:\/\/www.eldiario.net\/portal\/2021\/08\/26\/14-palestinos-heridos-durante-nuevas-protestas-contra-israel\/#primaryimage"},"image":{"@id":"https:\/\/www.eldiario.net\/portal\/2021\/08\/26\/14-palestinos-heridos-durante-nuevas-protestas-contra-israel\/#primaryimage"},"thumbnailUrl":"","datePublished":"2021-08-26T08:08:58+00:00","breadcrumb":{"@id":"https:\/\/www.eldiario.net\/portal\/2021\/08\/26\/14-palestinos-heridos-durante-nuevas-protestas-contra-israel\/#breadcrumb"},"inLanguage":"es","potentialAction":[{"@type":"ReadAction","target":["https:\/\/www.eldiario.net\/portal\/2021\/08\/26\/14-palestinos-heridos-durante-nuevas-protestas-contra-israel\/"]}]},{"@type":"ImageObject","inLanguage":"es","@id":"https:\/\/www.eldiario.net\/portal\/2021\/08\/26\/14-palestinos-heridos-durante-nuevas-protestas-contra-israel\/#primaryimage","url":"","contentUrl":""},{"@type":"BreadcrumbList","@id":"https:\/\/www.eldiario.net\/portal\/2021\/08\/26\/14-palestinos-heridos-durante-nuevas-protestas-contra-israel\/#breadcrumb","itemListElement":[{"@type":"ListItem","position":1,"name":"Portada","item":"https:\/\/www.eldiario.net\/portal\/"},{"@type":"ListItem","position":2,"name":"14 palestinos heridos durante nuevas protestas contra Israel"}]},{"@type":"WebSite","@id":"https:\/\/www.eldiario.net\/portal\/#website","url":"https:\/\/www.eldiario.net\/portal\/","name":"El Diario - Decano de la prensa nacional","description":"El Diario - Decano de la prensa nacional","publisher":{"@id":"https:\/\/www.eldiario.net\/portal\/#organization"},"potentialAction":[{"@type":"SearchAction","target":{"@type":"EntryPoint","urlTemplate":"https:\/\/www.eldiario.net\/portal\/?s={search_term_string}"},"query-input":{"@type":"PropertyValueSpecification","valueRequired":true,"valueName":"search_term_string"}}],"inLanguage":"es"},{"@type":"Organization","@id":"https:\/\/www.eldiario.net\/portal\/#organization","name":"El Diario - Decano de la prensa nacional","url":"https:\/\/www.eldiario.net\/portal\/","logo":{"@type":"ImageObject","inLanguage":"es","@id":"https:\/\/www.eldiario.net\/portal\/#\/schema\/logo\/image\/","url":"https:\/\/www.eldiario.net\/portal\/wp-content\/uploads\/2023\/07\/logo_ED.jpg","contentUrl":"https:\/\/www.eldiario.net\/portal\/wp-content\/uploads\/2023\/07\/logo_ED.jpg","width":272,"height":52,"caption":"El Diario - Decano de la prensa nacional"},"image":{"@id":"https:\/\/www.eldiario.net\/portal\/#\/schema\/logo\/image\/"},"sameAs":["https:\/\/www.facebook.com\/eldiario.bolivia\/","https:\/\/x.com\/eldiario_net"]},{"@type":"Person","@id":"https:\/\/www.eldiario.net\/portal\/#\/schema\/person\/f46445640444750d7d753ccd04ae01b7","name":"Jeanette","image":{"@type":"ImageObject","inLanguage":"es","@id":"https:\/\/secure.gravatar.com\/avatar\/3ea2118a5f7dad2b7138b1187a6b7ee55f160b9968b66013c3a3ef39dd7e5798?s=96&d=mm&r=g","url":"https:\/\/secure.gravatar.com\/avatar\/3ea2118a5f7dad2b7138b1187a6b7ee55f160b9968b66013c3a3ef39dd7e5798?s=96&d=mm&r=g","contentUrl":"https:\/\/secure.gravatar.com\/avatar\/3ea2118a5f7dad2b7138b1187a6b7ee55f160b9968b66013c3a3ef39dd7e5798?s=96&d=mm&r=g","caption":"Jeanette"},"sameAs":["https:\/\/www.eldiario.net\/portal"],"url":"https:\/\/www.eldiario.net\/portal\/author\/jeanette\/"}]}},"_links":{"self":[{"href":"https:\/\/www.eldiario.net\/portal\/wp-json\/wp\/v2\/posts\/25762","targetHints":{"allow":["GET"]}}],"collection":[{"href":"https:\/\/www.eldiario.net\/portal\/wp-json\/wp\/v2\/posts"}],"about":[{"href":"https:\/\/www.eldiario.net\/portal\/wp-json\/wp\/v2\/types\/post"}],"author":[{"embeddable":true,"href":"https:\/\/www.eldiario.net\/portal\/wp-json\/wp\/v2\/users\/1"}],"replies":[{"embeddable":true,"href":"https:\/\/www.eldiario.net\/portal\/wp-json\/wp\/v2\/comments?post=25762"}],"version-history":[{"count":0,"href":"https:\/\/www.eldiario.net\/portal\/wp-json\/wp\/v2\/posts\/25762\/revisions"}],"wp:attachment":[{"href":"https:\/\/www.eldiario.net\/portal\/wp-json\/wp\/v2\/media?parent=25762"}],"wp:term":[{"taxonomy":"category","embeddable":true,"href":"https:\/\/www.eldiario.net\/portal\/wp-json\/wp\/v2\/categories?post=25762"},{"taxonomy":"post_tag","embeddable":true,"href":"https:\/\/www.eldiario.net\/portal\/wp-json\/wp\/v2\/tags?post=25762"}],"curies":[{"name":"wp","href":"https:\/\/api.w.org\/{rel}","templated":true}]}}