{"id":25753,"date":"2021-08-26T04:03:59","date_gmt":"2021-08-26T08:03:59","guid":{"rendered":"https:\/\/www.eldiario.net\/portal\/?p=25753"},"modified":"2021-08-26T04:03:59","modified_gmt":"2021-08-26T08:03:59","slug":"nueva-protesta-de-trabajadores-que-solicitan-pago-de-salarios","status":"publish","type":"post","link":"https:\/\/www.eldiario.net\/portal\/2021\/08\/26\/nueva-protesta-de-trabajadores-que-solicitan-pago-de-salarios\/","title":{"rendered":"Nueva protesta de trabajadores que solicitan pago de salarios"},"content":{"rendered":"<p>En el tercer d\u00eda de reclamos en puertas del Palacio Consistorial de La Paz, las mujeres trabajadoras de la Unidad de Servicios Higi\u00e9nicos piden la aprobaci\u00f3n del POA reformulado que posibilitar\u00e1 el pago de sus salarios.<\/p>\n<p>Las manifestantes denunciaron que no tienen pago hace dos meses, lo cual perjudica a sus familias, puesto que muchas son madres solteras y requieren de los ingresos.<\/p>\n<p>En las manifestaciones iniciales, las trabajadoras acusaron a los concejales del MAS, Pierre Chain y Roxana P\u00e9rez Del Castillo de oponerse al POA, sin embargo, ayer (martes) tuvieron una reuni\u00f3n con ellos.<\/p>\n<p>Seg\u00fan una representante, el concejal Chain les manifest\u00f3 que est\u00e1 dispuesto a firmar el POA. Recalc\u00f3 que su sector no quiere ser utilizado, sino solamente regresar a su fuente laboral, reflej\u00f3 Erbol.<\/p>\n<p>El martes, Chain indic\u00f3 que se hab\u00eda opuesto al POA reformulado porque ten\u00eda insuficientes recursos para el sector que ahora est\u00e1 movilizado.<\/p>\n","protected":false},"excerpt":{"rendered":"<p>En el tercer d\u00eda de reclamos en puertas del Palacio Consistorial de La Paz, las mujeres trabajadoras de la Unidad de Servicios Higi\u00e9nicos piden la aprobaci\u00f3n del POA reformulado que posibilitar\u00e1 el pago de sus salarios. Las manifestantes denunciaron que no tienen pago hace dos meses, lo cual perjudica a sus familias, puesto que muchas [&hellip;]<\/p>\n","protected":false},"author":1,"featured_media":25754,"comment_status":"closed","ping_status":"closed","sticky":false,"template":"","format":"standard","meta":{"_acf_changed":false,"footnotes":""},"categories":[12],"tags":[],"class_list":["post-25753","post","type-post","status-publish","format-standard","has-post-thumbnail","category-nacional"],"acf":{"antetitulo":""},"yoast_head":"<!-- This site is optimized with the Yoast SEO plugin v28.4 - https:\/\/yoast.com\/product\/yoast-seo-wordpress\/ -->\n<title>Nueva protesta de trabajadores que solicitan pago de salarios - El Diario - Bolivia<\/title>\n<meta name=\"robots\" content=\"index, follow, max-snippet:-1, max-image-preview:large, max-video-preview:-1\" \/>\n<link rel=\"canonical\" href=\"https:\/\/www.eldiario.net\/portal\/2021\/08\/26\/nueva-protesta-de-trabajadores-que-solicitan-pago-de-salarios\/\" \/>\n<meta property=\"og:locale\" content=\"es_ES\" \/>\n<meta property=\"og:type\" content=\"article\" \/>\n<meta property=\"og:title\" content=\"Nueva protesta de trabajadores que solicitan pago de salarios - El Diario - Bolivia\" \/>\n<meta property=\"og:description\" content=\"En el tercer d\u00eda de reclamos en puertas del Palacio Consistorial de La Paz, las mujeres trabajadoras de la Unidad de Servicios Higi\u00e9nicos piden la aprobaci\u00f3n del POA reformulado que posibilitar\u00e1 el pago de sus salarios. Las manifestantes denunciaron que no tienen pago hace dos meses, lo cual perjudica a sus familias, puesto que muchas [&hellip;]\" \/>\n<meta property=\"og:url\" content=\"https:\/\/www.eldiario.net\/portal\/2021\/08\/26\/nueva-protesta-de-trabajadores-que-solicitan-pago-de-salarios\/\" \/>\n<meta property=\"og:site_name\" content=\"El Diario - Bolivia\" \/>\n<meta property=\"article:publisher\" content=\"https:\/\/www.facebook.com\/eldiario.bolivia\/\" \/>\n<meta property=\"article:published_time\" content=\"2021-08-26T08:03:59+00:00\" \/>\n<meta name=\"author\" content=\"Jeanette\" \/>\n<meta name=\"twitter:card\" content=\"summary_large_image\" \/>\n<meta name=\"twitter:creator\" content=\"@eldiario_net\" \/>\n<meta name=\"twitter:site\" content=\"@eldiario_net\" \/>\n<meta name=\"twitter:label1\" content=\"Escrito por\" \/>\n\t<meta name=\"twitter:data1\" content=\"Jeanette\" \/>\n\t<meta name=\"twitter:label2\" content=\"Tiempo de lectura\" \/>\n\t<meta name=\"twitter:data2\" content=\"1 minuto\" \/>\n<script type=\"application\/ld+json\" class=\"yoast-schema-graph\">{\"@context\":\"https:\\\/\\\/schema.org\",\"@graph\":[{\"@type\":\"Article\",\"@id\":\"https:\\\/\\\/www.eldiario.net\\\/portal\\\/2021\\\/08\\\/26\\\/nueva-protesta-de-trabajadores-que-solicitan-pago-de-salarios\\\/#article\",\"isPartOf\":{\"@id\":\"https:\\\/\\\/www.eldiario.net\\\/portal\\\/2021\\\/08\\\/26\\\/nueva-protesta-de-trabajadores-que-solicitan-pago-de-salarios\\\/\"},\"author\":{\"name\":\"Jeanette\",\"@id\":\"https:\\\/\\\/www.eldiario.net\\\/portal\\\/#\\\/schema\\\/person\\\/f46445640444750d7d753ccd04ae01b7\"},\"headline\":\"Nueva protesta de trabajadores que solicitan pago de salarios\",\"datePublished\":\"2021-08-26T08:03:59+00:00\",\"mainEntityOfPage\":{\"@id\":\"https:\\\/\\\/www.eldiario.net\\\/portal\\\/2021\\\/08\\\/26\\\/nueva-protesta-de-trabajadores-que-solicitan-pago-de-salarios\\\/\"},\"wordCount\":166,\"publisher\":{\"@id\":\"https:\\\/\\\/www.eldiario.net\\\/portal\\\/#organization\"},\"image\":{\"@id\":\"https:\\\/\\\/www.eldiario.net\\\/portal\\\/2021\\\/08\\\/26\\\/nueva-protesta-de-trabajadores-que-solicitan-pago-de-salarios\\\/#primaryimage\"},\"thumbnailUrl\":\"\",\"articleSection\":[\"Nacional\"],\"inLanguage\":\"es\"},{\"@type\":\"WebPage\",\"@id\":\"https:\\\/\\\/www.eldiario.net\\\/portal\\\/2021\\\/08\\\/26\\\/nueva-protesta-de-trabajadores-que-solicitan-pago-de-salarios\\\/\",\"url\":\"https:\\\/\\\/www.eldiario.net\\\/portal\\\/2021\\\/08\\\/26\\\/nueva-protesta-de-trabajadores-que-solicitan-pago-de-salarios\\\/\",\"name\":\"Nueva protesta de trabajadores que solicitan pago de salarios - El Diario - Bolivia\",\"isPartOf\":{\"@id\":\"https:\\\/\\\/www.eldiario.net\\\/portal\\\/#website\"},\"primaryImageOfPage\":{\"@id\":\"https:\\\/\\\/www.eldiario.net\\\/portal\\\/2021\\\/08\\\/26\\\/nueva-protesta-de-trabajadores-que-solicitan-pago-de-salarios\\\/#primaryimage\"},\"image\":{\"@id\":\"https:\\\/\\\/www.eldiario.net\\\/portal\\\/2021\\\/08\\\/26\\\/nueva-protesta-de-trabajadores-que-solicitan-pago-de-salarios\\\/#primaryimage\"},\"thumbnailUrl\":\"\",\"datePublished\":\"2021-08-26T08:03:59+00:00\",\"breadcrumb\":{\"@id\":\"https:\\\/\\\/www.eldiario.net\\\/portal\\\/2021\\\/08\\\/26\\\/nueva-protesta-de-trabajadores-que-solicitan-pago-de-salarios\\\/#breadcrumb\"},\"inLanguage\":\"es\",\"potentialAction\":[{\"@type\":\"ReadAction\",\"target\":[\"https:\\\/\\\/www.eldiario.net\\\/portal\\\/2021\\\/08\\\/26\\\/nueva-protesta-de-trabajadores-que-solicitan-pago-de-salarios\\\/\"]}]},{\"@type\":\"ImageObject\",\"inLanguage\":\"es\",\"@id\":\"https:\\\/\\\/www.eldiario.net\\\/portal\\\/2021\\\/08\\\/26\\\/nueva-protesta-de-trabajadores-que-solicitan-pago-de-salarios\\\/#primaryimage\",\"url\":\"\",\"contentUrl\":\"\"},{\"@type\":\"BreadcrumbList\",\"@id\":\"https:\\\/\\\/www.eldiario.net\\\/portal\\\/2021\\\/08\\\/26\\\/nueva-protesta-de-trabajadores-que-solicitan-pago-de-salarios\\\/#breadcrumb\",\"itemListElement\":[{\"@type\":\"ListItem\",\"position\":1,\"name\":\"Portada\",\"item\":\"https:\\\/\\\/www.eldiario.net\\\/portal\\\/\"},{\"@type\":\"ListItem\",\"position\":2,\"name\":\"Nueva protesta de trabajadores que solicitan pago de salarios\"}]},{\"@type\":\"WebSite\",\"@id\":\"https:\\\/\\\/www.eldiario.net\\\/portal\\\/#website\",\"url\":\"https:\\\/\\\/www.eldiario.net\\\/portal\\\/\",\"name\":\"El Diario - Decano de la prensa nacional\",\"description\":\"El Diario - Decano de la prensa nacional\",\"publisher\":{\"@id\":\"https:\\\/\\\/www.eldiario.net\\\/portal\\\/#organization\"},\"potentialAction\":[{\"@type\":\"SearchAction\",\"target\":{\"@type\":\"EntryPoint\",\"urlTemplate\":\"https:\\\/\\\/www.eldiario.net\\\/portal\\\/?s={search_term_string}\"},\"query-input\":{\"@type\":\"PropertyValueSpecification\",\"valueRequired\":true,\"valueName\":\"search_term_string\"}}],\"inLanguage\":\"es\"},{\"@type\":\"Organization\",\"@id\":\"https:\\\/\\\/www.eldiario.net\\\/portal\\\/#organization\",\"name\":\"El Diario - Decano de la prensa nacional\",\"url\":\"https:\\\/\\\/www.eldiario.net\\\/portal\\\/\",\"logo\":{\"@type\":\"ImageObject\",\"inLanguage\":\"es\",\"@id\":\"https:\\\/\\\/www.eldiario.net\\\/portal\\\/#\\\/schema\\\/logo\\\/image\\\/\",\"url\":\"https:\\\/\\\/www.eldiario.net\\\/portal\\\/wp-content\\\/uploads\\\/2023\\\/07\\\/logo_ED.jpg\",\"contentUrl\":\"https:\\\/\\\/www.eldiario.net\\\/portal\\\/wp-content\\\/uploads\\\/2023\\\/07\\\/logo_ED.jpg\",\"width\":272,\"height\":52,\"caption\":\"El Diario - Decano de la prensa nacional\"},\"image\":{\"@id\":\"https:\\\/\\\/www.eldiario.net\\\/portal\\\/#\\\/schema\\\/logo\\\/image\\\/\"},\"sameAs\":[\"https:\\\/\\\/www.facebook.com\\\/eldiario.bolivia\\\/\",\"https:\\\/\\\/x.com\\\/eldiario_net\"]},{\"@type\":\"Person\",\"@id\":\"https:\\\/\\\/www.eldiario.net\\\/portal\\\/#\\\/schema\\\/person\\\/f46445640444750d7d753ccd04ae01b7\",\"name\":\"Jeanette\",\"image\":{\"@type\":\"ImageObject\",\"inLanguage\":\"es\",\"@id\":\"https:\\\/\\\/secure.gravatar.com\\\/avatar\\\/3ea2118a5f7dad2b7138b1187a6b7ee55f160b9968b66013c3a3ef39dd7e5798?s=96&d=mm&r=g\",\"url\":\"https:\\\/\\\/secure.gravatar.com\\\/avatar\\\/3ea2118a5f7dad2b7138b1187a6b7ee55f160b9968b66013c3a3ef39dd7e5798?s=96&d=mm&r=g\",\"contentUrl\":\"https:\\\/\\\/secure.gravatar.com\\\/avatar\\\/3ea2118a5f7dad2b7138b1187a6b7ee55f160b9968b66013c3a3ef39dd7e5798?s=96&d=mm&r=g\",\"caption\":\"Jeanette\"},\"sameAs\":[\"https:\\\/\\\/www.eldiario.net\\\/portal\"],\"url\":\"https:\\\/\\\/www.eldiario.net\\\/portal\\\/author\\\/jeanette\\\/\"}]}<\/script>\n<!-- \/ Yoast SEO plugin. -->","yoast_head_json":{"title":"Nueva protesta de trabajadores que solicitan pago de salarios - El Diario - Bolivia","robots":{"index":"index","follow":"follow","max-snippet":"max-snippet:-1","max-image-preview":"max-image-preview:large","max-video-preview":"max-video-preview:-1"},"canonical":"https:\/\/www.eldiario.net\/portal\/2021\/08\/26\/nueva-protesta-de-trabajadores-que-solicitan-pago-de-salarios\/","og_locale":"es_ES","og_type":"article","og_title":"Nueva protesta de trabajadores que solicitan pago de salarios - El Diario - Bolivia","og_description":"En el tercer d\u00eda de reclamos en puertas del Palacio Consistorial de La Paz, las mujeres trabajadoras de la Unidad de Servicios Higi\u00e9nicos piden la aprobaci\u00f3n del POA reformulado que posibilitar\u00e1 el pago de sus salarios. Las manifestantes denunciaron que no tienen pago hace dos meses, lo cual perjudica a sus familias, puesto que muchas [&hellip;]","og_url":"https:\/\/www.eldiario.net\/portal\/2021\/08\/26\/nueva-protesta-de-trabajadores-que-solicitan-pago-de-salarios\/","og_site_name":"El Diario - Bolivia","article_publisher":"https:\/\/www.facebook.com\/eldiario.bolivia\/","article_published_time":"2021-08-26T08:03:59+00:00","author":"Jeanette","twitter_card":"summary_large_image","twitter_creator":"@eldiario_net","twitter_site":"@eldiario_net","twitter_misc":{"Escrito por":"Jeanette","Tiempo de lectura":"1 minuto"},"schema":{"@context":"https:\/\/schema.org","@graph":[{"@type":"Article","@id":"https:\/\/www.eldiario.net\/portal\/2021\/08\/26\/nueva-protesta-de-trabajadores-que-solicitan-pago-de-salarios\/#article","isPartOf":{"@id":"https:\/\/www.eldiario.net\/portal\/2021\/08\/26\/nueva-protesta-de-trabajadores-que-solicitan-pago-de-salarios\/"},"author":{"name":"Jeanette","@id":"https:\/\/www.eldiario.net\/portal\/#\/schema\/person\/f46445640444750d7d753ccd04ae01b7"},"headline":"Nueva protesta de trabajadores que solicitan pago de salarios","datePublished":"2021-08-26T08:03:59+00:00","mainEntityOfPage":{"@id":"https:\/\/www.eldiario.net\/portal\/2021\/08\/26\/nueva-protesta-de-trabajadores-que-solicitan-pago-de-salarios\/"},"wordCount":166,"publisher":{"@id":"https:\/\/www.eldiario.net\/portal\/#organization"},"image":{"@id":"https:\/\/www.eldiario.net\/portal\/2021\/08\/26\/nueva-protesta-de-trabajadores-que-solicitan-pago-de-salarios\/#primaryimage"},"thumbnailUrl":"","articleSection":["Nacional"],"inLanguage":"es"},{"@type":"WebPage","@id":"https:\/\/www.eldiario.net\/portal\/2021\/08\/26\/nueva-protesta-de-trabajadores-que-solicitan-pago-de-salarios\/","url":"https:\/\/www.eldiario.net\/portal\/2021\/08\/26\/nueva-protesta-de-trabajadores-que-solicitan-pago-de-salarios\/","name":"Nueva protesta de trabajadores que solicitan pago de salarios - El Diario - Bolivia","isPartOf":{"@id":"https:\/\/www.eldiario.net\/portal\/#website"},"primaryImageOfPage":{"@id":"https:\/\/www.eldiario.net\/portal\/2021\/08\/26\/nueva-protesta-de-trabajadores-que-solicitan-pago-de-salarios\/#primaryimage"},"image":{"@id":"https:\/\/www.eldiario.net\/portal\/2021\/08\/26\/nueva-protesta-de-trabajadores-que-solicitan-pago-de-salarios\/#primaryimage"},"thumbnailUrl":"","datePublished":"2021-08-26T08:03:59+00:00","breadcrumb":{"@id":"https:\/\/www.eldiario.net\/portal\/2021\/08\/26\/nueva-protesta-de-trabajadores-que-solicitan-pago-de-salarios\/#breadcrumb"},"inLanguage":"es","potentialAction":[{"@type":"ReadAction","target":["https:\/\/www.eldiario.net\/portal\/2021\/08\/26\/nueva-protesta-de-trabajadores-que-solicitan-pago-de-salarios\/"]}]},{"@type":"ImageObject","inLanguage":"es","@id":"https:\/\/www.eldiario.net\/portal\/2021\/08\/26\/nueva-protesta-de-trabajadores-que-solicitan-pago-de-salarios\/#primaryimage","url":"","contentUrl":""},{"@type":"BreadcrumbList","@id":"https:\/\/www.eldiario.net\/portal\/2021\/08\/26\/nueva-protesta-de-trabajadores-que-solicitan-pago-de-salarios\/#breadcrumb","itemListElement":[{"@type":"ListItem","position":1,"name":"Portada","item":"https:\/\/www.eldiario.net\/portal\/"},{"@type":"ListItem","position":2,"name":"Nueva protesta de trabajadores que solicitan pago de salarios"}]},{"@type":"WebSite","@id":"https:\/\/www.eldiario.net\/portal\/#website","url":"https:\/\/www.eldiario.net\/portal\/","name":"El Diario - Decano de la prensa nacional","description":"El Diario - Decano de la prensa nacional","publisher":{"@id":"https:\/\/www.eldiario.net\/portal\/#organization"},"potentialAction":[{"@type":"SearchAction","target":{"@type":"EntryPoint","urlTemplate":"https:\/\/www.eldiario.net\/portal\/?s={search_term_string}"},"query-input":{"@type":"PropertyValueSpecification","valueRequired":true,"valueName":"search_term_string"}}],"inLanguage":"es"},{"@type":"Organization","@id":"https:\/\/www.eldiario.net\/portal\/#organization","name":"El Diario - Decano de la prensa nacional","url":"https:\/\/www.eldiario.net\/portal\/","logo":{"@type":"ImageObject","inLanguage":"es","@id":"https:\/\/www.eldiario.net\/portal\/#\/schema\/logo\/image\/","url":"https:\/\/www.eldiario.net\/portal\/wp-content\/uploads\/2023\/07\/logo_ED.jpg","contentUrl":"https:\/\/www.eldiario.net\/portal\/wp-content\/uploads\/2023\/07\/logo_ED.jpg","width":272,"height":52,"caption":"El Diario - Decano de la prensa nacional"},"image":{"@id":"https:\/\/www.eldiario.net\/portal\/#\/schema\/logo\/image\/"},"sameAs":["https:\/\/www.facebook.com\/eldiario.bolivia\/","https:\/\/x.com\/eldiario_net"]},{"@type":"Person","@id":"https:\/\/www.eldiario.net\/portal\/#\/schema\/person\/f46445640444750d7d753ccd04ae01b7","name":"Jeanette","image":{"@type":"ImageObject","inLanguage":"es","@id":"https:\/\/secure.gravatar.com\/avatar\/3ea2118a5f7dad2b7138b1187a6b7ee55f160b9968b66013c3a3ef39dd7e5798?s=96&d=mm&r=g","url":"https:\/\/secure.gravatar.com\/avatar\/3ea2118a5f7dad2b7138b1187a6b7ee55f160b9968b66013c3a3ef39dd7e5798?s=96&d=mm&r=g","contentUrl":"https:\/\/secure.gravatar.com\/avatar\/3ea2118a5f7dad2b7138b1187a6b7ee55f160b9968b66013c3a3ef39dd7e5798?s=96&d=mm&r=g","caption":"Jeanette"},"sameAs":["https:\/\/www.eldiario.net\/portal"],"url":"https:\/\/www.eldiario.net\/portal\/author\/jeanette\/"}]}},"_links":{"self":[{"href":"https:\/\/www.eldiario.net\/portal\/wp-json\/wp\/v2\/posts\/25753","targetHints":{"allow":["GET"]}}],"collection":[{"href":"https:\/\/www.eldiario.net\/portal\/wp-json\/wp\/v2\/posts"}],"about":[{"href":"https:\/\/www.eldiario.net\/portal\/wp-json\/wp\/v2\/types\/post"}],"author":[{"embeddable":true,"href":"https:\/\/www.eldiario.net\/portal\/wp-json\/wp\/v2\/users\/1"}],"replies":[{"embeddable":true,"href":"https:\/\/www.eldiario.net\/portal\/wp-json\/wp\/v2\/comments?post=25753"}],"version-history":[{"count":0,"href":"https:\/\/www.eldiario.net\/portal\/wp-json\/wp\/v2\/posts\/25753\/revisions"}],"wp:attachment":[{"href":"https:\/\/www.eldiario.net\/portal\/wp-json\/wp\/v2\/media?parent=25753"}],"wp:term":[{"taxonomy":"category","embeddable":true,"href":"https:\/\/www.eldiario.net\/portal\/wp-json\/wp\/v2\/categories?post=25753"},{"taxonomy":"post_tag","embeddable":true,"href":"https:\/\/www.eldiario.net\/portal\/wp-json\/wp\/v2\/tags?post=25753"}],"curies":[{"name":"wp","href":"https:\/\/api.w.org\/{rel}","templated":true}]}}