{"id":257518,"date":"2024-10-30T06:24:28","date_gmt":"2024-10-30T10:24:28","guid":{"rendered":"https:\/\/www.eldiario.net\/portal\/?p=257518"},"modified":"2024-10-30T06:24:28","modified_gmt":"2024-10-30T10:24:28","slug":"la-anomia-nos-esta-conduciendo-a-la-anarquia","status":"publish","type":"post","link":"https:\/\/www.eldiario.net\/portal\/2024\/10\/30\/la-anomia-nos-esta-conduciendo-a-la-anarquia\/","title":{"rendered":"La anomia nos est\u00e1 conduciendo a la anarqu\u00eda"},"content":{"rendered":"<p>La crisis multidimensional que sufre nuestro pa\u00eds est\u00e1 empezando a escalar hacia la violencia activa, una de sus manifestaciones m\u00e1s peligrosas que, adem\u00e1s de aumentar la inseguridad, revela la debilidad de las instituciones para garantizar el ejercicio arm\u00f3nico de los derechos y deberes ciudadanos.<br \/>\nAl bloqueo que asfixia la econom\u00eda hace 15 d\u00edas, ahora se suman enfrentamientos, ataques a personas y propiedades, ingreso violento a instalaciones militares, toma de un aeropuerto internacional y control territorial por parte de grupos corporativos, medidas que por s\u00ed solas hubieran generado reacciones r\u00e1pidas y contundentes si primara el Estado de Derecho, el orden instituido y el imperio de la Ley.<br \/>\nM\u00e1s all\u00e1 de las causas aparentes que condujeron a esta situaci\u00f3n, el origen se encuentra en el debilitamiento extremo del Estado, y en su imposibilidad para garantizar a los bolivianos la coexistencia en una sociedad organizada, fundada en el orden jur\u00eddico, la justicia y la paz social. Esta situaci\u00f3n no es reciente, sino que nace cuando el gobierno iniciado en 2006, por su af\u00e1n de imponer un modelo ideol\u00f3gico, se apoder\u00f3 de toda la institucionalidad y los poderes p\u00fablicos y en lugar de mejorarlos, decidi\u00f3 romper a su favor los equilibrios del poder, precarizar el sistema pol\u00edtico y desmantelar el modelo democr\u00e1tico representativo, incorporando mecanismos distorsivos como la democracia directa y la comunitaria.<br \/>\nEs evidente que hoy el Estado boliviano padece una anomia profunda que se expresa en la relativizaci\u00f3n de las reglas de convivencia, el caos y la desorganizaci\u00f3n, en los que el respeto por los derechos desaparece y se genera una desintegraci\u00f3n del tejido social. Nuestro Estado ha perdido su facultad natural del \u201cmonopolio del uso leg\u00edtimo de la violencia\u201d, y ya no puede cumplir el contrato social que lo obligaba a garantiza el orden, la protecci\u00f3n de la propiedad y el ejercicio de las libertades.<br \/>\nEl problema es que la anomia estatal no solo alcanza al \u00e1mbito pol\u00edtico, sino que tiene efectos devastadores en todos los niveles de la sociedad. En primer lugar, lleva a una crisis de derechos, donde la seguridad personal y patrimonial disminuye, la gesti\u00f3n p\u00fablica colapsa, y la corrupci\u00f3n se incrementa.<br \/>\nCuando el Estado deja de cumplir su rol de \u00e1rbitro y garante de los intereses colectivos, las estructuras sociales se desmoronan, se pierden valores como el respeto a la ley, y emergen pr\u00e1cticas de supervivencia basadas en la desconfianza y la especulaci\u00f3n. Grupos ilegales o corporativos tienden a llenar el vac\u00edo de poder, imponiendo sus propias reglas y ejerciendo un control desp\u00f3tico sobre la sociedad.<br \/>\nPero tambi\u00e9n se abren espacios donde los ciudadanos ejercen lo que consideran derecho a la autodefensa, propiciando en un principio reclamos al Estado con marchas, cabildos y discursos inflamantes. Cuando no hay respuesta, la gente, organizada espont\u00e1neamente, aplica medidas de violencia equivalentes a las que sufre de parte de los grupos agresores. El enfrentamiento social es la manifestaci\u00f3n extrema de la ausencia de Estado y puede llevar a episodios tr\u00e1gicos que ya vivimos en el pasado inmediato, donde emergen resentimientos at\u00e1vicos, conflictos no resueltos o frustraciones contenidas.<br \/>\nLos \u00faltimos acontecimientos muestran se\u00f1ales inequ\u00edvocas de que los bolivianos no solo enfrentamos una crisis m\u00faltiple que est\u00e1 afectando la estabilidad econ\u00f3mica, la paz social y el sistema pol\u00edtico, sino que lidiamos con un Estado an\u00f3mico e inerme, incapaz de ofrecer las condiciones de seguridad, estabilidad y libertad que demandan los ciudadanos.<br \/>\nUn pa\u00eds no puede existir sin un Estado y para cumplir su funci\u00f3n, \u00e9ste debe tener una clara separaci\u00f3n de poderes, con instituciones fuertes, con funciones espec\u00edficas y orientado a garantizar bienestar de todos. Su agrandamiento artificial para imponer un proyecto pol\u00edtico neutraliza las libertades, pero su ausencia conduce al caos y la anarqu\u00eda. Los bolivianos ya vivimos ambos procesos que tuvieron consecuencias nefastas; de nosotros depende ahora recuperar el Estado para que sirva a la gente y no a un partido.<\/p>\n<p>El autor es Industrial y ex Presidente de la Confederaci\u00f3n de Empresarios Privados de Bolivia.<\/p>\n","protected":false},"excerpt":{"rendered":"<p>La crisis multidimensional que sufre nuestro pa\u00eds est\u00e1 empezando a escalar hacia la violencia activa, una de sus manifestaciones m\u00e1s peligrosas que, adem\u00e1s de aumentar la inseguridad, revela la debilidad de las instituciones para garantizar el ejercicio arm\u00f3nico de los derechos y deberes ciudadanos. Al bloqueo que asfixia la econom\u00eda hace 15 d\u00edas, ahora se [&hellip;]<\/p>\n","protected":false},"author":1,"featured_media":188324,"comment_status":"closed","ping_status":"open","sticky":false,"template":"","format":"standard","meta":{"_acf_changed":false,"footnotes":""},"categories":[9],"tags":[],"class_list":["post-257518","post","type-post","status-publish","format-standard","has-post-thumbnail","category-opinion"],"acf":{"antetitulo":""},"yoast_head":"<!-- This site is optimized with the Yoast SEO plugin v28.4 - https:\/\/yoast.com\/product\/yoast-seo-wordpress\/ -->\n<title>La anomia nos est\u00e1 conduciendo a la anarqu\u00eda - El Diario - Bolivia<\/title>\n<meta name=\"robots\" content=\"index, follow, max-snippet:-1, max-image-preview:large, max-video-preview:-1\" \/>\n<link rel=\"canonical\" href=\"https:\/\/www.eldiario.net\/portal\/2024\/10\/30\/la-anomia-nos-esta-conduciendo-a-la-anarquia\/\" \/>\n<meta property=\"og:locale\" content=\"es_ES\" \/>\n<meta property=\"og:type\" content=\"article\" \/>\n<meta property=\"og:title\" content=\"La anomia nos est\u00e1 conduciendo a la anarqu\u00eda - El Diario - Bolivia\" \/>\n<meta property=\"og:description\" content=\"La crisis multidimensional que sufre nuestro pa\u00eds est\u00e1 empezando a escalar hacia la violencia activa, una de sus manifestaciones m\u00e1s peligrosas que, adem\u00e1s de aumentar la inseguridad, revela la debilidad de las instituciones para garantizar el ejercicio arm\u00f3nico de los derechos y deberes ciudadanos. Al bloqueo que asfixia la econom\u00eda hace 15 d\u00edas, ahora se [&hellip;]\" \/>\n<meta property=\"og:url\" content=\"https:\/\/www.eldiario.net\/portal\/2024\/10\/30\/la-anomia-nos-esta-conduciendo-a-la-anarquia\/\" \/>\n<meta property=\"og:site_name\" content=\"El Diario - Bolivia\" \/>\n<meta property=\"article:publisher\" content=\"https:\/\/www.facebook.com\/eldiario.bolivia\/\" \/>\n<meta property=\"article:published_time\" content=\"2024-10-30T10:24:28+00:00\" \/>\n<meta property=\"og:image\" content=\"https:\/\/www.eldiario.net\/portal\/wp-content\/uploads\/2023\/11\/Ronald-Nostas-Ardaya.jpg\" \/>\n\t<meta property=\"og:image:width\" content=\"1200\" \/>\n\t<meta property=\"og:image:height\" content=\"628\" \/>\n\t<meta property=\"og:image:type\" content=\"image\/jpeg\" \/>\n<meta name=\"author\" content=\"Jeanette\" \/>\n<meta name=\"twitter:card\" content=\"summary_large_image\" \/>\n<meta name=\"twitter:creator\" content=\"@eldiario_net\" \/>\n<meta name=\"twitter:site\" content=\"@eldiario_net\" \/>\n<meta name=\"twitter:label1\" content=\"Escrito por\" \/>\n\t<meta name=\"twitter:data1\" content=\"Jeanette\" \/>\n\t<meta name=\"twitter:label2\" content=\"Tiempo de lectura\" \/>\n\t<meta name=\"twitter:data2\" content=\"4 minutos\" \/>\n<script type=\"application\/ld+json\" class=\"yoast-schema-graph\">{\"@context\":\"https:\\\/\\\/schema.org\",\"@graph\":[{\"@type\":\"Article\",\"@id\":\"https:\\\/\\\/www.eldiario.net\\\/portal\\\/2024\\\/10\\\/30\\\/la-anomia-nos-esta-conduciendo-a-la-anarquia\\\/#article\",\"isPartOf\":{\"@id\":\"https:\\\/\\\/www.eldiario.net\\\/portal\\\/2024\\\/10\\\/30\\\/la-anomia-nos-esta-conduciendo-a-la-anarquia\\\/\"},\"author\":{\"name\":\"Jeanette\",\"@id\":\"https:\\\/\\\/www.eldiario.net\\\/portal\\\/#\\\/schema\\\/person\\\/f46445640444750d7d753ccd04ae01b7\"},\"headline\":\"La anomia nos est\u00e1 conduciendo a la anarqu\u00eda\",\"datePublished\":\"2024-10-30T10:24:28+00:00\",\"mainEntityOfPage\":{\"@id\":\"https:\\\/\\\/www.eldiario.net\\\/portal\\\/2024\\\/10\\\/30\\\/la-anomia-nos-esta-conduciendo-a-la-anarquia\\\/\"},\"wordCount\":709,\"publisher\":{\"@id\":\"https:\\\/\\\/www.eldiario.net\\\/portal\\\/#organization\"},\"image\":{\"@id\":\"https:\\\/\\\/www.eldiario.net\\\/portal\\\/2024\\\/10\\\/30\\\/la-anomia-nos-esta-conduciendo-a-la-anarquia\\\/#primaryimage\"},\"thumbnailUrl\":\"https:\\\/\\\/www.eldiario.net\\\/portal\\\/wp-content\\\/uploads\\\/2023\\\/11\\\/Ronald-Nostas-Ardaya.jpg\",\"articleSection\":[\"Opini\u00f3n\"],\"inLanguage\":\"es\"},{\"@type\":\"WebPage\",\"@id\":\"https:\\\/\\\/www.eldiario.net\\\/portal\\\/2024\\\/10\\\/30\\\/la-anomia-nos-esta-conduciendo-a-la-anarquia\\\/\",\"url\":\"https:\\\/\\\/www.eldiario.net\\\/portal\\\/2024\\\/10\\\/30\\\/la-anomia-nos-esta-conduciendo-a-la-anarquia\\\/\",\"name\":\"La anomia nos est\u00e1 conduciendo a la anarqu\u00eda - El Diario - Bolivia\",\"isPartOf\":{\"@id\":\"https:\\\/\\\/www.eldiario.net\\\/portal\\\/#website\"},\"primaryImageOfPage\":{\"@id\":\"https:\\\/\\\/www.eldiario.net\\\/portal\\\/2024\\\/10\\\/30\\\/la-anomia-nos-esta-conduciendo-a-la-anarquia\\\/#primaryimage\"},\"image\":{\"@id\":\"https:\\\/\\\/www.eldiario.net\\\/portal\\\/2024\\\/10\\\/30\\\/la-anomia-nos-esta-conduciendo-a-la-anarquia\\\/#primaryimage\"},\"thumbnailUrl\":\"https:\\\/\\\/www.eldiario.net\\\/portal\\\/wp-content\\\/uploads\\\/2023\\\/11\\\/Ronald-Nostas-Ardaya.jpg\",\"datePublished\":\"2024-10-30T10:24:28+00:00\",\"breadcrumb\":{\"@id\":\"https:\\\/\\\/www.eldiario.net\\\/portal\\\/2024\\\/10\\\/30\\\/la-anomia-nos-esta-conduciendo-a-la-anarquia\\\/#breadcrumb\"},\"inLanguage\":\"es\",\"potentialAction\":[{\"@type\":\"ReadAction\",\"target\":[\"https:\\\/\\\/www.eldiario.net\\\/portal\\\/2024\\\/10\\\/30\\\/la-anomia-nos-esta-conduciendo-a-la-anarquia\\\/\"]}]},{\"@type\":\"ImageObject\",\"inLanguage\":\"es\",\"@id\":\"https:\\\/\\\/www.eldiario.net\\\/portal\\\/2024\\\/10\\\/30\\\/la-anomia-nos-esta-conduciendo-a-la-anarquia\\\/#primaryimage\",\"url\":\"https:\\\/\\\/www.eldiario.net\\\/portal\\\/wp-content\\\/uploads\\\/2023\\\/11\\\/Ronald-Nostas-Ardaya.jpg\",\"contentUrl\":\"https:\\\/\\\/www.eldiario.net\\\/portal\\\/wp-content\\\/uploads\\\/2023\\\/11\\\/Ronald-Nostas-Ardaya.jpg\",\"width\":1200,\"height\":628,\"caption\":\"Ronald Nostas Ardaya\"},{\"@type\":\"BreadcrumbList\",\"@id\":\"https:\\\/\\\/www.eldiario.net\\\/portal\\\/2024\\\/10\\\/30\\\/la-anomia-nos-esta-conduciendo-a-la-anarquia\\\/#breadcrumb\",\"itemListElement\":[{\"@type\":\"ListItem\",\"position\":1,\"name\":\"Portada\",\"item\":\"https:\\\/\\\/www.eldiario.net\\\/portal\\\/\"},{\"@type\":\"ListItem\",\"position\":2,\"name\":\"La anomia nos est\u00e1 conduciendo a la anarqu\u00eda\"}]},{\"@type\":\"WebSite\",\"@id\":\"https:\\\/\\\/www.eldiario.net\\\/portal\\\/#website\",\"url\":\"https:\\\/\\\/www.eldiario.net\\\/portal\\\/\",\"name\":\"El Diario - Decano de la prensa nacional\",\"description\":\"El Diario - Decano de la prensa nacional\",\"publisher\":{\"@id\":\"https:\\\/\\\/www.eldiario.net\\\/portal\\\/#organization\"},\"potentialAction\":[{\"@type\":\"SearchAction\",\"target\":{\"@type\":\"EntryPoint\",\"urlTemplate\":\"https:\\\/\\\/www.eldiario.net\\\/portal\\\/?s={search_term_string}\"},\"query-input\":{\"@type\":\"PropertyValueSpecification\",\"valueRequired\":true,\"valueName\":\"search_term_string\"}}],\"inLanguage\":\"es\"},{\"@type\":\"Organization\",\"@id\":\"https:\\\/\\\/www.eldiario.net\\\/portal\\\/#organization\",\"name\":\"El Diario - Decano de la prensa nacional\",\"url\":\"https:\\\/\\\/www.eldiario.net\\\/portal\\\/\",\"logo\":{\"@type\":\"ImageObject\",\"inLanguage\":\"es\",\"@id\":\"https:\\\/\\\/www.eldiario.net\\\/portal\\\/#\\\/schema\\\/logo\\\/image\\\/\",\"url\":\"https:\\\/\\\/www.eldiario.net\\\/portal\\\/wp-content\\\/uploads\\\/2023\\\/07\\\/logo_ED.jpg\",\"contentUrl\":\"https:\\\/\\\/www.eldiario.net\\\/portal\\\/wp-content\\\/uploads\\\/2023\\\/07\\\/logo_ED.jpg\",\"width\":272,\"height\":52,\"caption\":\"El Diario - Decano de la prensa nacional\"},\"image\":{\"@id\":\"https:\\\/\\\/www.eldiario.net\\\/portal\\\/#\\\/schema\\\/logo\\\/image\\\/\"},\"sameAs\":[\"https:\\\/\\\/www.facebook.com\\\/eldiario.bolivia\\\/\",\"https:\\\/\\\/x.com\\\/eldiario_net\"]},{\"@type\":\"Person\",\"@id\":\"https:\\\/\\\/www.eldiario.net\\\/portal\\\/#\\\/schema\\\/person\\\/f46445640444750d7d753ccd04ae01b7\",\"name\":\"Jeanette\",\"image\":{\"@type\":\"ImageObject\",\"inLanguage\":\"es\",\"@id\":\"https:\\\/\\\/secure.gravatar.com\\\/avatar\\\/3ea2118a5f7dad2b7138b1187a6b7ee55f160b9968b66013c3a3ef39dd7e5798?s=96&d=mm&r=g\",\"url\":\"https:\\\/\\\/secure.gravatar.com\\\/avatar\\\/3ea2118a5f7dad2b7138b1187a6b7ee55f160b9968b66013c3a3ef39dd7e5798?s=96&d=mm&r=g\",\"contentUrl\":\"https:\\\/\\\/secure.gravatar.com\\\/avatar\\\/3ea2118a5f7dad2b7138b1187a6b7ee55f160b9968b66013c3a3ef39dd7e5798?s=96&d=mm&r=g\",\"caption\":\"Jeanette\"},\"sameAs\":[\"https:\\\/\\\/www.eldiario.net\\\/portal\"],\"url\":\"https:\\\/\\\/www.eldiario.net\\\/portal\\\/author\\\/jeanette\\\/\"}]}<\/script>\n<!-- \/ Yoast SEO plugin. -->","yoast_head_json":{"title":"La anomia nos est\u00e1 conduciendo a la anarqu\u00eda - El Diario - Bolivia","robots":{"index":"index","follow":"follow","max-snippet":"max-snippet:-1","max-image-preview":"max-image-preview:large","max-video-preview":"max-video-preview:-1"},"canonical":"https:\/\/www.eldiario.net\/portal\/2024\/10\/30\/la-anomia-nos-esta-conduciendo-a-la-anarquia\/","og_locale":"es_ES","og_type":"article","og_title":"La anomia nos est\u00e1 conduciendo a la anarqu\u00eda - El Diario - Bolivia","og_description":"La crisis multidimensional que sufre nuestro pa\u00eds est\u00e1 empezando a escalar hacia la violencia activa, una de sus manifestaciones m\u00e1s peligrosas que, adem\u00e1s de aumentar la inseguridad, revela la debilidad de las instituciones para garantizar el ejercicio arm\u00f3nico de los derechos y deberes ciudadanos. Al bloqueo que asfixia la econom\u00eda hace 15 d\u00edas, ahora se [&hellip;]","og_url":"https:\/\/www.eldiario.net\/portal\/2024\/10\/30\/la-anomia-nos-esta-conduciendo-a-la-anarquia\/","og_site_name":"El Diario - Bolivia","article_publisher":"https:\/\/www.facebook.com\/eldiario.bolivia\/","article_published_time":"2024-10-30T10:24:28+00:00","og_image":[{"width":1200,"height":628,"url":"https:\/\/www.eldiario.net\/portal\/wp-content\/uploads\/2023\/11\/Ronald-Nostas-Ardaya.jpg","type":"image\/jpeg"}],"author":"Jeanette","twitter_card":"summary_large_image","twitter_creator":"@eldiario_net","twitter_site":"@eldiario_net","twitter_misc":{"Escrito por":"Jeanette","Tiempo de lectura":"4 minutos"},"schema":{"@context":"https:\/\/schema.org","@graph":[{"@type":"Article","@id":"https:\/\/www.eldiario.net\/portal\/2024\/10\/30\/la-anomia-nos-esta-conduciendo-a-la-anarquia\/#article","isPartOf":{"@id":"https:\/\/www.eldiario.net\/portal\/2024\/10\/30\/la-anomia-nos-esta-conduciendo-a-la-anarquia\/"},"author":{"name":"Jeanette","@id":"https:\/\/www.eldiario.net\/portal\/#\/schema\/person\/f46445640444750d7d753ccd04ae01b7"},"headline":"La anomia nos est\u00e1 conduciendo a la anarqu\u00eda","datePublished":"2024-10-30T10:24:28+00:00","mainEntityOfPage":{"@id":"https:\/\/www.eldiario.net\/portal\/2024\/10\/30\/la-anomia-nos-esta-conduciendo-a-la-anarquia\/"},"wordCount":709,"publisher":{"@id":"https:\/\/www.eldiario.net\/portal\/#organization"},"image":{"@id":"https:\/\/www.eldiario.net\/portal\/2024\/10\/30\/la-anomia-nos-esta-conduciendo-a-la-anarquia\/#primaryimage"},"thumbnailUrl":"https:\/\/www.eldiario.net\/portal\/wp-content\/uploads\/2023\/11\/Ronald-Nostas-Ardaya.jpg","articleSection":["Opini\u00f3n"],"inLanguage":"es"},{"@type":"WebPage","@id":"https:\/\/www.eldiario.net\/portal\/2024\/10\/30\/la-anomia-nos-esta-conduciendo-a-la-anarquia\/","url":"https:\/\/www.eldiario.net\/portal\/2024\/10\/30\/la-anomia-nos-esta-conduciendo-a-la-anarquia\/","name":"La anomia nos est\u00e1 conduciendo a la anarqu\u00eda - El Diario - Bolivia","isPartOf":{"@id":"https:\/\/www.eldiario.net\/portal\/#website"},"primaryImageOfPage":{"@id":"https:\/\/www.eldiario.net\/portal\/2024\/10\/30\/la-anomia-nos-esta-conduciendo-a-la-anarquia\/#primaryimage"},"image":{"@id":"https:\/\/www.eldiario.net\/portal\/2024\/10\/30\/la-anomia-nos-esta-conduciendo-a-la-anarquia\/#primaryimage"},"thumbnailUrl":"https:\/\/www.eldiario.net\/portal\/wp-content\/uploads\/2023\/11\/Ronald-Nostas-Ardaya.jpg","datePublished":"2024-10-30T10:24:28+00:00","breadcrumb":{"@id":"https:\/\/www.eldiario.net\/portal\/2024\/10\/30\/la-anomia-nos-esta-conduciendo-a-la-anarquia\/#breadcrumb"},"inLanguage":"es","potentialAction":[{"@type":"ReadAction","target":["https:\/\/www.eldiario.net\/portal\/2024\/10\/30\/la-anomia-nos-esta-conduciendo-a-la-anarquia\/"]}]},{"@type":"ImageObject","inLanguage":"es","@id":"https:\/\/www.eldiario.net\/portal\/2024\/10\/30\/la-anomia-nos-esta-conduciendo-a-la-anarquia\/#primaryimage","url":"https:\/\/www.eldiario.net\/portal\/wp-content\/uploads\/2023\/11\/Ronald-Nostas-Ardaya.jpg","contentUrl":"https:\/\/www.eldiario.net\/portal\/wp-content\/uploads\/2023\/11\/Ronald-Nostas-Ardaya.jpg","width":1200,"height":628,"caption":"Ronald Nostas Ardaya"},{"@type":"BreadcrumbList","@id":"https:\/\/www.eldiario.net\/portal\/2024\/10\/30\/la-anomia-nos-esta-conduciendo-a-la-anarquia\/#breadcrumb","itemListElement":[{"@type":"ListItem","position":1,"name":"Portada","item":"https:\/\/www.eldiario.net\/portal\/"},{"@type":"ListItem","position":2,"name":"La anomia nos est\u00e1 conduciendo a la anarqu\u00eda"}]},{"@type":"WebSite","@id":"https:\/\/www.eldiario.net\/portal\/#website","url":"https:\/\/www.eldiario.net\/portal\/","name":"El Diario - Decano de la prensa nacional","description":"El Diario - Decano de la prensa nacional","publisher":{"@id":"https:\/\/www.eldiario.net\/portal\/#organization"},"potentialAction":[{"@type":"SearchAction","target":{"@type":"EntryPoint","urlTemplate":"https:\/\/www.eldiario.net\/portal\/?s={search_term_string}"},"query-input":{"@type":"PropertyValueSpecification","valueRequired":true,"valueName":"search_term_string"}}],"inLanguage":"es"},{"@type":"Organization","@id":"https:\/\/www.eldiario.net\/portal\/#organization","name":"El Diario - Decano de la prensa nacional","url":"https:\/\/www.eldiario.net\/portal\/","logo":{"@type":"ImageObject","inLanguage":"es","@id":"https:\/\/www.eldiario.net\/portal\/#\/schema\/logo\/image\/","url":"https:\/\/www.eldiario.net\/portal\/wp-content\/uploads\/2023\/07\/logo_ED.jpg","contentUrl":"https:\/\/www.eldiario.net\/portal\/wp-content\/uploads\/2023\/07\/logo_ED.jpg","width":272,"height":52,"caption":"El Diario - Decano de la prensa nacional"},"image":{"@id":"https:\/\/www.eldiario.net\/portal\/#\/schema\/logo\/image\/"},"sameAs":["https:\/\/www.facebook.com\/eldiario.bolivia\/","https:\/\/x.com\/eldiario_net"]},{"@type":"Person","@id":"https:\/\/www.eldiario.net\/portal\/#\/schema\/person\/f46445640444750d7d753ccd04ae01b7","name":"Jeanette","image":{"@type":"ImageObject","inLanguage":"es","@id":"https:\/\/secure.gravatar.com\/avatar\/3ea2118a5f7dad2b7138b1187a6b7ee55f160b9968b66013c3a3ef39dd7e5798?s=96&d=mm&r=g","url":"https:\/\/secure.gravatar.com\/avatar\/3ea2118a5f7dad2b7138b1187a6b7ee55f160b9968b66013c3a3ef39dd7e5798?s=96&d=mm&r=g","contentUrl":"https:\/\/secure.gravatar.com\/avatar\/3ea2118a5f7dad2b7138b1187a6b7ee55f160b9968b66013c3a3ef39dd7e5798?s=96&d=mm&r=g","caption":"Jeanette"},"sameAs":["https:\/\/www.eldiario.net\/portal"],"url":"https:\/\/www.eldiario.net\/portal\/author\/jeanette\/"}]}},"_links":{"self":[{"href":"https:\/\/www.eldiario.net\/portal\/wp-json\/wp\/v2\/posts\/257518","targetHints":{"allow":["GET"]}}],"collection":[{"href":"https:\/\/www.eldiario.net\/portal\/wp-json\/wp\/v2\/posts"}],"about":[{"href":"https:\/\/www.eldiario.net\/portal\/wp-json\/wp\/v2\/types\/post"}],"author":[{"embeddable":true,"href":"https:\/\/www.eldiario.net\/portal\/wp-json\/wp\/v2\/users\/1"}],"replies":[{"embeddable":true,"href":"https:\/\/www.eldiario.net\/portal\/wp-json\/wp\/v2\/comments?post=257518"}],"version-history":[{"count":1,"href":"https:\/\/www.eldiario.net\/portal\/wp-json\/wp\/v2\/posts\/257518\/revisions"}],"predecessor-version":[{"id":257519,"href":"https:\/\/www.eldiario.net\/portal\/wp-json\/wp\/v2\/posts\/257518\/revisions\/257519"}],"wp:featuredmedia":[{"embeddable":true,"href":"https:\/\/www.eldiario.net\/portal\/wp-json\/wp\/v2\/media\/188324"}],"wp:attachment":[{"href":"https:\/\/www.eldiario.net\/portal\/wp-json\/wp\/v2\/media?parent=257518"}],"wp:term":[{"taxonomy":"category","embeddable":true,"href":"https:\/\/www.eldiario.net\/portal\/wp-json\/wp\/v2\/categories?post=257518"},{"taxonomy":"post_tag","embeddable":true,"href":"https:\/\/www.eldiario.net\/portal\/wp-json\/wp\/v2\/tags?post=257518"}],"curies":[{"name":"wp","href":"https:\/\/api.w.org\/{rel}","templated":true}]}}