{"id":257507,"date":"2024-10-30T06:22:05","date_gmt":"2024-10-30T10:22:05","guid":{"rendered":"https:\/\/www.eldiario.net\/portal\/?p=257507"},"modified":"2024-10-30T06:22:06","modified_gmt":"2024-10-30T10:22:06","slug":"donde-empezo-la-crisis-que-vivimos-hoy","status":"publish","type":"post","link":"https:\/\/www.eldiario.net\/portal\/2024\/10\/30\/donde-empezo-la-crisis-que-vivimos-hoy\/","title":{"rendered":"\u00bfD\u00f3nde empez\u00f3 la crisis que vivimos hoy?"},"content":{"rendered":"<p>El pa\u00eds est\u00e1 atravesando una crisis de proporciones. Nos estamos cayendo a pedazos. No hay combustible, la gente no tiene qu\u00e9 comer, los hospitales no tienen medicamentos, la dinamita explota en las carreteras, las empresas cierran, los j\u00f3venes se van\u2026 ha llegado nuestra mala hora. Lo ven\u00edamos advirtiendo hace mucho tiempo y solo recib\u00edamos insultos. No nos bajaban de \u201cjinetes del Apocalipsis\u201d y ya ven, el Apocalipsis lleg\u00f3.<br \/>\nLa crisis que vivimos hoy es el resultado de la acumulaci\u00f3n de malas decisiones y pol\u00edticas implementadas por los gobiernos masistas durante los \u00faltimos 18 a\u00f1os. Decisiones y pol\u00edticas que no fueron, sin embargo, el resultado de la incapacidad o la chamboner\u00eda de tilines y ped\u00f3filos, sino del c\u00e1lculo y el dise\u00f1o premeditado para debilitar la econom\u00eda, atemorizar a la ciudadan\u00eda y anular toda reacci\u00f3n pol\u00edtica. La crisis que vivimos hoy fue planificada lejos de nuestras fronteras, en los cuarteles caribe\u00f1os del Socialismo del Siglo XXI. Los \u201ctilines y ped\u00f3filos\u201d solo fueron los ejecutores.<br \/>\nAl llegar al poder en 2006, Evo Morales, el MAS y el proyecto Castro-Chavista que los patrocinaba, ten\u00edan ya muy clara la receta: refundar el pa\u00eds y convertirlo en un \u201csocialismo comunitario\u201d. Ah\u00ed nace el germen de la crisis que vivimos hoy. El modelo econ\u00f3mico elegido, la reforma de la Constituci\u00f3n y la paulatina destrucci\u00f3n de la democracia, fueron \u00fanicamente pasos intermedios para instalar un paradigma estatista de concentraci\u00f3n del poder y empobrecimiento de la sociedad.<br \/>\nComo en 2006 nos sacamos la loter\u00eda con los alt\u00edsimos precios internacionales de las materias primas, la crisis que empez\u00f3 a desarrollarse desde el primer d\u00eda de gobierno masista no asom\u00f3 la cabeza hasta mucho despu\u00e9s. Con plata (y fue mucha plata durante 8 a\u00f1os) las malas decisiones y pol\u00edticas se disimulaban. No era que el Modelo Econ\u00f3mico Social Comunitario Productivo funcionara y generara riqueza, era simplemente que todas las ineficiencias que produc\u00eda se pod\u00edan cubrir bajo la alfombra.<br \/>\nPero, claro, la loter\u00eda de precios internacionales no pod\u00eda durar para siempre y cuando \u00e9stos cayeron en 2014 empezamos a ver que el rey estaba desnudo. Para cubrir su desnudez y que no se notara que la fiesta se acababa, el MAS reemplaz\u00f3 los ingresos de gas con gasto p\u00fablico financiado con deuda, es decir, con d\u00e9ficits fiscales. Lo que sigue se cuenta solo: 11 a\u00f1os consecutivos de d\u00e9ficits fiscales acabaron con las reservas internacionales, sin reservas internacionales nos quedamos sin d\u00f3lares y sin d\u00f3lares nos quedamos sin combustibles y sin medicamentos. Pero, ojo, esto solo est\u00e1 comenzando, el Apocalipsis es profundo, el infierno tiene varios niveles, y lo peor est\u00e1 por venir. Sin d\u00f3lares, y sin ajustar la oferta monetaria, hemos empezado r\u00e1pidamente a caminar un proceso inflacionario. Un camino vertiginoso que una vez empezado es muy dif\u00edcil revertir. Si ese proceso inflacionario se desencadena, ah\u00ed s\u00ed, s\u00e1lvese quien pueda.<br \/>\nY \u00bfpor qu\u00e9 estaba desnudo el rey? Porque el paradigma \u201csocialista comunitario\u201d no solo estaba dise\u00f1ado para despilfarrar los ingresos del gas, sino, sobre todo, para aplastar la iniciativa privada. Esa era la receta Castro-Chavista: que no quede iniciativa privada con cabeza. El MAS impuso controles de precios, cupos a la exportaci\u00f3n, regulaciones imposibles de navegar en el mercado laboral, una mara\u00f1a impenetrable de impuestos, burocracia, tramitolog\u00eda, y, por supuesto, una falta total de seguridad jur\u00eddica. As\u00ed no hay iniciativa privada que florezca a menos, por supuesto, que se esconda en el sector informal. La consecuencia natural es que, como porcentaje de la econom\u00eda, el nuestro es el sector informal m\u00e1s grande del mundo.<br \/>\nLa crisis que vivimos hoy es el resultado de muchas malas decisiones y pol\u00edticas acumuladas por casi dos d\u00e9cadas. Pero el germen, la piedra fundamental, est\u00e1 en la llegada al poder de un proyecto \u201csocialista comunitario\u201d, un proyecto que el depuesto presidente S\u00e1nchez de Lozada vislumbr\u00f3 en 2003 y acertadamente llam\u00f3 la \u201cdictadura sindical\u201d. La culpa la tiene, sin duda, la mafia masista, pero tambi\u00e9n los traidores que permitieron su llegada al poder y adem\u00e1s les dieron amnist\u00eda.<\/p>\n<p>Antonio Saravia es PhD en econom\u00eda.<br \/>\nTwitter: @tufisaravia<\/p>\n","protected":false},"excerpt":{"rendered":"<p>El pa\u00eds est\u00e1 atravesando una crisis de proporciones. Nos estamos cayendo a pedazos. No hay combustible, la gente no tiene qu\u00e9 comer, los hospitales no tienen medicamentos, la dinamita explota en las carreteras, las empresas cierran, los j\u00f3venes se van\u2026 ha llegado nuestra mala hora. Lo ven\u00edamos advirtiendo hace mucho tiempo y solo recib\u00edamos insultos. [&hellip;]<\/p>\n","protected":false},"author":1,"featured_media":164912,"comment_status":"closed","ping_status":"open","sticky":false,"template":"","format":"standard","meta":{"_acf_changed":false,"footnotes":""},"categories":[9],"tags":[],"class_list":["post-257507","post","type-post","status-publish","format-standard","has-post-thumbnail","category-opinion"],"acf":{"antetitulo":""},"yoast_head":"<!-- This site is optimized with the Yoast SEO plugin v28.4 - https:\/\/yoast.com\/product\/yoast-seo-wordpress\/ -->\n<title>\u00bfD\u00f3nde empez\u00f3 la crisis que vivimos hoy? - El Diario - Bolivia<\/title>\n<meta name=\"robots\" content=\"index, follow, max-snippet:-1, max-image-preview:large, max-video-preview:-1\" \/>\n<link rel=\"canonical\" href=\"https:\/\/www.eldiario.net\/portal\/2024\/10\/30\/donde-empezo-la-crisis-que-vivimos-hoy\/\" \/>\n<meta property=\"og:locale\" content=\"es_ES\" \/>\n<meta property=\"og:type\" content=\"article\" \/>\n<meta property=\"og:title\" content=\"\u00bfD\u00f3nde empez\u00f3 la crisis que vivimos hoy? - El Diario - Bolivia\" \/>\n<meta property=\"og:description\" content=\"El pa\u00eds est\u00e1 atravesando una crisis de proporciones. Nos estamos cayendo a pedazos. No hay combustible, la gente no tiene qu\u00e9 comer, los hospitales no tienen medicamentos, la dinamita explota en las carreteras, las empresas cierran, los j\u00f3venes se van\u2026 ha llegado nuestra mala hora. Lo ven\u00edamos advirtiendo hace mucho tiempo y solo recib\u00edamos insultos. [&hellip;]\" \/>\n<meta property=\"og:url\" content=\"https:\/\/www.eldiario.net\/portal\/2024\/10\/30\/donde-empezo-la-crisis-que-vivimos-hoy\/\" \/>\n<meta property=\"og:site_name\" content=\"El Diario - Bolivia\" \/>\n<meta property=\"article:publisher\" content=\"https:\/\/www.facebook.com\/eldiario.bolivia\/\" \/>\n<meta property=\"article:published_time\" content=\"2024-10-30T10:22:05+00:00\" \/>\n<meta property=\"article:modified_time\" content=\"2024-10-30T10:22:06+00:00\" \/>\n<meta property=\"og:image\" content=\"https:\/\/www.eldiario.net\/portal\/wp-content\/uploads\/2023\/07\/Antonio-Saravia.jpg\" \/>\n\t<meta property=\"og:image:width\" content=\"1200\" \/>\n\t<meta property=\"og:image:height\" content=\"628\" \/>\n\t<meta property=\"og:image:type\" content=\"image\/jpeg\" \/>\n<meta name=\"author\" content=\"Jeanette\" \/>\n<meta name=\"twitter:card\" content=\"summary_large_image\" \/>\n<meta name=\"twitter:creator\" content=\"@eldiario_net\" \/>\n<meta name=\"twitter:site\" content=\"@eldiario_net\" \/>\n<meta name=\"twitter:label1\" content=\"Escrito por\" \/>\n\t<meta name=\"twitter:data1\" content=\"Jeanette\" \/>\n\t<meta name=\"twitter:label2\" content=\"Tiempo de lectura\" \/>\n\t<meta name=\"twitter:data2\" content=\"4 minutos\" \/>\n<script type=\"application\/ld+json\" class=\"yoast-schema-graph\">{\"@context\":\"https:\\\/\\\/schema.org\",\"@graph\":[{\"@type\":\"Article\",\"@id\":\"https:\\\/\\\/www.eldiario.net\\\/portal\\\/2024\\\/10\\\/30\\\/donde-empezo-la-crisis-que-vivimos-hoy\\\/#article\",\"isPartOf\":{\"@id\":\"https:\\\/\\\/www.eldiario.net\\\/portal\\\/2024\\\/10\\\/30\\\/donde-empezo-la-crisis-que-vivimos-hoy\\\/\"},\"author\":{\"name\":\"Jeanette\",\"@id\":\"https:\\\/\\\/www.eldiario.net\\\/portal\\\/#\\\/schema\\\/person\\\/f46445640444750d7d753ccd04ae01b7\"},\"headline\":\"\u00bfD\u00f3nde empez\u00f3 la crisis que vivimos hoy?\",\"datePublished\":\"2024-10-30T10:22:05+00:00\",\"dateModified\":\"2024-10-30T10:22:06+00:00\",\"mainEntityOfPage\":{\"@id\":\"https:\\\/\\\/www.eldiario.net\\\/portal\\\/2024\\\/10\\\/30\\\/donde-empezo-la-crisis-que-vivimos-hoy\\\/\"},\"wordCount\":728,\"publisher\":{\"@id\":\"https:\\\/\\\/www.eldiario.net\\\/portal\\\/#organization\"},\"image\":{\"@id\":\"https:\\\/\\\/www.eldiario.net\\\/portal\\\/2024\\\/10\\\/30\\\/donde-empezo-la-crisis-que-vivimos-hoy\\\/#primaryimage\"},\"thumbnailUrl\":\"https:\\\/\\\/www.eldiario.net\\\/portal\\\/wp-content\\\/uploads\\\/2023\\\/07\\\/Antonio-Saravia.jpg\",\"articleSection\":[\"Opini\u00f3n\"],\"inLanguage\":\"es\"},{\"@type\":\"WebPage\",\"@id\":\"https:\\\/\\\/www.eldiario.net\\\/portal\\\/2024\\\/10\\\/30\\\/donde-empezo-la-crisis-que-vivimos-hoy\\\/\",\"url\":\"https:\\\/\\\/www.eldiario.net\\\/portal\\\/2024\\\/10\\\/30\\\/donde-empezo-la-crisis-que-vivimos-hoy\\\/\",\"name\":\"\u00bfD\u00f3nde empez\u00f3 la crisis que vivimos hoy? - El Diario - Bolivia\",\"isPartOf\":{\"@id\":\"https:\\\/\\\/www.eldiario.net\\\/portal\\\/#website\"},\"primaryImageOfPage\":{\"@id\":\"https:\\\/\\\/www.eldiario.net\\\/portal\\\/2024\\\/10\\\/30\\\/donde-empezo-la-crisis-que-vivimos-hoy\\\/#primaryimage\"},\"image\":{\"@id\":\"https:\\\/\\\/www.eldiario.net\\\/portal\\\/2024\\\/10\\\/30\\\/donde-empezo-la-crisis-que-vivimos-hoy\\\/#primaryimage\"},\"thumbnailUrl\":\"https:\\\/\\\/www.eldiario.net\\\/portal\\\/wp-content\\\/uploads\\\/2023\\\/07\\\/Antonio-Saravia.jpg\",\"datePublished\":\"2024-10-30T10:22:05+00:00\",\"dateModified\":\"2024-10-30T10:22:06+00:00\",\"breadcrumb\":{\"@id\":\"https:\\\/\\\/www.eldiario.net\\\/portal\\\/2024\\\/10\\\/30\\\/donde-empezo-la-crisis-que-vivimos-hoy\\\/#breadcrumb\"},\"inLanguage\":\"es\",\"potentialAction\":[{\"@type\":\"ReadAction\",\"target\":[\"https:\\\/\\\/www.eldiario.net\\\/portal\\\/2024\\\/10\\\/30\\\/donde-empezo-la-crisis-que-vivimos-hoy\\\/\"]}]},{\"@type\":\"ImageObject\",\"inLanguage\":\"es\",\"@id\":\"https:\\\/\\\/www.eldiario.net\\\/portal\\\/2024\\\/10\\\/30\\\/donde-empezo-la-crisis-que-vivimos-hoy\\\/#primaryimage\",\"url\":\"https:\\\/\\\/www.eldiario.net\\\/portal\\\/wp-content\\\/uploads\\\/2023\\\/07\\\/Antonio-Saravia.jpg\",\"contentUrl\":\"https:\\\/\\\/www.eldiario.net\\\/portal\\\/wp-content\\\/uploads\\\/2023\\\/07\\\/Antonio-Saravia.jpg\",\"width\":1200,\"height\":628},{\"@type\":\"BreadcrumbList\",\"@id\":\"https:\\\/\\\/www.eldiario.net\\\/portal\\\/2024\\\/10\\\/30\\\/donde-empezo-la-crisis-que-vivimos-hoy\\\/#breadcrumb\",\"itemListElement\":[{\"@type\":\"ListItem\",\"position\":1,\"name\":\"Portada\",\"item\":\"https:\\\/\\\/www.eldiario.net\\\/portal\\\/\"},{\"@type\":\"ListItem\",\"position\":2,\"name\":\"\u00bfD\u00f3nde empez\u00f3 la crisis que vivimos hoy?\"}]},{\"@type\":\"WebSite\",\"@id\":\"https:\\\/\\\/www.eldiario.net\\\/portal\\\/#website\",\"url\":\"https:\\\/\\\/www.eldiario.net\\\/portal\\\/\",\"name\":\"El Diario - Decano de la prensa nacional\",\"description\":\"El Diario - Decano de la prensa nacional\",\"publisher\":{\"@id\":\"https:\\\/\\\/www.eldiario.net\\\/portal\\\/#organization\"},\"potentialAction\":[{\"@type\":\"SearchAction\",\"target\":{\"@type\":\"EntryPoint\",\"urlTemplate\":\"https:\\\/\\\/www.eldiario.net\\\/portal\\\/?s={search_term_string}\"},\"query-input\":{\"@type\":\"PropertyValueSpecification\",\"valueRequired\":true,\"valueName\":\"search_term_string\"}}],\"inLanguage\":\"es\"},{\"@type\":\"Organization\",\"@id\":\"https:\\\/\\\/www.eldiario.net\\\/portal\\\/#organization\",\"name\":\"El Diario - Decano de la prensa nacional\",\"url\":\"https:\\\/\\\/www.eldiario.net\\\/portal\\\/\",\"logo\":{\"@type\":\"ImageObject\",\"inLanguage\":\"es\",\"@id\":\"https:\\\/\\\/www.eldiario.net\\\/portal\\\/#\\\/schema\\\/logo\\\/image\\\/\",\"url\":\"https:\\\/\\\/www.eldiario.net\\\/portal\\\/wp-content\\\/uploads\\\/2023\\\/07\\\/logo_ED.jpg\",\"contentUrl\":\"https:\\\/\\\/www.eldiario.net\\\/portal\\\/wp-content\\\/uploads\\\/2023\\\/07\\\/logo_ED.jpg\",\"width\":272,\"height\":52,\"caption\":\"El Diario - Decano de la prensa nacional\"},\"image\":{\"@id\":\"https:\\\/\\\/www.eldiario.net\\\/portal\\\/#\\\/schema\\\/logo\\\/image\\\/\"},\"sameAs\":[\"https:\\\/\\\/www.facebook.com\\\/eldiario.bolivia\\\/\",\"https:\\\/\\\/x.com\\\/eldiario_net\"]},{\"@type\":\"Person\",\"@id\":\"https:\\\/\\\/www.eldiario.net\\\/portal\\\/#\\\/schema\\\/person\\\/f46445640444750d7d753ccd04ae01b7\",\"name\":\"Jeanette\",\"image\":{\"@type\":\"ImageObject\",\"inLanguage\":\"es\",\"@id\":\"https:\\\/\\\/secure.gravatar.com\\\/avatar\\\/3ea2118a5f7dad2b7138b1187a6b7ee55f160b9968b66013c3a3ef39dd7e5798?s=96&d=mm&r=g\",\"url\":\"https:\\\/\\\/secure.gravatar.com\\\/avatar\\\/3ea2118a5f7dad2b7138b1187a6b7ee55f160b9968b66013c3a3ef39dd7e5798?s=96&d=mm&r=g\",\"contentUrl\":\"https:\\\/\\\/secure.gravatar.com\\\/avatar\\\/3ea2118a5f7dad2b7138b1187a6b7ee55f160b9968b66013c3a3ef39dd7e5798?s=96&d=mm&r=g\",\"caption\":\"Jeanette\"},\"sameAs\":[\"https:\\\/\\\/www.eldiario.net\\\/portal\"],\"url\":\"https:\\\/\\\/www.eldiario.net\\\/portal\\\/author\\\/jeanette\\\/\"}]}<\/script>\n<!-- \/ Yoast SEO plugin. -->","yoast_head_json":{"title":"\u00bfD\u00f3nde empez\u00f3 la crisis que vivimos hoy? - El Diario - Bolivia","robots":{"index":"index","follow":"follow","max-snippet":"max-snippet:-1","max-image-preview":"max-image-preview:large","max-video-preview":"max-video-preview:-1"},"canonical":"https:\/\/www.eldiario.net\/portal\/2024\/10\/30\/donde-empezo-la-crisis-que-vivimos-hoy\/","og_locale":"es_ES","og_type":"article","og_title":"\u00bfD\u00f3nde empez\u00f3 la crisis que vivimos hoy? - El Diario - Bolivia","og_description":"El pa\u00eds est\u00e1 atravesando una crisis de proporciones. Nos estamos cayendo a pedazos. No hay combustible, la gente no tiene qu\u00e9 comer, los hospitales no tienen medicamentos, la dinamita explota en las carreteras, las empresas cierran, los j\u00f3venes se van\u2026 ha llegado nuestra mala hora. Lo ven\u00edamos advirtiendo hace mucho tiempo y solo recib\u00edamos insultos. [&hellip;]","og_url":"https:\/\/www.eldiario.net\/portal\/2024\/10\/30\/donde-empezo-la-crisis-que-vivimos-hoy\/","og_site_name":"El Diario - Bolivia","article_publisher":"https:\/\/www.facebook.com\/eldiario.bolivia\/","article_published_time":"2024-10-30T10:22:05+00:00","article_modified_time":"2024-10-30T10:22:06+00:00","og_image":[{"width":1200,"height":628,"url":"https:\/\/www.eldiario.net\/portal\/wp-content\/uploads\/2023\/07\/Antonio-Saravia.jpg","type":"image\/jpeg"}],"author":"Jeanette","twitter_card":"summary_large_image","twitter_creator":"@eldiario_net","twitter_site":"@eldiario_net","twitter_misc":{"Escrito por":"Jeanette","Tiempo de lectura":"4 minutos"},"schema":{"@context":"https:\/\/schema.org","@graph":[{"@type":"Article","@id":"https:\/\/www.eldiario.net\/portal\/2024\/10\/30\/donde-empezo-la-crisis-que-vivimos-hoy\/#article","isPartOf":{"@id":"https:\/\/www.eldiario.net\/portal\/2024\/10\/30\/donde-empezo-la-crisis-que-vivimos-hoy\/"},"author":{"name":"Jeanette","@id":"https:\/\/www.eldiario.net\/portal\/#\/schema\/person\/f46445640444750d7d753ccd04ae01b7"},"headline":"\u00bfD\u00f3nde empez\u00f3 la crisis que vivimos hoy?","datePublished":"2024-10-30T10:22:05+00:00","dateModified":"2024-10-30T10:22:06+00:00","mainEntityOfPage":{"@id":"https:\/\/www.eldiario.net\/portal\/2024\/10\/30\/donde-empezo-la-crisis-que-vivimos-hoy\/"},"wordCount":728,"publisher":{"@id":"https:\/\/www.eldiario.net\/portal\/#organization"},"image":{"@id":"https:\/\/www.eldiario.net\/portal\/2024\/10\/30\/donde-empezo-la-crisis-que-vivimos-hoy\/#primaryimage"},"thumbnailUrl":"https:\/\/www.eldiario.net\/portal\/wp-content\/uploads\/2023\/07\/Antonio-Saravia.jpg","articleSection":["Opini\u00f3n"],"inLanguage":"es"},{"@type":"WebPage","@id":"https:\/\/www.eldiario.net\/portal\/2024\/10\/30\/donde-empezo-la-crisis-que-vivimos-hoy\/","url":"https:\/\/www.eldiario.net\/portal\/2024\/10\/30\/donde-empezo-la-crisis-que-vivimos-hoy\/","name":"\u00bfD\u00f3nde empez\u00f3 la crisis que vivimos hoy? - El Diario - Bolivia","isPartOf":{"@id":"https:\/\/www.eldiario.net\/portal\/#website"},"primaryImageOfPage":{"@id":"https:\/\/www.eldiario.net\/portal\/2024\/10\/30\/donde-empezo-la-crisis-que-vivimos-hoy\/#primaryimage"},"image":{"@id":"https:\/\/www.eldiario.net\/portal\/2024\/10\/30\/donde-empezo-la-crisis-que-vivimos-hoy\/#primaryimage"},"thumbnailUrl":"https:\/\/www.eldiario.net\/portal\/wp-content\/uploads\/2023\/07\/Antonio-Saravia.jpg","datePublished":"2024-10-30T10:22:05+00:00","dateModified":"2024-10-30T10:22:06+00:00","breadcrumb":{"@id":"https:\/\/www.eldiario.net\/portal\/2024\/10\/30\/donde-empezo-la-crisis-que-vivimos-hoy\/#breadcrumb"},"inLanguage":"es","potentialAction":[{"@type":"ReadAction","target":["https:\/\/www.eldiario.net\/portal\/2024\/10\/30\/donde-empezo-la-crisis-que-vivimos-hoy\/"]}]},{"@type":"ImageObject","inLanguage":"es","@id":"https:\/\/www.eldiario.net\/portal\/2024\/10\/30\/donde-empezo-la-crisis-que-vivimos-hoy\/#primaryimage","url":"https:\/\/www.eldiario.net\/portal\/wp-content\/uploads\/2023\/07\/Antonio-Saravia.jpg","contentUrl":"https:\/\/www.eldiario.net\/portal\/wp-content\/uploads\/2023\/07\/Antonio-Saravia.jpg","width":1200,"height":628},{"@type":"BreadcrumbList","@id":"https:\/\/www.eldiario.net\/portal\/2024\/10\/30\/donde-empezo-la-crisis-que-vivimos-hoy\/#breadcrumb","itemListElement":[{"@type":"ListItem","position":1,"name":"Portada","item":"https:\/\/www.eldiario.net\/portal\/"},{"@type":"ListItem","position":2,"name":"\u00bfD\u00f3nde empez\u00f3 la crisis que vivimos hoy?"}]},{"@type":"WebSite","@id":"https:\/\/www.eldiario.net\/portal\/#website","url":"https:\/\/www.eldiario.net\/portal\/","name":"El Diario - Decano de la prensa nacional","description":"El Diario - Decano de la prensa nacional","publisher":{"@id":"https:\/\/www.eldiario.net\/portal\/#organization"},"potentialAction":[{"@type":"SearchAction","target":{"@type":"EntryPoint","urlTemplate":"https:\/\/www.eldiario.net\/portal\/?s={search_term_string}"},"query-input":{"@type":"PropertyValueSpecification","valueRequired":true,"valueName":"search_term_string"}}],"inLanguage":"es"},{"@type":"Organization","@id":"https:\/\/www.eldiario.net\/portal\/#organization","name":"El Diario - Decano de la prensa nacional","url":"https:\/\/www.eldiario.net\/portal\/","logo":{"@type":"ImageObject","inLanguage":"es","@id":"https:\/\/www.eldiario.net\/portal\/#\/schema\/logo\/image\/","url":"https:\/\/www.eldiario.net\/portal\/wp-content\/uploads\/2023\/07\/logo_ED.jpg","contentUrl":"https:\/\/www.eldiario.net\/portal\/wp-content\/uploads\/2023\/07\/logo_ED.jpg","width":272,"height":52,"caption":"El Diario - Decano de la prensa nacional"},"image":{"@id":"https:\/\/www.eldiario.net\/portal\/#\/schema\/logo\/image\/"},"sameAs":["https:\/\/www.facebook.com\/eldiario.bolivia\/","https:\/\/x.com\/eldiario_net"]},{"@type":"Person","@id":"https:\/\/www.eldiario.net\/portal\/#\/schema\/person\/f46445640444750d7d753ccd04ae01b7","name":"Jeanette","image":{"@type":"ImageObject","inLanguage":"es","@id":"https:\/\/secure.gravatar.com\/avatar\/3ea2118a5f7dad2b7138b1187a6b7ee55f160b9968b66013c3a3ef39dd7e5798?s=96&d=mm&r=g","url":"https:\/\/secure.gravatar.com\/avatar\/3ea2118a5f7dad2b7138b1187a6b7ee55f160b9968b66013c3a3ef39dd7e5798?s=96&d=mm&r=g","contentUrl":"https:\/\/secure.gravatar.com\/avatar\/3ea2118a5f7dad2b7138b1187a6b7ee55f160b9968b66013c3a3ef39dd7e5798?s=96&d=mm&r=g","caption":"Jeanette"},"sameAs":["https:\/\/www.eldiario.net\/portal"],"url":"https:\/\/www.eldiario.net\/portal\/author\/jeanette\/"}]}},"_links":{"self":[{"href":"https:\/\/www.eldiario.net\/portal\/wp-json\/wp\/v2\/posts\/257507","targetHints":{"allow":["GET"]}}],"collection":[{"href":"https:\/\/www.eldiario.net\/portal\/wp-json\/wp\/v2\/posts"}],"about":[{"href":"https:\/\/www.eldiario.net\/portal\/wp-json\/wp\/v2\/types\/post"}],"author":[{"embeddable":true,"href":"https:\/\/www.eldiario.net\/portal\/wp-json\/wp\/v2\/users\/1"}],"replies":[{"embeddable":true,"href":"https:\/\/www.eldiario.net\/portal\/wp-json\/wp\/v2\/comments?post=257507"}],"version-history":[{"count":1,"href":"https:\/\/www.eldiario.net\/portal\/wp-json\/wp\/v2\/posts\/257507\/revisions"}],"predecessor-version":[{"id":257508,"href":"https:\/\/www.eldiario.net\/portal\/wp-json\/wp\/v2\/posts\/257507\/revisions\/257508"}],"wp:featuredmedia":[{"embeddable":true,"href":"https:\/\/www.eldiario.net\/portal\/wp-json\/wp\/v2\/media\/164912"}],"wp:attachment":[{"href":"https:\/\/www.eldiario.net\/portal\/wp-json\/wp\/v2\/media?parent=257507"}],"wp:term":[{"taxonomy":"category","embeddable":true,"href":"https:\/\/www.eldiario.net\/portal\/wp-json\/wp\/v2\/categories?post=257507"},{"taxonomy":"post_tag","embeddable":true,"href":"https:\/\/www.eldiario.net\/portal\/wp-json\/wp\/v2\/tags?post=257507"}],"curies":[{"name":"wp","href":"https:\/\/api.w.org\/{rel}","templated":true}]}}