{"id":25750,"date":"2021-08-26T04:01:12","date_gmt":"2021-08-26T08:01:12","guid":{"rendered":"https:\/\/www.eldiario.net\/portal\/?p=25750"},"modified":"2021-08-26T04:01:12","modified_gmt":"2021-08-26T08:01:12","slug":"incendios-forestales-en-frontera-con-brasil-arrasan-estancias-ganaderas","status":"publish","type":"post","link":"https:\/\/www.eldiario.net\/portal\/2021\/08\/26\/incendios-forestales-en-frontera-con-brasil-arrasan-estancias-ganaderas\/","title":{"rendered":"Incendios forestales en frontera con Brasil arrasan estancias ganaderas"},"content":{"rendered":"<p>El incendio forestal que se registra en la provincia de C\u00e1ceres, de la regi\u00f3n de Mato Grosso (Brasil) frontera con el municipio de San Mat\u00edas (Bolivia) deja im\u00e1genes de terror y hace temer sus efectos en el lado boliviano. Los fuertes vientos activan nuevos incendios que avanzan de manera incontrolable arrasando bosques, pastizales, animales silvestres y reses de estancias ganaderas.<\/p>\n<p>C\u00e1ceres, provincia vecina a San Mat\u00edas, tambi\u00e9n sufre por los incendios forestales. El fuego recorre por un costado del r\u00edo Paraguay. Las llamas se encuentran a 100 kil\u00f3metros de la frontera boliviana.<\/p>\n<p>Los videos muestran la desesperaci\u00f3n de los trabajadores en las estancias ganaderas ante el fuego espoleado por la intensidad del viento. Las voraces llamas consumieron las edificaciones y atraparon a decenas de animales dom\u00e9sticos que perecieron por efecto del fuego.<\/p>\n<p>Ante esta realidad, el presidente de la Asociaci\u00f3n de ganaderos de San Mat\u00edas, Aldo Vaca, manifest\u00f3 su desesperaci\u00f3n al se\u00f1alar que los ganaderos y productores esperan la llegada de una lluvia para aplacar los incendios para que de alguna forma ayude a contener el avance del fuego. \u201cEs un duro momento que afronta el sector, hostigado por dos frentes, sequ\u00eda e incendios\u201d, dijo.<\/p>\n<p>El dirigente ganadero explic\u00f3 que la prolongada sequ\u00eda marchit\u00f3 el pasto y limita la disponibilidad de agua para el consumo animal en los atajados, que son la fuente natural y reservorio de agua en esta \u00e9poca del a\u00f1o. Estos dos factores pasan factura al ganado que ha comenzado a enflaquecer y deshidratarse por la falta de agua. \u201cA\u00fan no contamos con una cuantificaci\u00f3n real, pero mucho ganado est\u00e1 muriendo atascado en el barro que queda en los atajados\u201d, mencion\u00f3.<\/p>\n<p>Asimismo, coment\u00f3 que a la p\u00e9rdida animal se suman los da\u00f1os a la infraestructura productiva, dado que los incendios han reducido a cenizas los potreros y los postes de las alambradas. \u201cLas p\u00e9rdidas econ\u00f3micas en las propiedades ganaderas son cuantiosos\u201d, manifest\u00f3 Vaca, al acotar que, por el momento, no recibieron asistencia de ninguna de las autoridades en cuanto a provisi\u00f3n de agua en cisternas y de pasto para el ganado.<\/p>\n<p>Hizo notar que los camiones cisternas desplazados en la zona est\u00e1n siendo ocupadas para proveer agua a los bomberos que combaten el fuego en la zona. No obstante, clam\u00f3 por agua para salvar al ganado. Estiman que el hato bovino en la zona supera las 50.000 cabezas.<\/p>\n","protected":false},"excerpt":{"rendered":"<p>El incendio forestal que se registra en la provincia de C\u00e1ceres, de la regi\u00f3n de Mato Grosso (Brasil) frontera con el municipio de San Mat\u00edas (Bolivia) deja im\u00e1genes de terror y hace temer sus efectos en el lado boliviano. Los fuertes vientos activan nuevos incendios que avanzan de manera incontrolable arrasando bosques, pastizales, animales silvestres [&hellip;]<\/p>\n","protected":false},"author":1,"featured_media":25751,"comment_status":"closed","ping_status":"closed","sticky":false,"template":"","format":"standard","meta":{"_acf_changed":false,"footnotes":""},"categories":[12],"tags":[],"class_list":["post-25750","post","type-post","status-publish","format-standard","has-post-thumbnail","category-nacional"],"acf":{"antetitulo":""},"yoast_head":"<!-- This site is optimized with the Yoast SEO plugin v28.4 - https:\/\/yoast.com\/product\/yoast-seo-wordpress\/ -->\n<title>Incendios forestales en frontera con Brasil arrasan estancias ganaderas - El Diario - Bolivia<\/title>\n<meta name=\"robots\" content=\"index, follow, max-snippet:-1, max-image-preview:large, max-video-preview:-1\" \/>\n<link rel=\"canonical\" href=\"https:\/\/www.eldiario.net\/portal\/2021\/08\/26\/incendios-forestales-en-frontera-con-brasil-arrasan-estancias-ganaderas\/\" \/>\n<meta property=\"og:locale\" content=\"es_ES\" \/>\n<meta property=\"og:type\" content=\"article\" \/>\n<meta property=\"og:title\" content=\"Incendios forestales en frontera con Brasil arrasan estancias ganaderas - El Diario - Bolivia\" \/>\n<meta property=\"og:description\" content=\"El incendio forestal que se registra en la provincia de C\u00e1ceres, de la regi\u00f3n de Mato Grosso (Brasil) frontera con el municipio de San Mat\u00edas (Bolivia) deja im\u00e1genes de terror y hace temer sus efectos en el lado boliviano. Los fuertes vientos activan nuevos incendios que avanzan de manera incontrolable arrasando bosques, pastizales, animales silvestres [&hellip;]\" \/>\n<meta property=\"og:url\" content=\"https:\/\/www.eldiario.net\/portal\/2021\/08\/26\/incendios-forestales-en-frontera-con-brasil-arrasan-estancias-ganaderas\/\" \/>\n<meta property=\"og:site_name\" content=\"El Diario - Bolivia\" \/>\n<meta property=\"article:publisher\" content=\"https:\/\/www.facebook.com\/eldiario.bolivia\/\" \/>\n<meta property=\"article:published_time\" content=\"2021-08-26T08:01:12+00:00\" \/>\n<meta name=\"author\" content=\"Jeanette\" \/>\n<meta name=\"twitter:card\" content=\"summary_large_image\" \/>\n<meta name=\"twitter:creator\" content=\"@eldiario_net\" \/>\n<meta name=\"twitter:site\" content=\"@eldiario_net\" \/>\n<meta name=\"twitter:label1\" content=\"Escrito por\" \/>\n\t<meta name=\"twitter:data1\" content=\"Jeanette\" \/>\n\t<meta name=\"twitter:label2\" content=\"Tiempo de lectura\" \/>\n\t<meta name=\"twitter:data2\" content=\"2 minutos\" \/>\n<script type=\"application\/ld+json\" class=\"yoast-schema-graph\">{\"@context\":\"https:\\\/\\\/schema.org\",\"@graph\":[{\"@type\":\"Article\",\"@id\":\"https:\\\/\\\/www.eldiario.net\\\/portal\\\/2021\\\/08\\\/26\\\/incendios-forestales-en-frontera-con-brasil-arrasan-estancias-ganaderas\\\/#article\",\"isPartOf\":{\"@id\":\"https:\\\/\\\/www.eldiario.net\\\/portal\\\/2021\\\/08\\\/26\\\/incendios-forestales-en-frontera-con-brasil-arrasan-estancias-ganaderas\\\/\"},\"author\":{\"name\":\"Jeanette\",\"@id\":\"https:\\\/\\\/www.eldiario.net\\\/portal\\\/#\\\/schema\\\/person\\\/f46445640444750d7d753ccd04ae01b7\"},\"headline\":\"Incendios forestales en frontera con Brasil arrasan estancias ganaderas\",\"datePublished\":\"2021-08-26T08:01:12+00:00\",\"mainEntityOfPage\":{\"@id\":\"https:\\\/\\\/www.eldiario.net\\\/portal\\\/2021\\\/08\\\/26\\\/incendios-forestales-en-frontera-con-brasil-arrasan-estancias-ganaderas\\\/\"},\"wordCount\":424,\"publisher\":{\"@id\":\"https:\\\/\\\/www.eldiario.net\\\/portal\\\/#organization\"},\"image\":{\"@id\":\"https:\\\/\\\/www.eldiario.net\\\/portal\\\/2021\\\/08\\\/26\\\/incendios-forestales-en-frontera-con-brasil-arrasan-estancias-ganaderas\\\/#primaryimage\"},\"thumbnailUrl\":\"\",\"articleSection\":[\"Nacional\"],\"inLanguage\":\"es\"},{\"@type\":\"WebPage\",\"@id\":\"https:\\\/\\\/www.eldiario.net\\\/portal\\\/2021\\\/08\\\/26\\\/incendios-forestales-en-frontera-con-brasil-arrasan-estancias-ganaderas\\\/\",\"url\":\"https:\\\/\\\/www.eldiario.net\\\/portal\\\/2021\\\/08\\\/26\\\/incendios-forestales-en-frontera-con-brasil-arrasan-estancias-ganaderas\\\/\",\"name\":\"Incendios forestales en frontera con Brasil arrasan estancias ganaderas - El Diario - Bolivia\",\"isPartOf\":{\"@id\":\"https:\\\/\\\/www.eldiario.net\\\/portal\\\/#website\"},\"primaryImageOfPage\":{\"@id\":\"https:\\\/\\\/www.eldiario.net\\\/portal\\\/2021\\\/08\\\/26\\\/incendios-forestales-en-frontera-con-brasil-arrasan-estancias-ganaderas\\\/#primaryimage\"},\"image\":{\"@id\":\"https:\\\/\\\/www.eldiario.net\\\/portal\\\/2021\\\/08\\\/26\\\/incendios-forestales-en-frontera-con-brasil-arrasan-estancias-ganaderas\\\/#primaryimage\"},\"thumbnailUrl\":\"\",\"datePublished\":\"2021-08-26T08:01:12+00:00\",\"breadcrumb\":{\"@id\":\"https:\\\/\\\/www.eldiario.net\\\/portal\\\/2021\\\/08\\\/26\\\/incendios-forestales-en-frontera-con-brasil-arrasan-estancias-ganaderas\\\/#breadcrumb\"},\"inLanguage\":\"es\",\"potentialAction\":[{\"@type\":\"ReadAction\",\"target\":[\"https:\\\/\\\/www.eldiario.net\\\/portal\\\/2021\\\/08\\\/26\\\/incendios-forestales-en-frontera-con-brasil-arrasan-estancias-ganaderas\\\/\"]}]},{\"@type\":\"ImageObject\",\"inLanguage\":\"es\",\"@id\":\"https:\\\/\\\/www.eldiario.net\\\/portal\\\/2021\\\/08\\\/26\\\/incendios-forestales-en-frontera-con-brasil-arrasan-estancias-ganaderas\\\/#primaryimage\",\"url\":\"\",\"contentUrl\":\"\"},{\"@type\":\"BreadcrumbList\",\"@id\":\"https:\\\/\\\/www.eldiario.net\\\/portal\\\/2021\\\/08\\\/26\\\/incendios-forestales-en-frontera-con-brasil-arrasan-estancias-ganaderas\\\/#breadcrumb\",\"itemListElement\":[{\"@type\":\"ListItem\",\"position\":1,\"name\":\"Portada\",\"item\":\"https:\\\/\\\/www.eldiario.net\\\/portal\\\/\"},{\"@type\":\"ListItem\",\"position\":2,\"name\":\"Incendios forestales en frontera con Brasil arrasan estancias ganaderas\"}]},{\"@type\":\"WebSite\",\"@id\":\"https:\\\/\\\/www.eldiario.net\\\/portal\\\/#website\",\"url\":\"https:\\\/\\\/www.eldiario.net\\\/portal\\\/\",\"name\":\"El Diario - Decano de la prensa nacional\",\"description\":\"El Diario - Decano de la prensa nacional\",\"publisher\":{\"@id\":\"https:\\\/\\\/www.eldiario.net\\\/portal\\\/#organization\"},\"potentialAction\":[{\"@type\":\"SearchAction\",\"target\":{\"@type\":\"EntryPoint\",\"urlTemplate\":\"https:\\\/\\\/www.eldiario.net\\\/portal\\\/?s={search_term_string}\"},\"query-input\":{\"@type\":\"PropertyValueSpecification\",\"valueRequired\":true,\"valueName\":\"search_term_string\"}}],\"inLanguage\":\"es\"},{\"@type\":\"Organization\",\"@id\":\"https:\\\/\\\/www.eldiario.net\\\/portal\\\/#organization\",\"name\":\"El Diario - Decano de la prensa nacional\",\"url\":\"https:\\\/\\\/www.eldiario.net\\\/portal\\\/\",\"logo\":{\"@type\":\"ImageObject\",\"inLanguage\":\"es\",\"@id\":\"https:\\\/\\\/www.eldiario.net\\\/portal\\\/#\\\/schema\\\/logo\\\/image\\\/\",\"url\":\"https:\\\/\\\/www.eldiario.net\\\/portal\\\/wp-content\\\/uploads\\\/2023\\\/07\\\/logo_ED.jpg\",\"contentUrl\":\"https:\\\/\\\/www.eldiario.net\\\/portal\\\/wp-content\\\/uploads\\\/2023\\\/07\\\/logo_ED.jpg\",\"width\":272,\"height\":52,\"caption\":\"El Diario - Decano de la prensa nacional\"},\"image\":{\"@id\":\"https:\\\/\\\/www.eldiario.net\\\/portal\\\/#\\\/schema\\\/logo\\\/image\\\/\"},\"sameAs\":[\"https:\\\/\\\/www.facebook.com\\\/eldiario.bolivia\\\/\",\"https:\\\/\\\/x.com\\\/eldiario_net\"]},{\"@type\":\"Person\",\"@id\":\"https:\\\/\\\/www.eldiario.net\\\/portal\\\/#\\\/schema\\\/person\\\/f46445640444750d7d753ccd04ae01b7\",\"name\":\"Jeanette\",\"image\":{\"@type\":\"ImageObject\",\"inLanguage\":\"es\",\"@id\":\"https:\\\/\\\/secure.gravatar.com\\\/avatar\\\/3ea2118a5f7dad2b7138b1187a6b7ee55f160b9968b66013c3a3ef39dd7e5798?s=96&d=mm&r=g\",\"url\":\"https:\\\/\\\/secure.gravatar.com\\\/avatar\\\/3ea2118a5f7dad2b7138b1187a6b7ee55f160b9968b66013c3a3ef39dd7e5798?s=96&d=mm&r=g\",\"contentUrl\":\"https:\\\/\\\/secure.gravatar.com\\\/avatar\\\/3ea2118a5f7dad2b7138b1187a6b7ee55f160b9968b66013c3a3ef39dd7e5798?s=96&d=mm&r=g\",\"caption\":\"Jeanette\"},\"sameAs\":[\"https:\\\/\\\/www.eldiario.net\\\/portal\"],\"url\":\"https:\\\/\\\/www.eldiario.net\\\/portal\\\/author\\\/jeanette\\\/\"}]}<\/script>\n<!-- \/ Yoast SEO plugin. -->","yoast_head_json":{"title":"Incendios forestales en frontera con Brasil arrasan estancias ganaderas - El Diario - Bolivia","robots":{"index":"index","follow":"follow","max-snippet":"max-snippet:-1","max-image-preview":"max-image-preview:large","max-video-preview":"max-video-preview:-1"},"canonical":"https:\/\/www.eldiario.net\/portal\/2021\/08\/26\/incendios-forestales-en-frontera-con-brasil-arrasan-estancias-ganaderas\/","og_locale":"es_ES","og_type":"article","og_title":"Incendios forestales en frontera con Brasil arrasan estancias ganaderas - El Diario - Bolivia","og_description":"El incendio forestal que se registra en la provincia de C\u00e1ceres, de la regi\u00f3n de Mato Grosso (Brasil) frontera con el municipio de San Mat\u00edas (Bolivia) deja im\u00e1genes de terror y hace temer sus efectos en el lado boliviano. Los fuertes vientos activan nuevos incendios que avanzan de manera incontrolable arrasando bosques, pastizales, animales silvestres [&hellip;]","og_url":"https:\/\/www.eldiario.net\/portal\/2021\/08\/26\/incendios-forestales-en-frontera-con-brasil-arrasan-estancias-ganaderas\/","og_site_name":"El Diario - Bolivia","article_publisher":"https:\/\/www.facebook.com\/eldiario.bolivia\/","article_published_time":"2021-08-26T08:01:12+00:00","author":"Jeanette","twitter_card":"summary_large_image","twitter_creator":"@eldiario_net","twitter_site":"@eldiario_net","twitter_misc":{"Escrito por":"Jeanette","Tiempo de lectura":"2 minutos"},"schema":{"@context":"https:\/\/schema.org","@graph":[{"@type":"Article","@id":"https:\/\/www.eldiario.net\/portal\/2021\/08\/26\/incendios-forestales-en-frontera-con-brasil-arrasan-estancias-ganaderas\/#article","isPartOf":{"@id":"https:\/\/www.eldiario.net\/portal\/2021\/08\/26\/incendios-forestales-en-frontera-con-brasil-arrasan-estancias-ganaderas\/"},"author":{"name":"Jeanette","@id":"https:\/\/www.eldiario.net\/portal\/#\/schema\/person\/f46445640444750d7d753ccd04ae01b7"},"headline":"Incendios forestales en frontera con Brasil arrasan estancias ganaderas","datePublished":"2021-08-26T08:01:12+00:00","mainEntityOfPage":{"@id":"https:\/\/www.eldiario.net\/portal\/2021\/08\/26\/incendios-forestales-en-frontera-con-brasil-arrasan-estancias-ganaderas\/"},"wordCount":424,"publisher":{"@id":"https:\/\/www.eldiario.net\/portal\/#organization"},"image":{"@id":"https:\/\/www.eldiario.net\/portal\/2021\/08\/26\/incendios-forestales-en-frontera-con-brasil-arrasan-estancias-ganaderas\/#primaryimage"},"thumbnailUrl":"","articleSection":["Nacional"],"inLanguage":"es"},{"@type":"WebPage","@id":"https:\/\/www.eldiario.net\/portal\/2021\/08\/26\/incendios-forestales-en-frontera-con-brasil-arrasan-estancias-ganaderas\/","url":"https:\/\/www.eldiario.net\/portal\/2021\/08\/26\/incendios-forestales-en-frontera-con-brasil-arrasan-estancias-ganaderas\/","name":"Incendios forestales en frontera con Brasil arrasan estancias ganaderas - El Diario - Bolivia","isPartOf":{"@id":"https:\/\/www.eldiario.net\/portal\/#website"},"primaryImageOfPage":{"@id":"https:\/\/www.eldiario.net\/portal\/2021\/08\/26\/incendios-forestales-en-frontera-con-brasil-arrasan-estancias-ganaderas\/#primaryimage"},"image":{"@id":"https:\/\/www.eldiario.net\/portal\/2021\/08\/26\/incendios-forestales-en-frontera-con-brasil-arrasan-estancias-ganaderas\/#primaryimage"},"thumbnailUrl":"","datePublished":"2021-08-26T08:01:12+00:00","breadcrumb":{"@id":"https:\/\/www.eldiario.net\/portal\/2021\/08\/26\/incendios-forestales-en-frontera-con-brasil-arrasan-estancias-ganaderas\/#breadcrumb"},"inLanguage":"es","potentialAction":[{"@type":"ReadAction","target":["https:\/\/www.eldiario.net\/portal\/2021\/08\/26\/incendios-forestales-en-frontera-con-brasil-arrasan-estancias-ganaderas\/"]}]},{"@type":"ImageObject","inLanguage":"es","@id":"https:\/\/www.eldiario.net\/portal\/2021\/08\/26\/incendios-forestales-en-frontera-con-brasil-arrasan-estancias-ganaderas\/#primaryimage","url":"","contentUrl":""},{"@type":"BreadcrumbList","@id":"https:\/\/www.eldiario.net\/portal\/2021\/08\/26\/incendios-forestales-en-frontera-con-brasil-arrasan-estancias-ganaderas\/#breadcrumb","itemListElement":[{"@type":"ListItem","position":1,"name":"Portada","item":"https:\/\/www.eldiario.net\/portal\/"},{"@type":"ListItem","position":2,"name":"Incendios forestales en frontera con Brasil arrasan estancias ganaderas"}]},{"@type":"WebSite","@id":"https:\/\/www.eldiario.net\/portal\/#website","url":"https:\/\/www.eldiario.net\/portal\/","name":"El Diario - Decano de la prensa nacional","description":"El Diario - Decano de la prensa nacional","publisher":{"@id":"https:\/\/www.eldiario.net\/portal\/#organization"},"potentialAction":[{"@type":"SearchAction","target":{"@type":"EntryPoint","urlTemplate":"https:\/\/www.eldiario.net\/portal\/?s={search_term_string}"},"query-input":{"@type":"PropertyValueSpecification","valueRequired":true,"valueName":"search_term_string"}}],"inLanguage":"es"},{"@type":"Organization","@id":"https:\/\/www.eldiario.net\/portal\/#organization","name":"El Diario - Decano de la prensa nacional","url":"https:\/\/www.eldiario.net\/portal\/","logo":{"@type":"ImageObject","inLanguage":"es","@id":"https:\/\/www.eldiario.net\/portal\/#\/schema\/logo\/image\/","url":"https:\/\/www.eldiario.net\/portal\/wp-content\/uploads\/2023\/07\/logo_ED.jpg","contentUrl":"https:\/\/www.eldiario.net\/portal\/wp-content\/uploads\/2023\/07\/logo_ED.jpg","width":272,"height":52,"caption":"El Diario - Decano de la prensa nacional"},"image":{"@id":"https:\/\/www.eldiario.net\/portal\/#\/schema\/logo\/image\/"},"sameAs":["https:\/\/www.facebook.com\/eldiario.bolivia\/","https:\/\/x.com\/eldiario_net"]},{"@type":"Person","@id":"https:\/\/www.eldiario.net\/portal\/#\/schema\/person\/f46445640444750d7d753ccd04ae01b7","name":"Jeanette","image":{"@type":"ImageObject","inLanguage":"es","@id":"https:\/\/secure.gravatar.com\/avatar\/3ea2118a5f7dad2b7138b1187a6b7ee55f160b9968b66013c3a3ef39dd7e5798?s=96&d=mm&r=g","url":"https:\/\/secure.gravatar.com\/avatar\/3ea2118a5f7dad2b7138b1187a6b7ee55f160b9968b66013c3a3ef39dd7e5798?s=96&d=mm&r=g","contentUrl":"https:\/\/secure.gravatar.com\/avatar\/3ea2118a5f7dad2b7138b1187a6b7ee55f160b9968b66013c3a3ef39dd7e5798?s=96&d=mm&r=g","caption":"Jeanette"},"sameAs":["https:\/\/www.eldiario.net\/portal"],"url":"https:\/\/www.eldiario.net\/portal\/author\/jeanette\/"}]}},"_links":{"self":[{"href":"https:\/\/www.eldiario.net\/portal\/wp-json\/wp\/v2\/posts\/25750","targetHints":{"allow":["GET"]}}],"collection":[{"href":"https:\/\/www.eldiario.net\/portal\/wp-json\/wp\/v2\/posts"}],"about":[{"href":"https:\/\/www.eldiario.net\/portal\/wp-json\/wp\/v2\/types\/post"}],"author":[{"embeddable":true,"href":"https:\/\/www.eldiario.net\/portal\/wp-json\/wp\/v2\/users\/1"}],"replies":[{"embeddable":true,"href":"https:\/\/www.eldiario.net\/portal\/wp-json\/wp\/v2\/comments?post=25750"}],"version-history":[{"count":0,"href":"https:\/\/www.eldiario.net\/portal\/wp-json\/wp\/v2\/posts\/25750\/revisions"}],"wp:attachment":[{"href":"https:\/\/www.eldiario.net\/portal\/wp-json\/wp\/v2\/media?parent=25750"}],"wp:term":[{"taxonomy":"category","embeddable":true,"href":"https:\/\/www.eldiario.net\/portal\/wp-json\/wp\/v2\/categories?post=25750"},{"taxonomy":"post_tag","embeddable":true,"href":"https:\/\/www.eldiario.net\/portal\/wp-json\/wp\/v2\/tags?post=25750"}],"curies":[{"name":"wp","href":"https:\/\/api.w.org\/{rel}","templated":true}]}}