{"id":257490,"date":"2024-10-30T06:16:25","date_gmt":"2024-10-30T10:16:25","guid":{"rendered":"https:\/\/www.eldiario.net\/portal\/?p=257490"},"modified":"2024-10-30T06:16:25","modified_gmt":"2024-10-30T10:16:25","slug":"mesa-pide-medidas-para-proteger-labor-de-la-prensa","status":"publish","type":"post","link":"https:\/\/www.eldiario.net\/portal\/2024\/10\/30\/mesa-pide-medidas-para-proteger-labor-de-la-prensa\/","title":{"rendered":"Mesa pide medidas para  proteger labor de la prensa"},"content":{"rendered":"<p>Ante los hechos de violencia derivados de los bloqueos \u201cevistas\u201d y la pasividad del Gobierno para aplicar la norma sobre sectores que vulneran derechos colectivos, el expresidente Carlos Mesa Gisbert, se\u00f1al\u00f3 que las medidas de presi\u00f3n ejecutadas por seguidores de Evo Morales, est\u00e1n poniendo en peligro el trabajo de la prensa, en ese sentido, demand\u00f3 sancionar excesos y asumir medidas para proteger el trabajo de los periodistas.<br \/>\nA trav\u00e9s de sus redes sociales, el exmandatario y l\u00edder de la principal fuerza de oposici\u00f3n en el Parlamento, se\u00f1al\u00f3 que los bloqueos violentos ejecutados por gente af\u00edn a Evo Morales, se van convirtiendo en uno de los conflictos m\u00e1s peligrosos para el trabajo de los periodistas.<br \/>\nEn criterio de Mesa, los constantes reportes y denuncias sobre agresiones a trabajadores de la prensa en puntos de bloqueo y otras movilizaciones llevadas adelante por el \u201cevismo\u201d, sumado a las declaraciones de su l\u00edder contra medios de comunicaci\u00f3n, demuestran la delicada situaci\u00f3n por la que atraviesa el pa\u00eds, adem\u00e1s de los planes de sectores radicales para obstaculizar y restringir la labor de la prensa.<br \/>\n\u201cLa cantidad de agresiones que muestran los bloqueadores con la prensa muestran la gravedad de la situaci\u00f3n. Las declaraciones temerarias y ofensivas de Morales contra aquellos medios que no coinciden con su relato o que publican hechos que lo cuestionan, muestra que esta violencia es instruida, sugerida o admitida por este personaje\u201d, indic\u00f3.<br \/>\nAnte este panorama, Mesa calific\u00f3 como urgente el inicio de procesos contra quienes da\u00f1an y atentan contra el trabajo de periodistas, adem\u00e1s de medidas destinadas a proteger y garantizar el ejercicio libre del periodismo.<br \/>\nAyer, tras un operativo ejecutado por las fuerzas del orden para el desbloqueo de v\u00edas en la localidad de Mairana, departamento de Santa Cruz, medios locales reportaron la retenci\u00f3n de varios periodistas y efectivos policiales, quienes fueron tomados como rehenes por bloqueadores que responden a Evo Morales.<br \/>\nSeg\u00fan im\u00e1genes difundidas por medios de comunicaci\u00f3n y redes sociales, un grupo de personas, entre polic\u00edas y periodistas, fueron agredidos f\u00edsica y verbalmente durante los enfrentamientos, para luego ser impedidos de retirarse del lugar por bloqueadores con los rostros cubiertos.<br \/>\nAnte estas agresiones, diferentes instancias y gremios de la prensa, condenaron las agresiones sufridas por periodistas no solo la jornada pasada sino en el \u00faltimo tiempo.<br \/>\nDe acuerdo con la presidenta de la Asociaci\u00f3n Nacional de Periodistas de Bolivia, Zulema Alanes, la actual situaci\u00f3n en el pa\u00eds es el reflejo de la violencia con que opera el masismo radical, obstaculizando y poniendo en riesgo la labor de los periodistas, trata de impedir que se informe y refleje los hechos alrededor de una medida de presi\u00f3n que est\u00e1 perjudicando a toda la poblaci\u00f3n boliviana y la econom\u00eda nacional.<br \/>\n\u201cEstamos viviendo una situaci\u00f3n cr\u00edtica, como ya lo hemos venido denunciando en los \u00faltimos d\u00edas, se est\u00e1 poniendo en riesgo no solo la seguridad de los periodistas, lo que est\u00e1 ocurriendo hoy es un reflejo de la violencia extrema con que los bloqueadores comandados por el expresidente Evo Morales est\u00e1n sembrando en el pa\u00eds\u201d, sostuvo Alanes.<br \/>\nAsimismo, puntualiz\u00f3 que el \u00fanico prop\u00f3sito detr\u00e1s de la violencia hacia los periodistas, es que no se conozca la verdad. \u201cEsto que se est\u00e1 viviendo es altamente preocupante (\u2026), nos declaramos en estado de emergencia\u201d, agreg\u00f3.<br \/>\nDesde el Gobierno, la viceministra de Comunicaci\u00f3n, Gabriela Alc\u00f3n, se refiri\u00f3 a las agresiones sufridas por trabajadores de la prensa en la localidad de Mairana, as\u00ed como en otros puntos de bloqueo y manifestaciones donde periodistas resultaron agredidos por afines a Evo Morales, puntualizando que estas personas s\u00f3lo cumpl\u00edan con el trabajo de cobertura period\u00edstica de los hechos.<br \/>\nEn ese sentido, la autoridad conden\u00f3 que con agresiones se pretenda acallar el trabajo de la prensa, informando adem\u00e1s que autoridades del \u00e1rea se encuentran haciendo las evaluaciones correspondientes para garantizar la seguridad de todos los ciudadanos bolivianos en territorio nacional.<br \/>\n\u201cYa estamos hablando de actos delincuenciales que no se pueden tolerar, en este momento se est\u00e1n realizando las evaluaciones respectivas para garantizar la seguridad de todos los bolivianos\u201d, dijo.<br \/>\nEn tanto, detall\u00f3 que ya se sostuvieron contactos con los periodistas y medios de comunicaci\u00f3n afectados por la violencia \u201cevista\u201d, con la finalidad de precautelar la integridad de sus trabajadores. \u201cNosotros no podemos permitir este tipo de actos que lamentablemente se han visto de manera recurrente en todos los bloqueos que se han generado\u201d, agreg\u00f3 la autoridad.<\/p>\n","protected":false},"excerpt":{"rendered":"<p>Ante los hechos de violencia derivados de los bloqueos \u201cevistas\u201d y la pasividad del Gobierno para aplicar la norma sobre sectores que vulneran derechos colectivos, el expresidente Carlos Mesa Gisbert, se\u00f1al\u00f3 que las medidas de presi\u00f3n ejecutadas por seguidores de Evo Morales, est\u00e1n poniendo en peligro el trabajo de la prensa, en ese sentido, demand\u00f3 [&hellip;]<\/p>\n","protected":false},"author":1,"featured_media":257491,"comment_status":"closed","ping_status":"open","sticky":false,"template":"","format":"standard","meta":{"_acf_changed":false,"footnotes":""},"categories":[14],"tags":[],"class_list":["post-257490","post","type-post","status-publish","format-standard","has-post-thumbnail","category-politica"],"acf":{"antetitulo":"Por recurrentes agresiones a periodistas"},"yoast_head":"<!-- This site is optimized with the Yoast SEO plugin v28.4 - https:\/\/yoast.com\/product\/yoast-seo-wordpress\/ -->\n<title>Mesa pide medidas para proteger labor de la prensa - El Diario - Bolivia<\/title>\n<meta name=\"robots\" content=\"index, follow, max-snippet:-1, max-image-preview:large, max-video-preview:-1\" \/>\n<link rel=\"canonical\" href=\"https:\/\/www.eldiario.net\/portal\/2024\/10\/30\/mesa-pide-medidas-para-proteger-labor-de-la-prensa\/\" \/>\n<meta property=\"og:locale\" content=\"es_ES\" \/>\n<meta property=\"og:type\" content=\"article\" \/>\n<meta property=\"og:title\" content=\"Mesa pide medidas para proteger labor de la prensa - El Diario - Bolivia\" \/>\n<meta property=\"og:description\" content=\"Ante los hechos de violencia derivados de los bloqueos \u201cevistas\u201d y la pasividad del Gobierno para aplicar la norma sobre sectores que vulneran derechos colectivos, el expresidente Carlos Mesa Gisbert, se\u00f1al\u00f3 que las medidas de presi\u00f3n ejecutadas por seguidores de Evo Morales, est\u00e1n poniendo en peligro el trabajo de la prensa, en ese sentido, demand\u00f3 [&hellip;]\" \/>\n<meta property=\"og:url\" content=\"https:\/\/www.eldiario.net\/portal\/2024\/10\/30\/mesa-pide-medidas-para-proteger-labor-de-la-prensa\/\" \/>\n<meta property=\"og:site_name\" content=\"El Diario - Bolivia\" \/>\n<meta property=\"article:publisher\" content=\"https:\/\/www.facebook.com\/eldiario.bolivia\/\" \/>\n<meta property=\"article:published_time\" content=\"2024-10-30T10:16:25+00:00\" \/>\n<meta property=\"og:image\" content=\"https:\/\/www.eldiario.net\/portal\/wp-content\/uploads\/2024\/10\/40-POL-15.jpg\" \/>\n\t<meta property=\"og:image:width\" content=\"1280\" \/>\n\t<meta property=\"og:image:height\" content=\"960\" \/>\n\t<meta property=\"og:image:type\" content=\"image\/jpeg\" \/>\n<meta name=\"author\" content=\"Jeanette\" \/>\n<meta name=\"twitter:card\" content=\"summary_large_image\" \/>\n<meta name=\"twitter:creator\" content=\"@eldiario_net\" \/>\n<meta name=\"twitter:site\" content=\"@eldiario_net\" \/>\n<meta name=\"twitter:label1\" content=\"Escrito por\" \/>\n\t<meta name=\"twitter:data1\" content=\"Jeanette\" \/>\n\t<meta name=\"twitter:label2\" content=\"Tiempo de lectura\" \/>\n\t<meta name=\"twitter:data2\" content=\"4 minutos\" \/>\n<script type=\"application\/ld+json\" class=\"yoast-schema-graph\">{\"@context\":\"https:\\\/\\\/schema.org\",\"@graph\":[{\"@type\":\"Article\",\"@id\":\"https:\\\/\\\/www.eldiario.net\\\/portal\\\/2024\\\/10\\\/30\\\/mesa-pide-medidas-para-proteger-labor-de-la-prensa\\\/#article\",\"isPartOf\":{\"@id\":\"https:\\\/\\\/www.eldiario.net\\\/portal\\\/2024\\\/10\\\/30\\\/mesa-pide-medidas-para-proteger-labor-de-la-prensa\\\/\"},\"author\":{\"name\":\"Jeanette\",\"@id\":\"https:\\\/\\\/www.eldiario.net\\\/portal\\\/#\\\/schema\\\/person\\\/f46445640444750d7d753ccd04ae01b7\"},\"headline\":\"Mesa pide medidas para proteger labor de la prensa\",\"datePublished\":\"2024-10-30T10:16:25+00:00\",\"mainEntityOfPage\":{\"@id\":\"https:\\\/\\\/www.eldiario.net\\\/portal\\\/2024\\\/10\\\/30\\\/mesa-pide-medidas-para-proteger-labor-de-la-prensa\\\/\"},\"wordCount\":780,\"publisher\":{\"@id\":\"https:\\\/\\\/www.eldiario.net\\\/portal\\\/#organization\"},\"image\":{\"@id\":\"https:\\\/\\\/www.eldiario.net\\\/portal\\\/2024\\\/10\\\/30\\\/mesa-pide-medidas-para-proteger-labor-de-la-prensa\\\/#primaryimage\"},\"thumbnailUrl\":\"https:\\\/\\\/www.eldiario.net\\\/portal\\\/wp-content\\\/uploads\\\/2024\\\/10\\\/40-POL-15.jpg\",\"articleSection\":[\"Pol\u00edtica\"],\"inLanguage\":\"es\"},{\"@type\":\"WebPage\",\"@id\":\"https:\\\/\\\/www.eldiario.net\\\/portal\\\/2024\\\/10\\\/30\\\/mesa-pide-medidas-para-proteger-labor-de-la-prensa\\\/\",\"url\":\"https:\\\/\\\/www.eldiario.net\\\/portal\\\/2024\\\/10\\\/30\\\/mesa-pide-medidas-para-proteger-labor-de-la-prensa\\\/\",\"name\":\"Mesa pide medidas para proteger labor de la prensa - El Diario - Bolivia\",\"isPartOf\":{\"@id\":\"https:\\\/\\\/www.eldiario.net\\\/portal\\\/#website\"},\"primaryImageOfPage\":{\"@id\":\"https:\\\/\\\/www.eldiario.net\\\/portal\\\/2024\\\/10\\\/30\\\/mesa-pide-medidas-para-proteger-labor-de-la-prensa\\\/#primaryimage\"},\"image\":{\"@id\":\"https:\\\/\\\/www.eldiario.net\\\/portal\\\/2024\\\/10\\\/30\\\/mesa-pide-medidas-para-proteger-labor-de-la-prensa\\\/#primaryimage\"},\"thumbnailUrl\":\"https:\\\/\\\/www.eldiario.net\\\/portal\\\/wp-content\\\/uploads\\\/2024\\\/10\\\/40-POL-15.jpg\",\"datePublished\":\"2024-10-30T10:16:25+00:00\",\"breadcrumb\":{\"@id\":\"https:\\\/\\\/www.eldiario.net\\\/portal\\\/2024\\\/10\\\/30\\\/mesa-pide-medidas-para-proteger-labor-de-la-prensa\\\/#breadcrumb\"},\"inLanguage\":\"es\",\"potentialAction\":[{\"@type\":\"ReadAction\",\"target\":[\"https:\\\/\\\/www.eldiario.net\\\/portal\\\/2024\\\/10\\\/30\\\/mesa-pide-medidas-para-proteger-labor-de-la-prensa\\\/\"]}]},{\"@type\":\"ImageObject\",\"inLanguage\":\"es\",\"@id\":\"https:\\\/\\\/www.eldiario.net\\\/portal\\\/2024\\\/10\\\/30\\\/mesa-pide-medidas-para-proteger-labor-de-la-prensa\\\/#primaryimage\",\"url\":\"https:\\\/\\\/www.eldiario.net\\\/portal\\\/wp-content\\\/uploads\\\/2024\\\/10\\\/40-POL-15.jpg\",\"contentUrl\":\"https:\\\/\\\/www.eldiario.net\\\/portal\\\/wp-content\\\/uploads\\\/2024\\\/10\\\/40-POL-15.jpg\",\"width\":1280,\"height\":960,\"caption\":\"Expresidente Carlos Mesa Gisbert\"},{\"@type\":\"BreadcrumbList\",\"@id\":\"https:\\\/\\\/www.eldiario.net\\\/portal\\\/2024\\\/10\\\/30\\\/mesa-pide-medidas-para-proteger-labor-de-la-prensa\\\/#breadcrumb\",\"itemListElement\":[{\"@type\":\"ListItem\",\"position\":1,\"name\":\"Portada\",\"item\":\"https:\\\/\\\/www.eldiario.net\\\/portal\\\/\"},{\"@type\":\"ListItem\",\"position\":2,\"name\":\"Mesa pide medidas para proteger labor de la prensa\"}]},{\"@type\":\"WebSite\",\"@id\":\"https:\\\/\\\/www.eldiario.net\\\/portal\\\/#website\",\"url\":\"https:\\\/\\\/www.eldiario.net\\\/portal\\\/\",\"name\":\"El Diario - Decano de la prensa nacional\",\"description\":\"El Diario - Decano de la prensa nacional\",\"publisher\":{\"@id\":\"https:\\\/\\\/www.eldiario.net\\\/portal\\\/#organization\"},\"potentialAction\":[{\"@type\":\"SearchAction\",\"target\":{\"@type\":\"EntryPoint\",\"urlTemplate\":\"https:\\\/\\\/www.eldiario.net\\\/portal\\\/?s={search_term_string}\"},\"query-input\":{\"@type\":\"PropertyValueSpecification\",\"valueRequired\":true,\"valueName\":\"search_term_string\"}}],\"inLanguage\":\"es\"},{\"@type\":\"Organization\",\"@id\":\"https:\\\/\\\/www.eldiario.net\\\/portal\\\/#organization\",\"name\":\"El Diario - Decano de la prensa nacional\",\"url\":\"https:\\\/\\\/www.eldiario.net\\\/portal\\\/\",\"logo\":{\"@type\":\"ImageObject\",\"inLanguage\":\"es\",\"@id\":\"https:\\\/\\\/www.eldiario.net\\\/portal\\\/#\\\/schema\\\/logo\\\/image\\\/\",\"url\":\"https:\\\/\\\/www.eldiario.net\\\/portal\\\/wp-content\\\/uploads\\\/2023\\\/07\\\/logo_ED.jpg\",\"contentUrl\":\"https:\\\/\\\/www.eldiario.net\\\/portal\\\/wp-content\\\/uploads\\\/2023\\\/07\\\/logo_ED.jpg\",\"width\":272,\"height\":52,\"caption\":\"El Diario - Decano de la prensa nacional\"},\"image\":{\"@id\":\"https:\\\/\\\/www.eldiario.net\\\/portal\\\/#\\\/schema\\\/logo\\\/image\\\/\"},\"sameAs\":[\"https:\\\/\\\/www.facebook.com\\\/eldiario.bolivia\\\/\",\"https:\\\/\\\/x.com\\\/eldiario_net\"]},{\"@type\":\"Person\",\"@id\":\"https:\\\/\\\/www.eldiario.net\\\/portal\\\/#\\\/schema\\\/person\\\/f46445640444750d7d753ccd04ae01b7\",\"name\":\"Jeanette\",\"image\":{\"@type\":\"ImageObject\",\"inLanguage\":\"es\",\"@id\":\"https:\\\/\\\/secure.gravatar.com\\\/avatar\\\/3ea2118a5f7dad2b7138b1187a6b7ee55f160b9968b66013c3a3ef39dd7e5798?s=96&d=mm&r=g\",\"url\":\"https:\\\/\\\/secure.gravatar.com\\\/avatar\\\/3ea2118a5f7dad2b7138b1187a6b7ee55f160b9968b66013c3a3ef39dd7e5798?s=96&d=mm&r=g\",\"contentUrl\":\"https:\\\/\\\/secure.gravatar.com\\\/avatar\\\/3ea2118a5f7dad2b7138b1187a6b7ee55f160b9968b66013c3a3ef39dd7e5798?s=96&d=mm&r=g\",\"caption\":\"Jeanette\"},\"sameAs\":[\"https:\\\/\\\/www.eldiario.net\\\/portal\"],\"url\":\"https:\\\/\\\/www.eldiario.net\\\/portal\\\/author\\\/jeanette\\\/\"}]}<\/script>\n<!-- \/ Yoast SEO plugin. -->","yoast_head_json":{"title":"Mesa pide medidas para proteger labor de la prensa - El Diario - Bolivia","robots":{"index":"index","follow":"follow","max-snippet":"max-snippet:-1","max-image-preview":"max-image-preview:large","max-video-preview":"max-video-preview:-1"},"canonical":"https:\/\/www.eldiario.net\/portal\/2024\/10\/30\/mesa-pide-medidas-para-proteger-labor-de-la-prensa\/","og_locale":"es_ES","og_type":"article","og_title":"Mesa pide medidas para proteger labor de la prensa - El Diario - Bolivia","og_description":"Ante los hechos de violencia derivados de los bloqueos \u201cevistas\u201d y la pasividad del Gobierno para aplicar la norma sobre sectores que vulneran derechos colectivos, el expresidente Carlos Mesa Gisbert, se\u00f1al\u00f3 que las medidas de presi\u00f3n ejecutadas por seguidores de Evo Morales, est\u00e1n poniendo en peligro el trabajo de la prensa, en ese sentido, demand\u00f3 [&hellip;]","og_url":"https:\/\/www.eldiario.net\/portal\/2024\/10\/30\/mesa-pide-medidas-para-proteger-labor-de-la-prensa\/","og_site_name":"El Diario - Bolivia","article_publisher":"https:\/\/www.facebook.com\/eldiario.bolivia\/","article_published_time":"2024-10-30T10:16:25+00:00","og_image":[{"width":1280,"height":960,"url":"https:\/\/www.eldiario.net\/portal\/wp-content\/uploads\/2024\/10\/40-POL-15.jpg","type":"image\/jpeg"}],"author":"Jeanette","twitter_card":"summary_large_image","twitter_creator":"@eldiario_net","twitter_site":"@eldiario_net","twitter_misc":{"Escrito por":"Jeanette","Tiempo de lectura":"4 minutos"},"schema":{"@context":"https:\/\/schema.org","@graph":[{"@type":"Article","@id":"https:\/\/www.eldiario.net\/portal\/2024\/10\/30\/mesa-pide-medidas-para-proteger-labor-de-la-prensa\/#article","isPartOf":{"@id":"https:\/\/www.eldiario.net\/portal\/2024\/10\/30\/mesa-pide-medidas-para-proteger-labor-de-la-prensa\/"},"author":{"name":"Jeanette","@id":"https:\/\/www.eldiario.net\/portal\/#\/schema\/person\/f46445640444750d7d753ccd04ae01b7"},"headline":"Mesa pide medidas para proteger labor de la prensa","datePublished":"2024-10-30T10:16:25+00:00","mainEntityOfPage":{"@id":"https:\/\/www.eldiario.net\/portal\/2024\/10\/30\/mesa-pide-medidas-para-proteger-labor-de-la-prensa\/"},"wordCount":780,"publisher":{"@id":"https:\/\/www.eldiario.net\/portal\/#organization"},"image":{"@id":"https:\/\/www.eldiario.net\/portal\/2024\/10\/30\/mesa-pide-medidas-para-proteger-labor-de-la-prensa\/#primaryimage"},"thumbnailUrl":"https:\/\/www.eldiario.net\/portal\/wp-content\/uploads\/2024\/10\/40-POL-15.jpg","articleSection":["Pol\u00edtica"],"inLanguage":"es"},{"@type":"WebPage","@id":"https:\/\/www.eldiario.net\/portal\/2024\/10\/30\/mesa-pide-medidas-para-proteger-labor-de-la-prensa\/","url":"https:\/\/www.eldiario.net\/portal\/2024\/10\/30\/mesa-pide-medidas-para-proteger-labor-de-la-prensa\/","name":"Mesa pide medidas para proteger labor de la prensa - El Diario - Bolivia","isPartOf":{"@id":"https:\/\/www.eldiario.net\/portal\/#website"},"primaryImageOfPage":{"@id":"https:\/\/www.eldiario.net\/portal\/2024\/10\/30\/mesa-pide-medidas-para-proteger-labor-de-la-prensa\/#primaryimage"},"image":{"@id":"https:\/\/www.eldiario.net\/portal\/2024\/10\/30\/mesa-pide-medidas-para-proteger-labor-de-la-prensa\/#primaryimage"},"thumbnailUrl":"https:\/\/www.eldiario.net\/portal\/wp-content\/uploads\/2024\/10\/40-POL-15.jpg","datePublished":"2024-10-30T10:16:25+00:00","breadcrumb":{"@id":"https:\/\/www.eldiario.net\/portal\/2024\/10\/30\/mesa-pide-medidas-para-proteger-labor-de-la-prensa\/#breadcrumb"},"inLanguage":"es","potentialAction":[{"@type":"ReadAction","target":["https:\/\/www.eldiario.net\/portal\/2024\/10\/30\/mesa-pide-medidas-para-proteger-labor-de-la-prensa\/"]}]},{"@type":"ImageObject","inLanguage":"es","@id":"https:\/\/www.eldiario.net\/portal\/2024\/10\/30\/mesa-pide-medidas-para-proteger-labor-de-la-prensa\/#primaryimage","url":"https:\/\/www.eldiario.net\/portal\/wp-content\/uploads\/2024\/10\/40-POL-15.jpg","contentUrl":"https:\/\/www.eldiario.net\/portal\/wp-content\/uploads\/2024\/10\/40-POL-15.jpg","width":1280,"height":960,"caption":"Expresidente Carlos Mesa Gisbert"},{"@type":"BreadcrumbList","@id":"https:\/\/www.eldiario.net\/portal\/2024\/10\/30\/mesa-pide-medidas-para-proteger-labor-de-la-prensa\/#breadcrumb","itemListElement":[{"@type":"ListItem","position":1,"name":"Portada","item":"https:\/\/www.eldiario.net\/portal\/"},{"@type":"ListItem","position":2,"name":"Mesa pide medidas para proteger labor de la prensa"}]},{"@type":"WebSite","@id":"https:\/\/www.eldiario.net\/portal\/#website","url":"https:\/\/www.eldiario.net\/portal\/","name":"El Diario - Decano de la prensa nacional","description":"El Diario - Decano de la prensa nacional","publisher":{"@id":"https:\/\/www.eldiario.net\/portal\/#organization"},"potentialAction":[{"@type":"SearchAction","target":{"@type":"EntryPoint","urlTemplate":"https:\/\/www.eldiario.net\/portal\/?s={search_term_string}"},"query-input":{"@type":"PropertyValueSpecification","valueRequired":true,"valueName":"search_term_string"}}],"inLanguage":"es"},{"@type":"Organization","@id":"https:\/\/www.eldiario.net\/portal\/#organization","name":"El Diario - Decano de la prensa nacional","url":"https:\/\/www.eldiario.net\/portal\/","logo":{"@type":"ImageObject","inLanguage":"es","@id":"https:\/\/www.eldiario.net\/portal\/#\/schema\/logo\/image\/","url":"https:\/\/www.eldiario.net\/portal\/wp-content\/uploads\/2023\/07\/logo_ED.jpg","contentUrl":"https:\/\/www.eldiario.net\/portal\/wp-content\/uploads\/2023\/07\/logo_ED.jpg","width":272,"height":52,"caption":"El Diario - Decano de la prensa nacional"},"image":{"@id":"https:\/\/www.eldiario.net\/portal\/#\/schema\/logo\/image\/"},"sameAs":["https:\/\/www.facebook.com\/eldiario.bolivia\/","https:\/\/x.com\/eldiario_net"]},{"@type":"Person","@id":"https:\/\/www.eldiario.net\/portal\/#\/schema\/person\/f46445640444750d7d753ccd04ae01b7","name":"Jeanette","image":{"@type":"ImageObject","inLanguage":"es","@id":"https:\/\/secure.gravatar.com\/avatar\/3ea2118a5f7dad2b7138b1187a6b7ee55f160b9968b66013c3a3ef39dd7e5798?s=96&d=mm&r=g","url":"https:\/\/secure.gravatar.com\/avatar\/3ea2118a5f7dad2b7138b1187a6b7ee55f160b9968b66013c3a3ef39dd7e5798?s=96&d=mm&r=g","contentUrl":"https:\/\/secure.gravatar.com\/avatar\/3ea2118a5f7dad2b7138b1187a6b7ee55f160b9968b66013c3a3ef39dd7e5798?s=96&d=mm&r=g","caption":"Jeanette"},"sameAs":["https:\/\/www.eldiario.net\/portal"],"url":"https:\/\/www.eldiario.net\/portal\/author\/jeanette\/"}]}},"_links":{"self":[{"href":"https:\/\/www.eldiario.net\/portal\/wp-json\/wp\/v2\/posts\/257490","targetHints":{"allow":["GET"]}}],"collection":[{"href":"https:\/\/www.eldiario.net\/portal\/wp-json\/wp\/v2\/posts"}],"about":[{"href":"https:\/\/www.eldiario.net\/portal\/wp-json\/wp\/v2\/types\/post"}],"author":[{"embeddable":true,"href":"https:\/\/www.eldiario.net\/portal\/wp-json\/wp\/v2\/users\/1"}],"replies":[{"embeddable":true,"href":"https:\/\/www.eldiario.net\/portal\/wp-json\/wp\/v2\/comments?post=257490"}],"version-history":[{"count":1,"href":"https:\/\/www.eldiario.net\/portal\/wp-json\/wp\/v2\/posts\/257490\/revisions"}],"predecessor-version":[{"id":257492,"href":"https:\/\/www.eldiario.net\/portal\/wp-json\/wp\/v2\/posts\/257490\/revisions\/257492"}],"wp:featuredmedia":[{"embeddable":true,"href":"https:\/\/www.eldiario.net\/portal\/wp-json\/wp\/v2\/media\/257491"}],"wp:attachment":[{"href":"https:\/\/www.eldiario.net\/portal\/wp-json\/wp\/v2\/media?parent=257490"}],"wp:term":[{"taxonomy":"category","embeddable":true,"href":"https:\/\/www.eldiario.net\/portal\/wp-json\/wp\/v2\/categories?post=257490"},{"taxonomy":"post_tag","embeddable":true,"href":"https:\/\/www.eldiario.net\/portal\/wp-json\/wp\/v2\/tags?post=257490"}],"curies":[{"name":"wp","href":"https:\/\/api.w.org\/{rel}","templated":true}]}}