{"id":257486,"date":"2024-10-30T06:15:16","date_gmt":"2024-10-30T10:15:16","guid":{"rendered":"https:\/\/www.eldiario.net\/portal\/?p=257486"},"modified":"2024-10-30T06:15:16","modified_gmt":"2024-10-30T10:15:16","slug":"cuestionan-que-tse-se-someta-a-un-tcp-autoprorrogado","status":"publish","type":"post","link":"https:\/\/www.eldiario.net\/portal\/2024\/10\/30\/cuestionan-que-tse-se-someta-a-un-tcp-autoprorrogado\/","title":{"rendered":"Cuestionan que TSE se someta  a un TCP \u201cautoprorrogado\u201d"},"content":{"rendered":"<p>Asegurando que las dos alas del Movimiento al Socialismo (MAS) son responsables de una completa desinstitucionalizaci\u00f3n en el Estado boliviano, el diputado por Comunidad Ciudadana (CC), Carlos Alarc\u00f3n, cuestion\u00f3 que el Tribunal Supremo Electoral (TSE) se someta la continuidad de las elecciones judiciales a una determinaci\u00f3n del Tribunal Constitucional Plurinacional (TCP) prorrogado.<br \/>\nEn criterio del asamble\u00edsta nacional por La Paz, es posible que la actual desinstitucionalizaci\u00f3n y conflicto de poderes que perjudica a todo el pa\u00eds, llegue a agudizarse poniendo en duda hasta la realizaci\u00f3n de las elecciones generales programadas para la gesti\u00f3n 2025.<br \/>\nPara Alarc\u00f3n, un claro ejemplo de ese riesgo es que, en la actualidad el \u00d3rgano Electoral permita que una instancia de justicia cuestionada como el TCP, tenga el poder de decidir sobre el futuro de las Judiciales.<br \/>\n\u201cYa tenemos un Tribunal Supremo Electoral que para las elecciones judiciales se somete a los autoprorrogados que son del Gobierno, una mafia judicial creada por la actual administraci\u00f3n\u201d, explic\u00f3.<br \/>\nEn ese contexto, el legislador de oposici\u00f3n advirti\u00f3 que si se permite al TCP \u201cautoprorrogado\u201d decidir sobre un proceso tan importante como la elecci\u00f3n de nuevas autoridades de justicia, se abre la posibilidad de que, en un futuro, esta instancia tenga el poder para decidir sobre la realizaci\u00f3n de las propias elecciones generales.<br \/>\n\u201cDespu\u00e9s va decir esa mafia judicial que no tiene que haber elecciones presidenciales el 2025 \u00bfy qu\u00e9 hacemos? Todo esto que est\u00e1n haciendo es destrozar al pa\u00eds en su institucionalidad\u201d, dijo.<br \/>\nLa semana pasada, el Tribunal Electoral solicit\u00f3 por escrito al Tribunal Constitucional Plurinacional, aplicar las medidas cautelares necesarias para garantizar la celebraci\u00f3n de las elecciones judiciales del 1 de diciembre, seg\u00fan inform\u00f3 el presidente en ejercicio del TSE, Francisco Vargas.<br \/>\nEsta solicitud fue presentada en Sucre, a trav\u00e9s de una nota dirigida al presidente del TCP, Paul Enrique Franco, junto con un requerimiento para que esa instancia revise con premura los m\u00e1s de 47 fallos que emitieron distintas salas constitucionales sobre el proceso de preselecci\u00f3n de los candidatos judiciales que estuvo a cargo de la Asamblea Legislativa Plurinacional. \u201cQuienes tienen la palabra son los magistrados y las magistradas del Tribunal Constitucional Plurinacional\u201d, explic\u00f3.<br \/>\nSeg\u00fan Vargas, mientras el TCP no se pronuncie al respecto, se mantiene un alto riesgo que amenaza la realizaci\u00f3n de las Judiciales.<br \/>\nAnte este panorama, Alarc\u00f3n lament\u00f3 que el TSE se subordine al TCP, afirmando que este ejemplo es uno m\u00e1s entre todas las muestras que dan cuenta de la peligrosa desinstitucionalizaci\u00f3n que se vive en el pa\u00eds en la actualidad. \u201cEn este momento no hay ninguna instituci\u00f3n que sea capaz de recuperar el imperio de la ley, el Estado de Derecho y la Constituci\u00f3n\u201d, concluy\u00f3.<\/p>\n","protected":false},"excerpt":{"rendered":"<p>Asegurando que las dos alas del Movimiento al Socialismo (MAS) son responsables de una completa desinstitucionalizaci\u00f3n en el Estado boliviano, el diputado por Comunidad Ciudadana (CC), Carlos Alarc\u00f3n, cuestion\u00f3 que el Tribunal Supremo Electoral (TSE) se someta la continuidad de las elecciones judiciales a una determinaci\u00f3n del Tribunal Constitucional Plurinacional (TCP) prorrogado. En criterio del [&hellip;]<\/p>\n","protected":false},"author":1,"featured_media":194754,"comment_status":"closed","ping_status":"open","sticky":false,"template":"","format":"standard","meta":{"_acf_changed":false,"footnotes":""},"categories":[14],"tags":[],"class_list":["post-257486","post","type-post","status-publish","format-standard","has-post-thumbnail","category-politica"],"acf":{"antetitulo":"Muestra de desinstitucionalizaci\u00f3n"},"yoast_head":"<!-- This site is optimized with the Yoast SEO plugin v28.4 - https:\/\/yoast.com\/product\/yoast-seo-wordpress\/ -->\n<title>Cuestionan que TSE se someta a un TCP \u201cautoprorrogado\u201d - El Diario - Bolivia<\/title>\n<meta name=\"robots\" content=\"index, follow, max-snippet:-1, max-image-preview:large, max-video-preview:-1\" \/>\n<link rel=\"canonical\" href=\"https:\/\/www.eldiario.net\/portal\/2024\/10\/30\/cuestionan-que-tse-se-someta-a-un-tcp-autoprorrogado\/\" \/>\n<meta property=\"og:locale\" content=\"es_ES\" \/>\n<meta property=\"og:type\" content=\"article\" \/>\n<meta property=\"og:title\" content=\"Cuestionan que TSE se someta a un TCP \u201cautoprorrogado\u201d - El Diario - Bolivia\" \/>\n<meta property=\"og:description\" content=\"Asegurando que las dos alas del Movimiento al Socialismo (MAS) son responsables de una completa desinstitucionalizaci\u00f3n en el Estado boliviano, el diputado por Comunidad Ciudadana (CC), Carlos Alarc\u00f3n, cuestion\u00f3 que el Tribunal Supremo Electoral (TSE) se someta la continuidad de las elecciones judiciales a una determinaci\u00f3n del Tribunal Constitucional Plurinacional (TCP) prorrogado. En criterio del [&hellip;]\" \/>\n<meta property=\"og:url\" content=\"https:\/\/www.eldiario.net\/portal\/2024\/10\/30\/cuestionan-que-tse-se-someta-a-un-tcp-autoprorrogado\/\" \/>\n<meta property=\"og:site_name\" content=\"El Diario - Bolivia\" \/>\n<meta property=\"article:publisher\" content=\"https:\/\/www.facebook.com\/eldiario.bolivia\/\" \/>\n<meta property=\"article:published_time\" content=\"2024-10-30T10:15:16+00:00\" \/>\n<meta property=\"og:image\" content=\"https:\/\/www.eldiario.net\/portal\/wp-content\/uploads\/2023\/12\/Politica.jpg\" \/>\n\t<meta property=\"og:image:width\" content=\"800\" \/>\n\t<meta property=\"og:image:height\" content=\"500\" \/>\n\t<meta property=\"og:image:type\" content=\"image\/jpeg\" \/>\n<meta name=\"author\" content=\"Jeanette\" \/>\n<meta name=\"twitter:card\" content=\"summary_large_image\" \/>\n<meta name=\"twitter:creator\" content=\"@eldiario_net\" \/>\n<meta name=\"twitter:site\" content=\"@eldiario_net\" \/>\n<meta name=\"twitter:label1\" content=\"Escrito por\" \/>\n\t<meta name=\"twitter:data1\" content=\"Jeanette\" \/>\n\t<meta name=\"twitter:label2\" content=\"Tiempo de lectura\" \/>\n\t<meta name=\"twitter:data2\" content=\"3 minutos\" \/>\n<script type=\"application\/ld+json\" class=\"yoast-schema-graph\">{\"@context\":\"https:\\\/\\\/schema.org\",\"@graph\":[{\"@type\":\"Article\",\"@id\":\"https:\\\/\\\/www.eldiario.net\\\/portal\\\/2024\\\/10\\\/30\\\/cuestionan-que-tse-se-someta-a-un-tcp-autoprorrogado\\\/#article\",\"isPartOf\":{\"@id\":\"https:\\\/\\\/www.eldiario.net\\\/portal\\\/2024\\\/10\\\/30\\\/cuestionan-que-tse-se-someta-a-un-tcp-autoprorrogado\\\/\"},\"author\":{\"name\":\"Jeanette\",\"@id\":\"https:\\\/\\\/www.eldiario.net\\\/portal\\\/#\\\/schema\\\/person\\\/f46445640444750d7d753ccd04ae01b7\"},\"headline\":\"Cuestionan que TSE se someta a un TCP \u201cautoprorrogado\u201d\",\"datePublished\":\"2024-10-30T10:15:16+00:00\",\"mainEntityOfPage\":{\"@id\":\"https:\\\/\\\/www.eldiario.net\\\/portal\\\/2024\\\/10\\\/30\\\/cuestionan-que-tse-se-someta-a-un-tcp-autoprorrogado\\\/\"},\"wordCount\":477,\"publisher\":{\"@id\":\"https:\\\/\\\/www.eldiario.net\\\/portal\\\/#organization\"},\"image\":{\"@id\":\"https:\\\/\\\/www.eldiario.net\\\/portal\\\/2024\\\/10\\\/30\\\/cuestionan-que-tse-se-someta-a-un-tcp-autoprorrogado\\\/#primaryimage\"},\"thumbnailUrl\":\"https:\\\/\\\/www.eldiario.net\\\/portal\\\/wp-content\\\/uploads\\\/2023\\\/12\\\/Politica.jpg\",\"articleSection\":[\"Pol\u00edtica\"],\"inLanguage\":\"es\"},{\"@type\":\"WebPage\",\"@id\":\"https:\\\/\\\/www.eldiario.net\\\/portal\\\/2024\\\/10\\\/30\\\/cuestionan-que-tse-se-someta-a-un-tcp-autoprorrogado\\\/\",\"url\":\"https:\\\/\\\/www.eldiario.net\\\/portal\\\/2024\\\/10\\\/30\\\/cuestionan-que-tse-se-someta-a-un-tcp-autoprorrogado\\\/\",\"name\":\"Cuestionan que TSE se someta a un TCP \u201cautoprorrogado\u201d - El Diario - Bolivia\",\"isPartOf\":{\"@id\":\"https:\\\/\\\/www.eldiario.net\\\/portal\\\/#website\"},\"primaryImageOfPage\":{\"@id\":\"https:\\\/\\\/www.eldiario.net\\\/portal\\\/2024\\\/10\\\/30\\\/cuestionan-que-tse-se-someta-a-un-tcp-autoprorrogado\\\/#primaryimage\"},\"image\":{\"@id\":\"https:\\\/\\\/www.eldiario.net\\\/portal\\\/2024\\\/10\\\/30\\\/cuestionan-que-tse-se-someta-a-un-tcp-autoprorrogado\\\/#primaryimage\"},\"thumbnailUrl\":\"https:\\\/\\\/www.eldiario.net\\\/portal\\\/wp-content\\\/uploads\\\/2023\\\/12\\\/Politica.jpg\",\"datePublished\":\"2024-10-30T10:15:16+00:00\",\"breadcrumb\":{\"@id\":\"https:\\\/\\\/www.eldiario.net\\\/portal\\\/2024\\\/10\\\/30\\\/cuestionan-que-tse-se-someta-a-un-tcp-autoprorrogado\\\/#breadcrumb\"},\"inLanguage\":\"es\",\"potentialAction\":[{\"@type\":\"ReadAction\",\"target\":[\"https:\\\/\\\/www.eldiario.net\\\/portal\\\/2024\\\/10\\\/30\\\/cuestionan-que-tse-se-someta-a-un-tcp-autoprorrogado\\\/\"]}]},{\"@type\":\"ImageObject\",\"inLanguage\":\"es\",\"@id\":\"https:\\\/\\\/www.eldiario.net\\\/portal\\\/2024\\\/10\\\/30\\\/cuestionan-que-tse-se-someta-a-un-tcp-autoprorrogado\\\/#primaryimage\",\"url\":\"https:\\\/\\\/www.eldiario.net\\\/portal\\\/wp-content\\\/uploads\\\/2023\\\/12\\\/Politica.jpg\",\"contentUrl\":\"https:\\\/\\\/www.eldiario.net\\\/portal\\\/wp-content\\\/uploads\\\/2023\\\/12\\\/Politica.jpg\",\"width\":800,\"height\":500},{\"@type\":\"BreadcrumbList\",\"@id\":\"https:\\\/\\\/www.eldiario.net\\\/portal\\\/2024\\\/10\\\/30\\\/cuestionan-que-tse-se-someta-a-un-tcp-autoprorrogado\\\/#breadcrumb\",\"itemListElement\":[{\"@type\":\"ListItem\",\"position\":1,\"name\":\"Portada\",\"item\":\"https:\\\/\\\/www.eldiario.net\\\/portal\\\/\"},{\"@type\":\"ListItem\",\"position\":2,\"name\":\"Cuestionan que TSE se someta a un TCP \u201cautoprorrogado\u201d\"}]},{\"@type\":\"WebSite\",\"@id\":\"https:\\\/\\\/www.eldiario.net\\\/portal\\\/#website\",\"url\":\"https:\\\/\\\/www.eldiario.net\\\/portal\\\/\",\"name\":\"El Diario - Decano de la prensa nacional\",\"description\":\"El Diario - Decano de la prensa nacional\",\"publisher\":{\"@id\":\"https:\\\/\\\/www.eldiario.net\\\/portal\\\/#organization\"},\"potentialAction\":[{\"@type\":\"SearchAction\",\"target\":{\"@type\":\"EntryPoint\",\"urlTemplate\":\"https:\\\/\\\/www.eldiario.net\\\/portal\\\/?s={search_term_string}\"},\"query-input\":{\"@type\":\"PropertyValueSpecification\",\"valueRequired\":true,\"valueName\":\"search_term_string\"}}],\"inLanguage\":\"es\"},{\"@type\":\"Organization\",\"@id\":\"https:\\\/\\\/www.eldiario.net\\\/portal\\\/#organization\",\"name\":\"El Diario - Decano de la prensa nacional\",\"url\":\"https:\\\/\\\/www.eldiario.net\\\/portal\\\/\",\"logo\":{\"@type\":\"ImageObject\",\"inLanguage\":\"es\",\"@id\":\"https:\\\/\\\/www.eldiario.net\\\/portal\\\/#\\\/schema\\\/logo\\\/image\\\/\",\"url\":\"https:\\\/\\\/www.eldiario.net\\\/portal\\\/wp-content\\\/uploads\\\/2023\\\/07\\\/logo_ED.jpg\",\"contentUrl\":\"https:\\\/\\\/www.eldiario.net\\\/portal\\\/wp-content\\\/uploads\\\/2023\\\/07\\\/logo_ED.jpg\",\"width\":272,\"height\":52,\"caption\":\"El Diario - Decano de la prensa nacional\"},\"image\":{\"@id\":\"https:\\\/\\\/www.eldiario.net\\\/portal\\\/#\\\/schema\\\/logo\\\/image\\\/\"},\"sameAs\":[\"https:\\\/\\\/www.facebook.com\\\/eldiario.bolivia\\\/\",\"https:\\\/\\\/x.com\\\/eldiario_net\"]},{\"@type\":\"Person\",\"@id\":\"https:\\\/\\\/www.eldiario.net\\\/portal\\\/#\\\/schema\\\/person\\\/f46445640444750d7d753ccd04ae01b7\",\"name\":\"Jeanette\",\"image\":{\"@type\":\"ImageObject\",\"inLanguage\":\"es\",\"@id\":\"https:\\\/\\\/secure.gravatar.com\\\/avatar\\\/3ea2118a5f7dad2b7138b1187a6b7ee55f160b9968b66013c3a3ef39dd7e5798?s=96&d=mm&r=g\",\"url\":\"https:\\\/\\\/secure.gravatar.com\\\/avatar\\\/3ea2118a5f7dad2b7138b1187a6b7ee55f160b9968b66013c3a3ef39dd7e5798?s=96&d=mm&r=g\",\"contentUrl\":\"https:\\\/\\\/secure.gravatar.com\\\/avatar\\\/3ea2118a5f7dad2b7138b1187a6b7ee55f160b9968b66013c3a3ef39dd7e5798?s=96&d=mm&r=g\",\"caption\":\"Jeanette\"},\"sameAs\":[\"https:\\\/\\\/www.eldiario.net\\\/portal\"],\"url\":\"https:\\\/\\\/www.eldiario.net\\\/portal\\\/author\\\/jeanette\\\/\"}]}<\/script>\n<!-- \/ Yoast SEO plugin. -->","yoast_head_json":{"title":"Cuestionan que TSE se someta a un TCP \u201cautoprorrogado\u201d - El Diario - Bolivia","robots":{"index":"index","follow":"follow","max-snippet":"max-snippet:-1","max-image-preview":"max-image-preview:large","max-video-preview":"max-video-preview:-1"},"canonical":"https:\/\/www.eldiario.net\/portal\/2024\/10\/30\/cuestionan-que-tse-se-someta-a-un-tcp-autoprorrogado\/","og_locale":"es_ES","og_type":"article","og_title":"Cuestionan que TSE se someta a un TCP \u201cautoprorrogado\u201d - El Diario - Bolivia","og_description":"Asegurando que las dos alas del Movimiento al Socialismo (MAS) son responsables de una completa desinstitucionalizaci\u00f3n en el Estado boliviano, el diputado por Comunidad Ciudadana (CC), Carlos Alarc\u00f3n, cuestion\u00f3 que el Tribunal Supremo Electoral (TSE) se someta la continuidad de las elecciones judiciales a una determinaci\u00f3n del Tribunal Constitucional Plurinacional (TCP) prorrogado. En criterio del [&hellip;]","og_url":"https:\/\/www.eldiario.net\/portal\/2024\/10\/30\/cuestionan-que-tse-se-someta-a-un-tcp-autoprorrogado\/","og_site_name":"El Diario - Bolivia","article_publisher":"https:\/\/www.facebook.com\/eldiario.bolivia\/","article_published_time":"2024-10-30T10:15:16+00:00","og_image":[{"width":800,"height":500,"url":"https:\/\/www.eldiario.net\/portal\/wp-content\/uploads\/2023\/12\/Politica.jpg","type":"image\/jpeg"}],"author":"Jeanette","twitter_card":"summary_large_image","twitter_creator":"@eldiario_net","twitter_site":"@eldiario_net","twitter_misc":{"Escrito por":"Jeanette","Tiempo de lectura":"3 minutos"},"schema":{"@context":"https:\/\/schema.org","@graph":[{"@type":"Article","@id":"https:\/\/www.eldiario.net\/portal\/2024\/10\/30\/cuestionan-que-tse-se-someta-a-un-tcp-autoprorrogado\/#article","isPartOf":{"@id":"https:\/\/www.eldiario.net\/portal\/2024\/10\/30\/cuestionan-que-tse-se-someta-a-un-tcp-autoprorrogado\/"},"author":{"name":"Jeanette","@id":"https:\/\/www.eldiario.net\/portal\/#\/schema\/person\/f46445640444750d7d753ccd04ae01b7"},"headline":"Cuestionan que TSE se someta a un TCP \u201cautoprorrogado\u201d","datePublished":"2024-10-30T10:15:16+00:00","mainEntityOfPage":{"@id":"https:\/\/www.eldiario.net\/portal\/2024\/10\/30\/cuestionan-que-tse-se-someta-a-un-tcp-autoprorrogado\/"},"wordCount":477,"publisher":{"@id":"https:\/\/www.eldiario.net\/portal\/#organization"},"image":{"@id":"https:\/\/www.eldiario.net\/portal\/2024\/10\/30\/cuestionan-que-tse-se-someta-a-un-tcp-autoprorrogado\/#primaryimage"},"thumbnailUrl":"https:\/\/www.eldiario.net\/portal\/wp-content\/uploads\/2023\/12\/Politica.jpg","articleSection":["Pol\u00edtica"],"inLanguage":"es"},{"@type":"WebPage","@id":"https:\/\/www.eldiario.net\/portal\/2024\/10\/30\/cuestionan-que-tse-se-someta-a-un-tcp-autoprorrogado\/","url":"https:\/\/www.eldiario.net\/portal\/2024\/10\/30\/cuestionan-que-tse-se-someta-a-un-tcp-autoprorrogado\/","name":"Cuestionan que TSE se someta a un TCP \u201cautoprorrogado\u201d - El Diario - Bolivia","isPartOf":{"@id":"https:\/\/www.eldiario.net\/portal\/#website"},"primaryImageOfPage":{"@id":"https:\/\/www.eldiario.net\/portal\/2024\/10\/30\/cuestionan-que-tse-se-someta-a-un-tcp-autoprorrogado\/#primaryimage"},"image":{"@id":"https:\/\/www.eldiario.net\/portal\/2024\/10\/30\/cuestionan-que-tse-se-someta-a-un-tcp-autoprorrogado\/#primaryimage"},"thumbnailUrl":"https:\/\/www.eldiario.net\/portal\/wp-content\/uploads\/2023\/12\/Politica.jpg","datePublished":"2024-10-30T10:15:16+00:00","breadcrumb":{"@id":"https:\/\/www.eldiario.net\/portal\/2024\/10\/30\/cuestionan-que-tse-se-someta-a-un-tcp-autoprorrogado\/#breadcrumb"},"inLanguage":"es","potentialAction":[{"@type":"ReadAction","target":["https:\/\/www.eldiario.net\/portal\/2024\/10\/30\/cuestionan-que-tse-se-someta-a-un-tcp-autoprorrogado\/"]}]},{"@type":"ImageObject","inLanguage":"es","@id":"https:\/\/www.eldiario.net\/portal\/2024\/10\/30\/cuestionan-que-tse-se-someta-a-un-tcp-autoprorrogado\/#primaryimage","url":"https:\/\/www.eldiario.net\/portal\/wp-content\/uploads\/2023\/12\/Politica.jpg","contentUrl":"https:\/\/www.eldiario.net\/portal\/wp-content\/uploads\/2023\/12\/Politica.jpg","width":800,"height":500},{"@type":"BreadcrumbList","@id":"https:\/\/www.eldiario.net\/portal\/2024\/10\/30\/cuestionan-que-tse-se-someta-a-un-tcp-autoprorrogado\/#breadcrumb","itemListElement":[{"@type":"ListItem","position":1,"name":"Portada","item":"https:\/\/www.eldiario.net\/portal\/"},{"@type":"ListItem","position":2,"name":"Cuestionan que TSE se someta a un TCP \u201cautoprorrogado\u201d"}]},{"@type":"WebSite","@id":"https:\/\/www.eldiario.net\/portal\/#website","url":"https:\/\/www.eldiario.net\/portal\/","name":"El Diario - Decano de la prensa nacional","description":"El Diario - Decano de la prensa nacional","publisher":{"@id":"https:\/\/www.eldiario.net\/portal\/#organization"},"potentialAction":[{"@type":"SearchAction","target":{"@type":"EntryPoint","urlTemplate":"https:\/\/www.eldiario.net\/portal\/?s={search_term_string}"},"query-input":{"@type":"PropertyValueSpecification","valueRequired":true,"valueName":"search_term_string"}}],"inLanguage":"es"},{"@type":"Organization","@id":"https:\/\/www.eldiario.net\/portal\/#organization","name":"El Diario - Decano de la prensa nacional","url":"https:\/\/www.eldiario.net\/portal\/","logo":{"@type":"ImageObject","inLanguage":"es","@id":"https:\/\/www.eldiario.net\/portal\/#\/schema\/logo\/image\/","url":"https:\/\/www.eldiario.net\/portal\/wp-content\/uploads\/2023\/07\/logo_ED.jpg","contentUrl":"https:\/\/www.eldiario.net\/portal\/wp-content\/uploads\/2023\/07\/logo_ED.jpg","width":272,"height":52,"caption":"El Diario - Decano de la prensa nacional"},"image":{"@id":"https:\/\/www.eldiario.net\/portal\/#\/schema\/logo\/image\/"},"sameAs":["https:\/\/www.facebook.com\/eldiario.bolivia\/","https:\/\/x.com\/eldiario_net"]},{"@type":"Person","@id":"https:\/\/www.eldiario.net\/portal\/#\/schema\/person\/f46445640444750d7d753ccd04ae01b7","name":"Jeanette","image":{"@type":"ImageObject","inLanguage":"es","@id":"https:\/\/secure.gravatar.com\/avatar\/3ea2118a5f7dad2b7138b1187a6b7ee55f160b9968b66013c3a3ef39dd7e5798?s=96&d=mm&r=g","url":"https:\/\/secure.gravatar.com\/avatar\/3ea2118a5f7dad2b7138b1187a6b7ee55f160b9968b66013c3a3ef39dd7e5798?s=96&d=mm&r=g","contentUrl":"https:\/\/secure.gravatar.com\/avatar\/3ea2118a5f7dad2b7138b1187a6b7ee55f160b9968b66013c3a3ef39dd7e5798?s=96&d=mm&r=g","caption":"Jeanette"},"sameAs":["https:\/\/www.eldiario.net\/portal"],"url":"https:\/\/www.eldiario.net\/portal\/author\/jeanette\/"}]}},"_links":{"self":[{"href":"https:\/\/www.eldiario.net\/portal\/wp-json\/wp\/v2\/posts\/257486","targetHints":{"allow":["GET"]}}],"collection":[{"href":"https:\/\/www.eldiario.net\/portal\/wp-json\/wp\/v2\/posts"}],"about":[{"href":"https:\/\/www.eldiario.net\/portal\/wp-json\/wp\/v2\/types\/post"}],"author":[{"embeddable":true,"href":"https:\/\/www.eldiario.net\/portal\/wp-json\/wp\/v2\/users\/1"}],"replies":[{"embeddable":true,"href":"https:\/\/www.eldiario.net\/portal\/wp-json\/wp\/v2\/comments?post=257486"}],"version-history":[{"count":1,"href":"https:\/\/www.eldiario.net\/portal\/wp-json\/wp\/v2\/posts\/257486\/revisions"}],"predecessor-version":[{"id":257487,"href":"https:\/\/www.eldiario.net\/portal\/wp-json\/wp\/v2\/posts\/257486\/revisions\/257487"}],"wp:featuredmedia":[{"embeddable":true,"href":"https:\/\/www.eldiario.net\/portal\/wp-json\/wp\/v2\/media\/194754"}],"wp:attachment":[{"href":"https:\/\/www.eldiario.net\/portal\/wp-json\/wp\/v2\/media?parent=257486"}],"wp:term":[{"taxonomy":"category","embeddable":true,"href":"https:\/\/www.eldiario.net\/portal\/wp-json\/wp\/v2\/categories?post=257486"},{"taxonomy":"post_tag","embeddable":true,"href":"https:\/\/www.eldiario.net\/portal\/wp-json\/wp\/v2\/tags?post=257486"}],"curies":[{"name":"wp","href":"https:\/\/api.w.org\/{rel}","templated":true}]}}