{"id":257483,"date":"2024-10-30T06:14:49","date_gmt":"2024-10-30T10:14:49","guid":{"rendered":"https:\/\/www.eldiario.net\/portal\/?p=257483"},"modified":"2024-10-30T06:14:49","modified_gmt":"2024-10-30T10:14:49","slug":"vaticano-asume-falta-de-transparencia-en-los-procesos-sobre-abusos-sexuales","status":"publish","type":"post","link":"https:\/\/www.eldiario.net\/portal\/2024\/10\/30\/vaticano-asume-falta-de-transparencia-en-los-procesos-sobre-abusos-sexuales\/","title":{"rendered":"Vaticano asume falta de transparencia  en los procesos sobre abusos sexuales"},"content":{"rendered":"<p>La Comisi\u00f3n Pontificia para la Protecci\u00f3n de Menores, establecida por el Papa con el fin de defender la dignidad de los menores y los adultos vulnerables en la Iglesia, public\u00f3 su primer informe anual en el que asume varios problemas en respuesta a los abusos sexuales, entre los que cita la falta de transparencia y la lentitud en los procesos can\u00f3nicos de abusos sexuales.<br \/>\nEl documento, que formula numerosas recomendaciones, presenta los resultados obtenidos por el organismo del Vaticano a partir de las entrevistas realizadas a los dirigentes de la Iglesia durante las visitas \u201cad limina\u201d de los obispos a Roma y de los cuestionarios enviados a los trabajan sobre el terreno.<br \/>\nEntre las propuestas est\u00e1, por ejemplo, la necesidad de mejorar los procesos can\u00f3nicos de recepci\u00f3n y dar seguimiento a las denuncias, as\u00ed como aplicar el concepto de vulnerabilidad a las disposiciones actuales de la Iglesia, adem\u00e1s de asegurar una gesti\u00f3n eficaz de los casos de abuso sexual remitidos a la Santa Sede.<br \/>\nSeg\u00fan el informe, se pretende alcanzar un proceso simplificado para apoyar mejor a las v\u00edctimas en su sanaci\u00f3n con pol\u00edticas de da\u00f1os y compensaciones econ\u00f3micas. Tambi\u00e9n se resalta la importancia de profesionalizar los cargos para que el sistema sea m\u00e1s eficaz.<br \/>\nGracias a este informe anual, y a los que le seguir\u00e1n, el Vaticano dispone por primera vez de una herramienta que le permitir\u00e1 establecer una visi\u00f3n global de su pol\u00edtica de lucha contra la violencia sexual. Con 17 conferencias episcopales revisadas cada a\u00f1o, el objetivo de estas \u201cauditor\u00edas\u201d es \u201cexaminar a la Iglesia en su conjunto durante un per\u00edodo de cinco a seis a\u00f1os\u201d.<br \/>\nEn el informe publicado ayer se revisa en detalle a las conferencias episcopales de pa\u00edses como M\u00e9xico, Pap\u00faa Nueva Guinea, Islas Salom\u00f3n, B\u00e9lgica o Camer\u00fan, entre otros. Asimismo, incluye el an\u00e1lisis de los institutos religiosos de las Hermanas Misioneras de la Consolata y la Congregaci\u00f3n del Esp\u00edritu Santo.<br \/>\nDe forma m\u00e1s general, adem\u00e1s de la falta de recursos, tambi\u00e9n se hace hincapi\u00e9 en la falta de implicaci\u00f3n de las v\u00edctimas en la respuesta de la Iglesia local a la violencia sexual. Ante estos problemas, el informe aboga por aunar esfuerzos y mejores pr\u00e1cticas entre las conferencias episcopales.<br \/>\nLos autores del informe abogan por crear una \u201cverdadera cultura\u201d de protecci\u00f3n de los menores y promueven una \u201csolidaridad entre las conferencias episcopales\u201d. Remarcan tambi\u00e9n la necesidad de fomentar esta cooperaci\u00f3n especialmente en Hispanoam\u00e9rica, Caribe, \u00c1frica y Asia. En tanto, la Comisi\u00f3n subraya la necesidad de que la Curia Romana se convierta en un referente para compartir las buenas pr\u00e1cticas en materia de protecci\u00f3n. As\u00ed, insiste en que la falta de transparencia fomenta la \u201cdesconfianza entre los fieles\u201d, especialmente de las v\u00edctimas.<br \/>\nEn cuanto al Dicasterio para la Doctrina de la Fe, remarca que la falta de informaci\u00f3n \u201cy los largos procesos can\u00f3nicos pueden causar retraumatizaci\u00f3n en las v\u00edctimas\u201d. Por ello, desde la comisi\u00f3n se anima a contar con recursos adecuados as\u00ed como a capacitar en derecho can\u00f3nico a los l\u00edderes eclesiales locales. Tambi\u00e9n sugiere explorar una mayor transparencia en las actividades de la Secci\u00f3n Disciplinaria.<br \/>\nEl enfoque adoptado contrasta con el que se suele adoptar en Roma. De entrada, la comisi\u00f3n se\u00f1ala que no todos los pa\u00edses y organizaciones alcanzaron el mismo nivel de concienciaci\u00f3n. \u201cMientras que algunos organismos y autoridades de la Iglesia muestran un claro compromiso con la protecci\u00f3n, otros se encuentran s\u00f3lo al principio de la asunci\u00f3n de responsabilidades por parte de la Iglesia\u201d, relata la comisi\u00f3n en su pre\u00e1mbulo, destacando una \u201cinquietante falta\u201d de estructuras dedicadas a la protecci\u00f3n de menores y personas vulnerables en algunos pa\u00edses.<br \/>\nY ello, precisa, a pesar de que \u201cas\u00ed lo exige el motu proprio Vos estis lux mundi\u201d, el decreto papal publicado en 2019 para establecer nuevos procedimientos de lucha contra los abusos. Asimismo, la comisi\u00f3n pide al Papa que escriba una enc\u00edclica sobre el tema para incorporar al Magisterio una \u201cvisi\u00f3n teol\u00f3gico-pastoral\u201d sobre \u201cla dignidad del ni\u00f1o y los derechos humanos en relaci\u00f3n con los abusos\u201d. (Europa Press)<\/p>\n","protected":false},"excerpt":{"rendered":"<p>La Comisi\u00f3n Pontificia para la Protecci\u00f3n de Menores, establecida por el Papa con el fin de defender la dignidad de los menores y los adultos vulnerables en la Iglesia, public\u00f3 su primer informe anual en el que asume varios problemas en respuesta a los abusos sexuales, entre los que cita la falta de transparencia y [&hellip;]<\/p>\n","protected":false},"author":1,"featured_media":257484,"comment_status":"closed","ping_status":"open","sticky":false,"template":"","format":"standard","meta":{"_acf_changed":false,"footnotes":""},"categories":[3],"tags":[],"class_list":["post-257483","post","type-post","status-publish","format-standard","has-post-thumbnail","category-internacional"],"acf":{"antetitulo":""},"yoast_head":"<!-- This site is optimized with the Yoast SEO plugin v28.4 - https:\/\/yoast.com\/product\/yoast-seo-wordpress\/ -->\n<title>Vaticano asume falta de transparencia en los procesos sobre abusos sexuales - El Diario - Bolivia<\/title>\n<meta name=\"robots\" content=\"index, follow, max-snippet:-1, max-image-preview:large, max-video-preview:-1\" \/>\n<link rel=\"canonical\" href=\"https:\/\/www.eldiario.net\/portal\/2024\/10\/30\/vaticano-asume-falta-de-transparencia-en-los-procesos-sobre-abusos-sexuales\/\" \/>\n<meta property=\"og:locale\" content=\"es_ES\" \/>\n<meta property=\"og:type\" content=\"article\" \/>\n<meta property=\"og:title\" content=\"Vaticano asume falta de transparencia en los procesos sobre abusos sexuales - El Diario - Bolivia\" \/>\n<meta property=\"og:description\" content=\"La Comisi\u00f3n Pontificia para la Protecci\u00f3n de Menores, establecida por el Papa con el fin de defender la dignidad de los menores y los adultos vulnerables en la Iglesia, public\u00f3 su primer informe anual en el que asume varios problemas en respuesta a los abusos sexuales, entre los que cita la falta de transparencia y [&hellip;]\" \/>\n<meta property=\"og:url\" content=\"https:\/\/www.eldiario.net\/portal\/2024\/10\/30\/vaticano-asume-falta-de-transparencia-en-los-procesos-sobre-abusos-sexuales\/\" \/>\n<meta property=\"og:site_name\" content=\"El Diario - Bolivia\" \/>\n<meta property=\"article:publisher\" content=\"https:\/\/www.facebook.com\/eldiario.bolivia\/\" \/>\n<meta property=\"article:published_time\" content=\"2024-10-30T10:14:49+00:00\" \/>\n<meta property=\"og:image\" content=\"https:\/\/www.eldiario.net\/portal\/wp-content\/uploads\/2024\/10\/VATICANO-TeleB.jpeg\" \/>\n\t<meta property=\"og:image:width\" content=\"844\" \/>\n\t<meta property=\"og:image:height\" content=\"475\" \/>\n\t<meta property=\"og:image:type\" content=\"image\/jpeg\" \/>\n<meta name=\"author\" content=\"Jeanette\" \/>\n<meta name=\"twitter:card\" content=\"summary_large_image\" \/>\n<meta name=\"twitter:creator\" content=\"@eldiario_net\" \/>\n<meta name=\"twitter:site\" content=\"@eldiario_net\" \/>\n<meta name=\"twitter:label1\" content=\"Escrito por\" \/>\n\t<meta name=\"twitter:data1\" content=\"Jeanette\" \/>\n\t<meta name=\"twitter:label2\" content=\"Tiempo de lectura\" \/>\n\t<meta name=\"twitter:data2\" content=\"4 minutos\" \/>\n<script type=\"application\/ld+json\" class=\"yoast-schema-graph\">{\"@context\":\"https:\\\/\\\/schema.org\",\"@graph\":[{\"@type\":\"Article\",\"@id\":\"https:\\\/\\\/www.eldiario.net\\\/portal\\\/2024\\\/10\\\/30\\\/vaticano-asume-falta-de-transparencia-en-los-procesos-sobre-abusos-sexuales\\\/#article\",\"isPartOf\":{\"@id\":\"https:\\\/\\\/www.eldiario.net\\\/portal\\\/2024\\\/10\\\/30\\\/vaticano-asume-falta-de-transparencia-en-los-procesos-sobre-abusos-sexuales\\\/\"},\"author\":{\"name\":\"Jeanette\",\"@id\":\"https:\\\/\\\/www.eldiario.net\\\/portal\\\/#\\\/schema\\\/person\\\/f46445640444750d7d753ccd04ae01b7\"},\"headline\":\"Vaticano asume falta de transparencia en los procesos sobre abusos sexuales\",\"datePublished\":\"2024-10-30T10:14:49+00:00\",\"mainEntityOfPage\":{\"@id\":\"https:\\\/\\\/www.eldiario.net\\\/portal\\\/2024\\\/10\\\/30\\\/vaticano-asume-falta-de-transparencia-en-los-procesos-sobre-abusos-sexuales\\\/\"},\"wordCount\":746,\"publisher\":{\"@id\":\"https:\\\/\\\/www.eldiario.net\\\/portal\\\/#organization\"},\"image\":{\"@id\":\"https:\\\/\\\/www.eldiario.net\\\/portal\\\/2024\\\/10\\\/30\\\/vaticano-asume-falta-de-transparencia-en-los-procesos-sobre-abusos-sexuales\\\/#primaryimage\"},\"thumbnailUrl\":\"https:\\\/\\\/www.eldiario.net\\\/portal\\\/wp-content\\\/uploads\\\/2024\\\/10\\\/VATICANO-TeleB.jpeg\",\"articleSection\":[\"Internacional\"],\"inLanguage\":\"es\"},{\"@type\":\"WebPage\",\"@id\":\"https:\\\/\\\/www.eldiario.net\\\/portal\\\/2024\\\/10\\\/30\\\/vaticano-asume-falta-de-transparencia-en-los-procesos-sobre-abusos-sexuales\\\/\",\"url\":\"https:\\\/\\\/www.eldiario.net\\\/portal\\\/2024\\\/10\\\/30\\\/vaticano-asume-falta-de-transparencia-en-los-procesos-sobre-abusos-sexuales\\\/\",\"name\":\"Vaticano asume falta de transparencia en los procesos sobre abusos sexuales - El Diario - Bolivia\",\"isPartOf\":{\"@id\":\"https:\\\/\\\/www.eldiario.net\\\/portal\\\/#website\"},\"primaryImageOfPage\":{\"@id\":\"https:\\\/\\\/www.eldiario.net\\\/portal\\\/2024\\\/10\\\/30\\\/vaticano-asume-falta-de-transparencia-en-los-procesos-sobre-abusos-sexuales\\\/#primaryimage\"},\"image\":{\"@id\":\"https:\\\/\\\/www.eldiario.net\\\/portal\\\/2024\\\/10\\\/30\\\/vaticano-asume-falta-de-transparencia-en-los-procesos-sobre-abusos-sexuales\\\/#primaryimage\"},\"thumbnailUrl\":\"https:\\\/\\\/www.eldiario.net\\\/portal\\\/wp-content\\\/uploads\\\/2024\\\/10\\\/VATICANO-TeleB.jpeg\",\"datePublished\":\"2024-10-30T10:14:49+00:00\",\"breadcrumb\":{\"@id\":\"https:\\\/\\\/www.eldiario.net\\\/portal\\\/2024\\\/10\\\/30\\\/vaticano-asume-falta-de-transparencia-en-los-procesos-sobre-abusos-sexuales\\\/#breadcrumb\"},\"inLanguage\":\"es\",\"potentialAction\":[{\"@type\":\"ReadAction\",\"target\":[\"https:\\\/\\\/www.eldiario.net\\\/portal\\\/2024\\\/10\\\/30\\\/vaticano-asume-falta-de-transparencia-en-los-procesos-sobre-abusos-sexuales\\\/\"]}]},{\"@type\":\"ImageObject\",\"inLanguage\":\"es\",\"@id\":\"https:\\\/\\\/www.eldiario.net\\\/portal\\\/2024\\\/10\\\/30\\\/vaticano-asume-falta-de-transparencia-en-los-procesos-sobre-abusos-sexuales\\\/#primaryimage\",\"url\":\"https:\\\/\\\/www.eldiario.net\\\/portal\\\/wp-content\\\/uploads\\\/2024\\\/10\\\/VATICANO-TeleB.jpeg\",\"contentUrl\":\"https:\\\/\\\/www.eldiario.net\\\/portal\\\/wp-content\\\/uploads\\\/2024\\\/10\\\/VATICANO-TeleB.jpeg\",\"width\":844,\"height\":475},{\"@type\":\"BreadcrumbList\",\"@id\":\"https:\\\/\\\/www.eldiario.net\\\/portal\\\/2024\\\/10\\\/30\\\/vaticano-asume-falta-de-transparencia-en-los-procesos-sobre-abusos-sexuales\\\/#breadcrumb\",\"itemListElement\":[{\"@type\":\"ListItem\",\"position\":1,\"name\":\"Portada\",\"item\":\"https:\\\/\\\/www.eldiario.net\\\/portal\\\/\"},{\"@type\":\"ListItem\",\"position\":2,\"name\":\"Vaticano asume falta de transparencia en los procesos sobre abusos sexuales\"}]},{\"@type\":\"WebSite\",\"@id\":\"https:\\\/\\\/www.eldiario.net\\\/portal\\\/#website\",\"url\":\"https:\\\/\\\/www.eldiario.net\\\/portal\\\/\",\"name\":\"El Diario - Decano de la prensa nacional\",\"description\":\"El Diario - Decano de la prensa nacional\",\"publisher\":{\"@id\":\"https:\\\/\\\/www.eldiario.net\\\/portal\\\/#organization\"},\"potentialAction\":[{\"@type\":\"SearchAction\",\"target\":{\"@type\":\"EntryPoint\",\"urlTemplate\":\"https:\\\/\\\/www.eldiario.net\\\/portal\\\/?s={search_term_string}\"},\"query-input\":{\"@type\":\"PropertyValueSpecification\",\"valueRequired\":true,\"valueName\":\"search_term_string\"}}],\"inLanguage\":\"es\"},{\"@type\":\"Organization\",\"@id\":\"https:\\\/\\\/www.eldiario.net\\\/portal\\\/#organization\",\"name\":\"El Diario - Decano de la prensa nacional\",\"url\":\"https:\\\/\\\/www.eldiario.net\\\/portal\\\/\",\"logo\":{\"@type\":\"ImageObject\",\"inLanguage\":\"es\",\"@id\":\"https:\\\/\\\/www.eldiario.net\\\/portal\\\/#\\\/schema\\\/logo\\\/image\\\/\",\"url\":\"https:\\\/\\\/www.eldiario.net\\\/portal\\\/wp-content\\\/uploads\\\/2023\\\/07\\\/logo_ED.jpg\",\"contentUrl\":\"https:\\\/\\\/www.eldiario.net\\\/portal\\\/wp-content\\\/uploads\\\/2023\\\/07\\\/logo_ED.jpg\",\"width\":272,\"height\":52,\"caption\":\"El Diario - Decano de la prensa nacional\"},\"image\":{\"@id\":\"https:\\\/\\\/www.eldiario.net\\\/portal\\\/#\\\/schema\\\/logo\\\/image\\\/\"},\"sameAs\":[\"https:\\\/\\\/www.facebook.com\\\/eldiario.bolivia\\\/\",\"https:\\\/\\\/x.com\\\/eldiario_net\"]},{\"@type\":\"Person\",\"@id\":\"https:\\\/\\\/www.eldiario.net\\\/portal\\\/#\\\/schema\\\/person\\\/f46445640444750d7d753ccd04ae01b7\",\"name\":\"Jeanette\",\"image\":{\"@type\":\"ImageObject\",\"inLanguage\":\"es\",\"@id\":\"https:\\\/\\\/secure.gravatar.com\\\/avatar\\\/3ea2118a5f7dad2b7138b1187a6b7ee55f160b9968b66013c3a3ef39dd7e5798?s=96&d=mm&r=g\",\"url\":\"https:\\\/\\\/secure.gravatar.com\\\/avatar\\\/3ea2118a5f7dad2b7138b1187a6b7ee55f160b9968b66013c3a3ef39dd7e5798?s=96&d=mm&r=g\",\"contentUrl\":\"https:\\\/\\\/secure.gravatar.com\\\/avatar\\\/3ea2118a5f7dad2b7138b1187a6b7ee55f160b9968b66013c3a3ef39dd7e5798?s=96&d=mm&r=g\",\"caption\":\"Jeanette\"},\"sameAs\":[\"https:\\\/\\\/www.eldiario.net\\\/portal\"],\"url\":\"https:\\\/\\\/www.eldiario.net\\\/portal\\\/author\\\/jeanette\\\/\"}]}<\/script>\n<!-- \/ Yoast SEO plugin. -->","yoast_head_json":{"title":"Vaticano asume falta de transparencia en los procesos sobre abusos sexuales - El Diario - Bolivia","robots":{"index":"index","follow":"follow","max-snippet":"max-snippet:-1","max-image-preview":"max-image-preview:large","max-video-preview":"max-video-preview:-1"},"canonical":"https:\/\/www.eldiario.net\/portal\/2024\/10\/30\/vaticano-asume-falta-de-transparencia-en-los-procesos-sobre-abusos-sexuales\/","og_locale":"es_ES","og_type":"article","og_title":"Vaticano asume falta de transparencia en los procesos sobre abusos sexuales - El Diario - Bolivia","og_description":"La Comisi\u00f3n Pontificia para la Protecci\u00f3n de Menores, establecida por el Papa con el fin de defender la dignidad de los menores y los adultos vulnerables en la Iglesia, public\u00f3 su primer informe anual en el que asume varios problemas en respuesta a los abusos sexuales, entre los que cita la falta de transparencia y [&hellip;]","og_url":"https:\/\/www.eldiario.net\/portal\/2024\/10\/30\/vaticano-asume-falta-de-transparencia-en-los-procesos-sobre-abusos-sexuales\/","og_site_name":"El Diario - Bolivia","article_publisher":"https:\/\/www.facebook.com\/eldiario.bolivia\/","article_published_time":"2024-10-30T10:14:49+00:00","og_image":[{"width":844,"height":475,"url":"https:\/\/www.eldiario.net\/portal\/wp-content\/uploads\/2024\/10\/VATICANO-TeleB.jpeg","type":"image\/jpeg"}],"author":"Jeanette","twitter_card":"summary_large_image","twitter_creator":"@eldiario_net","twitter_site":"@eldiario_net","twitter_misc":{"Escrito por":"Jeanette","Tiempo de lectura":"4 minutos"},"schema":{"@context":"https:\/\/schema.org","@graph":[{"@type":"Article","@id":"https:\/\/www.eldiario.net\/portal\/2024\/10\/30\/vaticano-asume-falta-de-transparencia-en-los-procesos-sobre-abusos-sexuales\/#article","isPartOf":{"@id":"https:\/\/www.eldiario.net\/portal\/2024\/10\/30\/vaticano-asume-falta-de-transparencia-en-los-procesos-sobre-abusos-sexuales\/"},"author":{"name":"Jeanette","@id":"https:\/\/www.eldiario.net\/portal\/#\/schema\/person\/f46445640444750d7d753ccd04ae01b7"},"headline":"Vaticano asume falta de transparencia en los procesos sobre abusos sexuales","datePublished":"2024-10-30T10:14:49+00:00","mainEntityOfPage":{"@id":"https:\/\/www.eldiario.net\/portal\/2024\/10\/30\/vaticano-asume-falta-de-transparencia-en-los-procesos-sobre-abusos-sexuales\/"},"wordCount":746,"publisher":{"@id":"https:\/\/www.eldiario.net\/portal\/#organization"},"image":{"@id":"https:\/\/www.eldiario.net\/portal\/2024\/10\/30\/vaticano-asume-falta-de-transparencia-en-los-procesos-sobre-abusos-sexuales\/#primaryimage"},"thumbnailUrl":"https:\/\/www.eldiario.net\/portal\/wp-content\/uploads\/2024\/10\/VATICANO-TeleB.jpeg","articleSection":["Internacional"],"inLanguage":"es"},{"@type":"WebPage","@id":"https:\/\/www.eldiario.net\/portal\/2024\/10\/30\/vaticano-asume-falta-de-transparencia-en-los-procesos-sobre-abusos-sexuales\/","url":"https:\/\/www.eldiario.net\/portal\/2024\/10\/30\/vaticano-asume-falta-de-transparencia-en-los-procesos-sobre-abusos-sexuales\/","name":"Vaticano asume falta de transparencia en los procesos sobre abusos sexuales - El Diario - Bolivia","isPartOf":{"@id":"https:\/\/www.eldiario.net\/portal\/#website"},"primaryImageOfPage":{"@id":"https:\/\/www.eldiario.net\/portal\/2024\/10\/30\/vaticano-asume-falta-de-transparencia-en-los-procesos-sobre-abusos-sexuales\/#primaryimage"},"image":{"@id":"https:\/\/www.eldiario.net\/portal\/2024\/10\/30\/vaticano-asume-falta-de-transparencia-en-los-procesos-sobre-abusos-sexuales\/#primaryimage"},"thumbnailUrl":"https:\/\/www.eldiario.net\/portal\/wp-content\/uploads\/2024\/10\/VATICANO-TeleB.jpeg","datePublished":"2024-10-30T10:14:49+00:00","breadcrumb":{"@id":"https:\/\/www.eldiario.net\/portal\/2024\/10\/30\/vaticano-asume-falta-de-transparencia-en-los-procesos-sobre-abusos-sexuales\/#breadcrumb"},"inLanguage":"es","potentialAction":[{"@type":"ReadAction","target":["https:\/\/www.eldiario.net\/portal\/2024\/10\/30\/vaticano-asume-falta-de-transparencia-en-los-procesos-sobre-abusos-sexuales\/"]}]},{"@type":"ImageObject","inLanguage":"es","@id":"https:\/\/www.eldiario.net\/portal\/2024\/10\/30\/vaticano-asume-falta-de-transparencia-en-los-procesos-sobre-abusos-sexuales\/#primaryimage","url":"https:\/\/www.eldiario.net\/portal\/wp-content\/uploads\/2024\/10\/VATICANO-TeleB.jpeg","contentUrl":"https:\/\/www.eldiario.net\/portal\/wp-content\/uploads\/2024\/10\/VATICANO-TeleB.jpeg","width":844,"height":475},{"@type":"BreadcrumbList","@id":"https:\/\/www.eldiario.net\/portal\/2024\/10\/30\/vaticano-asume-falta-de-transparencia-en-los-procesos-sobre-abusos-sexuales\/#breadcrumb","itemListElement":[{"@type":"ListItem","position":1,"name":"Portada","item":"https:\/\/www.eldiario.net\/portal\/"},{"@type":"ListItem","position":2,"name":"Vaticano asume falta de transparencia en los procesos sobre abusos sexuales"}]},{"@type":"WebSite","@id":"https:\/\/www.eldiario.net\/portal\/#website","url":"https:\/\/www.eldiario.net\/portal\/","name":"El Diario - Decano de la prensa nacional","description":"El Diario - Decano de la prensa nacional","publisher":{"@id":"https:\/\/www.eldiario.net\/portal\/#organization"},"potentialAction":[{"@type":"SearchAction","target":{"@type":"EntryPoint","urlTemplate":"https:\/\/www.eldiario.net\/portal\/?s={search_term_string}"},"query-input":{"@type":"PropertyValueSpecification","valueRequired":true,"valueName":"search_term_string"}}],"inLanguage":"es"},{"@type":"Organization","@id":"https:\/\/www.eldiario.net\/portal\/#organization","name":"El Diario - Decano de la prensa nacional","url":"https:\/\/www.eldiario.net\/portal\/","logo":{"@type":"ImageObject","inLanguage":"es","@id":"https:\/\/www.eldiario.net\/portal\/#\/schema\/logo\/image\/","url":"https:\/\/www.eldiario.net\/portal\/wp-content\/uploads\/2023\/07\/logo_ED.jpg","contentUrl":"https:\/\/www.eldiario.net\/portal\/wp-content\/uploads\/2023\/07\/logo_ED.jpg","width":272,"height":52,"caption":"El Diario - Decano de la prensa nacional"},"image":{"@id":"https:\/\/www.eldiario.net\/portal\/#\/schema\/logo\/image\/"},"sameAs":["https:\/\/www.facebook.com\/eldiario.bolivia\/","https:\/\/x.com\/eldiario_net"]},{"@type":"Person","@id":"https:\/\/www.eldiario.net\/portal\/#\/schema\/person\/f46445640444750d7d753ccd04ae01b7","name":"Jeanette","image":{"@type":"ImageObject","inLanguage":"es","@id":"https:\/\/secure.gravatar.com\/avatar\/3ea2118a5f7dad2b7138b1187a6b7ee55f160b9968b66013c3a3ef39dd7e5798?s=96&d=mm&r=g","url":"https:\/\/secure.gravatar.com\/avatar\/3ea2118a5f7dad2b7138b1187a6b7ee55f160b9968b66013c3a3ef39dd7e5798?s=96&d=mm&r=g","contentUrl":"https:\/\/secure.gravatar.com\/avatar\/3ea2118a5f7dad2b7138b1187a6b7ee55f160b9968b66013c3a3ef39dd7e5798?s=96&d=mm&r=g","caption":"Jeanette"},"sameAs":["https:\/\/www.eldiario.net\/portal"],"url":"https:\/\/www.eldiario.net\/portal\/author\/jeanette\/"}]}},"_links":{"self":[{"href":"https:\/\/www.eldiario.net\/portal\/wp-json\/wp\/v2\/posts\/257483","targetHints":{"allow":["GET"]}}],"collection":[{"href":"https:\/\/www.eldiario.net\/portal\/wp-json\/wp\/v2\/posts"}],"about":[{"href":"https:\/\/www.eldiario.net\/portal\/wp-json\/wp\/v2\/types\/post"}],"author":[{"embeddable":true,"href":"https:\/\/www.eldiario.net\/portal\/wp-json\/wp\/v2\/users\/1"}],"replies":[{"embeddable":true,"href":"https:\/\/www.eldiario.net\/portal\/wp-json\/wp\/v2\/comments?post=257483"}],"version-history":[{"count":1,"href":"https:\/\/www.eldiario.net\/portal\/wp-json\/wp\/v2\/posts\/257483\/revisions"}],"predecessor-version":[{"id":257485,"href":"https:\/\/www.eldiario.net\/portal\/wp-json\/wp\/v2\/posts\/257483\/revisions\/257485"}],"wp:featuredmedia":[{"embeddable":true,"href":"https:\/\/www.eldiario.net\/portal\/wp-json\/wp\/v2\/media\/257484"}],"wp:attachment":[{"href":"https:\/\/www.eldiario.net\/portal\/wp-json\/wp\/v2\/media?parent=257483"}],"wp:term":[{"taxonomy":"category","embeddable":true,"href":"https:\/\/www.eldiario.net\/portal\/wp-json\/wp\/v2\/categories?post=257483"},{"taxonomy":"post_tag","embeddable":true,"href":"https:\/\/www.eldiario.net\/portal\/wp-json\/wp\/v2\/tags?post=257483"}],"curies":[{"name":"wp","href":"https:\/\/api.w.org\/{rel}","templated":true}]}}