{"id":257477,"date":"2024-10-30T06:13:47","date_gmt":"2024-10-30T10:13:47","guid":{"rendered":"https:\/\/www.eldiario.net\/portal\/?p=257477"},"modified":"2024-10-30T06:13:47","modified_gmt":"2024-10-30T10:13:47","slug":"alcaldia-emite-prohibiciones-en-cementerios-por-todos-santos","status":"publish","type":"post","link":"https:\/\/www.eldiario.net\/portal\/2024\/10\/30\/alcaldia-emite-prohibiciones-en-cementerios-por-todos-santos\/","title":{"rendered":"Alcald\u00eda emite prohibiciones en cementerios por Todos Santos"},"content":{"rendered":"<p>Pr\u00f3ximos a la festividad de Todos Santos, la Alcald\u00eda de El Alto estableci\u00f3 al menos tres restricciones en los cementerios municipales. Primero, se proh\u00edbe el consumo de alimentos; segundo, el ingreso y la ingesta de bebidas alcoh\u00f3licas; y tercero, el armado de mesas dentro del camposanto, todo para garantizar un ambiente de respeto y orden.<br \/>\nEl secretario municipal de Desarrollo Econ\u00f3mico de la comuna alte\u00f1a, Jhonny Barrera, sostuvo que el motivo para asumir esas medidas es buscar que el desarrollo de la festividad en los ambientes de los camposantos sea tranquilo.<br \/>\n\u201cPor eso, no est\u00e1 permitido, por ejemplo, el consumo de alimentos de cualquier tipo, as\u00ed como el consumo de bebidas alcoh\u00f3licas y el armado de mesas. Adem\u00e1s, sabemos que, por nuestros usos y costumbres, solemos visitar los cementerios en grupos de familiares y amigos\u201d, inform\u00f3.<br \/>\nEn ese marco, debido a la estrechez de los callejones que separan los nichos en los panteones, se sugiri\u00f3 no ir m\u00e1s de cinco personas por familia al interior de \u00e9stos sitios.<br \/>\nDe acuerdo con el funcionario municipal, la primera restricci\u00f3n se encuentra establecida en la Ordenanza Municipal 113 de 2003 que a la letra se\u00f1ala: \u201cProhibir el expendio de bebidas alcoh\u00f3licas en el interior e inmediaciones de los cementerios ubicados en la ciudad de El Alto, durante las fiestas religiosas de Todos Santos, los d\u00edas 1 y 2 de noviembre\u201d.<br \/>\nTampoco se permitir\u00e1 el ingreso de alimentos y el armado de las mesas al interior de los cementerios. Sin embargo, \u201cs\u00ed se pueden armar mesas alrededor de los cementerios como se acostumbra, para recordar a nuestros difuntos\u201d, detall\u00f3 Barrera, ya que en los recientes a\u00f1os, centenares de familiares arman sus mesas en calles antes de llegar a los cementerios.<br \/>\nEstas restricciones, seg\u00fan el funcionario edil, se aplicar\u00e1n en los tres cementerios municipales de la urbe alte\u00f1a: H\u00e9roes del Gas Sur, H\u00e9roes del Gas Norte y el Cementerio Mercedario, porque \u201cqueremos que sea un d\u00eda de celebraci\u00f3n y de respeto mutuo, en el que cada persona pueda honrar a sus difuntos manteniendo una convivencia solidaria con las dem\u00e1s familias presentes\u201d, recalc\u00f3 Barrera.<\/p>\n<p>OTROS<br \/>\nAdem\u00e1s, con el fin de evitar el congestionamiento vehicular durante la festividad, se coordinan trabajos de mantenimiento en las v\u00edas de acceso y salida de los cementerios. La Secretar\u00eda de Movilidad Urbana estar\u00e1 a cargo del ordenamiento vial y la se\u00f1alizaci\u00f3n adecuada en las inmediaciones para facilitar el flujo de visitantes.<br \/>\nAsimismo, para la celebraci\u00f3n de este 1 y 2 de noviembre, la comuna alte\u00f1a habilitar\u00e1 puntos de atenci\u00f3n m\u00e9dica donde el personal de la Secretar\u00eda Municipal de Salud estar\u00e1 disponible para atender cualquier emergencia.<br \/>\nTambi\u00e9n se garantizar\u00e1n los servicios b\u00e1sicos para los visitantes: \u201cSe est\u00e1 coordinando la instalaci\u00f3n de ba\u00f1os m\u00f3viles. Estamos trabajando en el tema de los servicios b\u00e1sicos, que incluir\u00e1n instalaciones tanto en el interior como en los alrededores del camposanto. Tendremos contenedores para la recolecci\u00f3n de residuos s\u00f3lidos\u201d, acot\u00f3 el secretario de Desarrollo Econ\u00f3mico.<br \/>\nEn tanto, para preservar la limpieza y el orden en los camposantos se colocar\u00e1n contenedores para el recojo de basura.<br \/>\nBarrera indic\u00f3 que se gestiona el suministro de agua en el Cementerio Mercedario, donde se habilitaron grifos y tanques en puntos estrat\u00e9gicos. As\u00ed tambi\u00e9n se reforzar\u00e1 la seguridad con 60 guardias ediles, 20 en cada cementerio.<\/p>\n<p>HORARIOS<br \/>\nLos horarios de visita dispuestos para este 1 y 2 de noviembre ser\u00e1n de 8:00 hasta las 17:00 horas. Adem\u00e1s, los puntos de entrada de los cementerios contar\u00e1n con se\u00f1alizaci\u00f3n y mapas para orientar a los visitantes sobre la ubicaci\u00f3n de ba\u00f1os port\u00e1tiles, piletas de agua, \u00e1reas de descanso y puntos de informaci\u00f3n.<\/p>\n<p>&nbsp;<\/p>\n","protected":false},"excerpt":{"rendered":"<p>Pr\u00f3ximos a la festividad de Todos Santos, la Alcald\u00eda de El Alto estableci\u00f3 al menos tres restricciones en los cementerios municipales. Primero, se proh\u00edbe el consumo de alimentos; segundo, el ingreso y la ingesta de bebidas alcoh\u00f3licas; y tercero, el armado de mesas dentro del camposanto, todo para garantizar un ambiente de respeto y orden. [&hellip;]<\/p>\n","protected":false},"author":1,"featured_media":257478,"comment_status":"closed","ping_status":"open","sticky":false,"template":"","format":"standard","meta":{"_acf_changed":false,"footnotes":""},"categories":[12],"tags":[],"class_list":["post-257477","post","type-post","status-publish","format-standard","has-post-thumbnail","category-nacional"],"acf":{"antetitulo":"El Alto"},"yoast_head":"<!-- This site is optimized with the Yoast SEO plugin v28.4 - https:\/\/yoast.com\/product\/yoast-seo-wordpress\/ -->\n<title>Alcald\u00eda emite prohibiciones en cementerios por Todos Santos - El Diario - Bolivia<\/title>\n<meta name=\"robots\" content=\"index, follow, max-snippet:-1, max-image-preview:large, max-video-preview:-1\" \/>\n<link rel=\"canonical\" href=\"https:\/\/www.eldiario.net\/portal\/2024\/10\/30\/alcaldia-emite-prohibiciones-en-cementerios-por-todos-santos\/\" \/>\n<meta property=\"og:locale\" content=\"es_ES\" \/>\n<meta property=\"og:type\" content=\"article\" \/>\n<meta property=\"og:title\" content=\"Alcald\u00eda emite prohibiciones en cementerios por Todos Santos - El Diario - Bolivia\" \/>\n<meta property=\"og:description\" content=\"Pr\u00f3ximos a la festividad de Todos Santos, la Alcald\u00eda de El Alto estableci\u00f3 al menos tres restricciones en los cementerios municipales. Primero, se proh\u00edbe el consumo de alimentos; segundo, el ingreso y la ingesta de bebidas alcoh\u00f3licas; y tercero, el armado de mesas dentro del camposanto, todo para garantizar un ambiente de respeto y orden. [&hellip;]\" \/>\n<meta property=\"og:url\" content=\"https:\/\/www.eldiario.net\/portal\/2024\/10\/30\/alcaldia-emite-prohibiciones-en-cementerios-por-todos-santos\/\" \/>\n<meta property=\"og:site_name\" content=\"El Diario - Bolivia\" \/>\n<meta property=\"article:publisher\" content=\"https:\/\/www.facebook.com\/eldiario.bolivia\/\" \/>\n<meta property=\"article:published_time\" content=\"2024-10-30T10:13:47+00:00\" \/>\n<meta property=\"og:image\" content=\"https:\/\/www.eldiario.net\/portal\/wp-content\/uploads\/2024\/10\/F-1-cementerios.jpg\" \/>\n\t<meta property=\"og:image:width\" content=\"1024\" \/>\n\t<meta property=\"og:image:height\" content=\"573\" \/>\n\t<meta property=\"og:image:type\" content=\"image\/jpeg\" \/>\n<meta name=\"author\" content=\"Jeanette\" \/>\n<meta name=\"twitter:card\" content=\"summary_large_image\" \/>\n<meta name=\"twitter:creator\" content=\"@eldiario_net\" \/>\n<meta name=\"twitter:site\" content=\"@eldiario_net\" \/>\n<meta name=\"twitter:label1\" content=\"Escrito por\" \/>\n\t<meta name=\"twitter:data1\" content=\"Jeanette\" \/>\n\t<meta name=\"twitter:label2\" content=\"Tiempo de lectura\" \/>\n\t<meta name=\"twitter:data2\" content=\"3 minutos\" \/>\n<script type=\"application\/ld+json\" class=\"yoast-schema-graph\">{\"@context\":\"https:\\\/\\\/schema.org\",\"@graph\":[{\"@type\":\"Article\",\"@id\":\"https:\\\/\\\/www.eldiario.net\\\/portal\\\/2024\\\/10\\\/30\\\/alcaldia-emite-prohibiciones-en-cementerios-por-todos-santos\\\/#article\",\"isPartOf\":{\"@id\":\"https:\\\/\\\/www.eldiario.net\\\/portal\\\/2024\\\/10\\\/30\\\/alcaldia-emite-prohibiciones-en-cementerios-por-todos-santos\\\/\"},\"author\":{\"name\":\"Jeanette\",\"@id\":\"https:\\\/\\\/www.eldiario.net\\\/portal\\\/#\\\/schema\\\/person\\\/f46445640444750d7d753ccd04ae01b7\"},\"headline\":\"Alcald\u00eda emite prohibiciones en cementerios por Todos Santos\",\"datePublished\":\"2024-10-30T10:13:47+00:00\",\"mainEntityOfPage\":{\"@id\":\"https:\\\/\\\/www.eldiario.net\\\/portal\\\/2024\\\/10\\\/30\\\/alcaldia-emite-prohibiciones-en-cementerios-por-todos-santos\\\/\"},\"wordCount\":650,\"publisher\":{\"@id\":\"https:\\\/\\\/www.eldiario.net\\\/portal\\\/#organization\"},\"image\":{\"@id\":\"https:\\\/\\\/www.eldiario.net\\\/portal\\\/2024\\\/10\\\/30\\\/alcaldia-emite-prohibiciones-en-cementerios-por-todos-santos\\\/#primaryimage\"},\"thumbnailUrl\":\"https:\\\/\\\/www.eldiario.net\\\/portal\\\/wp-content\\\/uploads\\\/2024\\\/10\\\/F-1-cementerios.jpg\",\"articleSection\":[\"Nacional\"],\"inLanguage\":\"es\"},{\"@type\":\"WebPage\",\"@id\":\"https:\\\/\\\/www.eldiario.net\\\/portal\\\/2024\\\/10\\\/30\\\/alcaldia-emite-prohibiciones-en-cementerios-por-todos-santos\\\/\",\"url\":\"https:\\\/\\\/www.eldiario.net\\\/portal\\\/2024\\\/10\\\/30\\\/alcaldia-emite-prohibiciones-en-cementerios-por-todos-santos\\\/\",\"name\":\"Alcald\u00eda emite prohibiciones en cementerios por Todos Santos - El Diario - Bolivia\",\"isPartOf\":{\"@id\":\"https:\\\/\\\/www.eldiario.net\\\/portal\\\/#website\"},\"primaryImageOfPage\":{\"@id\":\"https:\\\/\\\/www.eldiario.net\\\/portal\\\/2024\\\/10\\\/30\\\/alcaldia-emite-prohibiciones-en-cementerios-por-todos-santos\\\/#primaryimage\"},\"image\":{\"@id\":\"https:\\\/\\\/www.eldiario.net\\\/portal\\\/2024\\\/10\\\/30\\\/alcaldia-emite-prohibiciones-en-cementerios-por-todos-santos\\\/#primaryimage\"},\"thumbnailUrl\":\"https:\\\/\\\/www.eldiario.net\\\/portal\\\/wp-content\\\/uploads\\\/2024\\\/10\\\/F-1-cementerios.jpg\",\"datePublished\":\"2024-10-30T10:13:47+00:00\",\"breadcrumb\":{\"@id\":\"https:\\\/\\\/www.eldiario.net\\\/portal\\\/2024\\\/10\\\/30\\\/alcaldia-emite-prohibiciones-en-cementerios-por-todos-santos\\\/#breadcrumb\"},\"inLanguage\":\"es\",\"potentialAction\":[{\"@type\":\"ReadAction\",\"target\":[\"https:\\\/\\\/www.eldiario.net\\\/portal\\\/2024\\\/10\\\/30\\\/alcaldia-emite-prohibiciones-en-cementerios-por-todos-santos\\\/\"]}]},{\"@type\":\"ImageObject\",\"inLanguage\":\"es\",\"@id\":\"https:\\\/\\\/www.eldiario.net\\\/portal\\\/2024\\\/10\\\/30\\\/alcaldia-emite-prohibiciones-en-cementerios-por-todos-santos\\\/#primaryimage\",\"url\":\"https:\\\/\\\/www.eldiario.net\\\/portal\\\/wp-content\\\/uploads\\\/2024\\\/10\\\/F-1-cementerios.jpg\",\"contentUrl\":\"https:\\\/\\\/www.eldiario.net\\\/portal\\\/wp-content\\\/uploads\\\/2024\\\/10\\\/F-1-cementerios.jpg\",\"width\":1024,\"height\":573,\"caption\":\"Los cementerios esperan la visita de cientos de personas.\"},{\"@type\":\"BreadcrumbList\",\"@id\":\"https:\\\/\\\/www.eldiario.net\\\/portal\\\/2024\\\/10\\\/30\\\/alcaldia-emite-prohibiciones-en-cementerios-por-todos-santos\\\/#breadcrumb\",\"itemListElement\":[{\"@type\":\"ListItem\",\"position\":1,\"name\":\"Portada\",\"item\":\"https:\\\/\\\/www.eldiario.net\\\/portal\\\/\"},{\"@type\":\"ListItem\",\"position\":2,\"name\":\"Alcald\u00eda emite prohibiciones en cementerios por Todos Santos\"}]},{\"@type\":\"WebSite\",\"@id\":\"https:\\\/\\\/www.eldiario.net\\\/portal\\\/#website\",\"url\":\"https:\\\/\\\/www.eldiario.net\\\/portal\\\/\",\"name\":\"El Diario - Decano de la prensa nacional\",\"description\":\"El Diario - Decano de la prensa nacional\",\"publisher\":{\"@id\":\"https:\\\/\\\/www.eldiario.net\\\/portal\\\/#organization\"},\"potentialAction\":[{\"@type\":\"SearchAction\",\"target\":{\"@type\":\"EntryPoint\",\"urlTemplate\":\"https:\\\/\\\/www.eldiario.net\\\/portal\\\/?s={search_term_string}\"},\"query-input\":{\"@type\":\"PropertyValueSpecification\",\"valueRequired\":true,\"valueName\":\"search_term_string\"}}],\"inLanguage\":\"es\"},{\"@type\":\"Organization\",\"@id\":\"https:\\\/\\\/www.eldiario.net\\\/portal\\\/#organization\",\"name\":\"El Diario - Decano de la prensa nacional\",\"url\":\"https:\\\/\\\/www.eldiario.net\\\/portal\\\/\",\"logo\":{\"@type\":\"ImageObject\",\"inLanguage\":\"es\",\"@id\":\"https:\\\/\\\/www.eldiario.net\\\/portal\\\/#\\\/schema\\\/logo\\\/image\\\/\",\"url\":\"https:\\\/\\\/www.eldiario.net\\\/portal\\\/wp-content\\\/uploads\\\/2023\\\/07\\\/logo_ED.jpg\",\"contentUrl\":\"https:\\\/\\\/www.eldiario.net\\\/portal\\\/wp-content\\\/uploads\\\/2023\\\/07\\\/logo_ED.jpg\",\"width\":272,\"height\":52,\"caption\":\"El Diario - Decano de la prensa nacional\"},\"image\":{\"@id\":\"https:\\\/\\\/www.eldiario.net\\\/portal\\\/#\\\/schema\\\/logo\\\/image\\\/\"},\"sameAs\":[\"https:\\\/\\\/www.facebook.com\\\/eldiario.bolivia\\\/\",\"https:\\\/\\\/x.com\\\/eldiario_net\"]},{\"@type\":\"Person\",\"@id\":\"https:\\\/\\\/www.eldiario.net\\\/portal\\\/#\\\/schema\\\/person\\\/f46445640444750d7d753ccd04ae01b7\",\"name\":\"Jeanette\",\"image\":{\"@type\":\"ImageObject\",\"inLanguage\":\"es\",\"@id\":\"https:\\\/\\\/secure.gravatar.com\\\/avatar\\\/3ea2118a5f7dad2b7138b1187a6b7ee55f160b9968b66013c3a3ef39dd7e5798?s=96&d=mm&r=g\",\"url\":\"https:\\\/\\\/secure.gravatar.com\\\/avatar\\\/3ea2118a5f7dad2b7138b1187a6b7ee55f160b9968b66013c3a3ef39dd7e5798?s=96&d=mm&r=g\",\"contentUrl\":\"https:\\\/\\\/secure.gravatar.com\\\/avatar\\\/3ea2118a5f7dad2b7138b1187a6b7ee55f160b9968b66013c3a3ef39dd7e5798?s=96&d=mm&r=g\",\"caption\":\"Jeanette\"},\"sameAs\":[\"https:\\\/\\\/www.eldiario.net\\\/portal\"],\"url\":\"https:\\\/\\\/www.eldiario.net\\\/portal\\\/author\\\/jeanette\\\/\"}]}<\/script>\n<!-- \/ Yoast SEO plugin. -->","yoast_head_json":{"title":"Alcald\u00eda emite prohibiciones en cementerios por Todos Santos - El Diario - Bolivia","robots":{"index":"index","follow":"follow","max-snippet":"max-snippet:-1","max-image-preview":"max-image-preview:large","max-video-preview":"max-video-preview:-1"},"canonical":"https:\/\/www.eldiario.net\/portal\/2024\/10\/30\/alcaldia-emite-prohibiciones-en-cementerios-por-todos-santos\/","og_locale":"es_ES","og_type":"article","og_title":"Alcald\u00eda emite prohibiciones en cementerios por Todos Santos - El Diario - Bolivia","og_description":"Pr\u00f3ximos a la festividad de Todos Santos, la Alcald\u00eda de El Alto estableci\u00f3 al menos tres restricciones en los cementerios municipales. Primero, se proh\u00edbe el consumo de alimentos; segundo, el ingreso y la ingesta de bebidas alcoh\u00f3licas; y tercero, el armado de mesas dentro del camposanto, todo para garantizar un ambiente de respeto y orden. [&hellip;]","og_url":"https:\/\/www.eldiario.net\/portal\/2024\/10\/30\/alcaldia-emite-prohibiciones-en-cementerios-por-todos-santos\/","og_site_name":"El Diario - Bolivia","article_publisher":"https:\/\/www.facebook.com\/eldiario.bolivia\/","article_published_time":"2024-10-30T10:13:47+00:00","og_image":[{"width":1024,"height":573,"url":"https:\/\/www.eldiario.net\/portal\/wp-content\/uploads\/2024\/10\/F-1-cementerios.jpg","type":"image\/jpeg"}],"author":"Jeanette","twitter_card":"summary_large_image","twitter_creator":"@eldiario_net","twitter_site":"@eldiario_net","twitter_misc":{"Escrito por":"Jeanette","Tiempo de lectura":"3 minutos"},"schema":{"@context":"https:\/\/schema.org","@graph":[{"@type":"Article","@id":"https:\/\/www.eldiario.net\/portal\/2024\/10\/30\/alcaldia-emite-prohibiciones-en-cementerios-por-todos-santos\/#article","isPartOf":{"@id":"https:\/\/www.eldiario.net\/portal\/2024\/10\/30\/alcaldia-emite-prohibiciones-en-cementerios-por-todos-santos\/"},"author":{"name":"Jeanette","@id":"https:\/\/www.eldiario.net\/portal\/#\/schema\/person\/f46445640444750d7d753ccd04ae01b7"},"headline":"Alcald\u00eda emite prohibiciones en cementerios por Todos Santos","datePublished":"2024-10-30T10:13:47+00:00","mainEntityOfPage":{"@id":"https:\/\/www.eldiario.net\/portal\/2024\/10\/30\/alcaldia-emite-prohibiciones-en-cementerios-por-todos-santos\/"},"wordCount":650,"publisher":{"@id":"https:\/\/www.eldiario.net\/portal\/#organization"},"image":{"@id":"https:\/\/www.eldiario.net\/portal\/2024\/10\/30\/alcaldia-emite-prohibiciones-en-cementerios-por-todos-santos\/#primaryimage"},"thumbnailUrl":"https:\/\/www.eldiario.net\/portal\/wp-content\/uploads\/2024\/10\/F-1-cementerios.jpg","articleSection":["Nacional"],"inLanguage":"es"},{"@type":"WebPage","@id":"https:\/\/www.eldiario.net\/portal\/2024\/10\/30\/alcaldia-emite-prohibiciones-en-cementerios-por-todos-santos\/","url":"https:\/\/www.eldiario.net\/portal\/2024\/10\/30\/alcaldia-emite-prohibiciones-en-cementerios-por-todos-santos\/","name":"Alcald\u00eda emite prohibiciones en cementerios por Todos Santos - El Diario - Bolivia","isPartOf":{"@id":"https:\/\/www.eldiario.net\/portal\/#website"},"primaryImageOfPage":{"@id":"https:\/\/www.eldiario.net\/portal\/2024\/10\/30\/alcaldia-emite-prohibiciones-en-cementerios-por-todos-santos\/#primaryimage"},"image":{"@id":"https:\/\/www.eldiario.net\/portal\/2024\/10\/30\/alcaldia-emite-prohibiciones-en-cementerios-por-todos-santos\/#primaryimage"},"thumbnailUrl":"https:\/\/www.eldiario.net\/portal\/wp-content\/uploads\/2024\/10\/F-1-cementerios.jpg","datePublished":"2024-10-30T10:13:47+00:00","breadcrumb":{"@id":"https:\/\/www.eldiario.net\/portal\/2024\/10\/30\/alcaldia-emite-prohibiciones-en-cementerios-por-todos-santos\/#breadcrumb"},"inLanguage":"es","potentialAction":[{"@type":"ReadAction","target":["https:\/\/www.eldiario.net\/portal\/2024\/10\/30\/alcaldia-emite-prohibiciones-en-cementerios-por-todos-santos\/"]}]},{"@type":"ImageObject","inLanguage":"es","@id":"https:\/\/www.eldiario.net\/portal\/2024\/10\/30\/alcaldia-emite-prohibiciones-en-cementerios-por-todos-santos\/#primaryimage","url":"https:\/\/www.eldiario.net\/portal\/wp-content\/uploads\/2024\/10\/F-1-cementerios.jpg","contentUrl":"https:\/\/www.eldiario.net\/portal\/wp-content\/uploads\/2024\/10\/F-1-cementerios.jpg","width":1024,"height":573,"caption":"Los cementerios esperan la visita de cientos de personas."},{"@type":"BreadcrumbList","@id":"https:\/\/www.eldiario.net\/portal\/2024\/10\/30\/alcaldia-emite-prohibiciones-en-cementerios-por-todos-santos\/#breadcrumb","itemListElement":[{"@type":"ListItem","position":1,"name":"Portada","item":"https:\/\/www.eldiario.net\/portal\/"},{"@type":"ListItem","position":2,"name":"Alcald\u00eda emite prohibiciones en cementerios por Todos Santos"}]},{"@type":"WebSite","@id":"https:\/\/www.eldiario.net\/portal\/#website","url":"https:\/\/www.eldiario.net\/portal\/","name":"El Diario - Decano de la prensa nacional","description":"El Diario - Decano de la prensa nacional","publisher":{"@id":"https:\/\/www.eldiario.net\/portal\/#organization"},"potentialAction":[{"@type":"SearchAction","target":{"@type":"EntryPoint","urlTemplate":"https:\/\/www.eldiario.net\/portal\/?s={search_term_string}"},"query-input":{"@type":"PropertyValueSpecification","valueRequired":true,"valueName":"search_term_string"}}],"inLanguage":"es"},{"@type":"Organization","@id":"https:\/\/www.eldiario.net\/portal\/#organization","name":"El Diario - Decano de la prensa nacional","url":"https:\/\/www.eldiario.net\/portal\/","logo":{"@type":"ImageObject","inLanguage":"es","@id":"https:\/\/www.eldiario.net\/portal\/#\/schema\/logo\/image\/","url":"https:\/\/www.eldiario.net\/portal\/wp-content\/uploads\/2023\/07\/logo_ED.jpg","contentUrl":"https:\/\/www.eldiario.net\/portal\/wp-content\/uploads\/2023\/07\/logo_ED.jpg","width":272,"height":52,"caption":"El Diario - Decano de la prensa nacional"},"image":{"@id":"https:\/\/www.eldiario.net\/portal\/#\/schema\/logo\/image\/"},"sameAs":["https:\/\/www.facebook.com\/eldiario.bolivia\/","https:\/\/x.com\/eldiario_net"]},{"@type":"Person","@id":"https:\/\/www.eldiario.net\/portal\/#\/schema\/person\/f46445640444750d7d753ccd04ae01b7","name":"Jeanette","image":{"@type":"ImageObject","inLanguage":"es","@id":"https:\/\/secure.gravatar.com\/avatar\/3ea2118a5f7dad2b7138b1187a6b7ee55f160b9968b66013c3a3ef39dd7e5798?s=96&d=mm&r=g","url":"https:\/\/secure.gravatar.com\/avatar\/3ea2118a5f7dad2b7138b1187a6b7ee55f160b9968b66013c3a3ef39dd7e5798?s=96&d=mm&r=g","contentUrl":"https:\/\/secure.gravatar.com\/avatar\/3ea2118a5f7dad2b7138b1187a6b7ee55f160b9968b66013c3a3ef39dd7e5798?s=96&d=mm&r=g","caption":"Jeanette"},"sameAs":["https:\/\/www.eldiario.net\/portal"],"url":"https:\/\/www.eldiario.net\/portal\/author\/jeanette\/"}]}},"_links":{"self":[{"href":"https:\/\/www.eldiario.net\/portal\/wp-json\/wp\/v2\/posts\/257477","targetHints":{"allow":["GET"]}}],"collection":[{"href":"https:\/\/www.eldiario.net\/portal\/wp-json\/wp\/v2\/posts"}],"about":[{"href":"https:\/\/www.eldiario.net\/portal\/wp-json\/wp\/v2\/types\/post"}],"author":[{"embeddable":true,"href":"https:\/\/www.eldiario.net\/portal\/wp-json\/wp\/v2\/users\/1"}],"replies":[{"embeddable":true,"href":"https:\/\/www.eldiario.net\/portal\/wp-json\/wp\/v2\/comments?post=257477"}],"version-history":[{"count":2,"href":"https:\/\/www.eldiario.net\/portal\/wp-json\/wp\/v2\/posts\/257477\/revisions"}],"predecessor-version":[{"id":257480,"href":"https:\/\/www.eldiario.net\/portal\/wp-json\/wp\/v2\/posts\/257477\/revisions\/257480"}],"wp:featuredmedia":[{"embeddable":true,"href":"https:\/\/www.eldiario.net\/portal\/wp-json\/wp\/v2\/media\/257478"}],"wp:attachment":[{"href":"https:\/\/www.eldiario.net\/portal\/wp-json\/wp\/v2\/media?parent=257477"}],"wp:term":[{"taxonomy":"category","embeddable":true,"href":"https:\/\/www.eldiario.net\/portal\/wp-json\/wp\/v2\/categories?post=257477"},{"taxonomy":"post_tag","embeddable":true,"href":"https:\/\/www.eldiario.net\/portal\/wp-json\/wp\/v2\/tags?post=257477"}],"curies":[{"name":"wp","href":"https:\/\/api.w.org\/{rel}","templated":true}]}}